{"id":661396,"date":"2024-03-15T17:28:44","date_gmt":"2024-03-15T16:28:44","guid":{"rendered":"https:\/\/www.hashtag.al\/?p=661396"},"modified":"2024-03-15T17:28:44","modified_gmt":"2024-03-15T16:28:44","slug":"komisionet-hetimore-cuci-kemi-rene-dakord-per-ngritjen-e-nje-grupi-pune-per-ligjet-me-84-vota","status":"publish","type":"post","link":"https:\/\/www.hashtag.al\/index.php\/2024\/03\/15\/komisionet-hetimore-cuci-kemi-rene-dakord-per-ngritjen-e-nje-grupi-pune-per-ligjet-me-84-vota\/","title":{"rendered":"Komisionet hetimore, \u00c7u\u00e7i: Kemi r\u00ebn\u00eb dakord p\u00ebr ngritjen e nj\u00eb grupi pune p\u00ebr ligjet me 84 vota","gt_translate_keys":[{"key":"rendered","format":"text"}]},"content":{"rendered":"<p style=\"text-align: left;\"><span style=\"color: #000000;\"><img loading=\"lazy\" decoding=\"async\" class=\"size-full wp-image-661398 aligncenter\" src=\"https:\/\/www.hashtag.al\/wp-content\/uploads\/2024\/03\/cuci-1-768x421-1.jpg\" alt=\"\" width=\"768\" height=\"421\" srcset=\"https:\/\/www.hashtag.al\/wp-content\/uploads\/2024\/03\/cuci-1-768x421-1.jpg 768w, https:\/\/www.hashtag.al\/wp-content\/uploads\/2024\/03\/cuci-1-768x421-1-300x164.jpg 300w\" sizes=\"auto, (max-width: 768px) 100vw, 768px\" \/><\/span><\/p>\n<p style=\"text-align: left;\"><span style=\"color: #000000;\">Bledi \u00c7u\u00e7i, kreu i grupit parlamentar t\u00eb PS-s\u00eb konfirmoi se mes mazhoranc\u00ebs dhe opozit\u00ebs ka pasur dakord\u00ebsi p\u00ebr ngritjen e dy komisioneve hetimore. <\/span><\/p>\n<p style=\"text-align: left;\"><span style=\"color: #000000;\">\u00c7u\u00e7i n\u00eb nj\u00eb deklarat\u00eb p\u00ebr mediat, pas mbarimit t\u00eb mbledhjes s\u00eb Konferenc\u00ebs s\u00eb Kryetar\u00ebve, tha se jan\u00eb adresuar problematikat p\u00ebr t\u00eb vijuar me komisionet.<\/span><\/p>\n<p style=\"text-align: left;\"><span style=\"color: #000000;\">\u201cNj\u00eb komision p\u00ebr sh\u00ebrbimet n\u00eb sh\u00ebndet\u00ebsi, sterilizimi dhe check up-i dhe i dyt\u00eb, komisioni p\u00ebr TIMS. <\/span><\/p>\n<p style=\"text-align: left;\"><span style=\"color: #000000;\">Ram\u00eb dakord dhe mor\u00ebm nj\u00eb vendim q\u00eb t\u00eb mandatojm\u00eb Komisionin e Ligjeve p\u00ebr t\u00eb ngritur nj\u00eb platform\u00eb p\u00ebr t\u00eb krijuar nj\u00eb dialog politik p\u00ebr ligjet q\u00eb k\u00ebrkojn\u00eb 3\/5-t dhe jan\u00eb pjes\u00eb e agjend\u00ebs s\u00eb integrimit evropian. <\/span><\/p>\n<p style=\"text-align: left;\"><span style=\"color: #000000;\">Emrat do t\u00eb miratohen jav\u00ebn tjet\u00ebr. <\/span><\/p>\n<p style=\"text-align: left;\"><span style=\"color: #000000;\">Ne mandatuam q\u00eb brenda komisionit t\u00eb ligjeve nj\u00eb grup pune me num\u00ebr t\u00eb barabart\u00eb dhe konsensus\u201d, tha midis t\u00eb tjerash.<\/span><\/p>\n","protected":false,"gt_translate_keys":[{"key":"rendered","format":"html"}]},"excerpt":{"rendered":"<p>Bledi \u00c7u\u00e7i, kreu i grupit parlamentar t\u00eb PS-s\u00eb konfirmoi se mes mazhoranc\u00ebs dhe opozit\u00ebs ka pasur dakord\u00ebsi p\u00ebr ngritjen e dy komisioneve hetimore. \u00c7u\u00e7i n\u00eb nj\u00eb deklarat\u00eb p\u00ebr mediat, pas mbarimit t\u00eb mbledhjes s\u00eb Konferenc\u00ebs s\u00eb Kryetar\u00ebve, tha se jan\u00eb adresuar problematikat p\u00ebr t\u00eb vijuar me komisionet. \u201cNj\u00eb komision p\u00ebr sh\u00ebrbimet n\u00eb sh\u00ebndet\u00ebsi, sterilizimi dhe [&hellip;]<\/p>\n","protected":false,"gt_translate_keys":[{"key":"rendered","format":"html"}]},"author":4,"featured_media":661398,"comment_status":"closed","ping_status":"open","sticky":false,"template":"","format":"standard","meta":{"footnotes":""},"categories":[65],"tags":[],"class_list":["post-661396","post","type-post","status-publish","format-standard","has-post-thumbnail","hentry","category-lajme"],"gt_translate_keys":[{"key":"link","format":"url"}],"_links":{"self":[{"href":"https:\/\/www.hashtag.al\/index.php\/wp-json\/wp\/v2\/posts\/661396","targetHints":{"allow":["GET"]}}],"collection":[{"href":"https:\/\/www.hashtag.al\/index.php\/wp-json\/wp\/v2\/posts"}],"about":[{"href":"https:\/\/www.hashtag.al\/index.php\/wp-json\/wp\/v2\/types\/post"}],"author":[{"embeddable":true,"href":"https:\/\/www.hashtag.al\/index.php\/wp-json\/wp\/v2\/users\/4"}],"replies":[{"embeddable":true,"href":"https:\/\/www.hashtag.al\/index.php\/wp-json\/wp\/v2\/comments?post=661396"}],"version-history":[{"count":0,"href":"https:\/\/www.hashtag.al\/index.php\/wp-json\/wp\/v2\/posts\/661396\/revisions"}],"wp:featuredmedia":[{"embeddable":true,"href":"https:\/\/www.hashtag.al\/index.php\/wp-json\/wp\/v2\/media\/661398"}],"wp:attachment":[{"href":"https:\/\/www.hashtag.al\/index.php\/wp-json\/wp\/v2\/media?parent=661396"}],"wp:term":[{"taxonomy":"category","embeddable":true,"href":"https:\/\/www.hashtag.al\/index.php\/wp-json\/wp\/v2\/categories?post=661396"},{"taxonomy":"post_tag","embeddable":true,"href":"https:\/\/www.hashtag.al\/index.php\/wp-json\/wp\/v2\/tags?post=661396"}],"curies":[{"name":"wp","href":"https:\/\/api.w.org\/{rel}","templated":true}]}}