{"id":661345,"date":"2024-03-15T14:34:09","date_gmt":"2024-03-15T13:34:09","guid":{"rendered":"https:\/\/www.hashtag.al\/?p=661345"},"modified":"2024-03-15T14:34:09","modified_gmt":"2024-03-15T13:34:09","slug":"kercenimi-i-prokurorit-altin-dumani-terheq-deklaraten","status":"publish","type":"post","link":"https:\/\/www.hashtag.al\/index.php\/2024\/03\/15\/kercenimi-i-prokurorit-altin-dumani-terheq-deklaraten\/","title":{"rendered":"K\u00ebrc\u00ebnimi i prokurorit &#8211; Altin Dumani &#8220;t\u00ebrheq&#8221; deklarat\u00ebn","gt_translate_keys":[{"key":"rendered","format":"text"}]},"content":{"rendered":"<p><img loading=\"lazy\" decoding=\"async\" class=\"aligncenter size-full wp-image-661346\" src=\"https:\/\/www.hashtag.al\/wp-content\/uploads\/2024\/03\/altin-dumani-1.jpg\" alt=\"\" width=\"1200\" height=\"733\" srcset=\"https:\/\/www.hashtag.al\/wp-content\/uploads\/2024\/03\/altin-dumani-1.jpg 1200w, https:\/\/www.hashtag.al\/wp-content\/uploads\/2024\/03\/altin-dumani-1-300x183.jpg 300w, https:\/\/www.hashtag.al\/wp-content\/uploads\/2024\/03\/altin-dumani-1-1024x625.jpg 1024w, https:\/\/www.hashtag.al\/wp-content\/uploads\/2024\/03\/altin-dumani-1-768x469.jpg 768w\" sizes=\"auto, (max-width: 1200px) 100vw, 1200px\" \/><\/p>\n<p><span style=\"color: #000000;\">K\u00ebt\u00eb t\u00eb premte u publikua n\u00eb media nj\u00eb deklarat\u00eb q\u00eb kreu i SPAK, Altin Dumani, b\u00ebri n\u00eb lidhje me k\u00ebrc\u00ebnimin e familjes s\u00eb nj\u00eb prokurori.<\/span><\/p>\n<p><span style=\"color: #000000;\">Deklarata u tha se u b\u00eb gjat\u00eb nj\u00eb takimi me dyer t\u00eb mbyllura, n\u00eb kuad\u00ebr t\u00eb nj\u00eb nisme dialogu mes institucioneve dhe aktor\u00ebve t\u00eb politik\u00ebb\u00ebrjes, \u201cIDM Morning Briefing\u201d, e organizuar nga Instituti p\u00ebr Demokraci dhe Nd\u00ebrmjet\u00ebsim. <\/span><\/p>\n<p><span style=\"color: #000000;\">Por duket se Altin Dumani \u00ebsht\u00eb penduar p\u00ebr fjal\u00ebt q\u00eb ka th\u00ebn\u00eb dhe \u00ebsht\u00eb korrigjuar n\u00eb nj\u00eb reagim p\u00ebr Euronews Albania, Dumani sqaron deklarat\u00ebn e b\u00ebr\u00eb, ku tha se nuk p\u00ebrmendi nj\u00eb k\u00ebrc\u00ebnim konkret q\u00eb i \u00ebsht\u00eb b\u00ebr\u00eb ndonj\u00eb prokurori t\u00eb SPAK.<\/span><\/p>\n<p><span style=\"color: #000000;\">Ai sqaron p\u00ebr Euronews Albania se deklarata e tij u b\u00eb n\u00eb kontekstin se prokuror\u00ebt e Prokuroris\u00eb s\u00eb Posa\u00e7me, nuk ndihen t\u00eb shqet\u00ebsuar p\u00ebr k\u00ebrc\u00ebnimet q\u00eb vijn\u00eb nga politika, por p\u00ebr k\u00ebrc\u00ebnimet nga krimi i organizuar.<\/span><\/p>\n<p><span style=\"color: #000000;\"><em>\u201cNuk kam th\u00ebn\u00eb n\u00eb takimin q\u00eb jam thirrur dit\u00ebn e sotme, q\u00eb \u00ebsht\u00eb k\u00ebrc\u00ebnuar familja e ndonj\u00eb prokurori. M\u00eb \u00ebsht\u00eb b\u00ebr\u00eb nj\u00eb pyetje, n\u00ebse ndihen t\u00eb k\u00ebrc\u00ebnuar prokuror\u00ebt nga politika apo krimi i organizuar dhe kam th\u00ebn\u00eb q\u00eb nuk jam i shqet\u00ebsuar nga politika, por nga krimi i organizuar dhe prokuror\u00ebt jan\u00eb t\u00eb p\u00ebrgatitur p\u00ebr \u00e7do gj\u00eb\u201d,<\/em> tha Dumani.<\/span><\/p>\n<p><span style=\"color: #000000;\"><strong>Deklarata e Dumanit e publikuar m\u00eb her\u00ebt:<\/strong><\/span><\/p>\n<p><span style=\"color: #000000;\"><em>\u201cKrimi i organizuar ka k\u00ebrc\u00ebnuar familjen e nj\u00eb prokurori. M\u00eb shqet\u00ebson k\u00ebrc\u00ebnimi nga krimi i organizuar, jo k\u00ebrc\u00ebnimi nga politika. Ne kemi b\u00ebr\u00eb llogari edhe q\u00eb mos kthehemi, sepse kjo \u00ebsht\u00eb detyra jon\u00eb t\u00eb hetojm\u00eb. Prokuror\u00ebt jan\u00eb imun\u00eb, jan\u00eb t\u00eb gjith\u00eb t\u00eb p\u00ebrgatitur q\u00eb ti p\u00ebrballojn\u00eb k\u00ebto situata, por n\u00eb fund t\u00eb fundit e kemi zgjedhur vet\u00eb k\u00ebt\u00eb detyr\u00eb.\u201d<\/em><\/span><\/p>\n<p><span style=\"color: #000000;\"><span style=\"color: #ff0000;\"><strong>VINI RE<\/strong><\/span>: Ky material \u00ebsht\u00eb pron\u00ebsi intelektuale e <span style=\"color: #0000ff;\"><a style=\"color: #0000ff;\" href=\"https:\/\/euronews.al\/familja-e-nje-prokurori-u-kercenua-dumani-sqaron-deklaraten-per-euronews-albania\/\">Euronews.al<\/a><\/span><\/span><\/p>\n","protected":false,"gt_translate_keys":[{"key":"rendered","format":"html"}]},"excerpt":{"rendered":"<p>K\u00ebt\u00eb t\u00eb premte u publikua n\u00eb media nj\u00eb deklarat\u00eb q\u00eb kreu i SPAK, Altin Dumani, b\u00ebri n\u00eb lidhje me k\u00ebrc\u00ebnimin e familjes s\u00eb nj\u00eb prokurori. Deklarata u tha se u b\u00eb gjat\u00eb nj\u00eb takimi me dyer t\u00eb mbyllura, n\u00eb kuad\u00ebr t\u00eb nj\u00eb nisme dialogu mes institucioneve dhe aktor\u00ebve t\u00eb politik\u00ebb\u00ebrjes, \u201cIDM Morning Briefing\u201d, e organizuar [&hellip;]<\/p>\n","protected":false,"gt_translate_keys":[{"key":"rendered","format":"html"}]},"author":51,"featured_media":661346,"comment_status":"closed","ping_status":"open","sticky":false,"template":"","format":"standard","meta":{"footnotes":""},"categories":[22],"tags":[],"class_list":["post-661345","post","type-post","status-publish","format-standard","has-post-thumbnail","hentry","category-ballina"],"gt_translate_keys":[{"key":"link","format":"url"}],"_links":{"self":[{"href":"https:\/\/www.hashtag.al\/index.php\/wp-json\/wp\/v2\/posts\/661345","targetHints":{"allow":["GET"]}}],"collection":[{"href":"https:\/\/www.hashtag.al\/index.php\/wp-json\/wp\/v2\/posts"}],"about":[{"href":"https:\/\/www.hashtag.al\/index.php\/wp-json\/wp\/v2\/types\/post"}],"author":[{"embeddable":true,"href":"https:\/\/www.hashtag.al\/index.php\/wp-json\/wp\/v2\/users\/51"}],"replies":[{"embeddable":true,"href":"https:\/\/www.hashtag.al\/index.php\/wp-json\/wp\/v2\/comments?post=661345"}],"version-history":[{"count":0,"href":"https:\/\/www.hashtag.al\/index.php\/wp-json\/wp\/v2\/posts\/661345\/revisions"}],"wp:featuredmedia":[{"embeddable":true,"href":"https:\/\/www.hashtag.al\/index.php\/wp-json\/wp\/v2\/media\/661346"}],"wp:attachment":[{"href":"https:\/\/www.hashtag.al\/index.php\/wp-json\/wp\/v2\/media?parent=661345"}],"wp:term":[{"taxonomy":"category","embeddable":true,"href":"https:\/\/www.hashtag.al\/index.php\/wp-json\/wp\/v2\/categories?post=661345"},{"taxonomy":"post_tag","embeddable":true,"href":"https:\/\/www.hashtag.al\/index.php\/wp-json\/wp\/v2\/tags?post=661345"}],"curies":[{"name":"wp","href":"https:\/\/api.w.org\/{rel}","templated":true}]}}