{"id":661282,"date":"2024-03-15T10:03:40","date_gmt":"2024-03-15T09:03:40","guid":{"rendered":"https:\/\/www.hashtag.al\/?p=661282"},"modified":"2024-03-15T10:03:40","modified_gmt":"2024-03-15T09:03:40","slug":"shba-ja-thote-se-shqetesimet-per-lidhjet-e-hungarise-me-rusine-smund-te-injorohen","status":"publish","type":"post","link":"https:\/\/www.hashtag.al\/index.php\/2024\/03\/15\/shba-ja-thote-se-shqetesimet-per-lidhjet-e-hungarise-me-rusine-smund-te-injorohen\/","title":{"rendered":"SHBA-ja thot\u00eb se shqet\u00ebsimet p\u00ebr lidhjet e Hungaris\u00eb me Rusin\u00eb \u201cs\u2019mund t\u00eb injorohen\u201d","gt_translate_keys":[{"key":"rendered","format":"text"}]},"content":{"rendered":"<p><a href=\"https:\/\/www.hashtag.al\/wp-content\/uploads\/2024\/03\/Screenshot-2024-03-15-104159.png\"><img loading=\"lazy\" decoding=\"async\" class=\"aligncenter size-full wp-image-661284\" src=\"https:\/\/www.hashtag.al\/wp-content\/uploads\/2024\/03\/Screenshot-2024-03-15-104159.png\" alt=\"\" width=\"1131\" height=\"650\" srcset=\"https:\/\/www.hashtag.al\/wp-content\/uploads\/2024\/03\/Screenshot-2024-03-15-104159.png 1131w, https:\/\/www.hashtag.al\/wp-content\/uploads\/2024\/03\/Screenshot-2024-03-15-104159-300x172.png 300w, https:\/\/www.hashtag.al\/wp-content\/uploads\/2024\/03\/Screenshot-2024-03-15-104159-1024x589.png 1024w, https:\/\/www.hashtag.al\/wp-content\/uploads\/2024\/03\/Screenshot-2024-03-15-104159-768x441.png 768w, https:\/\/www.hashtag.al\/wp-content\/uploads\/2024\/03\/Screenshot-2024-03-15-104159-250x145.png 250w\" sizes=\"auto, (max-width: 1131px) 100vw, 1131px\" \/><\/a><\/p>\n<p><span style=\"color: #000000;\">Ambasadori amerikan n\u00eb Hungari paralajm\u00ebroi Budapestin lidhur me zgjerimin e raporteve t\u00eb tij me Rusin\u00eb dhe ngriti \u201cshqet\u00ebsime legjitime t\u00eb siguris\u00eb\u201d gjat\u00eb fjalimit t\u00eb tij n\u00eb 25-vjetorin e an\u00ebtar\u00ebsimit t\u00eb Hungaris\u00eb n\u00eb NATO.<\/span><\/p>\n<p><span style=\"color: #000000;\">Ambasadori David Pressman tha se p\u00ebrderisa Hungaria \u00ebsht\u00eb nj\u00eb mike e kamotshme dhe aleate, shteti ka b\u00ebr\u00eb gj\u00ebra q\u00eb minojn\u00eb besimin dhe miq\u00ebsin\u00eb dhe shqet\u00ebsimet q\u00eb ai ndan me aleat\u00ebt e Hungaris\u00eb n\u00eb NATO \u201cnuk mund t\u00eb injorohen\u201d.<\/span><\/p>\n<p><span style=\"color: #000000;\">Shqet\u00ebsimet kan\u00eb n\u00eb qend\u00ebr Qeverin\u00eb q\u00eb \u201ce cil\u00ebson dhe e trajton SHBA-n\u00eb si \u2018kund\u00ebrshtare\u2019, nd\u00ebrkaq b\u00ebn zgjedhje politike q\u00eb e izolojn\u00eb gjithnj\u00eb e m\u00eb shum\u00eb nga miqt\u00eb dhe aleat\u00ebt e saj\u201d, tha Pressman gjat\u00eb ngjarjes s\u00eb organizuar nga ambasada amerikane.<\/span><\/p>\n<p><span style=\"color: #000000;\">SHBA-ja<em> \u201cnuk mund t\u00eb injoroj\u00eb pretendimin e kryetarit t\u00eb Parlamentit t\u00eb Hungaris\u00eb se lufta [e presidentit rus, Vladimir] Putin n\u00eb Ukrain\u00eb \u00ebsht\u00eb n\u00eb fakt luft\u00eb \u2018e udh\u00ebhequr nga SHBA-ja\u2019\u201d, <\/em>tha Pressman. \u201c<em>Ne nuk mund ta kuptojm\u00eb e as ta pranojm\u00eb q\u00eb kryeministri e identifikon SHBA-n\u00eb si \u2018kund\u00ebrshtaren kryesore\u2019 t\u00eb Hungaris\u00eb\u201d.<\/em><\/span><\/p>\n<p><span style=\"color: #000000;\">Pressman shtoi se aleat\u00ebt e Hungaris\u00eb po paralajm\u00ebrojn\u00eb p\u00ebr rreziqet e \u201craporteve t\u00eb ngushta dhe t\u00eb zgjeruara t\u00eb Hungaris\u00eb me Rusin\u00eb\u201d dhe n\u00ebse ky \u00ebsht\u00eb vendim politik i Hungaris\u00eb, \u201cne duhet t\u00eb vendosim se si do t\u00eb mbrojm\u00eb m\u00eb s\u00eb miri interesat tona t\u00eb siguris\u00eb, q\u00eb do t\u00eb duhet t\u00eb jen\u00eb interesat tona t\u00eb p\u00ebrbashk\u00ebta t\u00eb siguris\u00eb si aleat\u00eb\u201d.<\/span><\/p>\n<p><span style=\"color: #000000;\">Qeverit\u00eb per\u00ebndimore kan\u00eb shprehur pak\u00ebnaq\u00ebsi lidhur me raportet e ngushta t\u00eb kryeministrit hungarez, Viktor Orban, me Mosk\u00ebn pavar\u00ebsisht nisjes s\u00eb pushtimit rus t\u00eb Ukrain\u00ebs. Raportet mes Budapestit dhe Uashingtonit u p\u00ebrkeq\u00ebsuan pas vonesave t\u00eb shkaktuara nga Hungaria p\u00ebr ratifikimin e pranimit t\u00eb Suedis\u00eb n\u00eb NATO.<\/span><\/p>\n<p><span style=\"color: #000000;\">Ambasadori Pressman tha se Hungaria haptazi i ka b\u00ebr\u00eb thirrje SHBA-s\u00eb dhe aleat\u00ebve t\u00eb tjer\u00eb q\u00eb t\u00eb ndalin d\u00ebrgimin e ndihm\u00ebs ushtarake p\u00ebr Ukrain\u00ebn, p\u00ebr t\u00eb detyruar pal\u00ebt t\u00eb arrijn\u00eb nj\u00eb marr\u00ebveshje arm\u00ebpushimi dhe t\u00eb zhvillojn\u00eb bisedime t\u00eb paqes.<\/span><\/p>\n<p><span style=\"color: #000000;\"><em>\u201cEdhe SHBA-ja do paqe. Ne duam q\u00eb kjo luft\u00eb t\u00eb p\u00ebrfundoj\u00eb. Por, propozimi hungarez nuk p\u00ebrkon me realitetin<\/em>\u201d, tha ai.<\/span><\/p>\n<p><span style=\"color: #000000;\">Ambasadori amerikan po ashtu p\u00ebrmendi shtypjen e mediave dhe gazetar\u00ebve t\u00eb pavarur. Ai tha se SHBA-ja k\u00ebrkon dialog me Qeverin\u00eb hungareze dhe d\u00ebshiron raporte t\u00eb bazuara \u201cn\u00eb vlera demokratike, sigurin\u00eb e p\u00ebrbashk\u00ebt dhe prosperitetin\u201d.<\/span><\/p>\n<p><span style=\"color: #000000;\">Udh\u00ebheqja amerikane \u00ebsht\u00eb e vendosur se d\u00ebshiron t\u00eb p\u00ebrmir\u00ebsoj\u00eb raportet, tha Pressman, por Qeveria hungareze ende nuk ka shprehur nj\u00eb synim t\u00eb till\u00eb.\/<a href=\"https:\/\/www.evropaelire.org\/a\/shba-lidhje-hungari-rusi-\/32862118.html\"><span style=\"color: #0000ff;\">REL<\/span><\/a><\/span><\/p>\n","protected":false,"gt_translate_keys":[{"key":"rendered","format":"html"}]},"excerpt":{"rendered":"<p>Ambasadori amerikan n\u00eb Hungari paralajm\u00ebroi Budapestin lidhur me zgjerimin e raporteve t\u00eb tij me Rusin\u00eb dhe ngriti \u201cshqet\u00ebsime legjitime t\u00eb siguris\u00eb\u201d gjat\u00eb fjalimit t\u00eb tij n\u00eb 25-vjetorin e an\u00ebtar\u00ebsimit t\u00eb Hungaris\u00eb n\u00eb NATO. Ambasadori David Pressman tha se p\u00ebrderisa Hungaria \u00ebsht\u00eb nj\u00eb mike e kamotshme dhe aleate, shteti ka b\u00ebr\u00eb gj\u00ebra q\u00eb minojn\u00eb besimin dhe [&hellip;]<\/p>\n","protected":false,"gt_translate_keys":[{"key":"rendered","format":"html"}]},"author":30,"featured_media":661284,"comment_status":"closed","ping_status":"open","sticky":false,"template":"","format":"standard","meta":{"footnotes":""},"categories":[6],"tags":[],"class_list":["post-661282","post","type-post","status-publish","format-standard","has-post-thumbnail","hentry","category-nderkombetare"],"gt_translate_keys":[{"key":"link","format":"url"}],"_links":{"self":[{"href":"https:\/\/www.hashtag.al\/index.php\/wp-json\/wp\/v2\/posts\/661282","targetHints":{"allow":["GET"]}}],"collection":[{"href":"https:\/\/www.hashtag.al\/index.php\/wp-json\/wp\/v2\/posts"}],"about":[{"href":"https:\/\/www.hashtag.al\/index.php\/wp-json\/wp\/v2\/types\/post"}],"author":[{"embeddable":true,"href":"https:\/\/www.hashtag.al\/index.php\/wp-json\/wp\/v2\/users\/30"}],"replies":[{"embeddable":true,"href":"https:\/\/www.hashtag.al\/index.php\/wp-json\/wp\/v2\/comments?post=661282"}],"version-history":[{"count":0,"href":"https:\/\/www.hashtag.al\/index.php\/wp-json\/wp\/v2\/posts\/661282\/revisions"}],"wp:featuredmedia":[{"embeddable":true,"href":"https:\/\/www.hashtag.al\/index.php\/wp-json\/wp\/v2\/media\/661284"}],"wp:attachment":[{"href":"https:\/\/www.hashtag.al\/index.php\/wp-json\/wp\/v2\/media?parent=661282"}],"wp:term":[{"taxonomy":"category","embeddable":true,"href":"https:\/\/www.hashtag.al\/index.php\/wp-json\/wp\/v2\/categories?post=661282"},{"taxonomy":"post_tag","embeddable":true,"href":"https:\/\/www.hashtag.al\/index.php\/wp-json\/wp\/v2\/tags?post=661282"}],"curies":[{"name":"wp","href":"https:\/\/api.w.org\/{rel}","templated":true}]}}