{"id":660913,"date":"2024-03-13T18:15:57","date_gmt":"2024-03-13T17:15:57","guid":{"rendered":"https:\/\/www.hashtag.al\/?p=660913"},"modified":"2024-03-13T18:15:57","modified_gmt":"2024-03-13T17:15:57","slug":"komandanti-kfor-it-pret-ne-takim-gabriel-escobarin-ne-fokus-dialogu-dhe-siguria-e-kosoves","status":"publish","type":"post","link":"https:\/\/www.hashtag.al\/index.php\/2024\/03\/13\/komandanti-kfor-it-pret-ne-takim-gabriel-escobarin-ne-fokus-dialogu-dhe-siguria-e-kosoves\/","title":{"rendered":"Komandanti KFOR-it pret n\u00eb takim Gabriel Escobarin, n\u00eb fokus dialogu dhe siguria e Kosov\u00ebs","gt_translate_keys":[{"key":"rendered","format":"text"}]},"content":{"rendered":"<p><img loading=\"lazy\" decoding=\"async\" class=\"size-full wp-image-660914 aligncenter\" src=\"https:\/\/www.hashtag.al\/wp-content\/uploads\/2024\/03\/KFOR-1.jpg\" alt=\"\" width=\"531\" height=\"357\" srcset=\"https:\/\/www.hashtag.al\/wp-content\/uploads\/2024\/03\/KFOR-1.jpg 531w, https:\/\/www.hashtag.al\/wp-content\/uploads\/2024\/03\/KFOR-1-300x202.jpg 300w\" sizes=\"auto, (max-width: 531px) 100vw, 531px\" \/><\/p>\n<p style=\"text-align: left;\"><span style=\"color: #000000;\">Komandanti i KFOR-it, gjenerali Ozkan Ulutas, ka pritur sot n\u00eb takim emisarin e SHBA-s\u00eb p\u00ebr rajonin, Gabriel Escobar dhe ambasadorin e SHBA-s\u00eb n\u00eb Prishtin\u00eb, Jeff Hovenier.<\/span><\/p>\n<p style=\"text-align: left;\"><span style=\"color: #000000;\">Si\u00e7 njofton KFOR-i, n\u00eb k\u00ebt\u00eb takim pal\u00ebt kan\u00eb shk\u00ebmbyer mendime mbi nj\u00eb num\u00ebr t\u00eb ndrysh\u00ebm temash q\u00eb kan\u00eb t\u00eb b\u00ebjn\u00eb me sigurin\u00eb e q\u00ebndrueshme n\u00eb mbar\u00eb Kosov\u00ebn dhe me stabilitetin rajonal.<\/span><\/p>\n<p style=\"text-align: left;\"><span style=\"color: #000000;\">Ulutas, si\u00e7 njofton KFOR, ka ripohuar \u201c<em>p\u00ebrkushtimin e pal\u00ebkundur t\u00eb KFOR-it p\u00ebr t\u00eb ofruar korniz\u00ebn e siguris\u00eb n\u00eb mb\u00ebshtetje t\u00eb dialogut t\u00eb leht\u00ebsuar nga BE-ja nd\u00ebrmjet Beogradit dhe Prishtin\u00ebs; dhe ai p\u00ebrsh\u00ebndeti kontributin e gjat\u00eb t\u00eb SHBA-s\u00eb p\u00ebr KFOR-in dhe p\u00ebr stabilitetin n\u00eb Ballkanin Per\u00ebndimor\u201d.<\/em><\/span><\/p>\n<p><iframe loading=\"lazy\" style=\"border: none; overflow: hidden;\" src=\"https:\/\/www.facebook.com\/plugins\/post.php?href=https%3A%2F%2Fwww.facebook.com%2FNATOKFOR%2Fposts%2Fpfbid02hWebcVMhFy86Hzy2Yk5azEaE7NNgQQKLWhSHHJ4ZetMUWsbvRNBbTLZdU9tDzTxFl&amp;show_text=true&amp;width=500\" width=\"500\" height=\"787\" frameborder=\"0\" scrolling=\"no\" allowfullscreen=\"allowfullscreen\"><\/iframe><\/p>\n","protected":false,"gt_translate_keys":[{"key":"rendered","format":"html"}]},"excerpt":{"rendered":"<p>Komandanti i KFOR-it, gjenerali Ozkan Ulutas, ka pritur sot n\u00eb takim emisarin e SHBA-s\u00eb p\u00ebr rajonin, Gabriel Escobar dhe ambasadorin e SHBA-s\u00eb n\u00eb Prishtin\u00eb, Jeff Hovenier. Si\u00e7 njofton KFOR-i, n\u00eb k\u00ebt\u00eb takim pal\u00ebt kan\u00eb shk\u00ebmbyer mendime mbi nj\u00eb num\u00ebr t\u00eb ndrysh\u00ebm temash q\u00eb kan\u00eb t\u00eb b\u00ebjn\u00eb me sigurin\u00eb e q\u00ebndrueshme n\u00eb mbar\u00eb Kosov\u00ebn dhe me [&hellip;]<\/p>\n","protected":false,"gt_translate_keys":[{"key":"rendered","format":"html"}]},"author":4,"featured_media":660914,"comment_status":"closed","ping_status":"open","sticky":false,"template":"","format":"standard","meta":{"footnotes":""},"categories":[149,65],"tags":[],"class_list":["post-660913","post","type-post","status-publish","format-standard","has-post-thumbnail","hentry","category-kosoverajon","category-lajme"],"gt_translate_keys":[{"key":"link","format":"url"}],"_links":{"self":[{"href":"https:\/\/www.hashtag.al\/index.php\/wp-json\/wp\/v2\/posts\/660913","targetHints":{"allow":["GET"]}}],"collection":[{"href":"https:\/\/www.hashtag.al\/index.php\/wp-json\/wp\/v2\/posts"}],"about":[{"href":"https:\/\/www.hashtag.al\/index.php\/wp-json\/wp\/v2\/types\/post"}],"author":[{"embeddable":true,"href":"https:\/\/www.hashtag.al\/index.php\/wp-json\/wp\/v2\/users\/4"}],"replies":[{"embeddable":true,"href":"https:\/\/www.hashtag.al\/index.php\/wp-json\/wp\/v2\/comments?post=660913"}],"version-history":[{"count":0,"href":"https:\/\/www.hashtag.al\/index.php\/wp-json\/wp\/v2\/posts\/660913\/revisions"}],"wp:featuredmedia":[{"embeddable":true,"href":"https:\/\/www.hashtag.al\/index.php\/wp-json\/wp\/v2\/media\/660914"}],"wp:attachment":[{"href":"https:\/\/www.hashtag.al\/index.php\/wp-json\/wp\/v2\/media?parent=660913"}],"wp:term":[{"taxonomy":"category","embeddable":true,"href":"https:\/\/www.hashtag.al\/index.php\/wp-json\/wp\/v2\/categories?post=660913"},{"taxonomy":"post_tag","embeddable":true,"href":"https:\/\/www.hashtag.al\/index.php\/wp-json\/wp\/v2\/tags?post=660913"}],"curies":[{"name":"wp","href":"https:\/\/api.w.org\/{rel}","templated":true}]}}