{"id":660582,"date":"2024-03-12T14:44:37","date_gmt":"2024-03-12T13:44:37","guid":{"rendered":"https:\/\/www.hashtag.al\/?p=660582"},"modified":"2024-03-12T14:44:37","modified_gmt":"2024-03-12T13:44:37","slug":"salianji-kunder-negociatave-me-ps-vendimi-per-bisedimet-eshte-demtues-per-pd","status":"publish","type":"post","link":"https:\/\/www.hashtag.al\/index.php\/2024\/03\/12\/salianji-kunder-negociatave-me-ps-vendimi-per-bisedimet-eshte-demtues-per-pd\/","title":{"rendered":"Salianji kund\u00ebr negociatave me PS: Vendimi p\u00ebr bisedimet \u00ebsht\u00eb d\u00ebmtues p\u00ebr PD","gt_translate_keys":[{"key":"rendered","format":"text"}]},"content":{"rendered":"<p><img loading=\"lazy\" decoding=\"async\" class=\"size-full wp-image-660583 aligncenter\" src=\"https:\/\/www.hashtag.al\/wp-content\/uploads\/2024\/03\/Salianji-grupi-i-PD-770x433-1.jpg\" alt=\"\" width=\"770\" height=\"433\" srcset=\"https:\/\/www.hashtag.al\/wp-content\/uploads\/2024\/03\/Salianji-grupi-i-PD-770x433-1.jpg 770w, https:\/\/www.hashtag.al\/wp-content\/uploads\/2024\/03\/Salianji-grupi-i-PD-770x433-1-300x169.jpg 300w, https:\/\/www.hashtag.al\/wp-content\/uploads\/2024\/03\/Salianji-grupi-i-PD-770x433-1-768x432.jpg 768w\" sizes=\"auto, (max-width: 770px) 100vw, 770px\" \/><\/p>\n<p><span style=\"color: #000000;\"><i><span style=\"font-weight: 400;\">\u201cVendimi p\u00ebr bisedimet ose \u201cnegociatat\u201d \u00ebsht\u00eb d\u00ebmtues p\u00ebr Partin\u00eb Demokratike dhe p\u00ebr opozit\u00ebn!\u201d.<\/span><\/i><\/span><\/p>\n<p><span style=\"font-weight: 400; color: #000000;\">K\u00ebshtu ka deklaruar deputeti demokrat, Ervin Salianji n\u00eb mbledhjen e sotme t\u00eb grupit parlamentar, ku pati edhe debate mes koleg\u00ebve t\u00eb tij, Tritan Shehu dhe Bledjon Nallbati.<\/span><\/p>\n<p><span style=\"font-weight: 400; color: #000000;\">Ai shton se rikthimi sot ne Konferenc\u00ebn e Kryetareve \u00ebsht\u00eb praktikisht rikthim n\u00eb normalitet dhe ne n\u00eb normalitet dhe se n\u00eb normalitet kthehen vet\u00ebm n\u00ebse opozita vendos vet\u00eb dhe jo se pranon t\u00eb ulen me Ram\u00ebn.<\/span><\/p>\n<p><span style=\"color: #000000;\"><i><span style=\"font-weight: 400;\">\u201cVendimi p\u00ebr bisedimet ose \u201cnegociatat\u201d \u00ebsht\u00eb d\u00ebmtues p\u00ebr Partin\u00eb Demokratike dhe p\u00ebr opozit\u00ebn! Perceptimi qe do krijohet \u00ebsht\u00eb q\u00eb krijuam Sherr p\u00ebr 5 muaj q\u00eb t\u00eb ulemi me Ram\u00ebs, ne nuk mund t\u00eb b\u00ebjm\u00eb sherr p\u00ebr t\u2019u ulur me Ram\u00ebn! Pas aksionit ton\u00eb bllokues Partia Socialiste ka ndryshuar ligjin p\u00ebr komisionet hetimore dhe rregulloren e Kuvendit, nd\u00ebrkoh\u00eb qe nuk ka pasur asnj\u00eb shenje t\u00ebrheqja as ne deklaratat publike te Ram\u00ebs!<\/span><\/i><\/span><\/p>\n<p><span style=\"color: #000000;\"><i><span style=\"font-weight: 400;\">Rikthimi sot ne Konferenc\u00ebn e Kryetareve eshte praktikisht rikthim ne normalitet dhe ne n\u00eb normalitet nuk kthehemi se jemi ulur me Ram\u00ebn, por n\u00ebse e vendosim vete. N\u00ebse ju thoni qe aksioni ka pasur sukses marrim vendim si grup parlamentar dhe rikthehemi por qe te hyjme ne normalitet se u ulem me Ramen do krijojm\u00eb perceptim demtues per opozit\u00ebn dhe do jemi joserioze sic ka ndodhur shpesh ne kete parti e kete seli qe radikalizohemi qe te marrim vemendjen e Rames nderkohe qe vemendjen dhe besimin duhet ta marrim tek qytetaret! Ky akt i sotem na ben dhe me pak te besuesh\u00ebm!<\/span><\/i><\/span><\/p>\n<p><span style=\"color: #000000;\"><i><span style=\"font-weight: 400;\">Te pakten te marrim vendim tani per t\u2019u rikthyer vete ne normalitet jo si shkembim se Rama u ul? Cfar\u00eb u ul Rama? A jemi ne qe nuk marrim pjese me vullnet ne konference kryetaresh? A \u00ebsht\u00eb qeveria ne te nj\u00ebjtin pozicion qe thote riformuloni kerkesat ne konference kryetaresh dhe me ligjin e ri per komisionet hetimore merrini?\u00a0<\/span><\/i><\/span><\/p>\n<p><span style=\"color: #000000;\"><i><span style=\"font-weight: 400;\">A \u00ebsht\u00eb qeveria qe thote qe me mbarimin e afatit te komisionit bipartizan te Reformes zgjedhore do ta kalojme tek ligjet? Cfar\u00eb fitojme ne nga ky aksion? Po bejme levizje te gabuar dhe me pasoja\u2026<\/span><\/i><\/span><\/p>\n<p><span style=\"color: #000000;\"><i><span style=\"font-weight: 400;\">Kam dy pyetje se s\u2019bej dot me sikur, ore e quani aksionin e deritanish\u00ebm te suksessh\u00ebm pse nuk e vazhdojm\u00eb? Se dhe i suksessh\u00ebm dhe e leme sikur nuk shkon! Se dyti si qenka sukses dhe t\u00ebrheqje qe ne po ulemi aty ku kemi refuzuar vet\u00eb t\u00eb ulemi prej 5 muajsh? Tek konferenca e Kryetareve.<\/span><\/i><\/span><\/p>\n<p><span style=\"color: #000000;\"><i><span style=\"font-weight: 400;\">Se treti, si e njoh\u00ebn tani realitetin? Se kryetar grupi parlamentar dhe i ftuar p\u00ebrher\u00eb ne konference te kryetareve ka qen\u00eb Gazi.<\/span><\/i><\/span><\/p>\n<p><span style=\"color: #000000;\"><i><span style=\"font-weight: 400;\">Jam i mendimit qe po nd\u00ebrmarrim l\u00ebvizje te gabuar dhe imagjino n\u00ebse do deshtoje bisedimi i sotem apo plotesimi i kerkesave, si do themi pastaj qe beme pak gabim se Rama ta hedh per te 100 here!\u201d,<\/span><\/i><span style=\"font-weight: 400;\"> tha ai.<\/span><\/span><\/p>\n","protected":false,"gt_translate_keys":[{"key":"rendered","format":"html"}]},"excerpt":{"rendered":"<p>\u201cVendimi p\u00ebr bisedimet ose \u201cnegociatat\u201d \u00ebsht\u00eb d\u00ebmtues p\u00ebr Partin\u00eb Demokratike dhe p\u00ebr opozit\u00ebn!\u201d. K\u00ebshtu ka deklaruar deputeti demokrat, Ervin Salianji n\u00eb mbledhjen e sotme t\u00eb grupit parlamentar, ku pati edhe debate mes koleg\u00ebve t\u00eb tij, Tritan Shehu dhe Bledjon Nallbati. Ai shton se rikthimi sot ne Konferenc\u00ebn e Kryetareve \u00ebsht\u00eb praktikisht rikthim n\u00eb normalitet dhe [&hellip;]<\/p>\n","protected":false,"gt_translate_keys":[{"key":"rendered","format":"html"}]},"author":4,"featured_media":660583,"comment_status":"closed","ping_status":"open","sticky":false,"template":"","format":"standard","meta":{"footnotes":""},"categories":[65],"tags":[],"class_list":["post-660582","post","type-post","status-publish","format-standard","has-post-thumbnail","hentry","category-lajme"],"gt_translate_keys":[{"key":"link","format":"url"}],"_links":{"self":[{"href":"https:\/\/www.hashtag.al\/index.php\/wp-json\/wp\/v2\/posts\/660582","targetHints":{"allow":["GET"]}}],"collection":[{"href":"https:\/\/www.hashtag.al\/index.php\/wp-json\/wp\/v2\/posts"}],"about":[{"href":"https:\/\/www.hashtag.al\/index.php\/wp-json\/wp\/v2\/types\/post"}],"author":[{"embeddable":true,"href":"https:\/\/www.hashtag.al\/index.php\/wp-json\/wp\/v2\/users\/4"}],"replies":[{"embeddable":true,"href":"https:\/\/www.hashtag.al\/index.php\/wp-json\/wp\/v2\/comments?post=660582"}],"version-history":[{"count":0,"href":"https:\/\/www.hashtag.al\/index.php\/wp-json\/wp\/v2\/posts\/660582\/revisions"}],"wp:featuredmedia":[{"embeddable":true,"href":"https:\/\/www.hashtag.al\/index.php\/wp-json\/wp\/v2\/media\/660583"}],"wp:attachment":[{"href":"https:\/\/www.hashtag.al\/index.php\/wp-json\/wp\/v2\/media?parent=660582"}],"wp:term":[{"taxonomy":"category","embeddable":true,"href":"https:\/\/www.hashtag.al\/index.php\/wp-json\/wp\/v2\/categories?post=660582"},{"taxonomy":"post_tag","embeddable":true,"href":"https:\/\/www.hashtag.al\/index.php\/wp-json\/wp\/v2\/tags?post=660582"}],"curies":[{"name":"wp","href":"https:\/\/api.w.org\/{rel}","templated":true}]}}