{"id":660508,"date":"2024-03-12T11:06:08","date_gmt":"2024-03-12T10:06:08","guid":{"rendered":"https:\/\/www.hashtag.al\/?p=660508"},"modified":"2024-03-12T11:06:08","modified_gmt":"2024-03-12T10:06:08","slug":"vrasja-e-te-riut-me-thike-ne-fier-ne-pranga-dhe-nje-17-vjecar","status":"publish","type":"post","link":"https:\/\/www.hashtag.al\/index.php\/2024\/03\/12\/vrasja-e-te-riut-me-thike-ne-fier-ne-pranga-dhe-nje-17-vjecar\/","title":{"rendered":"Vrasja e t\u00eb riut me thik\u00eb n\u00eb Fier, n\u00eb pranga dhe nj\u00eb 17-vje\u00e7ar","gt_translate_keys":[{"key":"rendered","format":"text"}]},"content":{"rendered":"<p><img loading=\"lazy\" decoding=\"async\" class=\"size-full wp-image-660509 aligncenter\" src=\"https:\/\/www.hashtag.al\/wp-content\/uploads\/2024\/03\/plagosje-ne-fier-695x450-1.jpg\" alt=\"\" width=\"695\" height=\"450\" srcset=\"https:\/\/www.hashtag.al\/wp-content\/uploads\/2024\/03\/plagosje-ne-fier-695x450-1.jpg 695w, https:\/\/www.hashtag.al\/wp-content\/uploads\/2024\/03\/plagosje-ne-fier-695x450-1-300x194.jpg 300w\" sizes=\"auto, (max-width: 695px) 100vw, 695px\" \/><\/p>\n<p><span style=\"font-weight: 400; color: #000000;\">Nj\u00eb 17-vje\u00e7ar \u00ebsht\u00eb arrestuar nga policia n\u00eb Fier p\u00ebr vrasjen e Grei Bihucit, nj\u00eb dit\u00eb m\u00eb par\u00eb n\u00eb qend\u00ebr t\u00eb Fierit.<\/span><\/p>\n<p><span style=\"font-weight: 400; color: #000000;\">Pas arrestimit t\u00eb Florjan Muk\u00ebs, sot u vu n\u00eb pranga edhe 17-vje\u00e7ari K.M, banues n\u00eb fshatin Kallm i Madh n\u00eb Fier.<\/span><\/p>\n<p><span style=\"font-weight: 400; color: #000000;\">Mbi t\u00eb arrestuarin r\u00ebndon akuza e bashk\u00ebpunimit n\u00eb vrasje.<\/span><\/p>\n<p><span style=\"font-weight: 400; color: #000000;\">N\u00eb cil\u00ebsin\u00eb e prov\u00ebs materiale jan\u00eb sekuestruar nj\u00eb mjet prer\u00ebs (thik\u00eb) dhe nj\u00eb p\u00ebrforcues grushti, t\u00eb cilat jan\u00eb gjetur n\u00eb vendin e ngjarjes<\/span><\/p>\n<p><span style=\"color: #000000;\"><i><span style=\"font-weight: 400;\">\u201cN\u00eb vijim t\u00eb informacionit paraprak t\u00eb dh\u00ebn\u00eb dit\u00ebn e djeshme, p\u00ebr ngjarjen e ndodhur reth or\u00ebs 11:30, n\u00eb bulevardin \u201cJakov Xoxa\u201d, Fier, informojm\u00eb se n\u00eb vijim t\u00eb veprimeve hetimore dhe procedurale t\u00eb kryera nga specialist\u00ebt p\u00ebr Hetimin e Krimeve t\u00eb R\u00ebnda t\u00eb DVP Fier, n\u00eb drejtimin e Prokuroris\u00eb, u arrestuan n\u00eb flagranc\u00eb shtetasit F. M., 18 vje\u00e7, banues n\u00eb Fier dhe K. M., 17 vje\u00e7, banues n\u00eb fshatin Kallm i Madh, Fier. Nga veprimet hetimore dyshohet se k\u00ebta 2 shtetas, n\u00eb bashk\u00ebpunim me nj\u00ebri-tjetrin, pas nj\u00eb konflikti p\u00ebr motive t\u00eb dob\u00ebta, kan\u00eb vrar\u00eb me mjet prer\u00ebs (thik\u00eb), shtetasin G. B., 19 vje\u00e7, dhe kan\u00eb plagosur shtetasin O. S., 20 vje\u00e7, i cili \u00ebsht\u00eb n\u00eb spital, jasht\u00eb rrezikut p\u00ebr jet\u00ebn. N\u00eb cil\u00ebsin\u00eb e prov\u00ebs materiale jan\u00eb sekuestruar nj\u00eb mjet prer\u00ebs (thik\u00eb) dhe nj\u00eb p\u00ebrforcues grushti, t\u00eb cilat jan\u00eb gjetur n\u00eb vendin e ngjarjes\u201d, <\/span><\/i><span style=\"font-weight: 400;\">\u00a0njofton policia.<\/span><\/span><\/p>\n","protected":false,"gt_translate_keys":[{"key":"rendered","format":"html"}]},"excerpt":{"rendered":"<p>Nj\u00eb 17-vje\u00e7ar \u00ebsht\u00eb arrestuar nga policia n\u00eb Fier p\u00ebr vrasjen e Grei Bihucit, nj\u00eb dit\u00eb m\u00eb par\u00eb n\u00eb qend\u00ebr t\u00eb Fierit. Pas arrestimit t\u00eb Florjan Muk\u00ebs, sot u vu n\u00eb pranga edhe 17-vje\u00e7ari K.M, banues n\u00eb fshatin Kallm i Madh n\u00eb Fier. Mbi t\u00eb arrestuarin r\u00ebndon akuza e bashk\u00ebpunimit n\u00eb vrasje. N\u00eb cil\u00ebsin\u00eb e prov\u00ebs [&hellip;]<\/p>\n","protected":false,"gt_translate_keys":[{"key":"rendered","format":"html"}]},"author":4,"featured_media":660509,"comment_status":"closed","ping_status":"open","sticky":false,"template":"","format":"standard","meta":{"footnotes":""},"categories":[65],"tags":[],"class_list":["post-660508","post","type-post","status-publish","format-standard","has-post-thumbnail","hentry","category-lajme"],"gt_translate_keys":[{"key":"link","format":"url"}],"_links":{"self":[{"href":"https:\/\/www.hashtag.al\/index.php\/wp-json\/wp\/v2\/posts\/660508","targetHints":{"allow":["GET"]}}],"collection":[{"href":"https:\/\/www.hashtag.al\/index.php\/wp-json\/wp\/v2\/posts"}],"about":[{"href":"https:\/\/www.hashtag.al\/index.php\/wp-json\/wp\/v2\/types\/post"}],"author":[{"embeddable":true,"href":"https:\/\/www.hashtag.al\/index.php\/wp-json\/wp\/v2\/users\/4"}],"replies":[{"embeddable":true,"href":"https:\/\/www.hashtag.al\/index.php\/wp-json\/wp\/v2\/comments?post=660508"}],"version-history":[{"count":0,"href":"https:\/\/www.hashtag.al\/index.php\/wp-json\/wp\/v2\/posts\/660508\/revisions"}],"wp:featuredmedia":[{"embeddable":true,"href":"https:\/\/www.hashtag.al\/index.php\/wp-json\/wp\/v2\/media\/660509"}],"wp:attachment":[{"href":"https:\/\/www.hashtag.al\/index.php\/wp-json\/wp\/v2\/media?parent=660508"}],"wp:term":[{"taxonomy":"category","embeddable":true,"href":"https:\/\/www.hashtag.al\/index.php\/wp-json\/wp\/v2\/categories?post=660508"},{"taxonomy":"post_tag","embeddable":true,"href":"https:\/\/www.hashtag.al\/index.php\/wp-json\/wp\/v2\/tags?post=660508"}],"curies":[{"name":"wp","href":"https:\/\/api.w.org\/{rel}","templated":true}]}}