{"id":660304,"date":"2024-03-11T12:37:08","date_gmt":"2024-03-11T11:37:08","guid":{"rendered":"https:\/\/www.hashtag.al\/?p=660304"},"modified":"2024-03-11T12:37:08","modified_gmt":"2024-03-11T11:37:08","slug":"amnistia-penale-si-e-fshehu-te-verteten-ministri-i-drejtesise-ulsi-manja","status":"publish","type":"post","link":"https:\/\/www.hashtag.al\/index.php\/2024\/03\/11\/amnistia-penale-si-e-fshehu-te-verteten-ministri-i-drejtesise-ulsi-manja\/","title":{"rendered":"Amnistia Penale &#8211; Si e fshehu t\u00eb v\u00ebrtet\u00ebn ministri i Drejt\u00ebsis\u00eb Ulsi Manja","gt_translate_keys":[{"key":"rendered","format":"text"}]},"content":{"rendered":"<p><span style=\"color: #000000;\"><img loading=\"lazy\" decoding=\"async\" class=\"aligncenter size-full wp-image-660307\" src=\"https:\/\/www.hashtag.al\/wp-content\/uploads\/2024\/03\/Capture-5.png\" alt=\"\" width=\"786\" height=\"473\" srcset=\"https:\/\/www.hashtag.al\/wp-content\/uploads\/2024\/03\/Capture-5.png 786w, https:\/\/www.hashtag.al\/wp-content\/uploads\/2024\/03\/Capture-5-300x181.png 300w, https:\/\/www.hashtag.al\/wp-content\/uploads\/2024\/03\/Capture-5-768x462.png 768w\" sizes=\"auto, (max-width: 786px) 100vw, 786px\" \/><\/span><\/p>\n<p><span style=\"color: #000000;\">Lajmi p\u00ebr amnistin\u00eb penale p\u00ebr t\u00eb d\u00ebnuarit nga Gjykata kund\u00ebr Korrupsionit dhe Krimit t\u00eb Organizuar, ku p\u00ebrfshihen edhe politikan\u00ebt dhe zyrtar\u00ebt e lart\u00eb, u p\u00ebrhap si zjarri n\u00eb kasht\u00eb. <\/span><\/p>\n<p><span style=\"color: #000000;\">Pavar\u00ebsisht fakteve publike t\u00eb v\u00ebrtetueshme p\u00ebrmes dokumentacioneve t\u00eb Kuvendit t\u00eb Shqip\u00ebris\u00eb, ministri i drejt\u00ebsis\u00eb Ulsi Manja vijoi t\u00eb garantoj\u00eb publikisht se amnistia penale nuk do t\u00eb toleroj\u00eb asnj\u00eb t\u00eb d\u00ebnuar nga GJKKO.<\/span><\/p>\n<p><span style=\"color: #000000;\"><em>\u201cE kam th\u00ebn\u00eb q\u00eb n\u00eb krye t\u00eb her\u00ebs, nuk do t\u00eb ket\u00eb amnisti jo e jo, por as ulje t\u00eb d\u00ebnimit p\u00ebr ata q\u00eb jan\u00eb d\u00ebnuar p\u00ebr korrupsion dhe krim t\u00eb organizuar nga GJKKO\u201d<\/em> &#8211; k\u00ebshtu <span style=\"color: #ff0000;\"><a style=\"color: #ff0000;\" href=\"https:\/\/www.youtube.com\/watch?v=9CT6WAVSDSs\">tha<\/a> <\/span>ministri Manja p\u00ebr mediat n\u00eb 4 Mars.<\/span><\/p>\n<p><span style=\"color: #000000;\">Por faktet tregojn\u00eb nj\u00eb histori tjet\u00ebr.<\/span><\/p>\n<p><span style=\"color: #000000;\"><strong>Amnistia penale \u2013 \u00e7far\u00eb ndodhi n\u00eb t\u00eb v\u00ebrtet\u00eb me?<\/strong><\/span><\/p>\n<p><span style=\"color: #000000;\"><span style=\"color: #ff0000;\"><a style=\"color: #ff0000;\" href=\"https:\/\/faktoje.al\/wp-content\/uploads\/2024\/03\/Projektligji-me-germen-c-pika-2-neni-5.pdf\">Draft-ligji i amnistis\u00eb penale<\/a><\/span> i propozuar nga Ministria e Drejt\u00ebsis\u00eb fillimisht parashikonte q\u00eb\u00a0 personat e d\u00ebnuar nga Gjykata kund\u00ebr Korrupsionit dhe Krimit t\u00eb Organizuar t\u00eb mos p\u00ebrfitojn\u00eb ulje t\u00eb d\u00ebnimit nga amnistia penale. (Neni 5, pika 2, g\u00ebrma c)<\/span><\/p>\n<p><span style=\"color: #000000;\"><img loading=\"lazy\" decoding=\"async\" class=\"aligncenter size-full wp-image-660308\" src=\"https:\/\/www.hashtag.al\/wp-content\/uploads\/2024\/03\/image-8.webp\" alt=\"\" width=\"751\" height=\"750\" srcset=\"https:\/\/www.hashtag.al\/wp-content\/uploads\/2024\/03\/image-8.webp 751w, https:\/\/www.hashtag.al\/wp-content\/uploads\/2024\/03\/image-8-300x300.webp 300w, https:\/\/www.hashtag.al\/wp-content\/uploads\/2024\/03\/image-8-150x150.webp 150w, https:\/\/www.hashtag.al\/wp-content\/uploads\/2024\/03\/image-8-600x600.webp 600w, https:\/\/www.hashtag.al\/wp-content\/uploads\/2024\/03\/image-8-180x180.webp 180w, https:\/\/www.hashtag.al\/wp-content\/uploads\/2024\/03\/image-8-80x80.webp 80w\" sizes=\"auto, (max-width: 751px) 100vw, 751px\" \/><\/span><\/p>\n<p><span style=\"color: #000000;\">Mes akuzave q\u00eb hetohen nga GJKKO\u00a0 jan\u00eb edhe krimet e kryera nga zyrtar\u00ebt e lart\u00eb (Kodi i procedur\u00ebs Penale, Neni 75\/a g\u00ebrma c).<\/span><\/p>\n<p><span style=\"color: #000000;\">Por, kur komisioni i ligjeve \u201cmbaroi pun\u00eb\u201d me shqyrtimin e projekt-ligjit, ky ndalim nuk ekzistonte m\u00eb. Kjo do t\u00eb thot\u00eb se <a href=\"https:\/\/faktoje.al\/wp-content\/uploads\/2024\/03\/Projektligji-pa-germen-c-pika-2-neni-5.pdf\"><span style=\"color: #ff0000;\">projekt-ligji i amnistis\u00eb penale<\/span><\/a> tashm\u00eb lejon edhe personat q\u00eb jan\u00eb d\u00ebnuar nga GJKKO t\u00eb p\u00ebrfitojn\u00eb ulje t\u00eb d\u00ebnimit. Mes tyre p\u00ebrfshihen edhe politikan\u00ebt dhe zyrtar\u00ebt e lart\u00eb.<\/span><\/p>\n<div id=\"attachment_660309\" style=\"width: 464px\" class=\"wp-caption aligncenter\"><img loading=\"lazy\" decoding=\"async\" aria-describedby=\"caption-attachment-660309\" class=\"size-full wp-image-660309\" src=\"https:\/\/www.hashtag.al\/wp-content\/uploads\/2024\/03\/image-10.webp\" alt=\"\" width=\"454\" height=\"373\" srcset=\"https:\/\/www.hashtag.al\/wp-content\/uploads\/2024\/03\/image-10.webp 454w, https:\/\/www.hashtag.al\/wp-content\/uploads\/2024\/03\/image-10-300x246.webp 300w\" sizes=\"auto, (max-width: 454px) 100vw, 454px\" \/><p id=\"caption-attachment-660309\" class=\"wp-caption-text\"><span style=\"color: #0000ff;\"><em>*projektligji fillestar i amnistis\u00eb penale (si ishte)<\/em><\/span><\/p><\/div>\n<div id=\"attachment_660310\" style=\"width: 511px\" class=\"wp-caption aligncenter\"><img loading=\"lazy\" decoding=\"async\" aria-describedby=\"caption-attachment-660310\" class=\"wp-image-660310 size-full\" src=\"https:\/\/www.hashtag.al\/wp-content\/uploads\/2024\/03\/image-9.webp\" alt=\"\" width=\"501\" height=\"350\" srcset=\"https:\/\/www.hashtag.al\/wp-content\/uploads\/2024\/03\/image-9.webp 501w, https:\/\/www.hashtag.al\/wp-content\/uploads\/2024\/03\/image-9-300x210.webp 300w, https:\/\/www.hashtag.al\/wp-content\/uploads\/2024\/03\/image-9-360x252.webp 360w\" sizes=\"auto, (max-width: 501px) 100vw, 501px\" \/><p id=\"caption-attachment-660310\" class=\"wp-caption-text\"><em><span style=\"color: #0000ff;\">*projektligji fillestar i amnistis\u00eb penale (si ishte) <\/span><\/em><\/p><\/div>\n<p><span style=\"color: #000000;\">Me k\u00ebt\u00eb ndryshim t\u00eb ligjit, nuk p\u00ebrfitojn\u00eb nga amnistia penale vet\u00ebm personat e d\u00ebnuar me burgim p\u00ebr vrasje (neni 79 i Kodit Penal) dhe personat e d\u00ebnuar me burgim t\u00eb p\u00ebrjetsh\u00ebm.<\/span><\/p>\n<p><img loading=\"lazy\" decoding=\"async\" class=\"aligncenter size-full wp-image-660311\" src=\"https:\/\/www.hashtag.al\/wp-content\/uploads\/2024\/03\/image-11.webp\" alt=\"\" width=\"642\" height=\"697\" srcset=\"https:\/\/www.hashtag.al\/wp-content\/uploads\/2024\/03\/image-11.webp 642w, https:\/\/www.hashtag.al\/wp-content\/uploads\/2024\/03\/image-11-276x300.webp 276w\" sizes=\"auto, (max-width: 642px) 100vw, 642px\" \/><\/p>\n<p><span style=\"color: #000000;\"><strong>Kush e propozoi faljen e t\u00eb d\u00ebnuarve nga GJKKO?<\/strong><\/span><\/p>\n<p><span style=\"color: #000000;\">N\u00eb <span style=\"color: #ff0000;\"><a style=\"color: #ff0000;\" href=\"https:\/\/top-channel.tv\/2024\/02\/20\/amnistia-rithemelimi-bashkon-votat-me-ps-para-protestes-per-lirimin-e-zyrtareve-te-denuar-nga-spak\/\">media<\/a><\/span>, u <span style=\"color: #ff0000;\"><a style=\"color: #ff0000;\" href=\"https:\/\/www.reporter.al\/2024\/02\/20\/ps-peshkon-vota-nga-rithemelimi-dhe-u-jep-amnisti-zyrtareve-te-denuar-per-korrupsion\/\">raportua<\/a> <\/span>se ndryshimi <span style=\"color: #ff0000;\"><a style=\"color: #ff0000;\" href=\"https:\/\/www.tpz.al\/aktualitet\/ps-peshkon-vota-nga-berisha-dhe-u-jep-amnisti-zyrtareve-te-denuar-nga-i243297\">erdhi<\/a> <\/span>pasi u sugjerua nga deputeti demokrat Bledjon Nallbati dhe u mb\u00ebshtet nga socialist\u00ebt.<\/span><\/p>\n<p><img loading=\"lazy\" decoding=\"async\" class=\"aligncenter size-full wp-image-660312\" src=\"https:\/\/www.hashtag.al\/wp-content\/uploads\/2024\/03\/image-13.webp\" alt=\"\" width=\"468\" height=\"464\" srcset=\"https:\/\/www.hashtag.al\/wp-content\/uploads\/2024\/03\/image-13.webp 468w, https:\/\/www.hashtag.al\/wp-content\/uploads\/2024\/03\/image-13-300x297.webp 300w, https:\/\/www.hashtag.al\/wp-content\/uploads\/2024\/03\/image-13-150x150.webp 150w, https:\/\/www.hashtag.al\/wp-content\/uploads\/2024\/03\/image-13-80x80.webp 80w\" sizes=\"auto, (max-width: 468px) 100vw, 468px\" \/><img loading=\"lazy\" decoding=\"async\" class=\"aligncenter size-full wp-image-660313\" src=\"https:\/\/www.hashtag.al\/wp-content\/uploads\/2024\/03\/image-12.webp\" alt=\"\" width=\"501\" height=\"461\" srcset=\"https:\/\/www.hashtag.al\/wp-content\/uploads\/2024\/03\/image-12.webp 501w, https:\/\/www.hashtag.al\/wp-content\/uploads\/2024\/03\/image-12-300x276.webp 300w\" sizes=\"auto, (max-width: 501px) 100vw, 501px\" \/><\/p>\n<p><span style=\"color: #000000;\">Faktoje k\u00ebrkoi nga Kuvendi i Shqip\u00ebris\u00eb dokumentin e amendamentit q\u00eb solli ndryshimin n\u00eb fjal\u00eb, p\u00ebr t\u2019u njohur me propozuesin e tij.<\/span><\/p>\n<p><span style=\"color: #000000;\">N\u00eb p\u00ebrgjigjen zyrtare, Kuvendi i tha Faktojes se propozimi kishte ardhur nga deputeti socialist Plarent Ndreca.<\/span><\/p>\n<div id=\"attachment_660314\" style=\"width: 985px\" class=\"wp-caption aligncenter\"><img loading=\"lazy\" decoding=\"async\" aria-describedby=\"caption-attachment-660314\" class=\"wp-image-660314 size-full\" src=\"https:\/\/www.hashtag.al\/wp-content\/uploads\/2024\/03\/image-14.webp\" alt=\"\" width=\"975\" height=\"656\" srcset=\"https:\/\/www.hashtag.al\/wp-content\/uploads\/2024\/03\/image-14.webp 975w, https:\/\/www.hashtag.al\/wp-content\/uploads\/2024\/03\/image-14-300x202.webp 300w, https:\/\/www.hashtag.al\/wp-content\/uploads\/2024\/03\/image-14-768x517.webp 768w\" sizes=\"auto, (max-width: 975px) 100vw, 975px\" \/><p id=\"caption-attachment-660314\" class=\"wp-caption-text\"><em><span style=\"color: #0000ff;\">*p\u00ebrgjigja e Kuvendit t\u00eb Shqip\u00ebris\u00eb ndaj k\u00ebrkes\u00ebs p\u00ebr amendamentin q\u00eb solli ndryshimin e nenit 5, pika 2 g\u00ebrma c) <\/span><\/em><\/p><\/div>\n<p><span style=\"color: #000000;\">Kjo faktohet edhe n\u00eb dokumentacionin e dh\u00ebn\u00eb nga Kuvendi i Shqip\u00ebris\u00eb. N\u00eb procesverbalin e mbledhjes s\u00eb komisionit v\u00ebrtetohet se propozimi q\u00eb \u201ciu vesh\u201d deputetit demokrat Nallbati, n\u00eb fakt i takonte socialistit Plarent Ndreca.<\/span><\/p>\n<p><span style=\"color: #000000;\">Si lexohet qart\u00eb n\u00eb <span style=\"color: #ff0000;\"><a style=\"color: #ff0000;\" href=\"https:\/\/faktoje.al\/wp-content\/uploads\/2024\/03\/Komisioni-i-Ligjeve-20.2.2024-procesverbali.pdf\">procesverbalin e mbledhjes<\/a><\/span> (faqja 38), kryetarja e komisionit t\u00eb ligjeve Klotilda Bushka fton deputetin Ndreca t\u00eb shpjegoj\u00eb propozimin e tij.<\/span><\/p>\n<p><span style=\"color: #000000;\"><em>\u201cN\u00eb pik\u00ebn 2, germa \u201cc\u201d shfuqizohet: \u201cPersonat e d\u00ebnuar, akuzat penale ndaj t\u00eb cil\u00ebve jan\u00eb gjykuar nga Gjykata kund\u00ebr Korrupsionit dhe Krimit t\u00eb Organizuar, sipas p\u00ebrcaktimeve t\u00eb nenit 75, germa \u201ca\u201d, t\u00eb Kodit t\u00eb Procedur\u00ebs Penale\u201d. B\u00ebhet fjal\u00eb p\u00ebr t\u00eb gjith\u00eb ata persona q\u00eb p\u00ebrfitojn\u00eb nga ulja.\u201d<\/em> &#8211; Plarent Ndreca, n\u00eb Komisionin e Ligjeve, 20 shkurt 2024<\/span><\/p>\n<p><span style=\"color: #000000;\">Ndreca vijon duke dh\u00ebn\u00eb argumentin e tij se ky ndryshim vjen me q\u00ebllim p\u00ebr t\u00eb p\u00ebrmbushur parimin e \u201cbarazis\u00eb p\u00ebrpara ligjit\u201d.<\/span><\/p>\n<p><img loading=\"lazy\" decoding=\"async\" class=\"aligncenter size-full wp-image-660316\" src=\"https:\/\/www.hashtag.al\/wp-content\/uploads\/2024\/03\/image-15.webp\" alt=\"\" width=\"827\" height=\"675\" srcset=\"https:\/\/www.hashtag.al\/wp-content\/uploads\/2024\/03\/image-15.webp 827w, https:\/\/www.hashtag.al\/wp-content\/uploads\/2024\/03\/image-15-300x245.webp 300w, https:\/\/www.hashtag.al\/wp-content\/uploads\/2024\/03\/image-15-768x627.webp 768w\" sizes=\"auto, (max-width: 827px) 100vw, 827px\" \/><\/p>\n<p><span style=\"color: #000000;\"><em>\u201cPlot\u00ebsisht dakord me sugjerimin\u201d<\/em> u shpreh ministri i drejt\u00ebsis\u00eb Ulsi Manja. Madje, ministri Manja falenderoi Parlamentin p\u00ebr k\u00ebt\u00eb propozim q\u00eb tregon \u2013 sipas tij \u2013 kujdesin e treguar ndaj \u201cbarazis\u00eb p\u00ebrpara ligjit\u201d.<\/span><\/p>\n<p><span style=\"color: #000000;\"><strong><em>\u201c[\u2026] v\u00ebrtet jan\u00eb d\u00ebnuar nga Gjykata e Posa\u00e7me, por nga Gjykata e Posa\u00e7me, p\u00ebr shkak t\u00eb lidhjes s\u00eb subjekteve, ka t\u00eb d\u00ebnuar q\u00eb jo detyrimisht jan\u00eb zyrtar\u00eb t\u00eb lart\u00eb<\/em><\/strong> dhe, n\u00ebse ne i japim mund\u00ebsin\u00eb t\u00eb p\u00ebrfitoj\u00eb zbritje t\u00eb d\u00ebnimit nj\u00eb personi t\u00eb d\u00ebnuar nga gjykata e juridiksionit t\u00eb p\u00ebrgjithsh\u00ebm p\u00ebr vepra t\u00eb r\u00ebnda, <em><strong>nuk mund t\u2019ia mohojm\u00eb t\u00eb drejt\u00ebn e p\u00ebrfitimit \u201czbritje nga d\u00ebnimi\u201d k\u00ebsaj kategorie thjesht dhe vet\u00ebm p\u00ebr shkak t\u00eb kompetenc\u00ebs s\u00eb gjykat\u00ebs<\/strong><\/em>. Dua t\u2019ju fal\u00ebnderoj q\u00eb Komisioni i Ligjeve \u00ebsht\u00eb kujdesur p\u00ebr ta siguruar k\u00ebt\u00eb barazi t\u00eb trajtimit t\u00eb kategorive p\u00ebrfituese p\u00ebrpara ligjit.\u201d<\/span><\/p>\n<p><span style=\"color: #000000;\">&#8211; Ulsi Manja, minist\u00ebr Drejt\u00ebsie, Komisioni i Ligjeve 20 shkurt 2024. (faqja 39 n\u00eb procesverbal)<\/span><\/p>\n<p><span style=\"color: #000000;\"><strong>Dezinformimi vijoi\u2026<\/strong><\/span><\/p>\n<p><span style=\"color: #000000;\">Pavar\u00ebsisht k\u00ebtij q\u00ebndrimi publik n\u00eb Komisionin e Ligjeve, Ministri i Drejt\u00ebsis\u00eb Ulsi Manja vijoi t\u00eb keqinformoj\u00eb mediat.<\/span><\/p>\n<p><span style=\"color: #000000;\"><em>\u201cNuk ka patur dhe nuk ka p\u00ebr q\u00ebllim q\u00eb n\u00ebp\u00ebrmjet k\u00ebtij ligji t\u00eb amnistohet asnj\u00eb person i d\u00ebnuar nga Gjykata e Posa\u00e7me Kund\u00ebr Korrupsionit dhe Krimit t\u00eb Organizuar\u201d,<\/em> \u2013 u thoshte mediave ministri Ulsi Manja, n\u00eb 27 shkurt, nj\u00eb jav\u00eb pas votimit n\u00eb komisionin e ligjeve.<\/span><\/p>\n<p><span style=\"color: #000000;\">Kjo deklarat\u00eb shkon kund\u00ebr vet\u00eb deklaratave t\u00eb ministrit t\u00eb drejt\u00ebsis\u00eb n\u00eb komisionin e ligjeve, p\u00ebrfundimi i t\u00eb cil\u00ebs pasqyrohet edhe n\u00eb <span style=\"color: #ff0000;\"><em><a style=\"color: #ff0000;\" href=\"https:\/\/faktoje.al\/wp-content\/uploads\/2024\/03\/Raport-Amnistia-Penale-komisioni-i-ligjeve-pergjegjes.pdf\">raportin e komisionit p\u00ebrgjegj\u00ebs p\u00ebr ligjin<\/a> <\/em><\/span>(fq 12).<\/span><\/p>\n<p><span style=\"color: #000000;\"><strong>P\u00ebrfundim<\/strong><\/span><\/p>\n<p><span style=\"color: #000000;\">Projektligji p\u00eb amnistin\u00eb penale u vendos n\u00eb <em><span style=\"color: #ff0000;\"><a style=\"color: #ff0000;\" href=\"https:\/\/faktoje.al\/wp-content\/uploads\/2024\/03\/Rendi-i-dites-per-mbledhjen-e-seances-plenare-te-dates-22.2.2024-ora-10-00.pdf\">rendin e dit\u00ebs<\/a><\/span><\/em> s\u00eb seanc\u00ebs parlamentare t\u00eb dat\u00ebs 22 shkurt, por <em><span style=\"color: #ff0000;\"><a style=\"color: #ff0000;\" href=\"https:\/\/www.facebook.com\/watch\/live\/?ref=watch_permalink&amp;v=710048937973358\">u t\u00ebrhoq<\/a><\/span><\/em> nga deputet\u00ebt socialist\u00eb, me <em><span style=\"color: #ff0000;\"><a style=\"color: #ff0000;\" href=\"https:\/\/www.facebook.com\/watch\/?v=773380247495697\">pretendimin<\/a> <\/span><\/em>se tradicionalisht ky ligj \u00ebsht\u00eb votuar me konsesusin e opozit\u00ebs.<\/span><\/p>\n<p><span style=\"color: #000000;\">Pavar\u00ebsisht k\u00ebsaj, drafti q\u00eb pritet t\u00eb votohet n\u00eb parlament vijon t\u00eb jet\u00eb n\u00eb versionin e votuar nga komisioni i ligjeve, q\u00eb i fal 1 vit burrave dhe 1 vit e gjysm\u00eb grave t\u00eb d\u00ebnuara nga Gjykata e Posa\u00e7me p\u00ebr Korrupsionin dhe Krimin e Organizuar, ndryshe nga sa deklaron ministri i drejt\u00ebsis\u00eb Ulsi Manja.<\/span><\/p>\n<p><span style=\"color: #000000;\">Nisur nga k\u00ebto t\u00eb dh\u00ebna publike, deklaratat e vazhdueshme t\u00eb ministrit t\u00eb drejt\u00ebsis\u00eb Ulsi Manja i konsiderojm\u00eb t\u00eb pav\u00ebrtet\u00eb.<\/span><\/p>\n<p><span style=\"color: #000000;\"><span style=\"color: #ff0000;\"><strong>VINI RE<\/strong><\/span>: Ky material \u00ebsht\u00eb pron\u00ebsi intelektuale e <span style=\"color: #0000ff;\"><a style=\"color: #0000ff;\" href=\"https:\/\/faktoje.al\/amnistia-penale-si-e-fshehu-te-verteten-ministri-i-drejtesise-ulsi-manja\/\">Faktoje.al<\/a><\/span><\/span><\/p>\n","protected":false,"gt_translate_keys":[{"key":"rendered","format":"html"}]},"excerpt":{"rendered":"<p>Lajmi p\u00ebr amnistin\u00eb penale p\u00ebr t\u00eb d\u00ebnuarit nga Gjykata kund\u00ebr Korrupsionit dhe Krimit t\u00eb Organizuar, ku p\u00ebrfshihen edhe politikan\u00ebt dhe zyrtar\u00ebt e lart\u00eb, u p\u00ebrhap si zjarri n\u00eb kasht\u00eb. Pavar\u00ebsisht fakteve publike t\u00eb v\u00ebrtetueshme p\u00ebrmes dokumentacioneve t\u00eb Kuvendit t\u00eb Shqip\u00ebris\u00eb, ministri i drejt\u00ebsis\u00eb Ulsi Manja vijoi t\u00eb garantoj\u00eb publikisht se amnistia penale nuk do t\u00eb [&hellip;]<\/p>\n","protected":false,"gt_translate_keys":[{"key":"rendered","format":"html"}]},"author":51,"featured_media":660307,"comment_status":"closed","ping_status":"open","sticky":false,"template":"","format":"standard","meta":{"footnotes":""},"categories":[22],"tags":[],"class_list":["post-660304","post","type-post","status-publish","format-standard","has-post-thumbnail","hentry","category-ballina"],"gt_translate_keys":[{"key":"link","format":"url"}],"_links":{"self":[{"href":"https:\/\/www.hashtag.al\/index.php\/wp-json\/wp\/v2\/posts\/660304","targetHints":{"allow":["GET"]}}],"collection":[{"href":"https:\/\/www.hashtag.al\/index.php\/wp-json\/wp\/v2\/posts"}],"about":[{"href":"https:\/\/www.hashtag.al\/index.php\/wp-json\/wp\/v2\/types\/post"}],"author":[{"embeddable":true,"href":"https:\/\/www.hashtag.al\/index.php\/wp-json\/wp\/v2\/users\/51"}],"replies":[{"embeddable":true,"href":"https:\/\/www.hashtag.al\/index.php\/wp-json\/wp\/v2\/comments?post=660304"}],"version-history":[{"count":0,"href":"https:\/\/www.hashtag.al\/index.php\/wp-json\/wp\/v2\/posts\/660304\/revisions"}],"wp:featuredmedia":[{"embeddable":true,"href":"https:\/\/www.hashtag.al\/index.php\/wp-json\/wp\/v2\/media\/660307"}],"wp:attachment":[{"href":"https:\/\/www.hashtag.al\/index.php\/wp-json\/wp\/v2\/media?parent=660304"}],"wp:term":[{"taxonomy":"category","embeddable":true,"href":"https:\/\/www.hashtag.al\/index.php\/wp-json\/wp\/v2\/categories?post=660304"},{"taxonomy":"post_tag","embeddable":true,"href":"https:\/\/www.hashtag.al\/index.php\/wp-json\/wp\/v2\/tags?post=660304"}],"curies":[{"name":"wp","href":"https:\/\/api.w.org\/{rel}","templated":true}]}}