{"id":660188,"date":"2024-03-10T22:05:16","date_gmt":"2024-03-10T21:05:16","guid":{"rendered":"https:\/\/www.hashtag.al\/?p=660188"},"modified":"2024-03-10T22:05:16","modified_gmt":"2024-03-10T21:05:16","slug":"macron-kritikon-thashethemet-e-perseritura-per-gjinine-e-bashkeshortes","status":"publish","type":"post","link":"https:\/\/www.hashtag.al\/index.php\/2024\/03\/10\/macron-kritikon-thashethemet-e-perseritura-per-gjinine-e-bashkeshortes\/","title":{"rendered":"Macron kritikon thashethemet e p\u00ebrs\u00ebritura p\u00ebr gjinin\u00eb e bashk\u00ebshortes","gt_translate_keys":[{"key":"rendered","format":"text"}]},"content":{"rendered":"<p><img loading=\"lazy\" decoding=\"async\" class=\"aligncenter size-full wp-image-660189\" src=\"https:\/\/www.hashtag.al\/wp-content\/uploads\/2024\/03\/Brigitte-Macron-emmauel-tout-111723-b6a16d2130654b738dc42e48bcffffde.jpg\" alt=\"\" width=\"1500\" height=\"1001\" srcset=\"https:\/\/www.hashtag.al\/wp-content\/uploads\/2024\/03\/Brigitte-Macron-emmauel-tout-111723-b6a16d2130654b738dc42e48bcffffde.jpg 1500w, https:\/\/www.hashtag.al\/wp-content\/uploads\/2024\/03\/Brigitte-Macron-emmauel-tout-111723-b6a16d2130654b738dc42e48bcffffde-300x200.jpg 300w, https:\/\/www.hashtag.al\/wp-content\/uploads\/2024\/03\/Brigitte-Macron-emmauel-tout-111723-b6a16d2130654b738dc42e48bcffffde-1024x683.jpg 1024w, https:\/\/www.hashtag.al\/wp-content\/uploads\/2024\/03\/Brigitte-Macron-emmauel-tout-111723-b6a16d2130654b738dc42e48bcffffde-768x513.jpg 768w\" sizes=\"auto, (max-width: 1500px) 100vw, 1500px\" \/><\/p>\n<p><span style=\"color: #000000;\">Presidenti francez Emmanuel Macron ka reaguar ndaj nj\u00eb teorie t\u00eb gjat\u00eb konspirative se gruaja e tij 70-vje\u00e7are Brigitte \u00ebsht\u00eb nj\u00eb grua transgjinore.<\/span><\/p>\n<p><span style=\"color: #000000;\"><em>\u201cGj\u00ebja m\u00eb e keqe \u00ebsht\u00eb informacioni i rrem\u00eb dhe skenar\u00ebt e sajuar\u201d<\/em>, u tha Macron gazetar\u00ebve francez\u00eb t\u00eb premten.<\/span><\/p>\n<p><span style=\"color: #000000;\"><em>\u201cNjer\u00ebzit p\u00ebrfundimisht i besojn\u00eb dhe ju shqet\u00ebsojn\u00eb, madje edhe n\u00eb intimitetin tuaj.\u201d<\/em><\/span><\/p>\n<p><span style=\"color: #000000;\">Macron po fliste n\u00eb Dit\u00ebn Nd\u00ebrkomb\u00ebtare t\u00eb Gruas, pasi futi t\u00eb drejt\u00ebn e garantuar t\u00eb abortit n\u00eb Kushtetut\u00ebn e Franc\u00ebs. Udh\u00ebheq\u00ebsi francez shtoi se pretendimet e transgjinor\u00ebve p\u00ebr gruan e tij ishin tipike p\u00ebr sulmet mizogjene n\u00eb internet q\u00eb grat\u00eb duhet t\u00eb p\u00ebrballojn\u00eb \u00e7do dit\u00eb.<\/span><\/p>\n<p><span style=\"color: #000000;\">Thashethemet p\u00ebr gruan e Macron datojn\u00eb q\u00eb nga viti 2021 dhe u nis\u00ebn nga dy gra franceze \u2013 nj\u00eb gazetare e pavarur dhe nj\u00eb \u201cmedium\u201d shpirt\u00ebror i vet\u00ebshpallur. <\/span><\/p>\n<p><span style=\"color: #000000;\">Nj\u00eb seri postimesh n\u00eb Facebook dhe nj\u00eb intervist\u00eb video mes dy grave, t\u00eb postuara n\u00eb YouTube, fituan v\u00ebmendje \u2013 dhe hashtag-u #JeanMichelTrogneux u b\u00eb viral. Hashtag-u \u00ebsht\u00eb nj\u00eb referenc\u00eb p\u00ebr at\u00eb q\u00eb teoricien\u00ebt e konspiracionit besojn\u00eb se \u00ebsht\u00eb emri i v\u00ebrtet\u00eb i lindjes s\u00eb Brigitte Macron. Jean Michel Trogneux \u00ebsht\u00eb n\u00eb fakt emri i v\u00ebllait t\u00eb saj.<\/span><\/p>\n<p><span style=\"color: #000000;\">N\u00eb vitin 2022, zonja e par\u00eb franceze dhe v\u00ebllai i saj ngrit\u00ebn nj\u00eb padi kund\u00ebr dyshes Amandine Roy, 52 vje\u00e7 dhe gazetares s\u00eb pavarur Natacha Rey, 48 vje\u00e7. Pas apelimeve, Roy u gjobit me m\u00eb pak se 1000 euro dhe Rey duhej t\u00eb paguante rreth 500 euro.<\/span><\/p>\n<p><span style=\"color: #000000;\">Emmanuel Macron \u00ebsht\u00eb p\u00ebrballur vazhdimisht me pyetje n\u00eb lidhje me marr\u00ebdh\u00ebnien e tij me gruan e tij, e cila \u00ebsht\u00eb 24 vjet m\u00eb e madhe se ai dhe ka dh\u00ebn\u00eb m\u00ebsim n\u00eb shkoll\u00ebn e mesme t\u00eb presidentit francez. <\/span><\/p>\n<p><span style=\"color: #000000;\">Macron ishte vet\u00ebm 17 vje\u00e7 kur deklaroi synimin e tij p\u00ebr t&#8217;u martuar me Trogneux, e cila ishte m\u00ebsuesja e tij e let\u00ebrsis\u00eb. Ata u martuan n\u00eb vitin 2007. Edhe pse nuk kan\u00eb f\u00ebmij\u00eb s\u00eb bashku, Trogneux ka tre f\u00ebmij\u00eb dhe shtat\u00eb nip\u00ebr e mbesa.<\/span><\/p>\n","protected":false,"gt_translate_keys":[{"key":"rendered","format":"html"}]},"excerpt":{"rendered":"<p>Presidenti francez Emmanuel Macron ka reaguar ndaj nj\u00eb teorie t\u00eb gjat\u00eb konspirative se gruaja e tij 70-vje\u00e7are Brigitte \u00ebsht\u00eb nj\u00eb grua transgjinore. \u201cGj\u00ebja m\u00eb e keqe \u00ebsht\u00eb informacioni i rrem\u00eb dhe skenar\u00ebt e sajuar\u201d, u tha Macron gazetar\u00ebve francez\u00eb t\u00eb premten. \u201cNjer\u00ebzit p\u00ebrfundimisht i besojn\u00eb dhe ju shqet\u00ebsojn\u00eb, madje edhe n\u00eb intimitetin tuaj.\u201d Macron po [&hellip;]<\/p>\n","protected":false,"gt_translate_keys":[{"key":"rendered","format":"html"}]},"author":51,"featured_media":660189,"comment_status":"closed","ping_status":"open","sticky":false,"template":"","format":"standard","meta":{"footnotes":""},"categories":[53],"tags":[],"class_list":["post-660188","post","type-post","status-publish","format-standard","has-post-thumbnail","hentry","category-fast-foodi"],"gt_translate_keys":[{"key":"link","format":"url"}],"_links":{"self":[{"href":"https:\/\/www.hashtag.al\/index.php\/wp-json\/wp\/v2\/posts\/660188","targetHints":{"allow":["GET"]}}],"collection":[{"href":"https:\/\/www.hashtag.al\/index.php\/wp-json\/wp\/v2\/posts"}],"about":[{"href":"https:\/\/www.hashtag.al\/index.php\/wp-json\/wp\/v2\/types\/post"}],"author":[{"embeddable":true,"href":"https:\/\/www.hashtag.al\/index.php\/wp-json\/wp\/v2\/users\/51"}],"replies":[{"embeddable":true,"href":"https:\/\/www.hashtag.al\/index.php\/wp-json\/wp\/v2\/comments?post=660188"}],"version-history":[{"count":0,"href":"https:\/\/www.hashtag.al\/index.php\/wp-json\/wp\/v2\/posts\/660188\/revisions"}],"wp:featuredmedia":[{"embeddable":true,"href":"https:\/\/www.hashtag.al\/index.php\/wp-json\/wp\/v2\/media\/660189"}],"wp:attachment":[{"href":"https:\/\/www.hashtag.al\/index.php\/wp-json\/wp\/v2\/media?parent=660188"}],"wp:term":[{"taxonomy":"category","embeddable":true,"href":"https:\/\/www.hashtag.al\/index.php\/wp-json\/wp\/v2\/categories?post=660188"},{"taxonomy":"post_tag","embeddable":true,"href":"https:\/\/www.hashtag.al\/index.php\/wp-json\/wp\/v2\/tags?post=660188"}],"curies":[{"name":"wp","href":"https:\/\/api.w.org\/{rel}","templated":true}]}}