{"id":660089,"date":"2024-03-10T13:41:08","date_gmt":"2024-03-10T12:41:08","guid":{"rendered":"https:\/\/www.hashtag.al\/?p=660089"},"modified":"2024-03-10T13:41:08","modified_gmt":"2024-03-10T12:41:08","slug":"gjermani-shkurtohet-kohezgjatja-e-procesit-per-azil","status":"publish","type":"post","link":"https:\/\/www.hashtag.al\/index.php\/2024\/03\/10\/gjermani-shkurtohet-kohezgjatja-e-procesit-per-azil\/","title":{"rendered":"Gjermani, shkurtohet koh\u00ebzgjatja e procesit p\u00ebr azil\u00a0","gt_translate_keys":[{"key":"rendered","format":"text"}]},"content":{"rendered":"<p><img loading=\"lazy\" decoding=\"async\" class=\"size-full wp-image-660090 aligncenter\" src=\"https:\/\/www.hashtag.al\/wp-content\/uploads\/2024\/03\/1664776305_azil.jpg\" alt=\"\" width=\"780\" height=\"440\" srcset=\"https:\/\/www.hashtag.al\/wp-content\/uploads\/2024\/03\/1664776305_azil.jpg 780w, https:\/\/www.hashtag.al\/wp-content\/uploads\/2024\/03\/1664776305_azil-300x169.jpg 300w, https:\/\/www.hashtag.al\/wp-content\/uploads\/2024\/03\/1664776305_azil-768x433.jpg 768w\" sizes=\"auto, (max-width: 780px) 100vw, 780px\" \/><\/p>\n<p><span style=\"font-weight: 400; color: #000000;\">Koh\u00ebzgjatja e procedurave t\u00eb azilit n\u00eb Gjermani vitin e kaluar u shkurtua, pavar\u00ebsisht se u rrit numri i aplikimeve.<\/span><\/p>\n<p><span style=\"font-weight: 400; color: #000000;\">Aplikimi zyrtar zgjati mesatarisht 6.8 muaj m\u00eb 2023, krahasuar me 7.6 muaj n\u00eb vitin paraprak, sipas t\u00eb dh\u00ebnave t\u00eb Qeveris\u00eb t\u00eb prezantuara gjat\u00eb pyetjeve parlamentare.<\/span><\/p>\n<p><span style=\"font-weight: 400; color: #000000;\">Qeveria gjermane tha se koh\u00ebzgjatja e procedurave gjyq\u00ebsore p\u00ebr apelimet kund\u00ebr vendimeve p\u00ebr azil po ashtu ka r\u00ebn\u00eb me rreth pes\u00eb muaj n\u00eb vitin 2023.<\/span><\/p>\n<p><span style=\"font-weight: 400; color: #000000;\">Megjithat\u00eb, duke zgjatur mesatarisht prej 20.7 muajsh, krahasuar me 26 muaj n\u00eb vitin 2022, i gjith\u00eb procesi i azilit \u00ebsht\u00eb ende i gjat\u00eb dhe dallon shum\u00eb n\u00eb vende t\u00eb ndryshme t\u00eb shtetit.<\/span><\/p>\n<p><span style=\"font-weight: 400; color: #000000;\">N\u00eb shtetin per\u00ebndimor t\u00eb Rhineland-Palatinate zgjat rreth pes\u00eb muaj, nd\u00ebrkaq n\u00eb shtetet sikurse Hese dhe Saksonin\u00eb e Ul\u00ebt koh\u00ebzgjatja mesatare e procesit t\u00eb azilit zgjat n\u00eb nj\u00eb mesatare prej m\u00eb shum\u00eb se dy vjet\u00ebsh. Nd\u00ebrkaq n\u00eb Brandenburg \u00ebsht\u00eb koh\u00ebzgjatja m\u00eb e madhe, ku azilk\u00ebrkuesit kryesisht presin mbi tre vjet.<\/span><\/p>\n<p><span style=\"font-weight: 400; color: #000000;\">Duke folur p\u00ebr rrjetin RND, Calra Bunger, an\u00ebtare e partis\u00eb s\u00eb krahut t\u00eb majt\u00eb, Die Linke, subjekt q\u00eb k\u00ebrkoi nga Qeveria k\u00ebto t\u00eb dh\u00ebna, b\u00ebri thirrje p\u00ebr \u201ckuad\u00ebr m\u00eb t\u00eb mir\u00eb t\u00eb punonj\u00ebsve dhe operim m\u00eb efektiv t\u00eb gjykatave administrative, n\u00eb ve\u00e7anti n\u00eb reduktimin e koh\u00ebzgjatjes s\u00eb procedurave gjyq\u00ebsore\u201d.<\/span><\/p>\n<p><span style=\"font-weight: 400; color: #000000;\">Procedurat e gjata p\u00ebr azil jan\u00eb r\u00ebnduese p\u00ebr refugjat\u00ebt sepse ato ua parandalojn\u00eb atyre integrimin dhe krijojn\u00eb ndjenj\u00ebn e pasiguris\u00eb, tha Bunger.<\/span><\/p>\n<p><span style=\"color: #000000;\"><i><span style=\"font-weight: 400;\">\u201c\u00cbsht\u00eb e papranueshme q\u00eb azilk\u00ebrkuesit duhet t\u00eb presin nj\u00eb mesatare prej nj\u00eb viti e gjysm\u00eb derisa statusi i tyre t\u00eb b\u00ebhet i qart\u00eb\u201d<\/span><\/i><span style=\"font-weight: 400;\">, tha ajo.<\/span><\/span><\/p>\n<p><span style=\"color: #000000;\"><span style=\"font-weight: 400;\"><span style=\"color: #ff0000;\">VINI RE:<\/span> Ky material \u00ebsht\u00eb pron\u00ebsi intelektuale e <\/span><span style=\"color: #0000ff;\"><a style=\"color: #0000ff;\" href=\"https:\/\/www.evropaelire.org\/a\/kohezgjatja-procedura-azil-gjermani-\/32855819.html\"><span style=\"font-weight: 400;\">REL<\/span><\/a><\/span><\/span><\/p>\n","protected":false,"gt_translate_keys":[{"key":"rendered","format":"html"}]},"excerpt":{"rendered":"<p>Koh\u00ebzgjatja e procedurave t\u00eb azilit n\u00eb Gjermani vitin e kaluar u shkurtua, pavar\u00ebsisht se u rrit numri i aplikimeve. Aplikimi zyrtar zgjati mesatarisht 6.8 muaj m\u00eb 2023, krahasuar me 7.6 muaj n\u00eb vitin paraprak, sipas t\u00eb dh\u00ebnave t\u00eb Qeveris\u00eb t\u00eb prezantuara gjat\u00eb pyetjeve parlamentare. Qeveria gjermane tha se koh\u00ebzgjatja e procedurave gjyq\u00ebsore p\u00ebr apelimet kund\u00ebr [&hellip;]<\/p>\n","protected":false,"gt_translate_keys":[{"key":"rendered","format":"html"}]},"author":4,"featured_media":660090,"comment_status":"closed","ping_status":"open","sticky":false,"template":"","format":"standard","meta":{"footnotes":""},"categories":[6],"tags":[],"class_list":["post-660089","post","type-post","status-publish","format-standard","has-post-thumbnail","hentry","category-nderkombetare"],"gt_translate_keys":[{"key":"link","format":"url"}],"_links":{"self":[{"href":"https:\/\/www.hashtag.al\/index.php\/wp-json\/wp\/v2\/posts\/660089","targetHints":{"allow":["GET"]}}],"collection":[{"href":"https:\/\/www.hashtag.al\/index.php\/wp-json\/wp\/v2\/posts"}],"about":[{"href":"https:\/\/www.hashtag.al\/index.php\/wp-json\/wp\/v2\/types\/post"}],"author":[{"embeddable":true,"href":"https:\/\/www.hashtag.al\/index.php\/wp-json\/wp\/v2\/users\/4"}],"replies":[{"embeddable":true,"href":"https:\/\/www.hashtag.al\/index.php\/wp-json\/wp\/v2\/comments?post=660089"}],"version-history":[{"count":0,"href":"https:\/\/www.hashtag.al\/index.php\/wp-json\/wp\/v2\/posts\/660089\/revisions"}],"wp:featuredmedia":[{"embeddable":true,"href":"https:\/\/www.hashtag.al\/index.php\/wp-json\/wp\/v2\/media\/660090"}],"wp:attachment":[{"href":"https:\/\/www.hashtag.al\/index.php\/wp-json\/wp\/v2\/media?parent=660089"}],"wp:term":[{"taxonomy":"category","embeddable":true,"href":"https:\/\/www.hashtag.al\/index.php\/wp-json\/wp\/v2\/categories?post=660089"},{"taxonomy":"post_tag","embeddable":true,"href":"https:\/\/www.hashtag.al\/index.php\/wp-json\/wp\/v2\/tags?post=660089"}],"curies":[{"name":"wp","href":"https:\/\/api.w.org\/{rel}","templated":true}]}}