{"id":660086,"date":"2024-03-10T13:24:50","date_gmt":"2024-03-10T12:24:50","guid":{"rendered":"https:\/\/www.hashtag.al\/?p=660086"},"modified":"2024-03-10T13:24:50","modified_gmt":"2024-03-10T12:24:50","slug":"vota-e-diaspores-tabaku-thirrje-mazhorances-lini-menjane-spektaklin-dhe-shqyrtoni-propozimin","status":"publish","type":"post","link":"https:\/\/www.hashtag.al\/index.php\/2024\/03\/10\/vota-e-diaspores-tabaku-thirrje-mazhorances-lini-menjane-spektaklin-dhe-shqyrtoni-propozimin\/","title":{"rendered":"Vota e Diaspor\u00ebs\/ Tabaku thirrje mazhoranc\u00ebs: Lini m\u00ebnjan\u00eb spektaklin dhe shqyrtoni propozimin","gt_translate_keys":[{"key":"rendered","format":"text"}]},"content":{"rendered":"<p><img loading=\"lazy\" decoding=\"async\" class=\"size-full wp-image-660087 aligncenter\" src=\"https:\/\/www.hashtag.al\/wp-content\/uploads\/2024\/03\/WhatsApp-Image-2024-03-10-at-13.13.06.jpeg\" alt=\"\" width=\"1600\" height=\"976\" srcset=\"https:\/\/www.hashtag.al\/wp-content\/uploads\/2024\/03\/WhatsApp-Image-2024-03-10-at-13.13.06.jpeg 1600w, https:\/\/www.hashtag.al\/wp-content\/uploads\/2024\/03\/WhatsApp-Image-2024-03-10-at-13.13.06-300x183.jpeg 300w, https:\/\/www.hashtag.al\/wp-content\/uploads\/2024\/03\/WhatsApp-Image-2024-03-10-at-13.13.06-1024x625.jpeg 1024w, https:\/\/www.hashtag.al\/wp-content\/uploads\/2024\/03\/WhatsApp-Image-2024-03-10-at-13.13.06-768x468.jpeg 768w, https:\/\/www.hashtag.al\/wp-content\/uploads\/2024\/03\/WhatsApp-Image-2024-03-10-at-13.13.06-1536x937.jpeg 1536w\" sizes=\"auto, (max-width: 1600px) 100vw, 1600px\" \/><\/p>\n<p><span style=\"font-weight: 400; color: #000000;\">Deputetja e Partis\u00eb Demokratike Jorida Tabaku, ka zbuluar se t\u00eb rinjt\u00eb n\u00eb emigrim kan\u00eb nisur nj\u00eb fushat\u00eb ku k\u00ebrkojn\u00eb t\u00eb jen\u00eb pjes\u00eb e votuesve n\u00eb zgjedhjet e 2025.<\/span><\/p>\n<p><span style=\"font-weight: 400; color: #000000;\">N\u00eb nj\u00eb postim n\u00eb rrjetet sociale, Tabaku tha se n\u00eb kat\u00ebr vite diskutime n\u00eb Komisionin e Reform\u00ebs Zgjedhore nuk ka ende nj\u00eb p\u00ebrfundim pozitiv mbi k\u00ebt\u00eb \u00e7\u00ebshtje.<\/span><\/p>\n<p><span style=\"color: #000000;\"><b>Postimi i plot\u00eb:<\/b><\/span><\/p>\n<p><span style=\"color: #000000;\"><i><span style=\"font-weight: 400;\">Nd\u00ebrsa Komisioni Reform\u00ebs Zgjedhore po vazhdon takimet pa ndonj\u00eb produkt real, t\u00eb rinjt\u00eb shqiptar\u00eb t\u00eb shp\u00ebrndar\u00eb n\u00eb kat\u00ebr cepat e bot\u00ebs, kan\u00eb nisur nj\u00eb fushat\u00eb t\u00eb titulluar \u201cDua t\u00eb votoj n\u00eb 2025\u201d.<\/span><\/i><\/span><\/p>\n<p><span style=\"color: #000000;\"><i><span style=\"font-weight: 400;\">Numri bashkombasve t\u00eb larguar nga vendi n\u00eb k\u00ebto tre dekada \u00ebsht\u00eb i lart\u00eb aq sa 604 mij\u00eb prej tyre kan\u00eb marr\u00eb nj\u00eb pasaport\u00eb tjet\u00ebr ve\u00e7 asaj shqiptare. Vet\u00ebm p\u00ebr vitin e fundit num\u00ebrohen 55 mij\u00eb qytetar\u00eb q\u00eb jan\u00eb larguar nga Shqip\u00ebria duke na rivendosur n\u00eb list\u00ebn e vendeve me largimin m\u00eb t\u00eb lart\u00eb t\u00eb trurit. Shqip\u00ebria q\u00eb deri dje ishte vaska e talenteve dhe me mosh\u00ebn mesatare m\u00eb t\u00eb ul\u00ebt, u kthye n\u00eb shkret\u00ebtir\u00eb.<\/span><\/i><\/span><\/p>\n<p><span style=\"color: #000000;\"><i><span style=\"font-weight: 400;\">T\u00eb gjitha shifrat e m\u00ebsip\u00ebrme drejtojn\u00eb gishtin tek arsyeja ky\u00e7e q\u00eb \u00ebsht\u00eb: d\u00ebshtimi i politik\u00ebs p\u00ebr t\u00eb krijuar nj\u00eb sistem konkurues, treg t\u00eb hapur dhe mund\u00ebsi t\u00eb drejta edhe barabarta p\u00ebr t\u00eb gjith\u00eb. D\u00ebshtimi i k\u00ebtyre k\u00ebrkesave minimale ka krijuar nj\u00eb vend ku mungon meritokracia, ku mund\u00ebsit\u00eb dhe shanset i jepen pakic\u00ebs nd\u00ebrsa shumica punon p\u00ebr k\u00ebt\u00eb pakic\u00eb pa fituar asgj\u00eb.<\/span><\/i><\/span><\/p>\n<p><span style=\"color: #000000;\"><i><span style=\"font-weight: 400;\">Pak dit\u00eb m\u00eb par\u00eb nj\u00eb mjek i ri q\u00eb po b\u00ebn specializimin n\u00eb Leipzig m\u00eb tregoi se n\u00eb pavionin ku ai po kryente specializimin 5 nga 10 te huaj jan\u00eb shqiptar\u00eb. Ky \u00ebsht\u00eb nj\u00eb shembull i vog\u00ebl por dometh\u00ebn\u00ebs se \u00e7far\u00eb po ndodh me emigrimin n\u00eb mas\u00eb t\u00eb shqiptar\u00ebve jo vet\u00ebm n\u00eb fush\u00ebn e mjeksis\u00eb.<\/span><\/i><\/span><\/p>\n<p><span style=\"color: #000000;\"><i><span style=\"font-weight: 400;\">\u00a0Largime masive q\u00eb ndikojn\u00eb n\u00eb ekonomi, n\u00eb zhvillimin e vendit dhe gjithashtu sjellin pasoja t\u00eb dukshme si r\u00ebnia e konsumit (q\u00eb ra me 0.53% n\u00eb mes t\u00eb boom-it turistik) dhe plakja e popullsis\u00eb, boshatisjen e klasave dhe zhdukjen e qyteteve (20 mij\u00eb nx\u00ebn\u00ebs m\u00eb pak p\u00ebr shkak t\u00eb emigrimit).<\/span><\/i><\/span><\/p>\n<p><span style=\"color: #000000;\"><i><span style=\"font-weight: 400;\">Sifda e largimit nuk rregullohet me fjal\u00eb apo premtime boshe por ka nevoj\u00eb p\u00ebr nj\u00eb vizion t\u00eb qart\u00eb qeveris\u00ebs. Vet\u00eb bashkombasit tan\u00eb q\u00eb jan\u00eb larguar nga Shqip\u00ebria kan\u00eb t\u00eb drejt\u00ebn q\u00eb t\u00eb zgjedhin vizionin q\u00eb duan p\u00ebr t\u00eb drejtuar vendin ton\u00eb. Me pak fjal\u00eb detyra jon\u00eb si politikb\u00ebr\u00ebs \u00ebsht\u00eb q\u00eb t\u2019u rikthejm\u00eb atyre t\u00eb drejt\u00ebn e vot\u00ebs q\u00eb mekanizmat dhe p\u00ebrllogaritjet elektorale ua kan\u00eb mohuar.\u00a0<\/span><\/i><\/span><\/p>\n<p><span style=\"color: #000000;\"><i><span style=\"font-weight: 400;\">Duke pasur parasysh t\u00eb drejt\u00ebn kushtetuese q\u00eb ata t\u00eb zgjedhin p\u00ebrfaq\u00ebsuesit e tyre n\u00eb kuvendin e Shqip\u00ebris\u00eb, bashk\u00eb me nj\u00eb grup koleg\u00ebsh kam dor\u00ebzuar n\u00eb Parlament nj\u00eb nism\u00eb ligjore \u201cP\u00ebr Vot\u00ebn e Diaspor\u00ebs\u201d q\u00eb n\u00eb fakt \u00ebsht\u00eb propozimi i vet\u00eb nj\u00eb pjese t\u00eb diaspor\u00ebs q\u00eb kan\u00eb ngritur nj\u00eb platform\u00eb tejet eficente t\u00eb p\u00ebrb\u00ebr\u00eb nga intelektual\u00eb aktiv\u00eb n\u00eb jet\u00ebn e vendit ton\u00eb.<\/span><\/i><\/span><\/p>\n<p><span style=\"color: #000000;\"><i><span style=\"font-weight: 400;\">Me durim kemi pritur t\u00eb gjith\u00eb q\u00eb n\u00eb k\u00ebto 4 vite Komisioni Reform\u00ebs Zgjedhore t\u00eb shqyrtonte edhe k\u00ebt\u00eb propozim. Por, rezultati nuk ka qen\u00eb dhe aq pozitiv sa \u00e7far\u00eb pritej. Gjithsesi, sa ka jet\u00eb ka edhe shpres\u00eb! P\u00ebr pasoj\u00eb n\u00eb nxitim edhe nga koha q\u00eb vrapon thirrja ime i shkon dhe nj\u00eb her\u00eb koleg\u00ebve t\u00eb mi n\u00eb kuvend q\u00eb t\u00eb l\u00ebn\u00eb me nj\u00eb an\u00eb spektaklin dhe t\u00eb merren me at\u00eb propozim q\u00eb qendron n\u00eb sirtar\u00ebt e ftoht\u00eb t\u00eb kuvendit.\u00a0<\/span><\/i><\/span><\/p>\n<p><span style=\"color: #000000;\"><i><span style=\"font-weight: 400;\">Ta marrim dhe ta diskutojm\u00eb p\u00ebr t\u00eb mir\u00ebn e p\u00ebrfaq\u00ebsis\u00eb n\u00eb parlament. Koha nuk pret! Detyra jon\u00eb nuk \u00ebsht\u00eb t\u2019i plot\u00ebsojm\u00eb tekat e politik\u00ebs s\u00eb momentit por t\u00eb sigurojm\u00eb t\u00eb drejtat kushtetuese bashkombasve tan\u00eb. Vota e diaspor\u00ebs nuk \u00ebsht\u00eb vet\u00ebm \u00e7\u00ebshtje e besimit tek politika, por nj\u00eb e drejt\u00eb q\u00eb i duhet dh\u00ebn\u00eb atyre.<\/span><\/i><\/span><\/p>\n<p><span style=\"color: #000000;\"><i><span style=\"font-weight: 400;\">Ps. foto nga nj\u00eb e r\u00eb n\u00eb Heilberg \u201cDua t\u00eb votoj n\u00eb 2025\u201d.<\/span><\/i><\/span><\/p>\n","protected":false,"gt_translate_keys":[{"key":"rendered","format":"html"}]},"excerpt":{"rendered":"<p>Deputetja e Partis\u00eb Demokratike Jorida Tabaku, ka zbuluar se t\u00eb rinjt\u00eb n\u00eb emigrim kan\u00eb nisur nj\u00eb fushat\u00eb ku k\u00ebrkojn\u00eb t\u00eb jen\u00eb pjes\u00eb e votuesve n\u00eb zgjedhjet e 2025. N\u00eb nj\u00eb postim n\u00eb rrjetet sociale, Tabaku tha se n\u00eb kat\u00ebr vite diskutime n\u00eb Komisionin e Reform\u00ebs Zgjedhore nuk ka ende nj\u00eb p\u00ebrfundim pozitiv mbi k\u00ebt\u00eb \u00e7\u00ebshtje. [&hellip;]<\/p>\n","protected":false,"gt_translate_keys":[{"key":"rendered","format":"html"}]},"author":4,"featured_media":660087,"comment_status":"closed","ping_status":"open","sticky":false,"template":"","format":"standard","meta":{"footnotes":""},"categories":[65],"tags":[],"class_list":["post-660086","post","type-post","status-publish","format-standard","has-post-thumbnail","hentry","category-lajme"],"gt_translate_keys":[{"key":"link","format":"url"}],"_links":{"self":[{"href":"https:\/\/www.hashtag.al\/index.php\/wp-json\/wp\/v2\/posts\/660086","targetHints":{"allow":["GET"]}}],"collection":[{"href":"https:\/\/www.hashtag.al\/index.php\/wp-json\/wp\/v2\/posts"}],"about":[{"href":"https:\/\/www.hashtag.al\/index.php\/wp-json\/wp\/v2\/types\/post"}],"author":[{"embeddable":true,"href":"https:\/\/www.hashtag.al\/index.php\/wp-json\/wp\/v2\/users\/4"}],"replies":[{"embeddable":true,"href":"https:\/\/www.hashtag.al\/index.php\/wp-json\/wp\/v2\/comments?post=660086"}],"version-history":[{"count":0,"href":"https:\/\/www.hashtag.al\/index.php\/wp-json\/wp\/v2\/posts\/660086\/revisions"}],"wp:featuredmedia":[{"embeddable":true,"href":"https:\/\/www.hashtag.al\/index.php\/wp-json\/wp\/v2\/media\/660087"}],"wp:attachment":[{"href":"https:\/\/www.hashtag.al\/index.php\/wp-json\/wp\/v2\/media?parent=660086"}],"wp:term":[{"taxonomy":"category","embeddable":true,"href":"https:\/\/www.hashtag.al\/index.php\/wp-json\/wp\/v2\/categories?post=660086"},{"taxonomy":"post_tag","embeddable":true,"href":"https:\/\/www.hashtag.al\/index.php\/wp-json\/wp\/v2\/tags?post=660086"}],"curies":[{"name":"wp","href":"https:\/\/api.w.org\/{rel}","templated":true}]}}