{"id":660076,"date":"2024-03-10T12:26:22","date_gmt":"2024-03-10T11:26:22","guid":{"rendered":"https:\/\/www.hashtag.al\/?p=660076"},"modified":"2024-03-10T12:26:22","modified_gmt":"2024-03-10T11:26:22","slug":"kushtet-atmosferike-anulohen-lundrimet-e-linjave-durres-bari-durres-dhe-vlore-brindisi-vlore","status":"publish","type":"post","link":"https:\/\/www.hashtag.al\/index.php\/2024\/03\/10\/kushtet-atmosferike-anulohen-lundrimet-e-linjave-durres-bari-durres-dhe-vlore-brindisi-vlore\/","title":{"rendered":"Kushtet atmosferike, anulohen lundrimet e linjave Durr\u00ebs-Bari-Durr\u00ebs dhe Vlor\u00eb-Brindisi-Vlor\u00eb","gt_translate_keys":[{"key":"rendered","format":"text"}]},"content":{"rendered":"<p><img loading=\"lazy\" decoding=\"async\" class=\"size-full wp-image-660077 aligncenter\" src=\"https:\/\/www.hashtag.al\/wp-content\/uploads\/2024\/03\/58322b8d2c8f43f7997cf17ff19e2d70.jpg\" alt=\"\" width=\"640\" height=\"426\" srcset=\"https:\/\/www.hashtag.al\/wp-content\/uploads\/2024\/03\/58322b8d2c8f43f7997cf17ff19e2d70.jpg 640w, https:\/\/www.hashtag.al\/wp-content\/uploads\/2024\/03\/58322b8d2c8f43f7997cf17ff19e2d70-300x200.jpg 300w\" sizes=\"auto, (max-width: 640px) 100vw, 640px\" \/><\/p>\n<p><span style=\"font-weight: 400; color: #000000;\">P\u00ebr shkak t\u00eb p\u00ebrkeq\u00ebsimit t\u00eb kushteve atmosferike, me er\u00ebra t\u00eb forta dhe stuhi, dit\u00ebn e sotme nuk lejohet lundrimi p\u00ebr tragetet e linjave Durr\u00ebs-Bari-Durr\u00ebs dhe Vlor\u00eb-Brindisi-Vlor\u00eb.<\/span><\/p>\n<p><span style=\"font-weight: 400; color: #000000;\">Moti i keq, i cili nisi q\u00eb pasditen e djeshme vazhdon t\u00eb krijoj\u00eb probleme n\u00eb lundrimin e mjeteve detare n\u00eb brigjet tona dhe t\u00eb Italis\u00eb. Drejtoria e P\u00ebrgjithshme e Detare ka lajm\u00ebruar anulimet p\u00ebr shkak t\u00eb motit t\u00eb keq. T\u00eb gjitha linjat e parashikuara p\u00ebr dit\u00ebn e sotme nuk do t\u00eb nisen p\u00ebr t\u00eb garantuar sigurin\u00eb e pasagjer\u00ebve.<\/span><\/p>\n<p><span style=\"font-weight: 400; color: #000000;\">Nd\u00ebrkoh\u00eb, as nj\u00eb dit\u00eb m\u00eb par\u00eb tragetet e linjave Durr\u00ebs-Bari-Durr\u00ebs dhe Vlor\u00eb-Brindisi-Vlor\u00eb nuk jan\u00eb nisur p\u00ebr shkak t\u00eb motit t\u00eb keq.<\/span><\/p>\n<p><span style=\"font-weight: 400; color: #000000;\">Nd\u00ebrkoh\u00eb q\u00eb nga dita e djeshme anijet e vogla dhe peshkarexhat nuk jan\u00eb lejuar t\u00eb lundrojn\u00eb nga kapitaneria e portit Durr\u00ebs. Moti parashikohet t\u00eb p\u00ebrmir\u00ebsohet dit\u00ebn e nes\u00ebrme 11 mars b\u00ebjn\u00eb me dije n\u00eb kapitanerin\u00eb e portit t\u00eb Durr\u00ebsit. Nd\u00ebrkoh\u00eb trageti i linj\u00ebs Ankona-Durr\u00ebs do vijoj\u00eb t\u00eb lundroj\u00eb.<\/span><\/p>\n","protected":false,"gt_translate_keys":[{"key":"rendered","format":"html"}]},"excerpt":{"rendered":"<p>P\u00ebr shkak t\u00eb p\u00ebrkeq\u00ebsimit t\u00eb kushteve atmosferike, me er\u00ebra t\u00eb forta dhe stuhi, dit\u00ebn e sotme nuk lejohet lundrimi p\u00ebr tragetet e linjave Durr\u00ebs-Bari-Durr\u00ebs dhe Vlor\u00eb-Brindisi-Vlor\u00eb. Moti i keq, i cili nisi q\u00eb pasditen e djeshme vazhdon t\u00eb krijoj\u00eb probleme n\u00eb lundrimin e mjeteve detare n\u00eb brigjet tona dhe t\u00eb Italis\u00eb. Drejtoria e P\u00ebrgjithshme e [&hellip;]<\/p>\n","protected":false,"gt_translate_keys":[{"key":"rendered","format":"html"}]},"author":4,"featured_media":660077,"comment_status":"closed","ping_status":"open","sticky":false,"template":"","format":"standard","meta":{"footnotes":""},"categories":[65],"tags":[],"class_list":["post-660076","post","type-post","status-publish","format-standard","has-post-thumbnail","hentry","category-lajme"],"gt_translate_keys":[{"key":"link","format":"url"}],"_links":{"self":[{"href":"https:\/\/www.hashtag.al\/index.php\/wp-json\/wp\/v2\/posts\/660076","targetHints":{"allow":["GET"]}}],"collection":[{"href":"https:\/\/www.hashtag.al\/index.php\/wp-json\/wp\/v2\/posts"}],"about":[{"href":"https:\/\/www.hashtag.al\/index.php\/wp-json\/wp\/v2\/types\/post"}],"author":[{"embeddable":true,"href":"https:\/\/www.hashtag.al\/index.php\/wp-json\/wp\/v2\/users\/4"}],"replies":[{"embeddable":true,"href":"https:\/\/www.hashtag.al\/index.php\/wp-json\/wp\/v2\/comments?post=660076"}],"version-history":[{"count":0,"href":"https:\/\/www.hashtag.al\/index.php\/wp-json\/wp\/v2\/posts\/660076\/revisions"}],"wp:featuredmedia":[{"embeddable":true,"href":"https:\/\/www.hashtag.al\/index.php\/wp-json\/wp\/v2\/media\/660077"}],"wp:attachment":[{"href":"https:\/\/www.hashtag.al\/index.php\/wp-json\/wp\/v2\/media?parent=660076"}],"wp:term":[{"taxonomy":"category","embeddable":true,"href":"https:\/\/www.hashtag.al\/index.php\/wp-json\/wp\/v2\/categories?post=660076"},{"taxonomy":"post_tag","embeddable":true,"href":"https:\/\/www.hashtag.al\/index.php\/wp-json\/wp\/v2\/tags?post=660076"}],"curies":[{"name":"wp","href":"https:\/\/api.w.org\/{rel}","templated":true}]}}