{"id":660005,"date":"2024-03-09T21:03:26","date_gmt":"2024-03-09T20:03:26","guid":{"rendered":"https:\/\/www.hashtag.al\/?p=660005"},"modified":"2024-03-09T21:03:26","modified_gmt":"2024-03-09T20:03:26","slug":"mali-i-zi-analistet-te-shqetesuar-per-riorganizimin-e-qeverise-me-perfaqesues-pro-serbe-dhe-pro-ruse","status":"publish","type":"post","link":"https:\/\/www.hashtag.al\/index.php\/2024\/03\/09\/mali-i-zi-analistet-te-shqetesuar-per-riorganizimin-e-qeverise-me-perfaqesues-pro-serbe-dhe-pro-ruse\/","title":{"rendered":"Mali i Zi, analist\u00ebt t\u00eb shqet\u00ebsuar p\u00ebr riorganizimin e qeveris\u00eb me p\u00ebrfaq\u00ebsues pro-serb\u00eb dhe pro-rus\u00eb","gt_translate_keys":[{"key":"rendered","format":"text"}]},"content":{"rendered":"<p><a href=\"https:\/\/www.hashtag.al\/wp-content\/uploads\/2024\/03\/Screenshot-2024-03-09-194643.png\"><img loading=\"lazy\" decoding=\"async\" class=\"aligncenter size-full wp-image-660006\" src=\"https:\/\/www.hashtag.al\/wp-content\/uploads\/2024\/03\/Screenshot-2024-03-09-194643.png\" alt=\"\" width=\"1203\" height=\"703\" srcset=\"https:\/\/www.hashtag.al\/wp-content\/uploads\/2024\/03\/Screenshot-2024-03-09-194643.png 1203w, https:\/\/www.hashtag.al\/wp-content\/uploads\/2024\/03\/Screenshot-2024-03-09-194643-300x175.png 300w, https:\/\/www.hashtag.al\/wp-content\/uploads\/2024\/03\/Screenshot-2024-03-09-194643-1024x598.png 1024w, https:\/\/www.hashtag.al\/wp-content\/uploads\/2024\/03\/Screenshot-2024-03-09-194643-768x449.png 768w, https:\/\/www.hashtag.al\/wp-content\/uploads\/2024\/03\/Screenshot-2024-03-09-194643-250x145.png 250w\" sizes=\"auto, (max-width: 1203px) 100vw, 1203px\" \/><\/a><\/p>\n<p><span style=\"color: #000000;\">Analist\u00ebt n\u00eb Malin e Zi thon\u00eb se riorganizimi i qeveris\u00eb me p\u00ebrfaq\u00ebsues t\u00eb partive pro-serbe dhe pro-ruse, q\u00eb pritet t\u00eb b\u00ebhet muajve n\u00eb vijim, paraqet shqet\u00ebsim p\u00ebr t\u00eb ardhmen e vendit. Kjo l\u00ebvizje sipas tyre, do t\u00eb ndikoj\u00eb negativisht n\u00eb procesin e integrimit evropian t\u00eb vendit.<\/span><\/p>\n<p><span style=\"color: #000000;\">Riorganizimi i qeveris\u00eb s\u00eb Malit t\u00eb Zi dhe p\u00ebrfshirja n\u00eb t\u00eb e p\u00ebrfaq\u00ebsuesve t\u00eb partive pro-serbe dhe pro-ruse, q\u00eb pritet t\u00eb b\u00ebhet dit\u00ebve n\u00eb vijim, sipas analist\u00ebve mund t\u00eb ndikoj\u00eb negativisht n\u00eb procesin e integrimeve evropiane. Shqet\u00ebsimi \u00ebsht\u00eb edhe m\u00eb i madh pasi p\u00ebrfaq\u00ebsuesit e k\u00ebtyre partive u kund\u00ebrvihen vlerave euroatlantike.<\/span><\/p>\n<p><span style=\"color: #000000;\">Analisti Ismet Kallaba v\u00eb n\u00eb dukje rikthimin e nacionalizmit n\u00ebp\u00ebr institucione me deklarata dhe veprime t\u00eb ndryshme.<\/span><\/p>\n<p><span style=\"color: #000000;\"><em>\u201cN\u00ebse deri n\u00eb gusht t\u00eb vitit 2020 luft\u00ebn e tyre e kan\u00eb zhvilluar jasht\u00eb sistemit duke mos qen\u00eb n\u00eb pushtet, nga ky vit duke hyr\u00eb n\u00eb pushtet b\u00ebjn\u00eb luft\u00eb nga brenda dhe e kan\u00eb m\u00eb t\u00eb leht\u00eb. P\u00ebr \u00e7do dit\u00eb jemi d\u00ebshmitar\u00eb t\u00eb deklaratave dhe veprimeve t\u00eb ndryshme t\u00eb partive pro-serbe dhe pro-ruse\u201d,<\/em> tha zoti Kallaba.<\/span><\/p>\n<p><span style=\"color: #000000;\">Analistja Suzana Gani\u00e7 vler\u00ebson se riorganizimi i qeveris\u00eb mund t\u00eb ngadal\u00ebsoj\u00eb, por jo edhe t\u00eb ndaloj\u00eb procesin e integrimit.<\/span><\/p>\n<p><span style=\"color: #000000;\"><em>\u201cSa i p\u00ebrket riorganizimit t\u00eb qeveris\u00eb vler\u00ebsoj se Mali i Zi nuk do e ndryshoj\u00eb rrug\u00ebn evropiane pasi ka nj\u00eb mb\u00ebshtetje t\u00eb madhe t\u00eb qytetar\u00ebve, por mund ta ngadal\u00ebsoj\u00eb procesin e integrimit\u201d,<\/em> tha zonja Gani\u00e7.<\/span><\/p>\n<p><span style=\"color: #000000;\">K\u00ebt\u00eb q\u00ebndrim sipas zonj\u00ebs Suzana Gani\u00e7 e pasqyroi m\u00eb s\u00eb miri takimi i para disa dit\u00ebve mes udh\u00ebheq\u00ebsit t\u00eb serb\u00ebve t\u00eb Bosnj\u00ebs, Dodik dhe Mandi\u00e7, n\u00eb parlamentin e Malit t\u00eb Zi ku sipas saj demonstruan nj\u00eb gjest politik me t\u00eb cilin duan t&#8217;i d\u00ebrgojn\u00eb nj\u00eb mesazh publikut se do t\u00eb punojn\u00eb me p\u00ebrkushtim p\u00ebr t\u00eb krijuar &#8220;bot\u00ebn serbe&#8221;.<\/span><\/p>\n<p><span style=\"color: #000000;\"><em>\u201cVizit\u00ebn e Dodikut n\u00eb Malin e Zi mund ta cil\u00ebsojm\u00eb si nj\u00eb shfaqje teatrale, ku u prit me protesta nga qytetar\u00ebt. Ai erdhi n\u00eb Podgoric\u00eb p\u00ebr t\u00eb p\u00ebrcjell\u00eb mesazhe t\u00eb caktuara nga bota ruse dhe serbe\u201d,<\/em> tha zonja Gani\u00e7.<\/span><\/p>\n<p><span style=\"color: #000000;\">Nd\u00ebrkaq, analisti Ismet Kallaba tha se vizita Dodik n\u00eb Podgoric\u00eb ishte n\u00eb sh\u00ebrbim t\u00eb interesave t\u00eb bot\u00ebs serbe.<\/span><\/p>\n<p><span style=\"color: #000000;\"><em>\u201cN\u00eb k\u00ebt\u00eb kontekst do t\u00eb p\u00ebrmendja edhe vizit\u00ebn e fundit t\u00eb kryetarit t\u00eb entitetit serb n\u00eb Bosnj\u00eb e Hercegovin\u00eb, Milorad Dodik, i cili nd\u00ebr t\u00eb tjera shpalosi hapur duke i ofruar Malit t\u00eb Zi marr\u00ebveshjen p\u00ebr lidhje t\u00eb ve\u00e7anta q\u00eb n\u00eb nj\u00eb far\u00eb m\u00ebnyre \u00ebsht\u00eb jet\u00ebsim i projektit t\u00eb ashtuquajtur &#8216;bota serbe'&#8221;,<\/em> tha zoti Kallaba.<\/span><\/p>\n<p><span style=\"color: #000000;\">Veprimet e p\u00ebrfaq\u00ebsueseve t\u00eb partive pro-ruse dhe pro-serbe, sipas analistit Kallaba n\u00eb vazhdim\u00ebsi po krijojn\u00eb incidenti diplomatike me shtetet fqinje<\/span><\/p>\n<p><span style=\"color: #000000;\"><em>\u201cJan\u00eb kund\u00ebr politikave t\u00eb fqinj\u00ebsis\u00eb s\u00eb mir\u00eb nd\u00ebrmjet vendeve t\u00eb Ballkanit Per\u00ebndimor duke na p\u00ebrkujtuar retoriken nacionaliste, q\u00eb \u00ebsht\u00eb p\u00ebrdorur n\u00eb vitet 90\u201d,<\/em> tha zoti Kallaba.<\/span><\/p>\n<p><span style=\"color: #000000;\">Uashingtoni zyrtar dhe Bashkimi Europian jan\u00eb shprehur shum\u00eb t\u00eb shqet\u00ebsuar dhe kund\u00ebrshtues p\u00ebr p\u00ebrfshirjen n\u00eb qeveri t\u00eb partive q\u00eb jan\u00eb n\u00ebn ndikimin rus. Kjo sipas tyre mund t\u00eb ndikoj\u00eb n\u00eb marr\u00ebdh\u00ebniet nd\u00ebretnike n\u00eb Malin e Zi dhe n\u00eb q\u00ebndrueshm\u00ebrin\u00eb n\u00eb rajon.\/<span style=\"color: #0000ff;\"><a style=\"color: #0000ff;\" href=\"https:\/\/www.zeriamerikes.com\/a\/7520940.html\">VOA<\/a><\/span><\/span><\/p>\n","protected":false,"gt_translate_keys":[{"key":"rendered","format":"html"}]},"excerpt":{"rendered":"<p>Analist\u00ebt n\u00eb Malin e Zi thon\u00eb se riorganizimi i qeveris\u00eb me p\u00ebrfaq\u00ebsues t\u00eb partive pro-serbe dhe pro-ruse, q\u00eb pritet t\u00eb b\u00ebhet muajve n\u00eb vijim, paraqet shqet\u00ebsim p\u00ebr t\u00eb ardhmen e vendit. Kjo l\u00ebvizje sipas tyre, do t\u00eb ndikoj\u00eb negativisht n\u00eb procesin e integrimit evropian t\u00eb vendit. Riorganizimi i qeveris\u00eb s\u00eb Malit t\u00eb Zi dhe p\u00ebrfshirja [&hellip;]<\/p>\n","protected":false,"gt_translate_keys":[{"key":"rendered","format":"html"}]},"author":30,"featured_media":660006,"comment_status":"closed","ping_status":"open","sticky":false,"template":"","format":"standard","meta":{"footnotes":""},"categories":[149],"tags":[],"class_list":["post-660005","post","type-post","status-publish","format-standard","has-post-thumbnail","hentry","category-kosoverajon"],"gt_translate_keys":[{"key":"link","format":"url"}],"_links":{"self":[{"href":"https:\/\/www.hashtag.al\/index.php\/wp-json\/wp\/v2\/posts\/660005","targetHints":{"allow":["GET"]}}],"collection":[{"href":"https:\/\/www.hashtag.al\/index.php\/wp-json\/wp\/v2\/posts"}],"about":[{"href":"https:\/\/www.hashtag.al\/index.php\/wp-json\/wp\/v2\/types\/post"}],"author":[{"embeddable":true,"href":"https:\/\/www.hashtag.al\/index.php\/wp-json\/wp\/v2\/users\/30"}],"replies":[{"embeddable":true,"href":"https:\/\/www.hashtag.al\/index.php\/wp-json\/wp\/v2\/comments?post=660005"}],"version-history":[{"count":0,"href":"https:\/\/www.hashtag.al\/index.php\/wp-json\/wp\/v2\/posts\/660005\/revisions"}],"wp:featuredmedia":[{"embeddable":true,"href":"https:\/\/www.hashtag.al\/index.php\/wp-json\/wp\/v2\/media\/660006"}],"wp:attachment":[{"href":"https:\/\/www.hashtag.al\/index.php\/wp-json\/wp\/v2\/media?parent=660005"}],"wp:term":[{"taxonomy":"category","embeddable":true,"href":"https:\/\/www.hashtag.al\/index.php\/wp-json\/wp\/v2\/categories?post=660005"},{"taxonomy":"post_tag","embeddable":true,"href":"https:\/\/www.hashtag.al\/index.php\/wp-json\/wp\/v2\/tags?post=660005"}],"curies":[{"name":"wp","href":"https:\/\/api.w.org\/{rel}","templated":true}]}}