{"id":659817,"date":"2024-03-08T21:53:33","date_gmt":"2024-03-08T20:53:33","guid":{"rendered":"https:\/\/www.hashtag.al\/?p=659817"},"modified":"2024-03-08T21:53:33","modified_gmt":"2024-03-08T20:53:33","slug":"meta-20-mije-anetaresimet-e-reja-ne-ps-si-1-milion-pemet-e-pyllit-orbital-ne-tirane","status":"publish","type":"post","link":"https:\/\/www.hashtag.al\/index.php\/2024\/03\/08\/meta-20-mije-anetaresimet-e-reja-ne-ps-si-1-milion-pemet-e-pyllit-orbital-ne-tirane\/","title":{"rendered":"Meta: 20 mije an\u00ebtar\u00ebsimet e reja n\u00eb PS, si 1 milion pem\u00ebt e pyllit orbital n\u00eb Tiran\u00eb","gt_translate_keys":[{"key":"rendered","format":"text"}]},"content":{"rendered":"<p><span style=\"color: #000000;\"><a style=\"color: #000000;\" href=\"https:\/\/www.hashtag.al\/wp-content\/uploads\/2024\/03\/meta-1.jpg\"><img loading=\"lazy\" decoding=\"async\" class=\"aligncenter size-full wp-image-659796\" src=\"https:\/\/www.hashtag.al\/wp-content\/uploads\/2024\/03\/meta-1.jpg\" alt=\"\" width=\"620\" height=\"323\" srcset=\"https:\/\/www.hashtag.al\/wp-content\/uploads\/2024\/03\/meta-1.jpg 620w, https:\/\/www.hashtag.al\/wp-content\/uploads\/2024\/03\/meta-1-300x156.jpg 300w\" sizes=\"auto, (max-width: 620px) 100vw, 620px\" \/><\/a><\/span><\/p>\n<p><span style=\"color: #000000;\">Kryetari i Partis\u00eb s\u00eb Liris\u00eb, Ilir Meta nga Fieri n\u00eb nj\u00eb prononcim p\u00ebr mediat komentoi edhe an\u00ebtar\u00ebsimet e shumta n\u00eb Partin\u00eb Socialiste.<\/span><\/p>\n<p><span style=\"color: #000000;\">Meta me ironi tha se 20 mij\u00eb an\u00ebtar\u00ebsimet e reja n\u00eb PS jan\u00eb si 1 milion pem\u00ebt e pyllit orbitalit n\u00eb Tiran\u00eb, duke e cil\u00ebsuar nj\u00eb t\u00eb pav\u00ebrtet\u00eb dhe fryrje t\u00eb socialist\u00ebve.<\/span><\/p>\n<p><span style=\"color: #000000;\">Sipas Met\u00ebs e v\u00ebrteta \u00ebsht\u00eb krejt tjet\u00ebr pasi jan\u00eb p\u00ebrgjysmuar nj\u00ebr\u00ebzit n\u00eb Fier dhe jo vet\u00ebm.<\/span><\/p>\n<p><span style=\"color: #000000;\">M\u00eb tej Meta listoi nj\u00eb s\u00ebr\u00eb v\u00ebshtir\u00ebs me t\u00eb cilat p\u00ebrballen qytetar\u00ebt sot.<\/span><\/p>\n<p><span style=\"color: #000000;\">\u201c<em>20 mije an\u00ebtar\u00ebsimet e reja n\u00eb PS, si 1 milion pem\u00ebt e pyllit orbital n\u00eb Tiran\u00eb. E v\u00ebrteta \u00ebsht\u00eb se n\u00eb Fier jan\u00eb p\u00ebrgjysmuar jo vet\u00ebm njer\u00ebzit, por edhe derrat, gjedh\u00ebt e t\u00eb imtat. Ashtu sikund\u00ebr edhe serrat jan\u00eb braktisur p\u00ebr shkak t\u00eb pamund\u00ebsis\u00eb se fitimit prej tyre sepse t\u00eb gjitha taksat jan\u00eb rritur dhe \u00ebsht\u00eb e pamundur p\u00ebr t\u00eb jetuar me dinjitet n\u00eb fush\u00ebn e bujq\u00ebsis\u00eb dhe t\u00eb blegtoris\u00eb.<\/em><\/span><\/p>\n<p><span style=\"color: #000000;\"><em>Bujqit dhe fermer\u00ebt sot kan\u00eb zero mb\u00ebshtetje nga shteti p\u00ebr t\u00eb mos th\u00ebn\u00eb q\u00eb kan\u00eb pengesa t\u00eb shtuara nd\u00ebrkoh\u00eb q\u00eb p\u00ebrmes kontrollit t\u00eb pikave t\u00eb grumbullimit dhe t\u00eb tregut jan\u00eb shkat\u00ebrruar interesat e fermer\u00ebve dhe prodhuesve vendas, q\u00eb jan\u00eb tashm\u00eb t\u00eb detyruar t\u00eb b\u00ebjn\u00eb protesta dhe greva.<\/em><\/span><\/p>\n<p><span style=\"color: #000000;\"><em>\u00cbsht\u00eb interes i &#8220;Rilindjes&#8221; shpopullimi i Shqip\u00ebris\u00eb dhe shpopullimi fillon nga fshati dhe nga ato zona q\u00eb kan\u00eb qen\u00eb hambar i v\u00ebrtet\u00eb i vendit ton\u00eb, si\u00e7 \u00ebsht\u00eb edhe Myzeqeja.<\/em><\/span><\/p>\n<p><span style=\"color: #000000;\"><em>Ndaj dhe nj\u00eb nga goditjet m\u00eb t\u00eb r\u00ebnda i ka p\u00ebsuar Qarku i Fierit, sidomos sa i p\u00ebrket bujq\u00ebsis\u00eb dhe blegtoris\u00eb<\/em>\u201d-tha Meta.\u00a0<\/span><\/p>\n","protected":false,"gt_translate_keys":[{"key":"rendered","format":"html"}]},"excerpt":{"rendered":"<p>Kryetari i Partis\u00eb s\u00eb Liris\u00eb, Ilir Meta nga Fieri n\u00eb nj\u00eb prononcim p\u00ebr mediat komentoi edhe an\u00ebtar\u00ebsimet e shumta n\u00eb Partin\u00eb Socialiste. Meta me ironi tha se 20 mij\u00eb an\u00ebtar\u00ebsimet e reja n\u00eb PS jan\u00eb si 1 milion pem\u00ebt e pyllit orbitalit n\u00eb Tiran\u00eb, duke e cil\u00ebsuar nj\u00eb t\u00eb pav\u00ebrtet\u00eb dhe fryrje t\u00eb socialist\u00ebve. Sipas [&hellip;]<\/p>\n","protected":false,"gt_translate_keys":[{"key":"rendered","format":"html"}]},"author":32,"featured_media":659796,"comment_status":"closed","ping_status":"open","sticky":false,"template":"","format":"standard","meta":{"footnotes":""},"categories":[65,13],"tags":[],"class_list":["post-659817","post","type-post","status-publish","format-standard","has-post-thumbnail","hentry","category-lajme","category-te-fundit"],"gt_translate_keys":[{"key":"link","format":"url"}],"_links":{"self":[{"href":"https:\/\/www.hashtag.al\/index.php\/wp-json\/wp\/v2\/posts\/659817","targetHints":{"allow":["GET"]}}],"collection":[{"href":"https:\/\/www.hashtag.al\/index.php\/wp-json\/wp\/v2\/posts"}],"about":[{"href":"https:\/\/www.hashtag.al\/index.php\/wp-json\/wp\/v2\/types\/post"}],"author":[{"embeddable":true,"href":"https:\/\/www.hashtag.al\/index.php\/wp-json\/wp\/v2\/users\/32"}],"replies":[{"embeddable":true,"href":"https:\/\/www.hashtag.al\/index.php\/wp-json\/wp\/v2\/comments?post=659817"}],"version-history":[{"count":0,"href":"https:\/\/www.hashtag.al\/index.php\/wp-json\/wp\/v2\/posts\/659817\/revisions"}],"wp:featuredmedia":[{"embeddable":true,"href":"https:\/\/www.hashtag.al\/index.php\/wp-json\/wp\/v2\/media\/659796"}],"wp:attachment":[{"href":"https:\/\/www.hashtag.al\/index.php\/wp-json\/wp\/v2\/media?parent=659817"}],"wp:term":[{"taxonomy":"category","embeddable":true,"href":"https:\/\/www.hashtag.al\/index.php\/wp-json\/wp\/v2\/categories?post=659817"},{"taxonomy":"post_tag","embeddable":true,"href":"https:\/\/www.hashtag.al\/index.php\/wp-json\/wp\/v2\/tags?post=659817"}],"curies":[{"name":"wp","href":"https:\/\/api.w.org\/{rel}","templated":true}]}}