{"id":659746,"date":"2024-03-08T17:02:48","date_gmt":"2024-03-08T16:02:48","guid":{"rendered":"https:\/\/www.hashtag.al\/?p=659746"},"modified":"2024-03-08T17:03:42","modified_gmt":"2024-03-08T16:03:42","slug":"korridori-i-ndihmes-per-gazen-permes-qipros-mund-te-hapet-te-dielen","status":"publish","type":"post","link":"https:\/\/www.hashtag.al\/index.php\/2024\/03\/08\/korridori-i-ndihmes-per-gazen-permes-qipros-mund-te-hapet-te-dielen\/","title":{"rendered":"Korridori i ndihm\u00ebs p\u00ebr Gaz\u00ebn p\u00ebrmes Qipros mund t\u00eb hapet t\u00eb diel\u00ebn","gt_translate_keys":[{"key":"rendered","format":"text"}]},"content":{"rendered":"<p><span style=\"color: #000000;\"><a href=\"https:\/\/www.hashtag.al\/wp-content\/uploads\/2024\/03\/Screenshot-2024-03-08-164644.png\"><img loading=\"lazy\" decoding=\"async\" class=\"aligncenter size-full wp-image-659747\" src=\"https:\/\/www.hashtag.al\/wp-content\/uploads\/2024\/03\/Screenshot-2024-03-08-164644.png\" alt=\"\" width=\"1222\" height=\"695\" srcset=\"https:\/\/www.hashtag.al\/wp-content\/uploads\/2024\/03\/Screenshot-2024-03-08-164644.png 1222w, https:\/\/www.hashtag.al\/wp-content\/uploads\/2024\/03\/Screenshot-2024-03-08-164644-300x171.png 300w, https:\/\/www.hashtag.al\/wp-content\/uploads\/2024\/03\/Screenshot-2024-03-08-164644-1024x582.png 1024w, https:\/\/www.hashtag.al\/wp-content\/uploads\/2024\/03\/Screenshot-2024-03-08-164644-768x437.png 768w\" sizes=\"auto, (max-width: 1222px) 100vw, 1222px\" \/><\/a><\/span><\/p>\n<p><span style=\"color: #000000;\">Presidentja e Komisionit Europian Ursula Von der Leyen tha sot se nisma p\u00ebr t\u00eb d\u00ebrguar ndihm\u00eb n\u00eb Gaz\u00eb p\u00ebrmes nj\u00eb porti detar t\u00eb Qipros, mund\u00ebsi q\u00eb Presidenti Biden e p\u00ebrmendi n\u00eb fjalimin e tij mbi gjendjen e vendit, mund t\u00eb nis\u00eb t\u00eb zbatohet q\u00eb prej s\u00eb diel\u00ebs, n\u00ebse jo m\u00eb her\u00ebt.<\/span><\/p>\n<p><span style=\"color: #000000;\">Duke folur n\u00eb nj\u00eb konferenc\u00eb t\u00eb p\u00ebrbashk\u00ebt p\u00ebr shtypin me Presidentin e Qipros, Nikos Christodoulides, zonja Von der Leyen tha se korridori \u00ebsht\u00eb shum\u00eb pran\u00eb hapjes dhe se mund t\u00eb jet\u00eb funksional t\u00eb diel\u00ebn, ose edhe t\u00eb shtun\u00ebn.<\/span><\/p>\n<p><span style=\"color: #000000;\">N\u00eb fjalimin e tij, zoti Biden tha se ushtria amerikane do t\u00eb drejtonte nj\u00eb mision urgjent p\u00ebr t\u00eb nd\u00ebrtuar nj\u00eb port t\u00eb p\u00ebrkohsh\u00ebm n\u00eb Mesdhe n\u00eb bregdetin e Gaz\u00ebs, ku mund t\u00eb ankorohen anije t\u00eb m\u00ebdha q\u00eb transportojn\u00eb ushqim, uj\u00eb, ila\u00e7e dhe tenda p\u00ebr strehim t\u00eb p\u00ebrkohsh\u00ebm.<\/span><\/p>\n<p><span style=\"color: #000000;\">P\u00ebrmes nj\u00eb deklarate t\u00eb p\u00ebrbashk\u00ebt, t\u00eb shp\u00ebrndar\u00eb sot, Komisioni Europian, Gjermania, Greqia, Italia, Holanda, Republiak e Qipros, Emiratet e Bashkuara Arabe, Britania e Madhe dhe Shtetet e Bashkuara njoftuan formalisht planet p\u00ebr hapjen e korridorit,<\/span><\/p>\n<p><span style=\"color: #000000;\"><em>\u201cKorridori detar mund dhe duhet t\u00eb jet\u00eb pjes\u00eb e p\u00ebrpjekjeve t\u00eb q\u00ebndrueshme p\u00ebr t\u00eb rritur d\u00ebrgimin e ndihmave humanitare n\u00eb Gaz\u00eb p\u00ebrmes \u00e7do m\u00ebnyre t\u00eb mundshme\u201d, thuhej n\u00eb deklarat\u00eb. \u201cNe do t\u00eb vazhdojm\u00eb t\u00eb punojm\u00eb me Izraelin p\u00ebr t\u00eb d\u00ebrguar ndihmat n\u00eb rrug\u00eb tok\u00ebsore, duke k\u00ebmb\u00ebngulur n\u00eb nevoj\u00ebn p\u00ebr leht\u00ebsimin e sa m\u00eb shum\u00eb rrug\u00ebve t\u00eb transportit dhe hapjen e pikave t\u00eb reja t\u00eb kalimit me q\u00ebllim d\u00ebrgimin e sa m\u00eb shum\u00eb ndihmave tek sa m\u00eb shum\u00eb njer\u00ebz<\/em>\u201d, thuhej mes t\u00eb tjerash n\u00eb deklarat\u00eb.<\/span><\/p>\n<p><span style=\"color: #000000;\">Disa informacione p\u00ebr k\u00ebt\u00eb lajm u mor\u00ebn nga agjencit\u00eb Reuters dhe Agence France-Presse.\/<span style=\"color: #0000ff;\"><a style=\"color: #0000ff;\" href=\"https:\/\/www.zeriamerikes.com\/a\/7519382.html\">VOA<\/a><\/span><\/span><\/p>\n","protected":false,"gt_translate_keys":[{"key":"rendered","format":"html"}]},"excerpt":{"rendered":"<p>Presidentja e Komisionit Europian Ursula Von der Leyen tha sot se nisma p\u00ebr t\u00eb d\u00ebrguar ndihm\u00eb n\u00eb Gaz\u00eb p\u00ebrmes nj\u00eb porti detar t\u00eb Qipros, mund\u00ebsi q\u00eb Presidenti Biden e p\u00ebrmendi n\u00eb fjalimin e tij mbi gjendjen e vendit, mund t\u00eb nis\u00eb t\u00eb zbatohet q\u00eb prej s\u00eb diel\u00ebs, n\u00ebse jo m\u00eb her\u00ebt. Duke folur n\u00eb nj\u00eb [&hellip;]<\/p>\n","protected":false,"gt_translate_keys":[{"key":"rendered","format":"html"}]},"author":30,"featured_media":659747,"comment_status":"closed","ping_status":"open","sticky":false,"template":"","format":"standard","meta":{"footnotes":""},"categories":[6],"tags":[],"class_list":["post-659746","post","type-post","status-publish","format-standard","has-post-thumbnail","hentry","category-nderkombetare"],"gt_translate_keys":[{"key":"link","format":"url"}],"_links":{"self":[{"href":"https:\/\/www.hashtag.al\/index.php\/wp-json\/wp\/v2\/posts\/659746","targetHints":{"allow":["GET"]}}],"collection":[{"href":"https:\/\/www.hashtag.al\/index.php\/wp-json\/wp\/v2\/posts"}],"about":[{"href":"https:\/\/www.hashtag.al\/index.php\/wp-json\/wp\/v2\/types\/post"}],"author":[{"embeddable":true,"href":"https:\/\/www.hashtag.al\/index.php\/wp-json\/wp\/v2\/users\/30"}],"replies":[{"embeddable":true,"href":"https:\/\/www.hashtag.al\/index.php\/wp-json\/wp\/v2\/comments?post=659746"}],"version-history":[{"count":0,"href":"https:\/\/www.hashtag.al\/index.php\/wp-json\/wp\/v2\/posts\/659746\/revisions"}],"wp:featuredmedia":[{"embeddable":true,"href":"https:\/\/www.hashtag.al\/index.php\/wp-json\/wp\/v2\/media\/659747"}],"wp:attachment":[{"href":"https:\/\/www.hashtag.al\/index.php\/wp-json\/wp\/v2\/media?parent=659746"}],"wp:term":[{"taxonomy":"category","embeddable":true,"href":"https:\/\/www.hashtag.al\/index.php\/wp-json\/wp\/v2\/categories?post=659746"},{"taxonomy":"post_tag","embeddable":true,"href":"https:\/\/www.hashtag.al\/index.php\/wp-json\/wp\/v2\/tags?post=659746"}],"curies":[{"name":"wp","href":"https:\/\/api.w.org\/{rel}","templated":true}]}}