{"id":659452,"date":"2024-03-07T17:52:48","date_gmt":"2024-03-07T16:52:48","guid":{"rendered":"https:\/\/www.hashtag.al\/?p=659452"},"modified":"2024-03-07T17:52:48","modified_gmt":"2024-03-07T16:52:48","slug":"mitsotakis-reagon-pas-sulmit-rus-me-raketa-te-gjithe-kemi-nje-mesazh-per-kremlinin-ne-nuk-do-te-kemi-frike","status":"publish","type":"post","link":"https:\/\/www.hashtag.al\/index.php\/2024\/03\/07\/mitsotakis-reagon-pas-sulmit-rus-me-raketa-te-gjithe-kemi-nje-mesazh-per-kremlinin-ne-nuk-do-te-kemi-frike\/","title":{"rendered":"Mitsotakis reagon pas sulmit rus me raketa: T\u00eb gjith\u00eb kemi nj\u00eb mesazh p\u00ebr Kremlinin, &#8216;ne nuk do t\u00eb kemi frik\u00eb&#8217;","gt_translate_keys":[{"key":"rendered","format":"text"}]},"content":{"rendered":"<p><span style=\"color: #000000;\"><em><a href=\"https:\/\/www.hashtag.al\/wp-content\/uploads\/2024\/03\/1709828077_kyriakosmitsotakis.jpg\"><img loading=\"lazy\" decoding=\"async\" class=\"aligncenter size-full wp-image-659453\" src=\"https:\/\/www.hashtag.al\/wp-content\/uploads\/2024\/03\/1709828077_kyriakosmitsotakis.jpg\" alt=\"\" width=\"780\" height=\"440\" srcset=\"https:\/\/www.hashtag.al\/wp-content\/uploads\/2024\/03\/1709828077_kyriakosmitsotakis.jpg 780w, https:\/\/www.hashtag.al\/wp-content\/uploads\/2024\/03\/1709828077_kyriakosmitsotakis-300x169.jpg 300w, https:\/\/www.hashtag.al\/wp-content\/uploads\/2024\/03\/1709828077_kyriakosmitsotakis-768x433.jpg 768w\" sizes=\"auto, (max-width: 780px) 100vw, 780px\" \/><\/a><\/em><\/span><\/p>\n<p><span style=\"color: #000000;\"><em>\u00a0\u2018Ne t\u00eb gjith\u00eb kemi nj\u00eb mesazh p\u00ebr Kremlinin: nuk do t\u00eb kemi frik\u00eb, do t\u00eb vijojm\u00eb t\u00eb mb\u00ebshtesim Ukrain\u00ebn dhe qytetar\u00ebt e saj t\u00eb guximsh\u00ebm p\u00ebr aq koh\u00eb sa duhet,<\/em>\u2019 theksoi kryeministri grek Kyriakos Mitsotakis, duke folur n\u00eb konferenc\u00ebn e Partive Popullore Evropiane, nj\u00eb dit\u00eb pas sulmit me raketa balitstike ruse n\u00eb Odesa, ku ai ishte p\u00ebr nj\u00eb vizit\u00eb me presidentin Zelensky.<\/span><\/p>\n<p><span style=\"color: #000000;\">Mitsotakis n\u00eb fjal\u00ebn e tij iu referua ngjarjeve t\u00eb 5 viteve t\u00eb fundit, nga pandemia, lufta n\u00eb Ukrain\u00eb dhe kriza energjitike, por edhe sfidat e s\u00eb ardhmes me t\u00eb cilat do t\u00eb p\u00ebrballet Komisioni dhe Parlamenti i ri Evropian.<\/span><\/p>\n<p><span style=\"color: #000000;\">Ai u ndal edhe n\u00eb sulmin ndaj autokolon\u00ebs n\u00eb t\u00eb cil\u00ebn ai po kalonte p\u00ebr t\u00eb takuar presidentin Zelensky n\u00eb Odesa.<\/span><\/p>\n<p><span style=\"color: #000000;\"><em>\u2018Askush nuk do t\u00eb na frik\u00ebsoj\u00eb, ne do t\u00eb luajm\u00eb rolin ton\u00eb\u2019,<\/em> theksoi ai.<\/span><\/p>\n<p><span style=\"color: #000000;\"><em>\u2018Un\u00eb mendoj se ne t\u00eb gjith\u00eb kemi nj\u00eb mesazh p\u00ebr Kremlinin; ne nuk do t\u00eb kemi frik\u00eb, ne do t\u00eb vijojm\u00eb t\u00eb mb\u00ebshtesim Ukrain\u00ebn dhe qytetar\u00ebt e saj t\u00eb guximsh\u00ebm p\u00ebr aq koh\u00eb sa duhet. Dhe ne mbetemi t\u00eb bashkuar p\u00ebr k\u00ebt\u00eb \u00e7\u00ebshtje\u2019<\/em>, tha ai duke b\u00ebr\u00eb t\u00eb qart\u00eb se nuk do t\u00eb tolerohet asnj\u00eb ndryshim kufiri n\u00eb Europ\u00eb.<\/span><\/p>\n<p><span style=\"color: #000000;\">Kryeministri grek iu referua edhe q\u00ebndrimit europian ndaj luft\u00ebs s\u00eb Rusis\u00eb n\u00eb Ukrain\u00eb.<\/span><\/p>\n<p><span style=\"color: #000000;\"><em>\u2018Ne treguam mb\u00ebshtetjen ton\u00eb p\u00ebr Ukrain\u00ebn n\u00eb nj\u00eb m\u00ebnyr\u00eb q\u00eb ishte befasuese p\u00ebr disa nga armiqt\u00eb tan\u00eb. Dhe Europa nuk ka treguar kurr\u00eb nj\u00eb p\u00ebrgjigje t\u00eb till\u00eb me sanksione ndaj Rusis\u00eb, me mb\u00ebshtetjen e Ukrain\u00ebs ushtarakisht dhe financiarisht: asnj\u00eb shkelje e ligjit nd\u00ebrkomb\u00ebtar dhe asnj\u00eb p\u00ebrpjekje p\u00ebr t\u00eb ndryshuar kufijt\u00eb me forc\u00eb nuk do t\u00eb pranohet nga familja jon\u00eb politike\u2019<\/em>, theksoi ai.<\/span><\/p>\n","protected":false,"gt_translate_keys":[{"key":"rendered","format":"html"}]},"excerpt":{"rendered":"<p>\u00a0\u2018Ne t\u00eb gjith\u00eb kemi nj\u00eb mesazh p\u00ebr Kremlinin: nuk do t\u00eb kemi frik\u00eb, do t\u00eb vijojm\u00eb t\u00eb mb\u00ebshtesim Ukrain\u00ebn dhe qytetar\u00ebt e saj t\u00eb guximsh\u00ebm p\u00ebr aq koh\u00eb sa duhet,\u2019 theksoi kryeministri grek Kyriakos Mitsotakis, duke folur n\u00eb konferenc\u00ebn e Partive Popullore Evropiane, nj\u00eb dit\u00eb pas sulmit me raketa balitstike ruse n\u00eb Odesa, ku ai [&hellip;]<\/p>\n","protected":false,"gt_translate_keys":[{"key":"rendered","format":"html"}]},"author":30,"featured_media":659453,"comment_status":"closed","ping_status":"open","sticky":false,"template":"","format":"standard","meta":{"footnotes":""},"categories":[6],"tags":[],"class_list":["post-659452","post","type-post","status-publish","format-standard","has-post-thumbnail","hentry","category-nderkombetare"],"gt_translate_keys":[{"key":"link","format":"url"}],"_links":{"self":[{"href":"https:\/\/www.hashtag.al\/index.php\/wp-json\/wp\/v2\/posts\/659452","targetHints":{"allow":["GET"]}}],"collection":[{"href":"https:\/\/www.hashtag.al\/index.php\/wp-json\/wp\/v2\/posts"}],"about":[{"href":"https:\/\/www.hashtag.al\/index.php\/wp-json\/wp\/v2\/types\/post"}],"author":[{"embeddable":true,"href":"https:\/\/www.hashtag.al\/index.php\/wp-json\/wp\/v2\/users\/30"}],"replies":[{"embeddable":true,"href":"https:\/\/www.hashtag.al\/index.php\/wp-json\/wp\/v2\/comments?post=659452"}],"version-history":[{"count":0,"href":"https:\/\/www.hashtag.al\/index.php\/wp-json\/wp\/v2\/posts\/659452\/revisions"}],"wp:featuredmedia":[{"embeddable":true,"href":"https:\/\/www.hashtag.al\/index.php\/wp-json\/wp\/v2\/media\/659453"}],"wp:attachment":[{"href":"https:\/\/www.hashtag.al\/index.php\/wp-json\/wp\/v2\/media?parent=659452"}],"wp:term":[{"taxonomy":"category","embeddable":true,"href":"https:\/\/www.hashtag.al\/index.php\/wp-json\/wp\/v2\/categories?post=659452"},{"taxonomy":"post_tag","embeddable":true,"href":"https:\/\/www.hashtag.al\/index.php\/wp-json\/wp\/v2\/tags?post=659452"}],"curies":[{"name":"wp","href":"https:\/\/api.w.org\/{rel}","templated":true}]}}