{"id":659123,"date":"2024-03-06T11:09:28","date_gmt":"2024-03-06T10:09:28","guid":{"rendered":"https:\/\/www.hashtag.al\/?p=659123"},"modified":"2024-03-06T11:36:17","modified_gmt":"2024-03-06T10:36:17","slug":"gjermania-zbulon-se-si-u-zbulua-rrjedhja-e-telefonates-se-ushkatareve-te-larte-te-saj","status":"publish","type":"post","link":"https:\/\/www.hashtag.al\/index.php\/2024\/03\/06\/gjermania-zbulon-se-si-u-zbulua-rrjedhja-e-telefonates-se-ushkatareve-te-larte-te-saj\/","title":{"rendered":"Gjermania gjen si u p\u00ebrgjua biseda e ushtarak\u00ebve t\u00eb lart\u00eb t\u00eb saj","gt_translate_keys":[{"key":"rendered","format":"text"}]},"content":{"rendered":"<p><img loading=\"lazy\" decoding=\"async\" class=\"aligncenter size-full wp-image-581694\" src=\"https:\/\/www.hashtag.al\/wp-content\/uploads\/2023\/02\/Boris-Pistorius.jpg\" alt=\"\" width=\"1199\" height=\"674\" srcset=\"https:\/\/www.hashtag.al\/wp-content\/uploads\/2023\/02\/Boris-Pistorius.jpg 1199w, https:\/\/www.hashtag.al\/wp-content\/uploads\/2023\/02\/Boris-Pistorius-300x169.jpg 300w, https:\/\/www.hashtag.al\/wp-content\/uploads\/2023\/02\/Boris-Pistorius-1024x576.jpg 1024w, https:\/\/www.hashtag.al\/wp-content\/uploads\/2023\/02\/Boris-Pistorius-768x432.jpg 768w\" sizes=\"auto, (max-width: 1199px) 100vw, 1199px\" \/><\/p>\n<p><span style=\"color: #000000;\">Nj\u00eb gabim nga nj\u00eb oficer i lart\u00eb i Forcave Ajrore Gjermane \u00e7oi n\u00eb rrjedhjen e fundit t\u00eb nj\u00eb bisede konfidenciale rreth nj\u00eb sulmi t\u00eb mundsh\u00ebm ndaj Ur\u00ebs s\u00eb Krimes\u00eb, tha ministri i Mbrojtjes Boris Pistorius.<\/span><\/p>\n<p><span style=\"color: #000000;\"> Aktor\u00ebt e jasht\u00ebm nuk pat\u00ebn qasje n\u00eb kanalet e komunikimit t\u00eb p\u00ebrdorura nga ushtria gjermane, k\u00ebmb\u00ebnguli ai.<\/span><\/p>\n<p><span style=\"color: #000000;\">T\u00eb premten e kaluar, kryeredaktorja e RT Margarita Simonyan publikoi nj\u00eb audio 38-minut\u00ebshe t\u00eb dat\u00ebs 19 shkurt, n\u00eb t\u00eb cil\u00ebn kat\u00ebr oficer\u00eb t\u00eb Forcave Ajrore Gjermane (Luft\u00ebehr), duke p\u00ebrfshir\u00eb shefin e saj, Ingo Gerhartz, diskutuan se si Ukraina mund t\u00eb p\u00ebrdorte raketat \u2018Taurus\u2019 me rreze t\u00eb gjat\u00eb veprimi p\u00ebr t\u00eb goditur ur\u00ebn, n\u00ebse Berlini do ia jepte ato Ukrain\u00ebs.<\/span><\/p>\n<p><span style=\"color: #000000;\">Nd\u00ebr t\u00eb tjera, oficer\u00ebt teorizuan p\u00ebr nj\u00eb sulm ukrainas n\u00eb ur\u00ebn 18 km t\u00eb gjat\u00eb t\u00eb Krimes\u00eb, q\u00eb lidh gadishullin me Rusin\u00eb jugore. Kancelari Olaf Scholz ka p\u00ebrmendur m\u00eb par\u00eb shqet\u00ebsimin p\u00ebr shkaktimin e nj\u00eb konflikti m\u00eb t\u00eb gjer\u00eb si arsyeja q\u00eb vendi i tij nuk do e furnizoj\u00eb Kievin me raketa.<\/span><\/p>\n<p><span style=\"color: #000000;\">Duke folur n\u00eb nj\u00eb konferenc\u00eb shtypi n\u00eb Berlin t\u00eb mart\u00ebn, Pistorius zbuloi se sipas gjetjeve paraprake t\u00eb nj\u00eb hetimi t\u00eb brendsh\u00ebm, rrjedhja u b\u00eb e mundur nga nj\u00eb &#8220;gabim individual&#8221; nga ana e nj\u00ebrit prej oficer\u00ebve. Ai iu bashkua takimit virtual nga Singapori, ku po merrte pjes\u00eb n\u00eb nj\u00eb shfaqje ajrore.<\/span><\/p>\n<p><span style=\"color: #000000;\"><em>\u201cSistemet tona t\u00eb komunikimit nuk u komprometuan,\u201d<\/em> k\u00ebmb\u00ebnguli ministri.<\/span><\/p>\n<p><span style=\"color: #000000;\">Shefi gjerman i mbrojtjes deklaroi gjithashtu se nj\u00eb hetim paraprak ishte nisur p\u00ebr sjelljen e oficer\u00ebve, gj\u00eb q\u00eb mund t\u00eb \u00e7oj\u00eb n\u00eb masa disiplinore ndaj atyre q\u00eb jan\u00eb p\u00ebrfshir\u00eb n\u00eb rrjedhje.<\/span><\/p>\n<p><span style=\"color: #000000;\">Duke komentuar shkeljen t\u00eb diel\u00ebn, Pistorius pretendoi se ishte nj\u00eb &#8220;sulm hibrid q\u00eb synonte dezinformimin&#8221; dhe p\u00ebrfaq\u00ebsonte &#8220;pjes\u00eb t\u00eb nj\u00eb lufte informacioni q\u00eb po b\u00ebn Putin&#8221;.<\/span><\/p>\n","protected":false,"gt_translate_keys":[{"key":"rendered","format":"html"}]},"excerpt":{"rendered":"<p>Nj\u00eb gabim nga nj\u00eb oficer i lart\u00eb i Forcave Ajrore Gjermane \u00e7oi n\u00eb rrjedhjen e fundit t\u00eb nj\u00eb bisede konfidenciale rreth nj\u00eb sulmi t\u00eb mundsh\u00ebm ndaj Ur\u00ebs s\u00eb Krimes\u00eb, tha ministri i Mbrojtjes Boris Pistorius. Aktor\u00ebt e jasht\u00ebm nuk pat\u00ebn qasje n\u00eb kanalet e komunikimit t\u00eb p\u00ebrdorura nga ushtria gjermane, k\u00ebmb\u00ebnguli ai. T\u00eb premten e [&hellip;]<\/p>\n","protected":false,"gt_translate_keys":[{"key":"rendered","format":"html"}]},"author":51,"featured_media":581694,"comment_status":"closed","ping_status":"open","sticky":false,"template":"","format":"standard","meta":{"footnotes":""},"categories":[53],"tags":[],"class_list":["post-659123","post","type-post","status-publish","format-standard","has-post-thumbnail","hentry","category-fast-foodi"],"gt_translate_keys":[{"key":"link","format":"url"}],"_links":{"self":[{"href":"https:\/\/www.hashtag.al\/index.php\/wp-json\/wp\/v2\/posts\/659123","targetHints":{"allow":["GET"]}}],"collection":[{"href":"https:\/\/www.hashtag.al\/index.php\/wp-json\/wp\/v2\/posts"}],"about":[{"href":"https:\/\/www.hashtag.al\/index.php\/wp-json\/wp\/v2\/types\/post"}],"author":[{"embeddable":true,"href":"https:\/\/www.hashtag.al\/index.php\/wp-json\/wp\/v2\/users\/51"}],"replies":[{"embeddable":true,"href":"https:\/\/www.hashtag.al\/index.php\/wp-json\/wp\/v2\/comments?post=659123"}],"version-history":[{"count":0,"href":"https:\/\/www.hashtag.al\/index.php\/wp-json\/wp\/v2\/posts\/659123\/revisions"}],"wp:featuredmedia":[{"embeddable":true,"href":"https:\/\/www.hashtag.al\/index.php\/wp-json\/wp\/v2\/media\/581694"}],"wp:attachment":[{"href":"https:\/\/www.hashtag.al\/index.php\/wp-json\/wp\/v2\/media?parent=659123"}],"wp:term":[{"taxonomy":"category","embeddable":true,"href":"https:\/\/www.hashtag.al\/index.php\/wp-json\/wp\/v2\/categories?post=659123"},{"taxonomy":"post_tag","embeddable":true,"href":"https:\/\/www.hashtag.al\/index.php\/wp-json\/wp\/v2\/tags?post=659123"}],"curies":[{"name":"wp","href":"https:\/\/api.w.org\/{rel}","templated":true}]}}