{"id":658999,"date":"2024-03-05T18:58:38","date_gmt":"2024-03-05T17:58:38","guid":{"rendered":"https:\/\/www.hashtag.al\/?p=658999"},"modified":"2024-03-05T19:05:14","modified_gmt":"2024-03-05T18:05:14","slug":"noka-qeveria-teknike-eshte-nje-mision-i-yni","status":"publish","type":"post","link":"https:\/\/www.hashtag.al\/index.php\/2024\/03\/05\/noka-qeveria-teknike-eshte-nje-mision-i-yni\/","title":{"rendered":"Noka: Qeveria teknike \u00ebsht\u00eb nj\u00eb mision i yni","gt_translate_keys":[{"key":"rendered","format":"text"}]},"content":{"rendered":"<p style=\"text-align: left;\"><span style=\"color: #000000;\"><img loading=\"lazy\" decoding=\"async\" class=\"alignnone size-full wp-image-659000\" src=\"https:\/\/www.hashtag.al\/wp-content\/uploads\/2024\/03\/WhatsApp-Image-2024-03-05-at-18.31.10.jpeg\" alt=\"\" width=\"1280\" height=\"720\" srcset=\"https:\/\/www.hashtag.al\/wp-content\/uploads\/2024\/03\/WhatsApp-Image-2024-03-05-at-18.31.10.jpeg 1280w, https:\/\/www.hashtag.al\/wp-content\/uploads\/2024\/03\/WhatsApp-Image-2024-03-05-at-18.31.10-300x169.jpeg 300w, https:\/\/www.hashtag.al\/wp-content\/uploads\/2024\/03\/WhatsApp-Image-2024-03-05-at-18.31.10-1024x576.jpeg 1024w, https:\/\/www.hashtag.al\/wp-content\/uploads\/2024\/03\/WhatsApp-Image-2024-03-05-at-18.31.10-768x432.jpeg 768w\" sizes=\"auto, (max-width: 1280px) 100vw, 1280px\" \/><\/span><\/p>\n<p style=\"text-align: left;\"><span style=\"color: #000000;\">Deputeti i PD-s\u00eb Flamur Noka n\u00eb p\u00ebrfundim t\u00eb mbledhjes s\u00eb K\u00ebshillit Komb\u00ebtar Partis\u00eb Demokratike, tha se misioni i k\u00ebsaj force politike \u00ebsht\u00eb q\u00eb t\u00eb rikthej\u00eb demokracin\u00eb p\u00ebrmes vot\u00ebs s\u00eb lir\u00eb.<\/span><\/p>\n<p style=\"text-align: left;\"><span style=\"color: #000000;\">Sipas tij, q\u00eb t\u00eb rikthehet vota e lir\u00eb, duhet nj\u00eb qeveri teknike.<\/span><\/p>\n<p style=\"text-align: left;\"><span style=\"color: #000000;\"><em>\u201cShqiptar\u00ebt prej 10 vitesh nuk votojn\u00eb t\u00eb lir\u00eb. Regjimi i Edi Ram\u00ebs, blen, vjedh dhe shantazhin vot\u00ebn. Ky \u00ebsht\u00eb nj\u00eb mision i yni, q\u00eb t\u00eb rikthehet vota e lir\u00eb do t\u00eb duhet nj\u00eb qeveri teknike.<\/em><\/span><\/p>\n<p style=\"text-align: left;\"><span style=\"color: #000000;\"><em>Kjo do t\u00eb jet\u00eb motoja e betej\u00ebs dhe aksionit ton\u00eb. Shqip\u00ebris\u00eb duhet ti rikthehet vota,\u00a0 demokracia dhe liria\u201d,<\/em> tha Noka.<\/span><\/p>\n<p style=\"text-align: left;\"><span style=\"color: #000000;\">Sa i p\u00ebrket votimit, Noka tha se kryesia votoi n\u00eb m\u00ebnyr\u00eb unanime dhe se ia \u00e7uan K\u00ebshillit Komb\u00ebtar, i cili sipas tij votoi p\u00ebr bashkimin e demokrat\u00ebve.<\/span><\/p>\n<p style=\"text-align: left;\"><span style=\"color: #000000;\"><em>\u201cKryesia nuk voton, kryesia miratoi n\u00eb m\u00ebnyr\u00eb unanime\u00a0 dhe ja coj K\u00ebshillit Komb\u00ebtar. K\u00ebshilli Komb\u00ebtar kishte 6 vota kund\u00ebr dhe votoi n\u00eb m\u00ebnyr\u00eb unanime k\u00ebt\u00eb proces bashkimi aq shum\u00eb t\u00eb pritur\u201d,<\/em> shtoi ai.<\/span><\/p>\n<p style=\"text-align: left;\"><span style=\"color: #000000;\">Nd\u00ebrsa i pyetur p\u00ebr qeverin\u00eb teknike, Noka iu shmang pyetjes p\u00ebr emrin e kryeministrit, ku deklaroi se qeveria teknike \u00ebsht\u00eb nj\u00eb mision i tyre.<\/span><\/p>\n<p style=\"text-align: left;\"><span style=\"color: #000000;\"><em>\u201cN\u00eb tradit\u00ebn e PD-s\u00eb dhe demokracis\u00eb, kryeminist\u00ebr b\u00ebhet ai q\u00eb ka m\u00eb shum\u00eb vota. Sot ne nuk jemi forca e dyt\u00eb, por e par\u00eb. Qeveria teknike \u00ebsht\u00eb nj\u00eb mision i yni\u201d,<\/em> deklaroi Flamur Noka.<\/span><\/p>\n","protected":false,"gt_translate_keys":[{"key":"rendered","format":"html"}]},"excerpt":{"rendered":"<p>Deputeti i PD-s\u00eb Flamur Noka n\u00eb p\u00ebrfundim t\u00eb mbledhjes s\u00eb K\u00ebshillit Komb\u00ebtar Partis\u00eb Demokratike, tha se misioni i k\u00ebsaj force politike \u00ebsht\u00eb q\u00eb t\u00eb rikthej\u00eb demokracin\u00eb p\u00ebrmes vot\u00ebs s\u00eb lir\u00eb. Sipas tij, q\u00eb t\u00eb rikthehet vota e lir\u00eb, duhet nj\u00eb qeveri teknike. \u201cShqiptar\u00ebt prej 10 vitesh nuk votojn\u00eb t\u00eb lir\u00eb. Regjimi i Edi Ram\u00ebs, blen, [&hellip;]<\/p>\n","protected":false,"gt_translate_keys":[{"key":"rendered","format":"html"}]},"author":4,"featured_media":659000,"comment_status":"closed","ping_status":"open","sticky":false,"template":"","format":"standard","meta":{"footnotes":""},"categories":[65],"tags":[],"class_list":["post-658999","post","type-post","status-publish","format-standard","has-post-thumbnail","hentry","category-lajme"],"gt_translate_keys":[{"key":"link","format":"url"}],"_links":{"self":[{"href":"https:\/\/www.hashtag.al\/index.php\/wp-json\/wp\/v2\/posts\/658999","targetHints":{"allow":["GET"]}}],"collection":[{"href":"https:\/\/www.hashtag.al\/index.php\/wp-json\/wp\/v2\/posts"}],"about":[{"href":"https:\/\/www.hashtag.al\/index.php\/wp-json\/wp\/v2\/types\/post"}],"author":[{"embeddable":true,"href":"https:\/\/www.hashtag.al\/index.php\/wp-json\/wp\/v2\/users\/4"}],"replies":[{"embeddable":true,"href":"https:\/\/www.hashtag.al\/index.php\/wp-json\/wp\/v2\/comments?post=658999"}],"version-history":[{"count":0,"href":"https:\/\/www.hashtag.al\/index.php\/wp-json\/wp\/v2\/posts\/658999\/revisions"}],"wp:featuredmedia":[{"embeddable":true,"href":"https:\/\/www.hashtag.al\/index.php\/wp-json\/wp\/v2\/media\/659000"}],"wp:attachment":[{"href":"https:\/\/www.hashtag.al\/index.php\/wp-json\/wp\/v2\/media?parent=658999"}],"wp:term":[{"taxonomy":"category","embeddable":true,"href":"https:\/\/www.hashtag.al\/index.php\/wp-json\/wp\/v2\/categories?post=658999"},{"taxonomy":"post_tag","embeddable":true,"href":"https:\/\/www.hashtag.al\/index.php\/wp-json\/wp\/v2\/tags?post=658999"}],"curies":[{"name":"wp","href":"https:\/\/api.w.org\/{rel}","templated":true}]}}