{"id":658773,"date":"2024-03-04T20:47:22","date_gmt":"2024-03-04T19:47:22","guid":{"rendered":"https:\/\/www.hashtag.al\/?p=658773"},"modified":"2024-03-04T20:47:22","modified_gmt":"2024-03-04T19:47:22","slug":"erdogan-ne-vere-do-ta-zgjidhim-problemin-ne-kufirin-me-irakun","status":"publish","type":"post","link":"https:\/\/www.hashtag.al\/index.php\/2024\/03\/04\/erdogan-ne-vere-do-ta-zgjidhim-problemin-ne-kufirin-me-irakun\/","title":{"rendered":"Erdogan: N\u00eb ver\u00eb do ta zgjidhim problemin n\u00eb kufirin me Irakun","gt_translate_keys":[{"key":"rendered","format":"text"}]},"content":{"rendered":"<p style=\"text-align: left;\"><span style=\"color: #000000;\"><img loading=\"lazy\" decoding=\"async\" class=\"size-full wp-image-658775 aligncenter\" src=\"https:\/\/www.hashtag.al\/wp-content\/uploads\/2024\/03\/Screenshot-2024-03-04-194035.png\" alt=\"\" width=\"857\" height=\"480\" srcset=\"https:\/\/www.hashtag.al\/wp-content\/uploads\/2024\/03\/Screenshot-2024-03-04-194035.png 857w, https:\/\/www.hashtag.al\/wp-content\/uploads\/2024\/03\/Screenshot-2024-03-04-194035-300x168.png 300w, https:\/\/www.hashtag.al\/wp-content\/uploads\/2024\/03\/Screenshot-2024-03-04-194035-768x430.png 768w\" sizes=\"auto, (max-width: 857px) 100vw, 857px\" \/><\/span><\/p>\n<p style=\"text-align: left;\"><span style=\"color: #000000;\">Turqia do t\u00eb forcoj\u00eb kordonin rreth kryengrit\u00ebsve t\u00eb grupit kurd PKK n\u00eb Irak dhe problemi do t\u00eb zgjidhet p\u00ebrfundimisht k\u00ebt\u00eb ver\u00eb, ka b\u00ebr\u00eb t\u00eb qart\u00eb Recep Tayyip Erdogan, nj\u00eb deklarat\u00eb e interpretuar si nj\u00eb paralajm\u00ebrim i p\u00ebrshkall\u00ebzimit t\u00eb operacioneve ushtarake.<\/span><\/p>\n<p style=\"text-align: left;\"><span style=\"color: #000000;\">Konkretisht, pas mbledhjes s\u00eb kabinetit, presidenti turk tha: \u201c<em>Ne jemi gati t\u00eb mbyllim kordonin q\u00eb do t\u00eb siguroj\u00eb kufirin ton\u00eb me Irakun. Dasht\u00eb Zoti, ne do ta kemi zgjidhur p\u00ebrfundimisht \u00e7\u00ebshtjen n\u00eb kufirin ton\u00eb me Irakun k\u00ebt\u00eb ver\u00eb. Ne i b\u00ebjm\u00eb thirrje t\u00eb gjith\u00ebve n\u00eb zon\u00eb t\u00eb respektojn\u00eb strategjin\u00eb ton\u00eb t\u00eb siguris\u00eb, t\u00eb cil\u00ebn ua kemi p\u00ebrshkruar qart\u00eb. P\u00ebrndryshe, ata vet\u00eb do t\u00eb jen\u00eb shkaku i tensioneve q\u00eb do t\u00eb lindin<\/em>\u201d.<\/span><\/p>\n<p style=\"text-align: left;\"><span style=\"color: #000000;\">Duke iu referuar luft\u00ebs n\u00eb Gaza, Rexhep Tajip Erdogan tha se nd\u00ebrtesa e par\u00eb e nj\u00eb vendbanimi hebre do t\u00eb mjaftonte n\u00eb vetvete p\u00ebr t\u00eb treguar se shkaku i k\u00ebsaj mizorie nuk \u00ebsht\u00eb asgj\u00eb tjet\u00ebr, \u201c<em>por vet\u00ebm vjedhja, imoraliteti dhe \u00e7nderimi<\/em>\u201c.<\/span><\/p>\n<p style=\"text-align: left;\"><span style=\"color: #000000;\">N\u00eb t\u00eb nj\u00ebjt\u00ebn koh\u00eb, ai iu referua edhe industris\u00eb turke t\u00eb mbrojtjes, duke th\u00ebn\u00eb se Turqia \u00ebsht\u00eb n\u00eb tre vendet e para t\u00eb eksportit n\u00eb bot\u00eb n\u00eb teknologjin\u00eb e dron\u00ebve t\u00eb armatosur dhe n\u00eb krye t\u00eb eksporteve t\u00eb tyre.\u00a0<em>\u201cVet\u00ebm vitin e kaluar, eksportet e dron\u00ebve arrit\u00ebn n\u00eb 1.8 miliard\u00eb dollar\u00eb\u201d<\/em>, shtoi presidenti turk.<\/span><\/p>\n","protected":false,"gt_translate_keys":[{"key":"rendered","format":"html"}]},"excerpt":{"rendered":"<p>Turqia do t\u00eb forcoj\u00eb kordonin rreth kryengrit\u00ebsve t\u00eb grupit kurd PKK n\u00eb Irak dhe problemi do t\u00eb zgjidhet p\u00ebrfundimisht k\u00ebt\u00eb ver\u00eb, ka b\u00ebr\u00eb t\u00eb qart\u00eb Recep Tayyip Erdogan, nj\u00eb deklarat\u00eb e interpretuar si nj\u00eb paralajm\u00ebrim i p\u00ebrshkall\u00ebzimit t\u00eb operacioneve ushtarake. Konkretisht, pas mbledhjes s\u00eb kabinetit, presidenti turk tha: \u201cNe jemi gati t\u00eb mbyllim kordonin q\u00eb [&hellip;]<\/p>\n","protected":false,"gt_translate_keys":[{"key":"rendered","format":"html"}]},"author":4,"featured_media":658775,"comment_status":"closed","ping_status":"open","sticky":false,"template":"","format":"standard","meta":{"footnotes":""},"categories":[6],"tags":[],"class_list":["post-658773","post","type-post","status-publish","format-standard","has-post-thumbnail","hentry","category-nderkombetare"],"gt_translate_keys":[{"key":"link","format":"url"}],"_links":{"self":[{"href":"https:\/\/www.hashtag.al\/index.php\/wp-json\/wp\/v2\/posts\/658773","targetHints":{"allow":["GET"]}}],"collection":[{"href":"https:\/\/www.hashtag.al\/index.php\/wp-json\/wp\/v2\/posts"}],"about":[{"href":"https:\/\/www.hashtag.al\/index.php\/wp-json\/wp\/v2\/types\/post"}],"author":[{"embeddable":true,"href":"https:\/\/www.hashtag.al\/index.php\/wp-json\/wp\/v2\/users\/4"}],"replies":[{"embeddable":true,"href":"https:\/\/www.hashtag.al\/index.php\/wp-json\/wp\/v2\/comments?post=658773"}],"version-history":[{"count":0,"href":"https:\/\/www.hashtag.al\/index.php\/wp-json\/wp\/v2\/posts\/658773\/revisions"}],"wp:featuredmedia":[{"embeddable":true,"href":"https:\/\/www.hashtag.al\/index.php\/wp-json\/wp\/v2\/media\/658775"}],"wp:attachment":[{"href":"https:\/\/www.hashtag.al\/index.php\/wp-json\/wp\/v2\/media?parent=658773"}],"wp:term":[{"taxonomy":"category","embeddable":true,"href":"https:\/\/www.hashtag.al\/index.php\/wp-json\/wp\/v2\/categories?post=658773"},{"taxonomy":"post_tag","embeddable":true,"href":"https:\/\/www.hashtag.al\/index.php\/wp-json\/wp\/v2\/tags?post=658773"}],"curies":[{"name":"wp","href":"https:\/\/api.w.org\/{rel}","templated":true}]}}