{"id":658370,"date":"2024-03-02T21:34:12","date_gmt":"2024-03-02T20:34:12","guid":{"rendered":"https:\/\/www.hashtag.al\/?p=658370"},"modified":"2024-03-02T21:34:12","modified_gmt":"2024-03-02T20:34:12","slug":"rama-nis-turin-e-takimeve-ne-2025-duhet-te-marrim-nje-fitore-me-te-madhe-sesa-e-meparshmja","status":"publish","type":"post","link":"https:\/\/www.hashtag.al\/index.php\/2024\/03\/02\/rama-nis-turin-e-takimeve-ne-2025-duhet-te-marrim-nje-fitore-me-te-madhe-sesa-e-meparshmja\/","title":{"rendered":"Rama nis turin e takimeve: N\u00eb 2025 duhet t\u00eb marrim nj\u00eb fitore m\u00eb t\u00eb madhe sesa e m\u00ebparshmja","gt_translate_keys":[{"key":"rendered","format":"text"}]},"content":{"rendered":"<p style=\"text-align: left;\"><span style=\"color: #000000;\"><img loading=\"lazy\" decoding=\"async\" class=\"size-full wp-image-658371 aligncenter\" src=\"https:\/\/www.hashtag.al\/wp-content\/uploads\/2024\/03\/edi-rama.jpg\" alt=\"\" width=\"1334\" height=\"839\" srcset=\"https:\/\/www.hashtag.al\/wp-content\/uploads\/2024\/03\/edi-rama.jpg 1334w, https:\/\/www.hashtag.al\/wp-content\/uploads\/2024\/03\/edi-rama-300x189.jpg 300w, https:\/\/www.hashtag.al\/wp-content\/uploads\/2024\/03\/edi-rama-1024x644.jpg 1024w, https:\/\/www.hashtag.al\/wp-content\/uploads\/2024\/03\/edi-rama-768x483.jpg 768w\" sizes=\"auto, (max-width: 1334px) 100vw, 1334px\" \/><\/span><\/p>\n<p style=\"text-align: left;\"><span style=\"color: #000000;\">Kryeministri Edi Rama ka zbritur n\u00eb terren dhe ka nisur turin e takimeve me organizatat e Partis\u00eb Socialiste n\u00eb t\u00eb gjith\u00eb Shqip\u00ebrin\u00eb.<\/span><\/p>\n<p style=\"text-align: left;\"><span style=\"color: #000000;\">K\u00ebt\u00eb tur kreu socialist e nisi nga Elbasani, ku u takua me an\u00ebtar\u00ebt e dy organizatave socialiste.<\/span><\/p>\n<p style=\"text-align: left;\"><span style=\"color: #000000;\">N\u00eb fjal\u00ebn e tij Rama u shpreh se duhet nj\u00eb rienergjizim i organizat\u00ebs s\u00eb PS, nd\u00ebrsa synimi jan\u00eb zgjedhjet e ardhshme parlamentare. Sipas tij n\u00eb 2025 PS duhet t\u00eb marr\u00eb nj\u00eb fitore m\u00eb t\u00eb madhe sesa ajo e m\u00ebparshmja.<\/span><\/p>\n<p style=\"text-align: left;\"><span style=\"color: #000000;\"><em>\u201cJo rast\u00ebsisht un\u00eb erdha p\u00ebr t\u00eb takuar dy organizata t\u00eb Partis\u00eb Socialiste dhe jo vet\u00ebm drejtuesit, deputet\u00ebt me t\u00eb cil\u00ebt takohemi zakonisht dhe po k\u00ebshtu do t\u00eb shkoj n\u00eb t\u00eb gjith\u00eb Shqip\u00ebrin\u00eb gjat\u00eb k\u00ebtyre dit\u00ebve p\u00ebr t\u00eb takuar organizatat socialiste.<\/em><\/span><\/p>\n<p style=\"text-align: left;\"><span style=\"color: #000000;\"><em>Ne, fal\u00eb faktit q\u00eb kemi punuar seriozisht, fal\u00eb faktit q\u00eb jemi organizuar mir\u00eb, fal\u00eb faktit q\u00eb jemi angazhuar m\u00eb shum\u00eb se t\u00eb tjer\u00ebt, kemi arritur di\u00e7ka q\u00eb n\u00eb fillim, kur mor\u00ebm k\u00ebt\u00eb detyr\u00eb, dukej e pamundur. Kemi arritur q\u00eb t\u00eb marrim dy mandate me nj\u00eb shumic\u00eb t\u00eb pavarur nga t\u00eb tjer\u00ebt.<\/em><\/span><\/p>\n<p style=\"text-align: left;\"><span style=\"color: #000000;\"><em>Partia Socialiste duhet t\u00eb jet\u00eb n\u00eb gjendje q\u00eb t\u00eb ruaj\u00eb lidershipin, t\u00eb garantoj\u00eb hegjemonin\u00eb e vet n\u00eb jet\u00ebn politike shqiptare. Ne na duhet nj\u00eb rienergjizim i organizat\u00ebs s\u00eb Partis\u00eb Socialiste, n\u00eb radh\u00eb t\u00eb par\u00eb, dhe pastaj nj\u00eb rienergjizim i strukturave tona m\u00eb lart dhe nj\u00eb rienergjizim i gjith\u00eb procesit qeveris\u00ebs. Ne, n\u00eb 2025 duhet t\u00eb marrim nj\u00eb fitore m\u00eb t\u00eb madhe sesa e m\u00ebparshmja\u201d<\/em>, tha Rama.<\/span><\/p>\n<p><iframe loading=\"lazy\" style=\"border: none; overflow: hidden;\" src=\"https:\/\/www.facebook.com\/plugins\/video.php?height=314&amp;href=https%3A%2F%2Fwww.facebook.com%2Fediramaal%2Fvideos%2F1507445883495968%2F&amp;show_text=false&amp;width=560&amp;t=0\" width=\"560\" height=\"314\" frameborder=\"0\" scrolling=\"no\" allowfullscreen=\"allowfullscreen\"><\/iframe><\/p>\n","protected":false,"gt_translate_keys":[{"key":"rendered","format":"html"}]},"excerpt":{"rendered":"<p>Kryeministri Edi Rama ka zbritur n\u00eb terren dhe ka nisur turin e takimeve me organizatat e Partis\u00eb Socialiste n\u00eb t\u00eb gjith\u00eb Shqip\u00ebrin\u00eb. K\u00ebt\u00eb tur kreu socialist e nisi nga Elbasani, ku u takua me an\u00ebtar\u00ebt e dy organizatave socialiste. N\u00eb fjal\u00ebn e tij Rama u shpreh se duhet nj\u00eb rienergjizim i organizat\u00ebs s\u00eb PS, nd\u00ebrsa [&hellip;]<\/p>\n","protected":false,"gt_translate_keys":[{"key":"rendered","format":"html"}]},"author":4,"featured_media":658371,"comment_status":"closed","ping_status":"open","sticky":false,"template":"","format":"standard","meta":{"footnotes":""},"categories":[65],"tags":[],"class_list":["post-658370","post","type-post","status-publish","format-standard","has-post-thumbnail","hentry","category-lajme"],"gt_translate_keys":[{"key":"link","format":"url"}],"_links":{"self":[{"href":"https:\/\/www.hashtag.al\/index.php\/wp-json\/wp\/v2\/posts\/658370","targetHints":{"allow":["GET"]}}],"collection":[{"href":"https:\/\/www.hashtag.al\/index.php\/wp-json\/wp\/v2\/posts"}],"about":[{"href":"https:\/\/www.hashtag.al\/index.php\/wp-json\/wp\/v2\/types\/post"}],"author":[{"embeddable":true,"href":"https:\/\/www.hashtag.al\/index.php\/wp-json\/wp\/v2\/users\/4"}],"replies":[{"embeddable":true,"href":"https:\/\/www.hashtag.al\/index.php\/wp-json\/wp\/v2\/comments?post=658370"}],"version-history":[{"count":0,"href":"https:\/\/www.hashtag.al\/index.php\/wp-json\/wp\/v2\/posts\/658370\/revisions"}],"wp:featuredmedia":[{"embeddable":true,"href":"https:\/\/www.hashtag.al\/index.php\/wp-json\/wp\/v2\/media\/658371"}],"wp:attachment":[{"href":"https:\/\/www.hashtag.al\/index.php\/wp-json\/wp\/v2\/media?parent=658370"}],"wp:term":[{"taxonomy":"category","embeddable":true,"href":"https:\/\/www.hashtag.al\/index.php\/wp-json\/wp\/v2\/categories?post=658370"},{"taxonomy":"post_tag","embeddable":true,"href":"https:\/\/www.hashtag.al\/index.php\/wp-json\/wp\/v2\/tags?post=658370"}],"curies":[{"name":"wp","href":"https:\/\/api.w.org\/{rel}","templated":true}]}}