{"id":658354,"date":"2024-03-02T20:06:56","date_gmt":"2024-03-02T19:06:56","guid":{"rendered":"https:\/\/www.hashtag.al\/?p=658354"},"modified":"2024-03-02T20:06:56","modified_gmt":"2024-03-02T19:06:56","slug":"krisje-mes-gjermanise-dhe-frances-macron-e-sheh-scholz-si-lider-pa-guxim","status":"publish","type":"post","link":"https:\/\/www.hashtag.al\/index.php\/2024\/03\/02\/krisje-mes-gjermanise-dhe-frances-macron-e-sheh-scholz-si-lider-pa-guxim\/","title":{"rendered":"Krisje mes Gjermanis\u00eb dhe Franc\u00ebs, Macron e sheh Scholz si lider pa guxim","gt_translate_keys":[{"key":"rendered","format":"text"}]},"content":{"rendered":"<p style=\"text-align: left;\"><span style=\"color: #000000;\"><img loading=\"lazy\" decoding=\"async\" class=\"size-full wp-image-658355 aligncenter\" src=\"https:\/\/www.hashtag.al\/wp-content\/uploads\/2024\/03\/65e33c7620302772a6752089.jpg\" alt=\"\" width=\"768\" height=\"432\" srcset=\"https:\/\/www.hashtag.al\/wp-content\/uploads\/2024\/03\/65e33c7620302772a6752089.jpg 768w, https:\/\/www.hashtag.al\/wp-content\/uploads\/2024\/03\/65e33c7620302772a6752089-300x169.jpg 300w\" sizes=\"auto, (max-width: 768px) 100vw, 768px\" \/><\/span><\/p>\n<p style=\"text-align: left;\"><span style=\"color: #000000;\">Marr\u00ebdh\u00ebnia midis kancelarit gjerman Olaf Scholz dhe presidentit francez Emmanuel Macron ka qen\u00eb prej koh\u00ebsh e tensionuar, por refuzimi i fundit i Macron p\u00ebr t\u00eb p\u00ebrjashtuar d\u00ebrgimin e trupave n\u00eb Ukrain\u00eb ka \u00e7uar tensionet n\u00eb pik\u00ebn e vlimit, raportoi Bloomberg t\u00eb premten.<\/span><\/p>\n<p style=\"text-align: left;\"><span style=\"color: #000000;\">P\u00ebr\u00e7arja midis Parisit dhe Berlinit u ekspozua n\u00eb fillim t\u00eb k\u00ebsaj jave kur Macron deklaroi se nd\u00ebrsa \u201cnuk ka konsensus p\u00ebr t\u00eb d\u00ebrguar trupa n\u00eb terren\u201d n\u00eb Ukrain\u00eb, \u201cne nuk mund t\u00eb p\u00ebrjashtojm\u00eb asgj\u00eb\u201d.<\/span><\/p>\n<p style=\"text-align: left;\"><span style=\"color: #000000;\">Duke u p\u00ebrgjigjur nj\u00eb dit\u00eb m\u00eb von\u00eb, Scholz u tha gazetar\u00ebve se \u201cnuk do t\u00eb ket\u00eb trupa tok\u00ebsore, nuk do t\u00eb ket\u00eb ushtar\u00eb n\u00eb tok\u00ebn ukrainase, t\u00eb cil\u00ebt d\u00ebrgohen atje nga vendet evropiane ose t\u00eb NATO-s\u201d dhe se udh\u00ebheq\u00ebsit e aleanc\u00ebs ishin \u201cunanim sa i p\u00ebrket k\u00ebsaj \u00e7\u00ebshtjeje. \u201d<\/span><\/p>\n<p style=\"text-align: left;\"><span style=\"color: #000000;\">Deklarata e Macron ishte \u201cq\u00ebllimisht e paqart\u00eb\u201d dhe synonte \u201ct\u00eb krijonte pasiguri n\u00eb mendjen e planifikuesve ushtarak\u00eb rus\u00eb\u201d, raportoi Bloomberg. Megjithat\u00eb, ajo u b\u00eb \u201ckund\u00ebr d\u00ebshirave t\u00eb shprehura t\u00eb zyr\u00ebs s\u00eb Scholz\u201d, raportoi Bloomberg.<\/span><\/p>\n<p style=\"text-align: left;\"><span style=\"color: #000000;\">Macron vazhdoi komentin e tij duke thirrur an\u00ebtar\u00ebt e NATO-s t\u00eb cil\u00ebt i kishin ofruar Ukrain\u00ebs asgj\u00eb tjet\u00ebr ve\u00e7se \u201chelmeta dhe \u00e7anta\u201d kur konflikti me Rusin\u00eb filloi n\u00eb shkurt 2022. Sipas Bloomberg, kjo u perceptua si nj\u00eb fyerje nga kancelari gjerman, duke pasur parasysh se Scholz e kap\u00ebrceu me shpejt\u00ebsi hezitimin e tij fillestar p\u00ebr t\u00eb d\u00ebrguar arm\u00eb n\u00eb Ukrain\u00eb, me Gjermanin\u00eb q\u00eb tani \u00ebsht\u00eb ofruesi i dyt\u00eb m\u00eb i madh i Kievit p\u00ebr ndihm\u00ebn ushtarake.<\/span><\/p>\n<p style=\"text-align: left;\"><span style=\"color: #000000;\">Pavar\u00ebsisht gatishm\u00ebris\u00eb s\u00eb dukshme t\u00eb Macron p\u00ebr t\u00eb p\u00ebrshkall\u00ebzuar konfliktin, Gjermania i ka d\u00ebrguar Ukrain\u00ebs 27 her\u00eb m\u00eb shum\u00eb ndihm\u00eb ushtarake sesa Franca, sipas shifrave nga Instituti Kiel p\u00ebr Ekonomin\u00eb Bot\u00ebrore.<\/span><\/p>\n<p style=\"text-align: left;\"><span style=\"color: #000000;\">\u201cN\u00eb Berlin,\u201d vuri n\u00eb dukje Bloomberg, \u201cMacron shihet si nj\u00eb figur\u00eb monarkike q\u00eb \u00ebsht\u00eb m\u00eb mir\u00eb n\u00eb nxjerrjen e vizioneve madh\u00ebshtore sesa n\u00eb realizimin e tij.\u201d Ndihm\u00ebsit e af\u00ebrt t\u00eb Scholz-it pranuan p\u00ebr Bloomberg se \u201ct\u00eb dy nuk shkojn\u00eb mir\u00eb\u201d.<\/span><\/p>\n<p style=\"text-align: left;\"><span style=\"color: #000000;\">Nga ana tjet\u00ebr, \u201cMacron e sheh Scholz-in si nj\u00eb lider pa guxim dhe ambicie q\u00eb nuk mund t\u00eb mendoj\u00eb p\u00ebrtej afatit t\u00eb shkurt\u00ebr\u201d, tha nj\u00eb zyrtar francez p\u00ebr faqen amerikane t\u00eb lajmeve.<\/span><\/p>\n","protected":false,"gt_translate_keys":[{"key":"rendered","format":"html"}]},"excerpt":{"rendered":"<p>Marr\u00ebdh\u00ebnia midis kancelarit gjerman Olaf Scholz dhe presidentit francez Emmanuel Macron ka qen\u00eb prej koh\u00ebsh e tensionuar, por refuzimi i fundit i Macron p\u00ebr t\u00eb p\u00ebrjashtuar d\u00ebrgimin e trupave n\u00eb Ukrain\u00eb ka \u00e7uar tensionet n\u00eb pik\u00ebn e vlimit, raportoi Bloomberg t\u00eb premten. P\u00ebr\u00e7arja midis Parisit dhe Berlinit u ekspozua n\u00eb fillim t\u00eb k\u00ebsaj jave kur [&hellip;]<\/p>\n","protected":false,"gt_translate_keys":[{"key":"rendered","format":"html"}]},"author":4,"featured_media":658355,"comment_status":"closed","ping_status":"open","sticky":false,"template":"","format":"standard","meta":{"footnotes":""},"categories":[6],"tags":[],"class_list":["post-658354","post","type-post","status-publish","format-standard","has-post-thumbnail","hentry","category-nderkombetare"],"gt_translate_keys":[{"key":"link","format":"url"}],"_links":{"self":[{"href":"https:\/\/www.hashtag.al\/index.php\/wp-json\/wp\/v2\/posts\/658354","targetHints":{"allow":["GET"]}}],"collection":[{"href":"https:\/\/www.hashtag.al\/index.php\/wp-json\/wp\/v2\/posts"}],"about":[{"href":"https:\/\/www.hashtag.al\/index.php\/wp-json\/wp\/v2\/types\/post"}],"author":[{"embeddable":true,"href":"https:\/\/www.hashtag.al\/index.php\/wp-json\/wp\/v2\/users\/4"}],"replies":[{"embeddable":true,"href":"https:\/\/www.hashtag.al\/index.php\/wp-json\/wp\/v2\/comments?post=658354"}],"version-history":[{"count":0,"href":"https:\/\/www.hashtag.al\/index.php\/wp-json\/wp\/v2\/posts\/658354\/revisions"}],"wp:featuredmedia":[{"embeddable":true,"href":"https:\/\/www.hashtag.al\/index.php\/wp-json\/wp\/v2\/media\/658355"}],"wp:attachment":[{"href":"https:\/\/www.hashtag.al\/index.php\/wp-json\/wp\/v2\/media?parent=658354"}],"wp:term":[{"taxonomy":"category","embeddable":true,"href":"https:\/\/www.hashtag.al\/index.php\/wp-json\/wp\/v2\/categories?post=658354"},{"taxonomy":"post_tag","embeddable":true,"href":"https:\/\/www.hashtag.al\/index.php\/wp-json\/wp\/v2\/tags?post=658354"}],"curies":[{"name":"wp","href":"https:\/\/api.w.org\/{rel}","templated":true}]}}