{"id":658330,"date":"2024-03-02T21:19:47","date_gmt":"2024-03-02T20:19:47","guid":{"rendered":"https:\/\/www.hashtag.al\/?p=658330"},"modified":"2024-03-02T21:19:47","modified_gmt":"2024-03-02T20:19:47","slug":"lufta-ukraine-rusi-zelensky-thirrje-perendimit-per-arme","status":"publish","type":"post","link":"https:\/\/www.hashtag.al\/index.php\/2024\/03\/02\/lufta-ukraine-rusi-zelensky-thirrje-perendimit-per-arme\/","title":{"rendered":"Lufta Ukrain\u00eb-Rusi, Zelensky thirrje Per\u00ebndimit p\u00ebr arm\u00eb","gt_translate_keys":[{"key":"rendered","format":"text"}]},"content":{"rendered":"<p style=\"text-align: left;\"><span style=\"color: #000000;\"><img loading=\"lazy\" decoding=\"async\" class=\"size-full wp-image-657434 aligncenter\" src=\"https:\/\/www.hashtag.al\/wp-content\/uploads\/2024\/02\/hamas-ezgif.com-avif-to-jpg-converter.jpg\" alt=\"\" width=\"1080\" height=\"703\" srcset=\"https:\/\/www.hashtag.al\/wp-content\/uploads\/2024\/02\/hamas-ezgif.com-avif-to-jpg-converter.jpg 1080w, https:\/\/www.hashtag.al\/wp-content\/uploads\/2024\/02\/hamas-ezgif.com-avif-to-jpg-converter-300x195.jpg 300w, https:\/\/www.hashtag.al\/wp-content\/uploads\/2024\/02\/hamas-ezgif.com-avif-to-jpg-converter-1024x667.jpg 1024w, https:\/\/www.hashtag.al\/wp-content\/uploads\/2024\/02\/hamas-ezgif.com-avif-to-jpg-converter-768x500.jpg 768w\" sizes=\"auto, (max-width: 1080px) 100vw, 1080px\" \/><\/span><\/p>\n<p style=\"text-align: left;\"><span style=\"color: #000000;\">Presidenti ukrainas, Volodymyr Zelensky i b\u00ebri thirrje Per\u00ebndimit q\u00eb t\u00eb dor\u00ebzoj\u00eb m\u00eb shum\u00eb sisteme t\u00eb mbrojtjes ajrore pasi t\u00eb pakt\u00ebn pes\u00eb persona vdiq\u00ebn n\u00eb nj\u00eb sulm n\u00eb Odesa.<\/span><\/p>\n<p style=\"text-align: left;\"><span style=\"color: #000000;\">Nj\u00eb tre-vje\u00e7ar ishte n\u00eb mesin e t\u00eb vrar\u00ebve nga nj\u00eb dron rus n\u00eb qytetin jugor, than\u00eb zyrtar\u00ebt. Dy persona t\u00eb tjer\u00eb vdiq\u00ebn n\u00eb greva diku tjet\u00ebr n\u00eb Ukrain\u00eb, shkruan\u00a0<span style=\"color: #0000ff;\"><a style=\"color: #0000ff;\" href=\"https:\/\/www.bbc.com\/news\/world-europe-68455874\"><strong>BBC<\/strong><\/a>.<\/span><\/span><\/p>\n<p style=\"text-align: left;\"><span style=\"color: #000000;\"><em>\u201cRusia vazhdon t\u00eb luftoj\u00eb kund\u00ebr civil\u00ebve<\/em>\u201d, tha Presidenti Zelensky.<\/span><\/p>\n<p style=\"text-align: left;\"><span style=\"color: #000000;\">Ukraina \u00ebsht\u00eb n\u00eb mbrojtje pasi forcat ruse mor\u00ebn kontrollin e qytetit lindor t\u00eb Avdiivka muajin e kaluar.<\/span><\/p>\n<p style=\"text-align: left;\"><span style=\"color: #000000;\">Komandanti i P\u00ebrgjithsh\u00ebm i Forcave t\u00eb Armatosura ka sinjalizuar se do t\u00eb z\u00ebvend\u00ebsoj\u00eb disa drejtues ushtarak\u00eb n\u00eb frontin lindor.<\/span><\/p>\n<p style=\"text-align: left;\"><span style=\"color: #000000;\">N\u00eb nj\u00eb postim n\u00eb Telegram t\u00eb shtun\u00ebn, ministri i Brendsh\u00ebm Ihor Klymenko tha se nj\u00eb nd\u00ebrtes\u00eb n\u00ebnt\u00ebkat\u00ebshe ishte shkat\u00ebrruar si rezultat i \u201cnj\u00eb sulmi nga terrorist\u00ebt rus\u00eb\u201d n\u00eb Odesa.<\/span><\/p>\n<p style=\"text-align: left;\"><span style=\"color: #000000;\">Pamjet nga vendi i ngjarjes treguan se disa kate t\u00eb nj\u00eb pallati banimi ishin shkat\u00ebrruar.<\/span><\/p>\n","protected":false,"gt_translate_keys":[{"key":"rendered","format":"html"}]},"excerpt":{"rendered":"<p>Presidenti ukrainas, Volodymyr Zelensky i b\u00ebri thirrje Per\u00ebndimit q\u00eb t\u00eb dor\u00ebzoj\u00eb m\u00eb shum\u00eb sisteme t\u00eb mbrojtjes ajrore pasi t\u00eb pakt\u00ebn pes\u00eb persona vdiq\u00ebn n\u00eb nj\u00eb sulm n\u00eb Odesa. Nj\u00eb tre-vje\u00e7ar ishte n\u00eb mesin e t\u00eb vrar\u00ebve nga nj\u00eb dron rus n\u00eb qytetin jugor, than\u00eb zyrtar\u00ebt. Dy persona t\u00eb tjer\u00eb vdiq\u00ebn n\u00eb greva diku tjet\u00ebr n\u00eb [&hellip;]<\/p>\n","protected":false,"gt_translate_keys":[{"key":"rendered","format":"html"}]},"author":4,"featured_media":657434,"comment_status":"closed","ping_status":"open","sticky":false,"template":"","format":"standard","meta":{"footnotes":""},"categories":[6],"tags":[],"class_list":["post-658330","post","type-post","status-publish","format-standard","has-post-thumbnail","hentry","category-nderkombetare"],"gt_translate_keys":[{"key":"link","format":"url"}],"_links":{"self":[{"href":"https:\/\/www.hashtag.al\/index.php\/wp-json\/wp\/v2\/posts\/658330","targetHints":{"allow":["GET"]}}],"collection":[{"href":"https:\/\/www.hashtag.al\/index.php\/wp-json\/wp\/v2\/posts"}],"about":[{"href":"https:\/\/www.hashtag.al\/index.php\/wp-json\/wp\/v2\/types\/post"}],"author":[{"embeddable":true,"href":"https:\/\/www.hashtag.al\/index.php\/wp-json\/wp\/v2\/users\/4"}],"replies":[{"embeddable":true,"href":"https:\/\/www.hashtag.al\/index.php\/wp-json\/wp\/v2\/comments?post=658330"}],"version-history":[{"count":0,"href":"https:\/\/www.hashtag.al\/index.php\/wp-json\/wp\/v2\/posts\/658330\/revisions"}],"wp:featuredmedia":[{"embeddable":true,"href":"https:\/\/www.hashtag.al\/index.php\/wp-json\/wp\/v2\/media\/657434"}],"wp:attachment":[{"href":"https:\/\/www.hashtag.al\/index.php\/wp-json\/wp\/v2\/media?parent=658330"}],"wp:term":[{"taxonomy":"category","embeddable":true,"href":"https:\/\/www.hashtag.al\/index.php\/wp-json\/wp\/v2\/categories?post=658330"},{"taxonomy":"post_tag","embeddable":true,"href":"https:\/\/www.hashtag.al\/index.php\/wp-json\/wp\/v2\/tags?post=658330"}],"curies":[{"name":"wp","href":"https:\/\/api.w.org\/{rel}","templated":true}]}}