{"id":658280,"date":"2024-03-02T15:10:47","date_gmt":"2024-03-02T14:10:47","guid":{"rendered":"https:\/\/www.hashtag.al\/?p=658280"},"modified":"2024-03-02T15:11:23","modified_gmt":"2024-03-02T14:11:23","slug":"forumi-i-antalias-ministri-hasani-be-ka-potencialin-per-tu-bere-nje-lojtar-i-vertete-global","status":"publish","type":"post","link":"https:\/\/www.hashtag.al\/index.php\/2024\/03\/02\/forumi-i-antalias-ministri-hasani-be-ka-potencialin-per-tu-bere-nje-lojtar-i-vertete-global\/","title":{"rendered":"Forumi i Antalias, ministri Hasani: BE-ja ka potencialin p\u00ebr t\u2019u b\u00ebr\u00eb nj\u00eb lojtar i v\u00ebrtet\u00eb global","gt_translate_keys":[{"key":"rendered","format":"text"}]},"content":{"rendered":"<p><span style=\"color: #000000;\"><a href=\"https:\/\/www.hashtag.al\/wp-content\/uploads\/2024\/03\/21b8a1df-340d-4ea0-9316-23b7e6e8dfe7-770x435-1.jpg\"><img loading=\"lazy\" decoding=\"async\" class=\"aligncenter size-full wp-image-658281\" src=\"https:\/\/www.hashtag.al\/wp-content\/uploads\/2024\/03\/21b8a1df-340d-4ea0-9316-23b7e6e8dfe7-770x435-1.jpg\" alt=\"\" width=\"770\" height=\"435\" srcset=\"https:\/\/www.hashtag.al\/wp-content\/uploads\/2024\/03\/21b8a1df-340d-4ea0-9316-23b7e6e8dfe7-770x435-1.jpg 770w, https:\/\/www.hashtag.al\/wp-content\/uploads\/2024\/03\/21b8a1df-340d-4ea0-9316-23b7e6e8dfe7-770x435-1-300x169.jpg 300w, https:\/\/www.hashtag.al\/wp-content\/uploads\/2024\/03\/21b8a1df-340d-4ea0-9316-23b7e6e8dfe7-770x435-1-768x434.jpg 768w\" sizes=\"auto, (max-width: 770px) 100vw, 770px\" \/><\/a><\/span><\/p>\n<p><span style=\"color: #000000;\">I ftuar n\u00eb nj\u00eb nga panelet e Forumit t\u00eb Diplomacis\u00eb n\u00eb Antalia, ministrii p\u00ebr Evrop\u00ebn dhe Pun\u00ebt e Jashtme, Igli Hasani, tha se Bashkimi Evropian nuk duhet t\u00eb d\u00ebshtoj\u00eb n\u00eb form\u00ebsimin e tranzicionit, n\u00ebse d\u00ebshiron t\u00eb b\u00ebhet nj\u00eb aktor q\u00eb mund t\u00eb ndikoj\u00eb realisht n\u00eb ngjarjet n\u00eb Lindjen e Mesme ose Ukrain\u00eb ose kudo ku do t\u00eb ndodh\u00eb kriza e ardhshme.<\/span><\/p>\n<p><span style=\"color: #000000;\">Hasani vuri theksin n\u00eb p\u00ebrpjekjet e BE-s\u00eb p\u00ebr t\u2019u b\u00ebr\u00eb nj\u00eb aktor global.<\/span><\/p>\n<p><span style=\"color: #000000;\"><em>\u201cBE ka potencialin p\u00ebr t\u2019u b\u00ebr\u00eb nj\u00eb lojtar i v\u00ebrtet\u00eb global dhe nuk mund t\u2019i shmanget m\u00eb zgjedhjeve t\u00eb v\u00ebshtira. Aft\u00ebsia e Unionit p\u00ebr t\u00eb form\u00ebsuar tranzicionet fillon n\u00eb fqinj\u00ebsin\u00eb e tij t\u00eb af\u00ebrt dhe zgjerimi \u00ebsht\u00eb \u00e7el\u00ebsi p\u00ebr t\u00eb arritur k\u00ebt\u00eb q\u00ebllim\u201d, n\u00ebnvizoi Ministri Hasani. Sipas kryediplomatit shqiptar, e vetmja p\u00ebrgjigje ndaj krizave aktuale jan\u00eb p\u00ebrpjekjet e vazhdueshme p\u00ebr t\u00eb forcuar multilateralizmin.<\/em><\/span><\/p>\n<p><span style=\"color: #000000;\"><em>\u201cMultilateralizmi po vuan specifikisht n\u00eb dy dekadat e fundit. Kemi disa organizata nd\u00ebrkomb\u00ebtare q\u00eb nuk po japin at\u00eb q\u00eb pritet. Ne jemi ende zona gri n\u00eb stomakun e Evrop\u00ebs. Jemi rrethuar nga nj\u00eb kufi i BE, por ende nuk jemi t\u00eb integruar. Ende duke luftuar p\u00ebr t\u00eb zhvilluar tre elementet: demokracin\u00eb liberale bazuar n\u00eb sundimin e ligjit, ekonomin\u00eb e tregut t\u00eb lir\u00eb dhe lirin\u00eb dhe t\u00eb drejtat themelore t\u00eb njeriut\u201d.<\/em><\/span><\/p>\n<p><span style=\"color: #000000;\">N\u00eb edicionin e tret\u00eb t\u00eb tij, Forumi i Diplomacis\u00eb s\u00eb Antalias mblodhi krer\u00ebt e shteteve dhe qeverive, ministra, diplomat\u00eb, lider\u00eb biznesi, akademik\u00eb, ekspert\u00eb dhe p\u00ebrfaq\u00ebsues t\u00eb rinjsh dhe mediash p\u00ebr nj\u00eb debat gjith\u00ebp\u00ebrfshir\u00ebs. Tema kryesore e Forumit t\u00eb k\u00ebtij ishte \u201cP\u00ebrparimi i diplomacis\u00eb n\u00eb koh\u00eb trazirash\u201d.<\/span><\/p>\n","protected":false,"gt_translate_keys":[{"key":"rendered","format":"html"}]},"excerpt":{"rendered":"<p>I ftuar n\u00eb nj\u00eb nga panelet e Forumit t\u00eb Diplomacis\u00eb n\u00eb Antalia, ministrii p\u00ebr Evrop\u00ebn dhe Pun\u00ebt e Jashtme, Igli Hasani, tha se Bashkimi Evropian nuk duhet t\u00eb d\u00ebshtoj\u00eb n\u00eb form\u00ebsimin e tranzicionit, n\u00ebse d\u00ebshiron t\u00eb b\u00ebhet nj\u00eb aktor q\u00eb mund t\u00eb ndikoj\u00eb realisht n\u00eb ngjarjet n\u00eb Lindjen e Mesme ose Ukrain\u00eb ose kudo ku [&hellip;]<\/p>\n","protected":false,"gt_translate_keys":[{"key":"rendered","format":"html"}]},"author":30,"featured_media":658281,"comment_status":"closed","ping_status":"open","sticky":false,"template":"","format":"standard","meta":{"footnotes":""},"categories":[65],"tags":[],"class_list":["post-658280","post","type-post","status-publish","format-standard","has-post-thumbnail","hentry","category-lajme"],"gt_translate_keys":[{"key":"link","format":"url"}],"_links":{"self":[{"href":"https:\/\/www.hashtag.al\/index.php\/wp-json\/wp\/v2\/posts\/658280","targetHints":{"allow":["GET"]}}],"collection":[{"href":"https:\/\/www.hashtag.al\/index.php\/wp-json\/wp\/v2\/posts"}],"about":[{"href":"https:\/\/www.hashtag.al\/index.php\/wp-json\/wp\/v2\/types\/post"}],"author":[{"embeddable":true,"href":"https:\/\/www.hashtag.al\/index.php\/wp-json\/wp\/v2\/users\/30"}],"replies":[{"embeddable":true,"href":"https:\/\/www.hashtag.al\/index.php\/wp-json\/wp\/v2\/comments?post=658280"}],"version-history":[{"count":0,"href":"https:\/\/www.hashtag.al\/index.php\/wp-json\/wp\/v2\/posts\/658280\/revisions"}],"wp:featuredmedia":[{"embeddable":true,"href":"https:\/\/www.hashtag.al\/index.php\/wp-json\/wp\/v2\/media\/658281"}],"wp:attachment":[{"href":"https:\/\/www.hashtag.al\/index.php\/wp-json\/wp\/v2\/media?parent=658280"}],"wp:term":[{"taxonomy":"category","embeddable":true,"href":"https:\/\/www.hashtag.al\/index.php\/wp-json\/wp\/v2\/categories?post=658280"},{"taxonomy":"post_tag","embeddable":true,"href":"https:\/\/www.hashtag.al\/index.php\/wp-json\/wp\/v2\/tags?post=658280"}],"curies":[{"name":"wp","href":"https:\/\/api.w.org\/{rel}","templated":true}]}}