{"id":658195,"date":"2024-03-01T21:27:57","date_gmt":"2024-03-01T20:27:57","guid":{"rendered":"https:\/\/www.hashtag.al\/?p=658195"},"modified":"2024-03-01T21:31:20","modified_gmt":"2024-03-01T20:31:20","slug":"e-ke-perdorur-ndonjehere-mbiemrin-spata-berisha-rendon-akuzat-ndaj-gjyqtares-gjoka","status":"publish","type":"post","link":"https:\/\/www.hashtag.al\/index.php\/2024\/03\/01\/e-ke-perdorur-ndonjehere-mbiemrin-spata-berisha-rendon-akuzat-ndaj-gjyqtares-gjoka\/","title":{"rendered":"&#8220;E ke p\u00ebrdorur ndonj\u00ebher\u00eb mbiemrin Spata&#8221; &#8211; Berisha r\u00ebndon akuzat ndaj gjyqtares Gjoka","gt_translate_keys":[{"key":"rendered","format":"text"}]},"content":{"rendered":"<p><span style=\"color: #000000;\"><a style=\"color: #000000;\" href=\"https:\/\/www.hashtag.al\/wp-content\/uploads\/2024\/03\/berisha-gjoka.jpg\"><img loading=\"lazy\" decoding=\"async\" class=\"aligncenter size-full wp-image-658197\" src=\"https:\/\/www.hashtag.al\/wp-content\/uploads\/2024\/03\/berisha-gjoka.jpg\" alt=\"\" width=\"640\" height=\"360\" srcset=\"https:\/\/www.hashtag.al\/wp-content\/uploads\/2024\/03\/berisha-gjoka.jpg 640w, https:\/\/www.hashtag.al\/wp-content\/uploads\/2024\/03\/berisha-gjoka-300x169.jpg 300w\" sizes=\"auto, (max-width: 640px) 100vw, 640px\" \/><\/a><\/span><\/p>\n<p><span style=\"color: #000000;\">Kryetari i PD-s\u00eb t\u00eb Rithemelimit Sali Berisha ka qen\u00eb i ashp\u00ebr sot n\u00eb deklarat\u00ebn e tij e cila p\u00ebrmban akuzat personale ndaj gjykat\u00ebses s\u00eb \u00e7\u00ebshtjes s\u00eb tij, Irena Gjoka.<\/span><\/p>\n<p><span style=\"color: #000000;\">Berisha e ka akuzuar p\u00ebr veprime t\u00eb paligjshme dhe munges\u00eb morale.<\/span><\/p>\n<p><span style=\"color: #000000;\">Ish-kryeministri Berisha pretendon se gjykat\u00ebsja nuk i ka p\u00ebrgjigjur nj\u00eb pyetjeje t\u00eb r\u00ebnd\u00ebsishme p\u00ebr t\u00eb akuzon gjykat\u00ebsen p\u00ebr p\u00ebrdorim t\u00eb nj\u00eb mbiemri t\u00eb rrem\u00eb (Spata).<\/span><\/p>\n<p><span style=\"color: #000000;\">Ai m\u00eb tej e quan at\u00eb &#8220;hajdute ordinere&#8221; dhe akuzon p\u00ebr krime, duke e quajtur &#8220;llum gjykat\u00ebse&#8221;.<\/span><\/p>\n<p><span style=\"color: #000000;\"><em>\u201cK\u00ebtu para jush i kam shtruar nj\u00eb pyetje asaj turp gjykat\u00ebses, apo ti themi haptas llum gjykat\u00ebses.<\/em><\/span><\/p>\n<p><span style=\"color: #000000;\"><em>I kam shtruar nj\u00eb pyetje; a je p\u00ebrz\u00ebn\u00eb ndonj\u00ebher\u00eb nga ndonj\u00eb vend p\u00ebr pun\u00ebra llumi? Nuk ka kthyer p\u00ebrgjigje.<\/em><\/span><\/p>\n<p><span style=\"color: #000000;\"><em>Sonte do ta pyes n\u00eb emrin tuaj dhe mbar\u00eb shqiptar\u00ebve, k\u00ebt\u00eb llum gjykat\u00ebse; ke p\u00ebrdorur ndonj\u00ebher\u00eb mbiemrin Spata se t\u00eb \u00ebsht\u00eb dashur. Irena Spata e ke quajtur ndonj\u00ebher\u00eb veten ti?<\/em><\/span><\/p>\n<p><span style=\"color: #000000;\"><em>Nuk te turp ti moj, ti je nj\u00eb hajdute ordinere, e paftyr\u00eb, pa pamoral, pa asgj\u00eb, q\u00eb mbahesh aty si skllave e krimeve tua.<\/em><\/span><\/p>\n<p><span style=\"color: #000000;\"><em>Sonte i them k\u00ebto n\u00eb em\u00ebr t\u00eb betej\u00ebs tuaj t\u00eb p\u00ebrnatshme\u201d-<\/em>deklaroi Berisha.<\/span><\/p>\n<p><span style=\"color: #000000;\">Berisha q\u00ebndron n\u00eb arrest sht\u00ebpie p\u00ebr akuzat p\u00ebr korrupsion p\u00ebr \u00e7\u00ebshtjen e privatizimit t\u00eb ish-klubit sportiv Partizani dhe n\u00eb Gjykat\u00ebn Kund\u00ebr Korrupsionit dhe Krimit t\u00eb Organizuar \u00e7\u00ebshtja e tij gjykohet nga Irena Gjoka.<\/span><\/p>\n","protected":false,"gt_translate_keys":[{"key":"rendered","format":"html"}]},"excerpt":{"rendered":"<p>Kryetari i PD-s\u00eb t\u00eb Rithemelimit Sali Berisha ka qen\u00eb i ashp\u00ebr sot n\u00eb deklarat\u00ebn e tij e cila p\u00ebrmban akuzat personale ndaj gjykat\u00ebses s\u00eb \u00e7\u00ebshtjes s\u00eb tij, Irena Gjoka. Berisha e ka akuzuar p\u00ebr veprime t\u00eb paligjshme dhe munges\u00eb morale. Ish-kryeministri Berisha pretendon se gjykat\u00ebsja nuk i ka p\u00ebrgjigjur nj\u00eb pyetjeje t\u00eb r\u00ebnd\u00ebsishme p\u00ebr t\u00eb [&hellip;]<\/p>\n","protected":false,"gt_translate_keys":[{"key":"rendered","format":"html"}]},"author":32,"featured_media":658197,"comment_status":"closed","ping_status":"open","sticky":false,"template":"","format":"standard","meta":{"footnotes":""},"categories":[65,13],"tags":[],"class_list":["post-658195","post","type-post","status-publish","format-standard","has-post-thumbnail","hentry","category-lajme","category-te-fundit"],"gt_translate_keys":[{"key":"link","format":"url"}],"_links":{"self":[{"href":"https:\/\/www.hashtag.al\/index.php\/wp-json\/wp\/v2\/posts\/658195","targetHints":{"allow":["GET"]}}],"collection":[{"href":"https:\/\/www.hashtag.al\/index.php\/wp-json\/wp\/v2\/posts"}],"about":[{"href":"https:\/\/www.hashtag.al\/index.php\/wp-json\/wp\/v2\/types\/post"}],"author":[{"embeddable":true,"href":"https:\/\/www.hashtag.al\/index.php\/wp-json\/wp\/v2\/users\/32"}],"replies":[{"embeddable":true,"href":"https:\/\/www.hashtag.al\/index.php\/wp-json\/wp\/v2\/comments?post=658195"}],"version-history":[{"count":0,"href":"https:\/\/www.hashtag.al\/index.php\/wp-json\/wp\/v2\/posts\/658195\/revisions"}],"wp:featuredmedia":[{"embeddable":true,"href":"https:\/\/www.hashtag.al\/index.php\/wp-json\/wp\/v2\/media\/658197"}],"wp:attachment":[{"href":"https:\/\/www.hashtag.al\/index.php\/wp-json\/wp\/v2\/media?parent=658195"}],"wp:term":[{"taxonomy":"category","embeddable":true,"href":"https:\/\/www.hashtag.al\/index.php\/wp-json\/wp\/v2\/categories?post=658195"},{"taxonomy":"post_tag","embeddable":true,"href":"https:\/\/www.hashtag.al\/index.php\/wp-json\/wp\/v2\/tags?post=658195"}],"curies":[{"name":"wp","href":"https:\/\/api.w.org\/{rel}","templated":true}]}}