{"id":658169,"date":"2024-03-01T19:12:35","date_gmt":"2024-03-01T18:12:35","guid":{"rendered":"https:\/\/www.hashtag.al\/?p=658169"},"modified":"2024-03-01T19:12:35","modified_gmt":"2024-03-01T18:12:35","slug":"shperthimi-ne-lushnje-meta-i-pikelluar-nga-ngjarja-tragjike","status":"publish","type":"post","link":"https:\/\/www.hashtag.al\/index.php\/2024\/03\/01\/shperthimi-ne-lushnje-meta-i-pikelluar-nga-ngjarja-tragjike\/","title":{"rendered":"Shp\u00ebrthimi n\u00eb Lushnj\u00eb, Meta: I pik\u00eblluar nga ngjarja tragjike","gt_translate_keys":[{"key":"rendered","format":"text"}]},"content":{"rendered":"<p style=\"text-align: left;\"><span style=\"color: #000000;\"><img loading=\"lazy\" decoding=\"async\" class=\"size-full wp-image-658170 aligncenter\" src=\"https:\/\/www.hashtag.al\/wp-content\/uploads\/2024\/03\/ilir-meta-3-768x419-1.jpg\" alt=\"\" width=\"768\" height=\"419\" srcset=\"https:\/\/www.hashtag.al\/wp-content\/uploads\/2024\/03\/ilir-meta-3-768x419-1.jpg 768w, https:\/\/www.hashtag.al\/wp-content\/uploads\/2024\/03\/ilir-meta-3-768x419-1-300x164.jpg 300w\" sizes=\"auto, (max-width: 768px) 100vw, 768px\" \/><\/span><\/p>\n<p style=\"text-align: left;\"><span style=\"color: #000000;\">Ilir Meta reagoi pas ngjarjes s\u00eb r\u00ebnd\u00eb n\u00eb Lushnj\u00eb ku humb\u00ebn jet\u00ebn dy persona, duke shprehur ngush\u00ebllimet.<\/span><\/p>\n<p style=\"text-align: left;\"><span style=\"color: #000000;\"><em>\u201cI pik\u00eblluar nga ngjarja tragjike sonte n\u00eb Lushnje, ku humbi jet\u00ebn nj\u00eb qytetar dhe u plagos\u00ebn disa t\u00eb tjer\u00eb.<\/em><\/span><\/p>\n<p style=\"text-align: left;\"><span style=\"color: #000000;\"><em>Shpreh ngush\u00ebllimet m\u00eb t\u00eb ndjera p\u00ebr familjen q\u00eb humbi njeriun e tyre t\u00eb dashur dhe ju uroj sh\u00ebrim t\u00eb shpejt\u00eb t\u00eb l\u00ebnduarve dhe deputetit t\u00eb Kuvendit t\u00eb Shqip\u00ebris\u00eb\u201d,<\/em> tha ai.<\/span><\/p>\n","protected":false,"gt_translate_keys":[{"key":"rendered","format":"html"}]},"excerpt":{"rendered":"<p>Ilir Meta reagoi pas ngjarjes s\u00eb r\u00ebnd\u00eb n\u00eb Lushnj\u00eb ku humb\u00ebn jet\u00ebn dy persona, duke shprehur ngush\u00ebllimet. \u201cI pik\u00eblluar nga ngjarja tragjike sonte n\u00eb Lushnje, ku humbi jet\u00ebn nj\u00eb qytetar dhe u plagos\u00ebn disa t\u00eb tjer\u00eb. Shpreh ngush\u00ebllimet m\u00eb t\u00eb ndjera p\u00ebr familjen q\u00eb humbi njeriun e tyre t\u00eb dashur dhe ju uroj sh\u00ebrim t\u00eb [&hellip;]<\/p>\n","protected":false,"gt_translate_keys":[{"key":"rendered","format":"html"}]},"author":4,"featured_media":658170,"comment_status":"closed","ping_status":"open","sticky":false,"template":"","format":"standard","meta":{"footnotes":""},"categories":[65],"tags":[],"class_list":["post-658169","post","type-post","status-publish","format-standard","has-post-thumbnail","hentry","category-lajme"],"gt_translate_keys":[{"key":"link","format":"url"}],"_links":{"self":[{"href":"https:\/\/www.hashtag.al\/index.php\/wp-json\/wp\/v2\/posts\/658169","targetHints":{"allow":["GET"]}}],"collection":[{"href":"https:\/\/www.hashtag.al\/index.php\/wp-json\/wp\/v2\/posts"}],"about":[{"href":"https:\/\/www.hashtag.al\/index.php\/wp-json\/wp\/v2\/types\/post"}],"author":[{"embeddable":true,"href":"https:\/\/www.hashtag.al\/index.php\/wp-json\/wp\/v2\/users\/4"}],"replies":[{"embeddable":true,"href":"https:\/\/www.hashtag.al\/index.php\/wp-json\/wp\/v2\/comments?post=658169"}],"version-history":[{"count":0,"href":"https:\/\/www.hashtag.al\/index.php\/wp-json\/wp\/v2\/posts\/658169\/revisions"}],"wp:featuredmedia":[{"embeddable":true,"href":"https:\/\/www.hashtag.al\/index.php\/wp-json\/wp\/v2\/media\/658170"}],"wp:attachment":[{"href":"https:\/\/www.hashtag.al\/index.php\/wp-json\/wp\/v2\/media?parent=658169"}],"wp:term":[{"taxonomy":"category","embeddable":true,"href":"https:\/\/www.hashtag.al\/index.php\/wp-json\/wp\/v2\/categories?post=658169"},{"taxonomy":"post_tag","embeddable":true,"href":"https:\/\/www.hashtag.al\/index.php\/wp-json\/wp\/v2\/tags?post=658169"}],"curies":[{"name":"wp","href":"https:\/\/api.w.org\/{rel}","templated":true}]}}