{"id":658094,"date":"2024-03-01T15:23:59","date_gmt":"2024-03-01T14:23:59","guid":{"rendered":"https:\/\/www.hashtag.al\/?p=658094"},"modified":"2024-03-01T15:23:59","modified_gmt":"2024-03-01T14:23:59","slug":"meta-bojkotimi-i-qellimshem-i-reformes-ne-funksion-te-projektit-centralizues-te-edi-rames-nje-drame","status":"publish","type":"post","link":"https:\/\/www.hashtag.al\/index.php\/2024\/03\/01\/meta-bojkotimi-i-qellimshem-i-reformes-ne-funksion-te-projektit-centralizues-te-edi-rames-nje-drame\/","title":{"rendered":"Meta: Bojkotimi i q\u00ebllimsh\u00ebm i reform\u00ebs n\u00eb funksion t\u00eb projektit centralizues t\u00eb Edi Ram\u00ebs, nj\u00eb dram\u00eb","gt_translate_keys":[{"key":"rendered","format":"text"}]},"content":{"rendered":"<p><span style=\"color: #000000;\"><a href=\"https:\/\/www.hashtag.al\/wp-content\/uploads\/2024\/03\/1708779267_ilirmeta.jpg\"><img loading=\"lazy\" decoding=\"async\" class=\"aligncenter size-full wp-image-658095\" src=\"https:\/\/www.hashtag.al\/wp-content\/uploads\/2024\/03\/1708779267_ilirmeta.jpg\" alt=\"\" width=\"780\" height=\"440\" srcset=\"https:\/\/www.hashtag.al\/wp-content\/uploads\/2024\/03\/1708779267_ilirmeta.jpg 780w, https:\/\/www.hashtag.al\/wp-content\/uploads\/2024\/03\/1708779267_ilirmeta-300x169.jpg 300w, https:\/\/www.hashtag.al\/wp-content\/uploads\/2024\/03\/1708779267_ilirmeta-768x433.jpg 768w\" sizes=\"auto, (max-width: 780px) 100vw, 780px\" \/><\/a><\/span><\/p>\n<p><span style=\"color: #000000;\">Duke e quajtur totalisht t\u00eb d\u00ebshtuar reform\u00ebn administrativo-territoriale t\u00eb vitit 2015 t\u00eb cil\u00ebn e votoi me t\u00eb 16 deputet\u00ebt e tij n\u00eb at\u00eb koh\u00eb, kryetari i Partis\u00eb Ilir Meta fajin e shikon serish te Lulzim Basha.<\/span><\/p>\n<p><span style=\"color: #000000;\"><em>\u2018Situata \u00ebsht\u00eb dram\u00eb e jasht\u00ebzakonshme. Drama vjen nga bojkotimi i q\u00ebllimsh\u00ebm i reform\u00ebs n\u00eb funksion t\u00eb k\u00ebtij projekti centralizues t\u00eb Edi Ram\u00ebs.\u00a0 Un\u00eb kam qen\u00eb kryetar kuvendi, reforma nuk kalonte kurr\u00eb pa 84 vota, PS kishte vet\u00ebm 65 vota, un\u00eb e kisha kusht q\u00eb opozita t\u00eb sillte nj\u00eb alternativ\u00eb t\u00eb saj, q\u00eb sigurisht Edi Rama nuk e donte. Kjo platform\u00eb nuk erdhi kurr\u00eb. Pastaj kemi bojkotin e zgjedhjeve vendore.\u2019<\/em>&#8211; tha Meta.<\/span><\/p>\n<p><span style=\"color: #000000;\">N\u00eb tryez\u00ebn e organizuar nga Partia e Liris\u00eb me tem\u00eb qeverisjen vendore, Meta tha se edhe pas 10 viteve t\u00eb reform\u00ebs, akoma nuk jan\u00eb krijuar disa standarde minimale t\u00eb sh\u00ebrbimeve nd\u00ebrsa paralajm\u00ebroi se do t\u00eb propozohet nj\u00eb paket\u00eb ligjore.<\/span><\/p>\n<p><span style=\"color: #000000;\">\u201c<em>Vendosjen me ligj t\u00eb referendumeve lokale si zgjidhje p\u00ebr t\u00eb gjitha \u00e7\u00ebshtjet q\u00eb cenojn\u00eb autonomin\u00eb e pushtetit lokal dhe p\u00ebrmir\u00ebsojn\u00eb standardin e jetes\u00ebs t\u00eb qytetareve.\u00a0 Rishikim i legjislacionit p\u00ebr t\u00eb forcuar autonomin\u00eb vendore, duke u dh\u00ebn\u00eb atyre m\u00eb shum\u00eb fuqi p\u00ebr t\u00eb vendosur p\u00ebr politikat e tyre fiskale dhe p\u00ebr t\u00eb menaxhuar t\u00eb ardhurat dhe shpenzimet n\u00eb m\u00ebnyr\u00eb m\u00eb efikase.\u00a0 Propozimi p\u00ebr nj\u00eb reform\u00eb q\u00eb rishikon dhe zgjeron rolin dhe kompetencat e K\u00ebshillave t\u00eb Qarqeve, duke i b\u00ebr\u00eb ato m\u00eb relevante n\u00eb kontekstin e decentralizimit dhe zhvillimit rajonal p\u00ebr te mare nj\u00eb rol proaktiv n\u00eb hartimin e strategjive rajonale t\u00eb zhvillimit q\u00eb p\u00ebrfshin\u00eb m\u00eb shum\u00eb se nj\u00eb bashkis\u00eb\u201d,-<\/em> u shpreh Meta.<\/span><\/p>\n<p><span style=\"color: #000000;\">N\u00eb tryez\u00ebn e diskutimit t\u00eb Partis\u00eb s\u00eb Liris\u00eb\u00a0 ishin t\u00eb pranish\u00ebm disa t\u00eb zgjedhur<\/span> vendor\u00eb t\u00eb opozit\u00ebs, deputet\u00eb dhe njoh\u00ebs t\u00eb \u00e7\u00ebshtjeve t\u00eb pushtetit vendor.<\/p>\n","protected":false,"gt_translate_keys":[{"key":"rendered","format":"html"}]},"excerpt":{"rendered":"<p>Duke e quajtur totalisht t\u00eb d\u00ebshtuar reform\u00ebn administrativo-territoriale t\u00eb vitit 2015 t\u00eb cil\u00ebn e votoi me t\u00eb 16 deputet\u00ebt e tij n\u00eb at\u00eb koh\u00eb, kryetari i Partis\u00eb Ilir Meta fajin e shikon serish te Lulzim Basha. \u2018Situata \u00ebsht\u00eb dram\u00eb e jasht\u00ebzakonshme. Drama vjen nga bojkotimi i q\u00ebllimsh\u00ebm i reform\u00ebs n\u00eb funksion t\u00eb k\u00ebtij projekti centralizues [&hellip;]<\/p>\n","protected":false,"gt_translate_keys":[{"key":"rendered","format":"html"}]},"author":30,"featured_media":658095,"comment_status":"closed","ping_status":"open","sticky":false,"template":"","format":"standard","meta":{"footnotes":""},"categories":[65],"tags":[],"class_list":["post-658094","post","type-post","status-publish","format-standard","has-post-thumbnail","hentry","category-lajme"],"gt_translate_keys":[{"key":"link","format":"url"}],"_links":{"self":[{"href":"https:\/\/www.hashtag.al\/index.php\/wp-json\/wp\/v2\/posts\/658094","targetHints":{"allow":["GET"]}}],"collection":[{"href":"https:\/\/www.hashtag.al\/index.php\/wp-json\/wp\/v2\/posts"}],"about":[{"href":"https:\/\/www.hashtag.al\/index.php\/wp-json\/wp\/v2\/types\/post"}],"author":[{"embeddable":true,"href":"https:\/\/www.hashtag.al\/index.php\/wp-json\/wp\/v2\/users\/30"}],"replies":[{"embeddable":true,"href":"https:\/\/www.hashtag.al\/index.php\/wp-json\/wp\/v2\/comments?post=658094"}],"version-history":[{"count":0,"href":"https:\/\/www.hashtag.al\/index.php\/wp-json\/wp\/v2\/posts\/658094\/revisions"}],"wp:featuredmedia":[{"embeddable":true,"href":"https:\/\/www.hashtag.al\/index.php\/wp-json\/wp\/v2\/media\/658095"}],"wp:attachment":[{"href":"https:\/\/www.hashtag.al\/index.php\/wp-json\/wp\/v2\/media?parent=658094"}],"wp:term":[{"taxonomy":"category","embeddable":true,"href":"https:\/\/www.hashtag.al\/index.php\/wp-json\/wp\/v2\/categories?post=658094"},{"taxonomy":"post_tag","embeddable":true,"href":"https:\/\/www.hashtag.al\/index.php\/wp-json\/wp\/v2\/tags?post=658094"}],"curies":[{"name":"wp","href":"https:\/\/api.w.org\/{rel}","templated":true}]}}