{"id":658039,"date":"2024-03-01T12:04:16","date_gmt":"2024-03-01T11:04:16","guid":{"rendered":"https:\/\/www.hashtag.al\/?p=658039"},"modified":"2024-03-01T12:04:16","modified_gmt":"2024-03-01T11:04:16","slug":"macron-zotohet-te-notoje-ne-lumin-sene-te-parisit","status":"publish","type":"post","link":"https:\/\/www.hashtag.al\/index.php\/2024\/03\/01\/macron-zotohet-te-notoje-ne-lumin-sene-te-parisit\/","title":{"rendered":"Macron zotohet t\u00eb notoj\u00eb n\u00eb lumin Sen\u00eb t\u00eb Parisit","gt_translate_keys":[{"key":"rendered","format":"text"}]},"content":{"rendered":"<p><img loading=\"lazy\" decoding=\"async\" class=\"aligncenter size-full wp-image-658040\" src=\"https:\/\/www.hashtag.al\/wp-content\/uploads\/2024\/03\/macron.jpg\" alt=\"\" width=\"1500\" height=\"1000\" srcset=\"https:\/\/www.hashtag.al\/wp-content\/uploads\/2024\/03\/macron.jpg 1500w, https:\/\/www.hashtag.al\/wp-content\/uploads\/2024\/03\/macron-300x200.jpg 300w, https:\/\/www.hashtag.al\/wp-content\/uploads\/2024\/03\/macron-1024x683.jpg 1024w, https:\/\/www.hashtag.al\/wp-content\/uploads\/2024\/03\/macron-768x512.jpg 768w\" sizes=\"auto, (max-width: 1500px) 100vw, 1500px\" \/><\/p>\n<p><span style=\"color: #000000;\">Presidenti francez Emmanuel Macron \u00ebsht\u00eb zotuar t\u00eb b\u00ebj\u00eb nj\u00eb not n\u00eb lumin Sen\u00eb n\u00eb nj\u00eb p\u00ebrpjekje t\u00eb dukshme p\u00ebr t\u00eb provuar se \u00ebsht\u00eb i past\u00ebr p\u00ebrpara Olimpiad\u00ebs. Kryeqyteti francez do pres\u00eb loj\u00ebrat nga 26 korriku deri m\u00eb 11 gusht 2024.<\/span><\/p>\n<p><span style=\"color: #000000;\">Macron e b\u00ebri zotimin pa dh\u00ebn\u00eb nj\u00eb dat\u00eb t\u00eb sakt\u00eb, pasi ai zyrtarisht p\u00ebruroi fshatin olimpik, q\u00eb do pres\u00eb rreth 14,500 atlet\u00eb dhe stafet p\u00ebrkat\u00ebse p\u00ebrpara se t\u00eb mir\u00ebpres\u00eb Loj\u00ebrat Paralimpike k\u00ebt\u00eb ver\u00eb.<\/span><\/p>\n<p><span style=\"color: #000000;\">Parisi ka punuar n\u00eb nj\u00eb projekt p\u00ebr t\u00eb pastruar Sen\u00ebn p\u00ebr ta b\u00ebr\u00eb at\u00eb t\u00eb notuesh\u00ebm p\u00ebr her\u00eb t\u00eb par\u00eb n\u00eb nj\u00eb shekull. Gjat\u00eb Olimpiad\u00ebs s\u00eb Parisit 1900, gara t\u00eb shumta noti u zhvilluan n\u00eb lum\u00eb. Megjithat\u00eb, q\u00eb nga viti 1923, kjo praktik\u00eb \u00ebsht\u00eb ndaluar p\u00ebr shkak t\u00eb niveleve t\u00eb larta t\u00eb ndotjes s\u00eb ujit.<\/span><\/p>\n<p><span style=\"color: #000000;\"><em>\u201cV\u00eb bast se do ta b\u00ebj\u201d<\/em>, tha Macron kur u sfidua nga nj\u00eb gazetar n\u00ebse do zhytej n\u00eb Sen\u00eb.<\/span><\/p>\n<p><span style=\"color: #000000;\"><em>&#8220;Un\u00eb do ta b\u00ebj, por nuk do ua jap dat\u00ebn,&#8221;<\/em> tha ai me shaka.<\/span><\/p>\n<p><span style=\"color: #000000;\">Plani 1.4 miliard\u00eb euro p\u00ebr lumin p\u00ebrfshin nj\u00eb rinovim t\u00eb infrastruktur\u00ebs, duke p\u00ebrfshir\u00eb tubacione t\u00eb reja n\u00ebntok\u00ebsore dhe pompa p\u00ebr t\u00eb parandaluar hyrjen e mikrobeve n\u00eb uj\u00eb. <\/span><\/p>\n<p><span style=\"color: #000000;\">Specialist\u00ebt e cil\u00ebsis\u00eb s\u00eb ujit kan\u00eb marr\u00eb rregullisht mostra dhe thon\u00eb se nivelet e p\u00ebrqendrimit p\u00ebr dy bakteret, Enterococcus dhe E.coli, t\u00eb dyja t\u00eb p\u00ebrdorura si tregues kryesor\u00eb t\u00eb materialit fekal n\u00eb uj\u00ebrat e fresk\u00ebta, ishin mjaft t\u00eb ul\u00ebta.<\/span><\/p>\n<p><span style=\"color: #000000;\">Rreziku kryesor vjen nga stuhit\u00eb e dendura t\u00eb shiut, kur uji derdhet n\u00eb sistemin e uj\u00ebrave t\u00eb zeza pariziane, duke shkaktuar rrezik p\u00ebr tejmbushje. Shiu i tep\u00ebrt m\u00eb pas derdhet n\u00eb lum\u00eb dhe mund t\u00eb \u00e7oj\u00eb n\u00eb ndotje. Ver\u00ebn e kaluar nj\u00eb rrjedhje e uj\u00ebrave t\u00eb zeza \u00e7oi n\u00eb anulimin e nj\u00eb gare noti paraolimpike.<\/span><\/p>\n<p><span style=\"color: #000000;\">Parisi shpreson t\u00eb korr\u00eb p\u00ebrfitime p\u00ebrtej Loj\u00ebrave Olimpike, me fshatin e planifikuar t\u00eb shnd\u00ebrrohet n\u00eb nj\u00eb zon\u00eb miq\u00ebsore me mjedisin me shkolla, nj\u00eb hotel, nj\u00eb park publik, dyqane dhe zyra.<\/span><\/p>\n<p><span style=\"color: #000000;\">Parisien\u00ebt do ken\u00eb gjithashtu qasje n\u00eb 26 pishina t\u00eb reja n\u00eb Sen\u00eb, t\u00eb rrethuara nga trafiku i r\u00ebnd\u00eb i anijeve, q\u00eb pritet t\u00eb hapen publikisht deri n\u00eb vitin 2025, kat\u00ebr prej tyre n\u00eb qend\u00ebr t\u00eb qytetit. Vitet e fundit, qytete t\u00eb tjera evropiane, si Cyrihu, Mynihu, Vjena dhe Kopenhag\u00ebn, kan\u00eb hapur notin urban n\u00eb lumenjt\u00eb e qyteteve.<\/span><\/p>\n","protected":false,"gt_translate_keys":[{"key":"rendered","format":"html"}]},"excerpt":{"rendered":"<p>Presidenti francez Emmanuel Macron \u00ebsht\u00eb zotuar t\u00eb b\u00ebj\u00eb nj\u00eb not n\u00eb lumin Sen\u00eb n\u00eb nj\u00eb p\u00ebrpjekje t\u00eb dukshme p\u00ebr t\u00eb provuar se \u00ebsht\u00eb i past\u00ebr p\u00ebrpara Olimpiad\u00ebs. Kryeqyteti francez do pres\u00eb loj\u00ebrat nga 26 korriku deri m\u00eb 11 gusht 2024. Macron e b\u00ebri zotimin pa dh\u00ebn\u00eb nj\u00eb dat\u00eb t\u00eb sakt\u00eb, pasi ai zyrtarisht p\u00ebruroi fshatin [&hellip;]<\/p>\n","protected":false,"gt_translate_keys":[{"key":"rendered","format":"html"}]},"author":51,"featured_media":658040,"comment_status":"closed","ping_status":"open","sticky":false,"template":"","format":"standard","meta":{"footnotes":""},"categories":[53],"tags":[],"class_list":["post-658039","post","type-post","status-publish","format-standard","has-post-thumbnail","hentry","category-fast-foodi"],"gt_translate_keys":[{"key":"link","format":"url"}],"_links":{"self":[{"href":"https:\/\/www.hashtag.al\/index.php\/wp-json\/wp\/v2\/posts\/658039","targetHints":{"allow":["GET"]}}],"collection":[{"href":"https:\/\/www.hashtag.al\/index.php\/wp-json\/wp\/v2\/posts"}],"about":[{"href":"https:\/\/www.hashtag.al\/index.php\/wp-json\/wp\/v2\/types\/post"}],"author":[{"embeddable":true,"href":"https:\/\/www.hashtag.al\/index.php\/wp-json\/wp\/v2\/users\/51"}],"replies":[{"embeddable":true,"href":"https:\/\/www.hashtag.al\/index.php\/wp-json\/wp\/v2\/comments?post=658039"}],"version-history":[{"count":0,"href":"https:\/\/www.hashtag.al\/index.php\/wp-json\/wp\/v2\/posts\/658039\/revisions"}],"wp:featuredmedia":[{"embeddable":true,"href":"https:\/\/www.hashtag.al\/index.php\/wp-json\/wp\/v2\/media\/658040"}],"wp:attachment":[{"href":"https:\/\/www.hashtag.al\/index.php\/wp-json\/wp\/v2\/media?parent=658039"}],"wp:term":[{"taxonomy":"category","embeddable":true,"href":"https:\/\/www.hashtag.al\/index.php\/wp-json\/wp\/v2\/categories?post=658039"},{"taxonomy":"post_tag","embeddable":true,"href":"https:\/\/www.hashtag.al\/index.php\/wp-json\/wp\/v2\/tags?post=658039"}],"curies":[{"name":"wp","href":"https:\/\/api.w.org\/{rel}","templated":true}]}}