{"id":657836,"date":"2024-02-29T13:25:23","date_gmt":"2024-02-29T12:25:23","guid":{"rendered":"https:\/\/www.hashtag.al\/?p=657836"},"modified":"2024-02-29T13:25:23","modified_gmt":"2024-02-29T12:25:23","slug":"rama-i-flet-homologeve-te-rajonit-si-lider-evropian-problemet-politike-ti-leme-pas-qe-te-perfitojme-me-shume-nga-plani-i-zgjerimit","status":"publish","type":"post","link":"https:\/\/www.hashtag.al\/index.php\/2024\/02\/29\/rama-i-flet-homologeve-te-rajonit-si-lider-evropian-problemet-politike-ti-leme-pas-qe-te-perfitojme-me-shume-nga-plani-i-zgjerimit\/","title":{"rendered":"Rama i flet homolog\u00ebve t\u00eb rajonit si lider evropian: Problemet politike t\u2019i lem\u00eb pas q\u00eb t\u00eb p\u00ebrfitojm\u00eb m\u00eb shum\u00eb nga plani i zgjerimit","gt_translate_keys":[{"key":"rendered","format":"text"}]},"content":{"rendered":"<p><span style=\"color: #000000;\"><a style=\"color: #000000;\" href=\"https:\/\/www.hashtag.al\/wp-content\/uploads\/2024\/02\/rama-varhelyic.jpeg\"><img loading=\"lazy\" decoding=\"async\" class=\"aligncenter size-full wp-image-657837\" src=\"https:\/\/www.hashtag.al\/wp-content\/uploads\/2024\/02\/rama-varhelyic.jpeg\" alt=\"\" width=\"780\" height=\"440\" srcset=\"https:\/\/www.hashtag.al\/wp-content\/uploads\/2024\/02\/rama-varhelyic.jpeg 780w, https:\/\/www.hashtag.al\/wp-content\/uploads\/2024\/02\/rama-varhelyic-300x169.jpeg 300w, https:\/\/www.hashtag.al\/wp-content\/uploads\/2024\/02\/rama-varhelyic-768x433.jpeg 768w\" sizes=\"auto, (max-width: 780px) 100vw, 780px\" \/><\/a><\/span><\/p>\n<p><span style=\"color: #000000;\">Kryeministri i Shqip\u00ebris\u00eb, Edi Rama, gjat\u00eb konferenc\u00ebs s\u00eb sotme t\u00eb p\u00ebrbashk\u00ebt me Komisionerin p\u00ebr zgjerim foli si lider evropian kur i tha hmolog\u00ebve t\u00eb tij t\u00eb Ballkanit Per\u00ebndimor se \u00ebsht\u00eb koha p\u00ebr t\u00eb p\u00ebrshpejtuar bashk\u00ebpunimin rajonal dhe p\u00ebr t\u00eb shk\u00ebputur lidhjet me problemet politike q\u00eb mund t\u00eb ndalojn\u00eb p\u00ebrparimin.<\/span><\/p>\n<p><span style=\"color: #000000;\">Ai theksoi nevoj\u00ebn p\u00ebr t\u00eb arritur marr\u00ebveshje pa kushte politike p\u00ebr t\u00eb vazhduar me integrimin rajonal.<\/span><\/p>\n<p><span style=\"color: #000000;\">Kryeministri shpreson q\u00eb vendet e rajonit t\u00eb p\u00ebrfitojn\u00eb nga plani i ri i rritjes, duke theksuar se \u00e7do vend \u00ebsht\u00eb dakord q\u00eb t\u00eb punoj\u00eb drejt k\u00ebtij q\u00ebllimi. Ai gjithashtu b\u00ebri thirrje p\u00ebr zgjidhjen e mosmarr\u00ebveshjeve politike n\u00eb m\u00ebnyr\u00eb q\u00eb t\u00eb leht\u00ebsohet integrimi n\u00eb tregun europian dhe rajonal.<\/span><\/p>\n<p><span style=\"color: #000000;\">Rama k\u00ebrkoi q\u00eb vendet e Ballkanit Per\u00ebndimor ta harrojn\u00eb se do marrin m\u00eb shum\u00eb nga tregu i p\u00ebrbashk\u00ebt europian n\u00ebse nuk kontribuon 100% n\u00eb tregun rajonal.<\/span><\/p>\n<p><span style=\"color: #000000;\"><em>\u201cM\u00eb shum\u00eb financim p\u00ebr projekte dhe buxhetet tona. Jam shum\u00eb i k\u00ebnaqur q\u00eb arrit\u00ebm n\u00eb k\u00ebt\u00eb pik\u00eb, s\u2019ka qen\u00eb e leht\u00eb por \u00ebsht\u00eb v\u00ebrtet\u00eb mjaft shp\u00ebrblyese. Nga ana tjet\u00ebr, dua t\u2019iu them se t\u00eb gjitha p\u00ebrpjekjet q\u00eb ne kemi b\u00ebr\u00eb p\u00ebrgjat\u00eb 10 viteve p\u00ebr t\u00eb ecur drejt integrimit rajonal p\u00ebrmes planit t\u00eb ri t\u00eb rritjes tani m\u00eb duhet t\u00eb ndodhin pa por..pa arsye politike p\u00ebr t\u00eb mos b\u00ebr\u00eb marr\u00ebveshje. Dua t\u2019iu them t\u00eb gjith\u00ebve q\u00eb kur n\u00eb flisnim her\u00eb pas here sa e r\u00ebnd\u00ebsishme ishte t\u00eb ecej m\u00eb shpejt p\u00ebrmes rrug\u00ebtimit rajonal e p\u00ebr t\u00eb arritur m\u00eb pran\u00eb nj\u00ebri-tjetrit me marr\u00ebveshjet nd\u00ebrkufitare, tani m\u00eb \u00ebsht\u00eb e qart\u00eb q\u00eb po t\u00eb kishim b\u00ebr\u00eb m\u00eb shum\u00eb m\u00eb para do kishim qen\u00eb m\u00eb pran\u00eb tani. Integrimi europian shkon p\u00ebrmes integrimit rajonal dhe plani i ri i rritjes e vulos nj\u00eb gj\u00eb t\u00eb till\u00eb. Me planin e ri t\u00eb rritjes, \u00e7do vend ka r\u00ebn\u00eb dakord q\u00eb kjo \u00ebsht\u00eb di\u00e7ka q\u00eb duhet ta b\u00ebjm\u00eb. Nuk ka r\u00ebnd\u00ebsi se ca problemesh politike kemi me nj\u00ebri tjetrin, ne duhet ta b\u00ebjm\u00eb k\u00ebt\u00eb gj\u00eb. Secili duhet ta harroj\u00eb se duhet t\u00eb marr\u00eb m\u00eb shum\u00eb nga tregu i p\u00ebrbashk\u00ebt europian n\u00ebse nuk kontribuon 100% n\u00eb tregun rajonal. Ja pse \u00e7\u00ebshtjet politike duhet t\u00eb diskutohen mbi baza dy pal\u00ebshe, duhet t\u00eb zgjidhen, por nuk jan\u00eb nj\u00eb arsye dhe nuk do pranohen si arsye nga BE p\u00ebr t\u00eb realizuar planin\u201d, <\/em>tha Rama.<\/span><\/p>\n","protected":false,"gt_translate_keys":[{"key":"rendered","format":"html"}]},"excerpt":{"rendered":"<p>Kryeministri i Shqip\u00ebris\u00eb, Edi Rama, gjat\u00eb konferenc\u00ebs s\u00eb sotme t\u00eb p\u00ebrbashk\u00ebt me Komisionerin p\u00ebr zgjerim foli si lider evropian kur i tha hmolog\u00ebve t\u00eb tij t\u00eb Ballkanit Per\u00ebndimor se \u00ebsht\u00eb koha p\u00ebr t\u00eb p\u00ebrshpejtuar bashk\u00ebpunimin rajonal dhe p\u00ebr t\u00eb shk\u00ebputur lidhjet me problemet politike q\u00eb mund t\u00eb ndalojn\u00eb p\u00ebrparimin. Ai theksoi nevoj\u00ebn p\u00ebr t\u00eb arritur [&hellip;]<\/p>\n","protected":false,"gt_translate_keys":[{"key":"rendered","format":"html"}]},"author":32,"featured_media":657837,"comment_status":"closed","ping_status":"open","sticky":false,"template":"","format":"standard","meta":{"footnotes":""},"categories":[65,13],"tags":[],"class_list":["post-657836","post","type-post","status-publish","format-standard","has-post-thumbnail","hentry","category-lajme","category-te-fundit"],"gt_translate_keys":[{"key":"link","format":"url"}],"_links":{"self":[{"href":"https:\/\/www.hashtag.al\/index.php\/wp-json\/wp\/v2\/posts\/657836","targetHints":{"allow":["GET"]}}],"collection":[{"href":"https:\/\/www.hashtag.al\/index.php\/wp-json\/wp\/v2\/posts"}],"about":[{"href":"https:\/\/www.hashtag.al\/index.php\/wp-json\/wp\/v2\/types\/post"}],"author":[{"embeddable":true,"href":"https:\/\/www.hashtag.al\/index.php\/wp-json\/wp\/v2\/users\/32"}],"replies":[{"embeddable":true,"href":"https:\/\/www.hashtag.al\/index.php\/wp-json\/wp\/v2\/comments?post=657836"}],"version-history":[{"count":0,"href":"https:\/\/www.hashtag.al\/index.php\/wp-json\/wp\/v2\/posts\/657836\/revisions"}],"wp:featuredmedia":[{"embeddable":true,"href":"https:\/\/www.hashtag.al\/index.php\/wp-json\/wp\/v2\/media\/657837"}],"wp:attachment":[{"href":"https:\/\/www.hashtag.al\/index.php\/wp-json\/wp\/v2\/media?parent=657836"}],"wp:term":[{"taxonomy":"category","embeddable":true,"href":"https:\/\/www.hashtag.al\/index.php\/wp-json\/wp\/v2\/categories?post=657836"},{"taxonomy":"post_tag","embeddable":true,"href":"https:\/\/www.hashtag.al\/index.php\/wp-json\/wp\/v2\/tags?post=657836"}],"curies":[{"name":"wp","href":"https:\/\/api.w.org\/{rel}","templated":true}]}}