{"id":657657,"date":"2024-02-28T20:09:24","date_gmt":"2024-02-28T19:09:24","guid":{"rendered":"https:\/\/www.hashtag.al\/?p=657657"},"modified":"2024-02-28T20:18:28","modified_gmt":"2024-02-28T19:18:28","slug":"samiti-per-ukrainen-ne-tirane-berisha-rama-dhe-padroni-i-tij-vucic-nuk-shqiptuan-fjalen-sanksione-ndaj-rusise","status":"publish","type":"post","link":"https:\/\/www.hashtag.al\/index.php\/2024\/02\/28\/samiti-per-ukrainen-ne-tirane-berisha-rama-dhe-padroni-i-tij-vucic-nuk-shqiptuan-fjalen-sanksione-ndaj-rusise\/","title":{"rendered":"Samiti p\u00ebr Ukrain\u00ebn n\u00eb Tiran\u00eb, Berisha: Rama dhe padroni i tij Vu\u00e7i\u00e7 nuk shqiptuan fjal\u00ebn sanksione ndaj Rusis\u00eb","gt_translate_keys":[{"key":"rendered","format":"text"}]},"content":{"rendered":"<p style=\"text-align: left;\"><span style=\"color: #000000;\"><img loading=\"lazy\" decoding=\"async\" class=\"size-full wp-image-657661 aligncenter\" src=\"https:\/\/www.hashtag.al\/wp-content\/uploads\/2024\/02\/Sali-Berisha1-1-674x450-1.jpg\" alt=\"\" width=\"674\" height=\"450\" srcset=\"https:\/\/www.hashtag.al\/wp-content\/uploads\/2024\/02\/Sali-Berisha1-1-674x450-1.jpg 674w, https:\/\/www.hashtag.al\/wp-content\/uploads\/2024\/02\/Sali-Berisha1-1-674x450-1-300x200.jpg 300w\" sizes=\"auto, (max-width: 674px) 100vw, 674px\" \/><\/span><\/p>\n<p style=\"text-align: left;\"><span style=\"color: #000000;\">Ish-kryeministri Sali Berisha, n\u00eb fjal\u00ebn e tij p\u00ebrpara mb\u00ebshtet\u00ebsve, nga sht\u00ebpia e tij, ku ndodhet n\u00eb arrest sht\u00ebpie n\u00eb rrug\u00ebn \u201cMustafa Matohiti\u201d, ka komentuar Samitin e sot\u00ebm p\u00ebr Ukrain\u00ebn. Berisha tha se Rama dhe Vu\u00e7i\u00e7 n\u00eb k\u00ebt\u00eb samit nuk kan\u00eb shqiptuar nj\u00ebher\u00eb t\u00eb vetme fjal\u00ebn \u2018sanksione ndaj Rusis\u00eb\u2019.<\/span><\/p>\n<p style=\"text-align: left;\"><span style=\"color: #000000;\"><em>\u201c\u00cbsht\u00eb e hidhur miq, q\u00eb n\u00eb deklarat\u00ebn e sotme t\u00eb samitit, padroni dhe argati Rama dhe Vu\u00e7i\u00e7, nuk shqip\u00ebroi nj\u00ebher\u00eb t\u00eb vetme fjal\u00ebn sanksione ndaj Rusis\u00eb.<\/em><\/span><\/p>\n<p style=\"text-align: left;\"><span style=\"color: #000000;\"><em>Nuk shqip\u00ebroi nj\u00eb her\u00eb t\u00eb vetme fjal\u00ebn rrezik rus p\u00ebr Ballkanin.<\/em><\/span><\/p>\n<p style=\"text-align: left;\"><span style=\"color: #000000;\"><em>Nuk shqip\u00ebroi nj\u00eb her\u00eb t\u00eb vetme emrin e barbarit Vladimir Putin.<\/em><\/span><\/p>\n<p style=\"text-align: left;\"><span style=\"color: #000000;\"><em>Miqt\u00eb e mi, t\u00eb l\u00ebshosh nj\u00eb komunikat\u00eb me qindra e qindra fjal\u00eb dhe t\u00eb mos guxosh t\u00eb p\u00ebrmend\u00ebsh nj\u00ebher\u00eb barbarin Putin p\u00ebr agresionin e tij ndaj Ukrain\u00ebs, \u00ebsht\u00eb nj\u00eblloj sikund\u00ebr t\u00eb flisje p\u00ebr nazist\u00ebt dhe t\u00eb mos flisje p\u00ebr Hitlerin.<\/em><\/span><\/p>\n<p style=\"text-align: left;\"><span style=\"color: #000000;\"><em>Po pse ndodh kjo?<\/em><\/span><\/p>\n<p style=\"text-align: left;\"><span style=\"color: #000000;\"><em>Si ka mund\u00ebsi q\u00eb nj\u00eb komunikat\u00eb e publikuar nga krer\u00eb shtetesh dhe qeverish n\u00eb kryeqytetin e nj\u00eb vendi t\u00eb NATO-s, nuk guxon t\u00eb thot\u00eb nj\u00eb fjal\u00eb t\u00eb vetme, t\u00eb p\u00ebrmende nj\u00ebher\u00eb Vladimir Putinin, barbarin q\u00eb urdh\u00ebroi sulmin mbi Ukrain\u00ebn?<\/em><\/span><\/p>\n<p style=\"text-align: left;\"><span style=\"color: #000000;\"><em>Arsyeja \u00ebsht\u00eb vet\u00ebm nj\u00eb: n\u00eb konferenc\u00eb ishte Putini i vog\u00ebl, ishte Aleksand\u00ebr Vu\u00e7i\u00e7.<\/em><\/span><\/p>\n<p style=\"text-align: left;\"><span style=\"color: #000000;\"><em>Dominimi i tij n\u00eb samit ishte i papranuesh\u00ebm.<\/em><\/span><\/p>\n<p style=\"text-align: left;\"><span style=\"color: #000000;\"><em>P\u00ebr vete ai nuk respekton sanksionet ndaj Rusis\u00eb. P\u00ebrkundrazi, ka shnd\u00ebrruar Serbin\u00eb n\u00eb nj\u00eb prapavij\u00eb t\u00eb fuqishme t\u00eb Rusis\u00eb s\u00eb Putinit.<\/em><\/span><\/p>\n<p style=\"text-align: left;\"><span style=\"color: #000000;\"><em>Po mir\u00eb ai, po vendet e tjera, \u00e7far\u00eb kishin q\u00eb s\u2019mund t\u00eb p\u00ebrmendnin sanksionet ndaj Rusis\u00eb?<\/em><\/span><\/p>\n<p style=\"text-align: left;\"><span style=\"color: #000000;\"><em>Kjo sepse mikprit\u00ebsi i samitit, Edvin Rama, \u00ebsht\u00eb argati i Vu\u00e7i\u00e7it dhe ata s\u00eb bashku nuk lejuan t\u00eb p\u00ebrmendej nj\u00eb her\u00eb t\u00eb vetme fjala sanksione ndaj Rusis\u00eb, t\u00eb p\u00ebrmendej nj\u00eb her\u00eb t\u00eb vetme emri i Vladimir Putinit.<\/em><\/span><\/p>\n<p style=\"text-align: left;\"><span style=\"color: #000000;\"><em>Qoft\u00eb si guxim p\u00ebr ta denoncuar si\u00e7 e meriton, por edhe n\u00eb respekt t\u00eb mikut t\u00eb shquar, i cili ka guxim dhe kurajo n\u00eb em\u00ebr t\u00eb popullit t\u00eb tij ta denoncoj\u00eb at\u00eb si nj\u00eb barbar t\u00eb v\u00ebrtet\u00eb\u201d,<\/em> u shpreh Berisha.<\/span><\/p>\n","protected":false,"gt_translate_keys":[{"key":"rendered","format":"html"}]},"excerpt":{"rendered":"<p>Ish-kryeministri Sali Berisha, n\u00eb fjal\u00ebn e tij p\u00ebrpara mb\u00ebshtet\u00ebsve, nga sht\u00ebpia e tij, ku ndodhet n\u00eb arrest sht\u00ebpie n\u00eb rrug\u00ebn \u201cMustafa Matohiti\u201d, ka komentuar Samitin e sot\u00ebm p\u00ebr Ukrain\u00ebn. Berisha tha se Rama dhe Vu\u00e7i\u00e7 n\u00eb k\u00ebt\u00eb samit nuk kan\u00eb shqiptuar nj\u00ebher\u00eb t\u00eb vetme fjal\u00ebn \u2018sanksione ndaj Rusis\u00eb\u2019. \u201c\u00cbsht\u00eb e hidhur miq, q\u00eb n\u00eb deklarat\u00ebn [&hellip;]<\/p>\n","protected":false,"gt_translate_keys":[{"key":"rendered","format":"html"}]},"author":4,"featured_media":657661,"comment_status":"closed","ping_status":"open","sticky":false,"template":"","format":"standard","meta":{"footnotes":""},"categories":[65],"tags":[],"class_list":["post-657657","post","type-post","status-publish","format-standard","has-post-thumbnail","hentry","category-lajme"],"gt_translate_keys":[{"key":"link","format":"url"}],"_links":{"self":[{"href":"https:\/\/www.hashtag.al\/index.php\/wp-json\/wp\/v2\/posts\/657657","targetHints":{"allow":["GET"]}}],"collection":[{"href":"https:\/\/www.hashtag.al\/index.php\/wp-json\/wp\/v2\/posts"}],"about":[{"href":"https:\/\/www.hashtag.al\/index.php\/wp-json\/wp\/v2\/types\/post"}],"author":[{"embeddable":true,"href":"https:\/\/www.hashtag.al\/index.php\/wp-json\/wp\/v2\/users\/4"}],"replies":[{"embeddable":true,"href":"https:\/\/www.hashtag.al\/index.php\/wp-json\/wp\/v2\/comments?post=657657"}],"version-history":[{"count":0,"href":"https:\/\/www.hashtag.al\/index.php\/wp-json\/wp\/v2\/posts\/657657\/revisions"}],"wp:featuredmedia":[{"embeddable":true,"href":"https:\/\/www.hashtag.al\/index.php\/wp-json\/wp\/v2\/media\/657661"}],"wp:attachment":[{"href":"https:\/\/www.hashtag.al\/index.php\/wp-json\/wp\/v2\/media?parent=657657"}],"wp:term":[{"taxonomy":"category","embeddable":true,"href":"https:\/\/www.hashtag.al\/index.php\/wp-json\/wp\/v2\/categories?post=657657"},{"taxonomy":"post_tag","embeddable":true,"href":"https:\/\/www.hashtag.al\/index.php\/wp-json\/wp\/v2\/tags?post=657657"}],"curies":[{"name":"wp","href":"https:\/\/api.w.org\/{rel}","templated":true}]}}