{"id":657373,"date":"2024-02-27T21:48:01","date_gmt":"2024-02-27T20:48:01","guid":{"rendered":"https:\/\/www.hashtag.al\/?p=657373"},"modified":"2024-02-27T21:48:01","modified_gmt":"2024-02-27T20:48:01","slug":"neser-samiti-per-ukrainen-ne-tirane-mediu-moment-i-rendesishem-i-diplomacise-shqiptare-si-anetar-i-nato-s","status":"publish","type":"post","link":"https:\/\/www.hashtag.al\/index.php\/2024\/02\/27\/neser-samiti-per-ukrainen-ne-tirane-mediu-moment-i-rendesishem-i-diplomacise-shqiptare-si-anetar-i-nato-s\/","title":{"rendered":"Nes\u00ebr samiti p\u00ebr Ukrain\u00ebn n\u00eb Tiran\u00eb, Mediu: Moment i r\u00ebnd\u00ebsish\u00ebm i diplomacis\u00eb shqiptare si an\u00ebtar i NATO-s","gt_translate_keys":[{"key":"rendered","format":"text"}]},"content":{"rendered":"<p><span style=\"color: #000000;\"><a href=\"https:\/\/www.hashtag.al\/wp-content\/uploads\/2023\/05\/mediu.jpg\"><img loading=\"lazy\" decoding=\"async\" class=\"aligncenter size-full wp-image-595826\" src=\"https:\/\/www.hashtag.al\/wp-content\/uploads\/2023\/05\/mediu.jpg\" alt=\"\" width=\"988\" height=\"574\" srcset=\"https:\/\/www.hashtag.al\/wp-content\/uploads\/2023\/05\/mediu.jpg 988w, https:\/\/www.hashtag.al\/wp-content\/uploads\/2023\/05\/mediu-300x174.jpg 300w, https:\/\/www.hashtag.al\/wp-content\/uploads\/2023\/05\/mediu-768x446.jpg 768w, https:\/\/www.hashtag.al\/wp-content\/uploads\/2023\/05\/mediu-250x145.jpg 250w\" sizes=\"auto, (max-width: 988px) 100vw, 988px\" \/><\/a><\/span><\/p>\n<p><span style=\"color: #000000;\">Kryetari i Partis\u00eb Republikane, Fatmir Mediu i ftuar n\u00eb emisionin \u201cFrontline Interview\u201d me gazetaren Marsela Karapan\u00e7o n\u00eb Report Tv e konsideroi samitin p\u00ebr Ukrain\u00ebn q\u00eb do t\u00eb mbahet nes\u00ebr n\u00eb Tiran\u00eb si nj\u00eb moment jasht\u00ebzakonisht t\u00eb r\u00ebnd\u00ebsish\u00ebm p\u00ebr diplomacin\u00eb shqiptare.<\/span><\/p>\n<p><span style=\"color: #000000;\">Ai tha se organizimi i nes\u00ebrm do t\u00eb ket\u00eb ndikim t\u00eb madh n\u00eb gjepolitik\u00eb dhe n\u00eb pesh\u00ebn e vendit n\u00eb aren\u00ebn nd\u00ebrkomb\u00ebtare.<\/span><\/p>\n<p><span style=\"color: #000000;\">\u201cUn\u00eb mendoj le ta vler\u00ebsojm\u00eb k\u00ebt\u00eb samit si nj\u00eb moment jasht\u00ebzakonisht t\u00eb r\u00ebnd\u00ebsish\u00ebm t\u00eb diplomacis\u00eb shqiptare si nj\u00eb an\u00ebtar i NATO-s. Fitohet nj\u00eb pesh\u00eb e madhe p\u00ebr shkak se diskutohen \u00e7\u00ebshtje q\u00eb e tejkalojn\u00eb vendin ton\u00eb. Ka nj\u00eb ndikim pozitiv n\u00eb gjeopolitik\u00eb. Krijojm\u00eb nj\u00eb marr\u00ebdh\u00ebnie dhe bosht t\u00eb q\u00ebndruesh\u00ebm n\u00eb marr\u00ebdh\u00ebniet nd\u00ebrkomb\u00ebtare kund\u00ebr agresionit rus\u201d- u shpreh Mediu.<\/span><\/p>\n<p><span style=\"color: #000000;\">Deputeti u shpreh se pavar\u00ebsisht d\u00ebshir\u00ebs p\u00ebr t\u00eb ndihmuar Ukrain\u00ebn, Shqip\u00ebria dhe vendet e Europ\u00ebs Juglindore, lider\u00ebt e s\u00eb cil\u00ebs do t\u00eb jen\u00eb t\u00eb pranish\u00ebm nes\u00ebr n\u00eb samit, kan\u00eb kapacitete modeste nga pik\u00ebpamja ushtarake.<\/span><\/p>\n<p><span style=\"color: #000000;\"><em>\u201cN\u00eb nevoj\u00ebn q\u00eb ka sot Ukraina, gjith\u00eb ndihma e Shqip\u00ebris\u00eb dhe e vendeve t\u00eb Europ\u00ebs Juglindore \u00ebsht\u00eb fare modeste. Turqia dhe Greqia jan\u00eb 2 vende q\u00eb nga pik\u00ebpamja e fuqis\u00eb ushtarake kan\u00eb m\u00eb shum\u00eb pesh\u00eb. Po ashtu edhe Italia\u201d-<\/em> tha deputeti.<\/span><\/p>\n","protected":false,"gt_translate_keys":[{"key":"rendered","format":"html"}]},"excerpt":{"rendered":"<p>Kryetari i Partis\u00eb Republikane, Fatmir Mediu i ftuar n\u00eb emisionin \u201cFrontline Interview\u201d me gazetaren Marsela Karapan\u00e7o n\u00eb Report Tv e konsideroi samitin p\u00ebr Ukrain\u00ebn q\u00eb do t\u00eb mbahet nes\u00ebr n\u00eb Tiran\u00eb si nj\u00eb moment jasht\u00ebzakonisht t\u00eb r\u00ebnd\u00ebsish\u00ebm p\u00ebr diplomacin\u00eb shqiptare. Ai tha se organizimi i nes\u00ebrm do t\u00eb ket\u00eb ndikim t\u00eb madh n\u00eb gjepolitik\u00eb dhe [&hellip;]<\/p>\n","protected":false,"gt_translate_keys":[{"key":"rendered","format":"html"}]},"author":30,"featured_media":595826,"comment_status":"closed","ping_status":"open","sticky":false,"template":"","format":"standard","meta":{"footnotes":""},"categories":[65],"tags":[],"class_list":["post-657373","post","type-post","status-publish","format-standard","has-post-thumbnail","hentry","category-lajme"],"gt_translate_keys":[{"key":"link","format":"url"}],"_links":{"self":[{"href":"https:\/\/www.hashtag.al\/index.php\/wp-json\/wp\/v2\/posts\/657373","targetHints":{"allow":["GET"]}}],"collection":[{"href":"https:\/\/www.hashtag.al\/index.php\/wp-json\/wp\/v2\/posts"}],"about":[{"href":"https:\/\/www.hashtag.al\/index.php\/wp-json\/wp\/v2\/types\/post"}],"author":[{"embeddable":true,"href":"https:\/\/www.hashtag.al\/index.php\/wp-json\/wp\/v2\/users\/30"}],"replies":[{"embeddable":true,"href":"https:\/\/www.hashtag.al\/index.php\/wp-json\/wp\/v2\/comments?post=657373"}],"version-history":[{"count":0,"href":"https:\/\/www.hashtag.al\/index.php\/wp-json\/wp\/v2\/posts\/657373\/revisions"}],"wp:featuredmedia":[{"embeddable":true,"href":"https:\/\/www.hashtag.al\/index.php\/wp-json\/wp\/v2\/media\/595826"}],"wp:attachment":[{"href":"https:\/\/www.hashtag.al\/index.php\/wp-json\/wp\/v2\/media?parent=657373"}],"wp:term":[{"taxonomy":"category","embeddable":true,"href":"https:\/\/www.hashtag.al\/index.php\/wp-json\/wp\/v2\/categories?post=657373"},{"taxonomy":"post_tag","embeddable":true,"href":"https:\/\/www.hashtag.al\/index.php\/wp-json\/wp\/v2\/tags?post=657373"}],"curies":[{"name":"wp","href":"https:\/\/api.w.org\/{rel}","templated":true}]}}