{"id":657265,"date":"2024-02-27T12:48:05","date_gmt":"2024-02-27T11:48:05","guid":{"rendered":"https:\/\/www.hashtag.al\/?p=657265"},"modified":"2024-02-27T12:48:05","modified_gmt":"2024-02-27T11:48:05","slug":"shtyhet-seanca-per-ish-kryebashkiakun-e-durresit-vangjush-dako","status":"publish","type":"post","link":"https:\/\/www.hashtag.al\/index.php\/2024\/02\/27\/shtyhet-seanca-per-ish-kryebashkiakun-e-durresit-vangjush-dako\/","title":{"rendered":"Shtyhet seanca p\u00ebr ish kryebashkiakun e Durr\u00ebsit, Vangjush Dako","gt_translate_keys":[{"key":"rendered","format":"text"}]},"content":{"rendered":"<p style=\"text-align: left;\"><span style=\"color: #000000;\"><img loading=\"lazy\" decoding=\"async\" class=\"size-full wp-image-657266 aligncenter\" src=\"https:\/\/www.hashtag.al\/wp-content\/uploads\/2024\/02\/dakook1.jpg\" alt=\"\" width=\"645\" height=\"430\" srcset=\"https:\/\/www.hashtag.al\/wp-content\/uploads\/2024\/02\/dakook1.jpg 645w, https:\/\/www.hashtag.al\/wp-content\/uploads\/2024\/02\/dakook1-300x200.jpg 300w\" sizes=\"auto, (max-width: 645px) 100vw, 645px\" \/><\/span><\/p>\n<p style=\"text-align: left;\"><span style=\"color: #000000;\">Shtyhet seanca p\u00ebr ish kryebashkiakun e Durr\u00ebsit, Vangjush Dako. Seanca do t\u00eb zhvillohet m\u00eb 18 mars, ora 13:00.<\/span><\/p>\n<p style=\"text-align: left;\"><span style=\"color: #000000;\">Shkak p\u00ebr shtyrjen \u00ebsht\u00eb b\u00ebr\u00eb mungesa e aktekspertimit topografik q\u00eb kishte urdh\u00ebruar gjykata, p\u00ebr prokurorin\u00eb.<\/span><\/p>\n<p style=\"text-align: left;\"><span style=\"color: #000000;\">Dako akuzohet p\u00ebr \u201cShp\u00ebrdorim detyre\u201d n\u00eb procedur\u00ebn e dh\u00ebnies s\u00eb lejes s\u00eb nd\u00ebrtimit t\u00eb nj\u00eb pallati shum\u00ebkatesh dhe shp\u00ebrdorim t\u00eb fondeve publike n\u00eb procedur\u00ebn e prokurimit p\u00ebr nd\u00ebrtimin e nj\u00eb sh\u00ebtitoreje n\u00eb bregdet.<\/span><\/p>\n","protected":false,"gt_translate_keys":[{"key":"rendered","format":"html"}]},"excerpt":{"rendered":"<p>Shtyhet seanca p\u00ebr ish kryebashkiakun e Durr\u00ebsit, Vangjush Dako. Seanca do t\u00eb zhvillohet m\u00eb 18 mars, ora 13:00. Shkak p\u00ebr shtyrjen \u00ebsht\u00eb b\u00ebr\u00eb mungesa e aktekspertimit topografik q\u00eb kishte urdh\u00ebruar gjykata, p\u00ebr prokurorin\u00eb. Dako akuzohet p\u00ebr \u201cShp\u00ebrdorim detyre\u201d n\u00eb procedur\u00ebn e dh\u00ebnies s\u00eb lejes s\u00eb nd\u00ebrtimit t\u00eb nj\u00eb pallati shum\u00ebkatesh dhe shp\u00ebrdorim t\u00eb fondeve publike [&hellip;]<\/p>\n","protected":false,"gt_translate_keys":[{"key":"rendered","format":"html"}]},"author":4,"featured_media":657266,"comment_status":"closed","ping_status":"open","sticky":false,"template":"","format":"standard","meta":{"footnotes":""},"categories":[65],"tags":[],"class_list":["post-657265","post","type-post","status-publish","format-standard","has-post-thumbnail","hentry","category-lajme"],"gt_translate_keys":[{"key":"link","format":"url"}],"_links":{"self":[{"href":"https:\/\/www.hashtag.al\/index.php\/wp-json\/wp\/v2\/posts\/657265","targetHints":{"allow":["GET"]}}],"collection":[{"href":"https:\/\/www.hashtag.al\/index.php\/wp-json\/wp\/v2\/posts"}],"about":[{"href":"https:\/\/www.hashtag.al\/index.php\/wp-json\/wp\/v2\/types\/post"}],"author":[{"embeddable":true,"href":"https:\/\/www.hashtag.al\/index.php\/wp-json\/wp\/v2\/users\/4"}],"replies":[{"embeddable":true,"href":"https:\/\/www.hashtag.al\/index.php\/wp-json\/wp\/v2\/comments?post=657265"}],"version-history":[{"count":0,"href":"https:\/\/www.hashtag.al\/index.php\/wp-json\/wp\/v2\/posts\/657265\/revisions"}],"wp:featuredmedia":[{"embeddable":true,"href":"https:\/\/www.hashtag.al\/index.php\/wp-json\/wp\/v2\/media\/657266"}],"wp:attachment":[{"href":"https:\/\/www.hashtag.al\/index.php\/wp-json\/wp\/v2\/media?parent=657265"}],"wp:term":[{"taxonomy":"category","embeddable":true,"href":"https:\/\/www.hashtag.al\/index.php\/wp-json\/wp\/v2\/categories?post=657265"},{"taxonomy":"post_tag","embeddable":true,"href":"https:\/\/www.hashtag.al\/index.php\/wp-json\/wp\/v2\/tags?post=657265"}],"curies":[{"name":"wp","href":"https:\/\/api.w.org\/{rel}","templated":true}]}}