{"id":657229,"date":"2024-02-27T10:56:51","date_gmt":"2024-02-27T09:56:51","guid":{"rendered":"https:\/\/www.hashtag.al\/?p=657229"},"modified":"2024-02-27T10:56:51","modified_gmt":"2024-02-27T09:56:51","slug":"fermeret-e-serrave-bashkohen-per-te-vendosur-cmimet-dysheme-per-grumbullimet-e-reja","status":"publish","type":"post","link":"https:\/\/www.hashtag.al\/index.php\/2024\/02\/27\/fermeret-e-serrave-bashkohen-per-te-vendosur-cmimet-dysheme-per-grumbullimet-e-reja\/","title":{"rendered":"Fermer\u00ebt e serrave bashkohen p\u00ebr t\u00eb vendosur \u00e7mimet dysheme p\u00ebr grumbullimet e reja","gt_translate_keys":[{"key":"rendered","format":"text"}]},"content":{"rendered":"<p><span style=\"color: #000000;\"><a href=\"https:\/\/www.hashtag.al\/wp-content\/uploads\/2022\/03\/serra.jpeg\"><img loading=\"lazy\" decoding=\"async\" class=\"aligncenter size-full wp-image-512861\" src=\"https:\/\/www.hashtag.al\/wp-content\/uploads\/2022\/03\/serra.jpeg\" alt=\"\" width=\"720\" height=\"480\" srcset=\"https:\/\/www.hashtag.al\/wp-content\/uploads\/2022\/03\/serra.jpeg 720w, https:\/\/www.hashtag.al\/wp-content\/uploads\/2022\/03\/serra-300x200.jpeg 300w\" sizes=\"auto, (max-width: 720px) 100vw, 720px\" \/><\/a><\/span><\/p>\n<p><span style=\"color: #000000;\">Nj\u00eb grup i madh fermer\u00ebsh nga zonat e Beratit, Fierit u bashkuan k\u00ebto dit\u00eb p\u00ebr t\u00eb marr\u00eb \u00e7mime dysheme n\u00eb negociata me grumbulluesit dhe eksportuesit.<\/span><\/p>\n<p><span style=\"color: #000000;\">Sezoni bujq\u00ebsor ka nisur t\u00eb jap\u00eb prodhimet e para t\u00eb serave. Tani po vilen kastravec\u00eb, por \u00e7mimi i grumbulluesve arriti m\u00eb pak se gjysma e kostos me vet\u00ebm 20 lek\u00eb p\u00ebr kilogram jav\u00ebn e kaluar.<\/span><\/p>\n<p><span style=\"color: #000000;\">T\u00eb ekspozuar ndaj \u00e7mimeve t\u00eb tregut, pa mb\u00ebshtetje financiare nga qeveria fermer\u00ebt provuan t\u00eb bashkohen jav\u00ebn q\u00eb kaloi p\u00ebr t\u00eb vendosur nj\u00eb \u00e7mim dysheme p\u00ebr prodhimin e ri. P\u00ebr dy dit\u00eb prodhuesit ran\u00eb dakord t\u00eb mos vilnin duke bllokuar edhe eksportin. N\u00eb k\u00ebt\u00eb m\u00ebnyr\u00eb ato arrit\u00ebn t\u00eb shisnin n\u00eb fillim t\u00eb k\u00ebsaj jav\u00eb me mbi 60 lek\u00eb p\u00ebr kilogram, gati dyfishi n\u00eb krahasim me jav\u00ebn e m\u00ebparshme.<\/span><\/p>\n<p><span style=\"color: #000000;\">\u201cKa nj\u00eb deformim t\u00eb tregut dhe \u00e7mimit gjithmon\u00eb n\u00eb d\u00ebm t\u00eb prodhuesit. P\u00ebrve\u00e7 eksportuesve ka disa grumbullues nd\u00ebrmjet\u00ebs. K\u00ebto arrijn\u00eb t\u00eb p\u00ebr\u00e7ajn\u00eb fermer\u00ebt duke dh\u00ebn\u00eb \u00e7mime t\u00eb ul\u00ebta, pasi prodhimi nuk pret, duhet t\u00eb vilet menj\u00ebher\u00eb. Fermer\u00ebt n\u00ebn presionin p\u00ebr t\u00eb shitur sa m\u00eb par\u00eb se ndryshe thellohet humbja, pranojn\u00eb \u00e7mime t\u00eb cilat nuk mbulojn\u00eb as kostot\u201d Tha Mariglen Ziu nj\u00eb fermer m\u00eb p\u00ebrvoj\u00eb t\u00eb gjat\u00eb t\u00eb kultivimit n\u00eb sera n\u00eb zon\u00ebn Samatic\u00ebs n\u00eb Berat.<\/span><\/p>\n<p><span style=\"color: #000000;\">Ziu tha se bashkimi m\u00eb fermer\u00ebt e tjer\u00eb p\u00ebr t\u00eb negociuar \u00e7mimet e shitjes ishte nj\u00eb precedent q\u00eb mund t\u00eb vlej\u00eb p\u00ebr her\u00ebt e tjera.<\/span><\/p>\n<p><span style=\"color: #000000;\">Vitin e kaluar perimet e serave kastraveci dhe domatja u eksportuan me \u00e7mime mjaft t\u00eb larta mbi 100 lek\u00eb p\u00ebr kilogram, p\u00ebr shkak t\u00eb munges\u00ebs s\u00eb prodhimit n\u00eb Spanj\u00eb dhe Itali. Nisur nga fitimet e vitit t\u00eb kaluar fermer\u00ebt zgjeruan sip\u00ebrfaqet e serave k\u00ebt\u00eb vit, por \u00e7mimet me shumic\u00eb nuk jan\u00eb si t\u00eb vjetshmet, por shum\u00eb m\u00eb t\u00eb ul\u00ebta.<\/span><\/p>\n<p><span style=\"color: #000000;\">\u201cKemi marr\u00eb informacione se k\u00ebt\u00eb vit \u00e7mimet e perimeve n\u00eb tregjet Europ\u00ebs jan\u00eb m\u00eb t\u00eb ul\u00ebta, por ne jemi totalisht me humbje n\u00ebse e shesim nj\u00eb kilogram kastravec m\u00eb pak se 70 lek\u00eb\u201d tha fermeri Ziu.<\/span><\/p>\n<p><span style=\"color: #000000;\">Fermer\u00ebt shqiptare ndryshe nga ata t\u00eb Rajonit dhe Europ\u00ebs nuk p\u00ebrfitojn\u00eb mb\u00ebshtetje direkte nga qeveria, por vendi yn\u00eb ka avantazhin gjeografik q\u00eb nis sezonin e prodhimit s\u00eb paku 20 dita para vendeve t\u00eb tjera t\u00eb Rajonit, duke p\u00ebrfituar \u00e7mime m\u00eb t\u00eb larta eksporti n\u00eb k\u00ebt\u00eb periudhe. Mir\u00ebpo strukturat e brendshme t\u00eb tregut vuajn\u00eb nga mbik\u00ebqyrja dhe spekulimi i lart\u00eb duke b\u00ebr\u00eb q\u00eb t\u00eb gjitha anomalit\u00eb e zinxhirit bujq\u00ebsor t\u00eb bien mbi prodhuesin.<\/span><\/p>\n<p><span style=\"color: #000000;\">Bujq\u00ebsia shqiptare n\u00eb p\u00ebrgjith\u00ebsi vuan nga kostot e larta t\u00eb prodhimit, p\u00ebr shkak t\u00eb fragmentimit t\u00eb lart\u00eb t\u00eb tok\u00ebs dhe munges\u00ebs s\u00eb mekanizimit, kostot e larta t\u00eb imputeve etj.<\/span><\/p>\n<p><span style=\"color: #000000;\">K\u00ebto kosto nuk zbuten as nga subvencionet e qeveris\u00eb si n\u00eb vendet e tjera. Kjo ecuri \u00ebsht\u00eb duke i b\u00ebr\u00eb prodhimet shqiptare jo konkurruese me importin, teksa eksportet kan\u00eb nisur tkurrjen e shpejt\u00eb. N\u00eb janar 2024 eksporti i perimeve sh\u00ebnoi r\u00ebnie vjetore me 20%, nd\u00ebrsa importet n\u00eb ket\u00eb grup u rriten me 80%<\/span><\/p>\n<p><span style=\"color: #000000;\"><span style=\"color: #ff0000;\">VINI RE<\/span>: Artikulli \u00ebsht\u00eb pron\u00eb intelektuale e <a href=\"https:\/\/www.monitor.al\/bashkohen-fermeret-e-serrave-vendosin-cmime-dysheme-per-prodhimet-e-reja\/\"><span style=\"color: #3366ff;\">Revista Monitor<\/span><\/a><\/span><\/p>\n","protected":false,"gt_translate_keys":[{"key":"rendered","format":"html"}]},"excerpt":{"rendered":"<p>Nj\u00eb grup i madh fermer\u00ebsh nga zonat e Beratit, Fierit u bashkuan k\u00ebto dit\u00eb p\u00ebr t\u00eb marr\u00eb \u00e7mime dysheme n\u00eb negociata me grumbulluesit dhe eksportuesit. Sezoni bujq\u00ebsor ka nisur t\u00eb jap\u00eb prodhimet e para t\u00eb serave. Tani po vilen kastravec\u00eb, por \u00e7mimi i grumbulluesve arriti m\u00eb pak se gjysma e kostos me vet\u00ebm 20 lek\u00eb [&hellip;]<\/p>\n","protected":false,"gt_translate_keys":[{"key":"rendered","format":"html"}]},"author":32,"featured_media":512861,"comment_status":"closed","ping_status":"open","sticky":false,"template":"","format":"standard","meta":{"footnotes":""},"categories":[65,13],"tags":[],"class_list":["post-657229","post","type-post","status-publish","format-standard","has-post-thumbnail","hentry","category-lajme","category-te-fundit"],"gt_translate_keys":[{"key":"link","format":"url"}],"_links":{"self":[{"href":"https:\/\/www.hashtag.al\/index.php\/wp-json\/wp\/v2\/posts\/657229","targetHints":{"allow":["GET"]}}],"collection":[{"href":"https:\/\/www.hashtag.al\/index.php\/wp-json\/wp\/v2\/posts"}],"about":[{"href":"https:\/\/www.hashtag.al\/index.php\/wp-json\/wp\/v2\/types\/post"}],"author":[{"embeddable":true,"href":"https:\/\/www.hashtag.al\/index.php\/wp-json\/wp\/v2\/users\/32"}],"replies":[{"embeddable":true,"href":"https:\/\/www.hashtag.al\/index.php\/wp-json\/wp\/v2\/comments?post=657229"}],"version-history":[{"count":0,"href":"https:\/\/www.hashtag.al\/index.php\/wp-json\/wp\/v2\/posts\/657229\/revisions"}],"wp:featuredmedia":[{"embeddable":true,"href":"https:\/\/www.hashtag.al\/index.php\/wp-json\/wp\/v2\/media\/512861"}],"wp:attachment":[{"href":"https:\/\/www.hashtag.al\/index.php\/wp-json\/wp\/v2\/media?parent=657229"}],"wp:term":[{"taxonomy":"category","embeddable":true,"href":"https:\/\/www.hashtag.al\/index.php\/wp-json\/wp\/v2\/categories?post=657229"},{"taxonomy":"post_tag","embeddable":true,"href":"https:\/\/www.hashtag.al\/index.php\/wp-json\/wp\/v2\/tags?post=657229"}],"curies":[{"name":"wp","href":"https:\/\/api.w.org\/{rel}","templated":true}]}}