{"id":657223,"date":"2024-02-27T10:22:35","date_gmt":"2024-02-27T09:22:35","guid":{"rendered":"https:\/\/www.hashtag.al\/?p=657223"},"modified":"2024-02-27T10:22:35","modified_gmt":"2024-02-27T09:22:35","slug":"dekada-pas-masakrave-serbia-cedon-ne-ndjekjen-penale-te-krimineleve-te-luftes","status":"publish","type":"post","link":"https:\/\/www.hashtag.al\/index.php\/2024\/02\/27\/dekada-pas-masakrave-serbia-cedon-ne-ndjekjen-penale-te-krimineleve-te-luftes\/","title":{"rendered":"Dekada pas masakrave, Serbia \u00e7edon n\u00eb ndjekjen penale t\u00eb kriminel\u00ebve t\u00eb luft\u00ebs","gt_translate_keys":[{"key":"rendered","format":"text"}]},"content":{"rendered":"<p><span style=\"color: #000000;\"><a style=\"color: #000000;\" href=\"https:\/\/www.hashtag.al\/wp-content\/uploads\/2024\/02\/strpci-masakra.jpg\"><img loading=\"lazy\" decoding=\"async\" class=\"aligncenter size-full wp-image-657225\" src=\"https:\/\/www.hashtag.al\/wp-content\/uploads\/2024\/02\/strpci-masakra.jpg\" alt=\"\" width=\"864\" height=\"486\" srcset=\"https:\/\/www.hashtag.al\/wp-content\/uploads\/2024\/02\/strpci-masakra.jpg 864w, https:\/\/www.hashtag.al\/wp-content\/uploads\/2024\/02\/strpci-masakra-300x169.jpg 300w, https:\/\/www.hashtag.al\/wp-content\/uploads\/2024\/02\/strpci-masakra-768x432.jpg 768w\" sizes=\"auto, (max-width: 864px) 100vw, 864px\" \/><\/a><\/span><\/p>\n<p><span style=\"color: #000000;\">Pik\u00ebrisht 31 vjet m\u00eb par\u00eb, persona t\u00eb armatosur detyruan 20 civil\u00eb t\u00eb zbrisnin nga nj\u00eb tren n\u00eb fshatin boshnjak Strpci. Ata u rrah\u00ebn, u grabit\u00ebn dhe m\u00eb von\u00eb u vran\u00eb.<\/span><\/p>\n<p><span style=\"color: #000000;\">Rasti, ishte nj\u00eb nga numrat e pallogaritsh\u00ebm t\u00eb mizor\u00ebve n\u00eb luft\u00ebrat e gjakatare q\u00eb shkat\u00ebrruan Jugosllavin\u00eb &#8211; dhe drejt\u00ebsia n\u00eb shum\u00eb raste t\u00eb tilla \u00ebsht\u00eb e dhimbshme dhe e ngadalshme.<\/span><\/p>\n<p><span style=\"color: #000000;\">N\u00eb kryeqytetin serb, Beograd, gjykimi i akuzuarve p\u00ebr masakr\u00ebn n\u00eb Strpc vazhdon, nd\u00ebrsa t\u00eb dyshuarit jan\u00eb t\u00eb lir\u00eb.<\/span><\/p>\n<p><span style=\"color: #000000;\">&#8220;\u00cb<em>sht\u00eb e papranueshme q\u00eb 30 vjet pas rr\u00ebmbimit dhe vrasjes s\u00eb 20 civil\u00ebve n\u00eb Strpci, autoritetet gjyq\u00ebsore serbe e kan\u00eb t\u00eb pamundur t\u00eb zhvillojn\u00eb gjykime n\u00eb m\u00ebnyr\u00eb profesionale dhe t\u00eb japin nj\u00eb vendim,<\/em>&#8221; tha Fondi p\u00ebr t\u00eb Drejt\u00ebn Humanitare n\u00eb Ballkan.<\/span><\/p>\n<p><span style=\"color: #000000;\">Rreth 130,000 njer\u00ebz u vran\u00eb n\u00eb luft\u00ebrat q\u00eb shkaktuan shk\u00ebputjen e ish-Jugosllavis\u00eb n\u00eb vitet 1990.<\/span><\/p>\n<p><span style=\"color: #000000;\">N\u00eb dekadat q\u00eb pasuan, disa figura kryesore nga luft\u00ebrat &#8211; p\u00ebrfshir\u00eb komandantin serb t\u00eb Bosnj\u00ebs, Ratko Mlladi\u00e7 &#8211; jan\u00eb ndjekur penalisht n\u00eb nj\u00eb gjykat\u00eb nd\u00ebrkomb\u00ebtare n\u00eb Hag\u00eb.<\/span><\/p>\n<p><span style=\"color: #000000;\">Shum\u00eb t\u00eb tjer\u00eb jan\u00eb gjykuar nga gjykatat lokale n\u00eb t\u00eb gjith\u00eb Ballkanin.<\/span><\/p>\n<p><span style=\"color: #000000;\">Por n\u00eb Serbi, kriminel\u00ebt e d\u00ebnuar t\u00eb luft\u00ebs t\u00eb liruar nga burgu kan\u00eb festuar me zyrtar\u00ebt e lart\u00eb shtet\u00ebror\u00eb dhe jan\u00eb p\u00ebrsh\u00ebndetur n\u00eb mediat pro-qeveritare. Disa kan\u00eb rifilluar karrier\u00ebn e tyre politike ose kan\u00eb shkruar vepra t\u00eb historis\u00eb revizioniste t\u00eb shp\u00ebrndara nga botuesit shtet\u00ebror\u00eb.<\/span><\/p>\n<p><span style=\"color: #000000;\">N\u00eb rastin e Strpcit, kat\u00ebr ish-an\u00ebtar\u00eb t\u00eb nj\u00eb grupi paraushtarak t\u00eb lidhur me ushtrin\u00eb serbe t\u00eb Bosnj\u00ebs mor\u00ebn d\u00ebnime me burg q\u00eb varionin nga pes\u00eb deri n\u00eb 10 vjet pas nj\u00eb gjykimi fillestar q\u00eb p\u00ebrfundoi n\u00eb shkurt 2022.<\/span><\/p>\n<p><span style=\"color: #000000;\"><a href=\"https:\/\/www.hashtag.al\/wp-content\/uploads\/2024\/02\/stanica-strpci-1.jpg\"><img loading=\"lazy\" decoding=\"async\" class=\"aligncenter size-full wp-image-657224\" src=\"https:\/\/www.hashtag.al\/wp-content\/uploads\/2024\/02\/stanica-strpci-1.jpg\" alt=\"\" width=\"640\" height=\"480\" srcset=\"https:\/\/www.hashtag.al\/wp-content\/uploads\/2024\/02\/stanica-strpci-1.jpg 640w, https:\/\/www.hashtag.al\/wp-content\/uploads\/2024\/02\/stanica-strpci-1-300x225.jpg 300w\" sizes=\"auto, (max-width: 640px) 100vw, 640px\" \/><\/a><\/span><\/p>\n<p><span style=\"color: #000000;\">Por vet\u00ebm nj\u00eb vit m\u00eb von\u00eb, vendimi u anulua. Nj\u00eb gjyq i ri u hap n\u00eb janar. Natyra e fillimit dhe ndalimit t\u00eb procedurave ka zem\u00ebruar grupet e avokat\u00ebve q\u00eb k\u00ebrkojn\u00eb drejt\u00ebsi n\u00eb gjykatat e krimeve t\u00eb luft\u00ebs.<\/span><\/p>\n<p><span style=\"color: #000000;\">Sipas padis\u00eb, nj\u00eb grup i posa\u00e7\u00ebm i armatosur u formua n\u00eb Vishegrad, Bosnj\u00eb n\u00eb shkurt 1993, i cili u ngarkua me rr\u00ebmbimin e pasagjer\u00ebve joserb\u00eb nga treni q\u00eb lidh Beogradin me Tivarin n\u00eb Mal t\u00eb Zi.<\/span><\/p>\n<p><span style=\"color: #000000;\">Kat\u00ebr t\u00eb akuzuarit n\u00eb gjyq &#8211; Gojko Luki\u0107, Du\u0161ko Vasiljevi\u0107, Jovan Lipovac dhe Dragana \u0110eki\u0107 &#8211; jan\u00eb t\u00eb dyshuar p\u00ebr rr\u00ebmbimin e pasagjer\u00ebve n\u00eb Strpci dhe dor\u00ebzimin e tyre tek vras\u00ebsit e tyre. Ekzekutuesit nuk jan\u00eb identifikuar kurr\u00eb dhe nuk \u00ebsht\u00eb b\u00ebr\u00eb asnj\u00eb hetim p\u00ebr t\u00eb zbuluar kush organizoi masakr\u00ebn. Vet\u00ebm kat\u00ebr nga trupat e viktimave jan\u00eb gjetur, rreth 70 kilometra larg sken\u00ebs s\u00eb rr\u00ebmbimit p\u00ebrgjat\u00eb brigjeve t\u00eb liqenit Perucac.<\/span><\/p>\n<p><span style=\"color: #000000;\">Milan Luki\u0107 &#8211; nj\u00eb komandant paraushtarak serb i shquar i lidhur me grupin &#8211; u d\u00ebnua me burgim t\u00eb p\u00ebrjetsh\u00ebm nga Gjykata Penale Nd\u00ebrkomb\u00ebtare p\u00ebr ish-Jugosllavin\u00eb p\u00ebr krime kund\u00ebr njer\u00ebzimit, por ai kurr\u00eb nuk u d\u00ebnua p\u00ebr rolin n\u00eb vrasjet e Strpcit.<\/span><\/p>\n<p><span style=\"color: #000000;\"><strong>D\u00ebnimet jasht\u00eb Serbis\u00eb<\/strong><\/span><\/p>\n<p><span style=\"color: #000000;\">Nd\u00ebrsa Serbia \u00ebsht\u00eb akuzuar p\u00ebr zvarritje n\u00eb rastet e krimeve t\u00eb luft\u00ebs, vendet e tjera n\u00eb rajon kan\u00eb treguar nj\u00eb angazhim m\u00eb t\u00eb madh n\u00eb trajtimin e \u00e7\u00ebshtjes, duke p\u00ebrfshir\u00eb ndjekjen penale t\u00eb an\u00ebtar\u00ebve paraushtarak\u00eb serb\u00eb. Nj\u00eb gjykat\u00eb n\u00eb Mal t\u00eb Zi e d\u00ebnoi Nebojsha Ranisavljevi\u0107 n\u00eb 2004 dhe e d\u00ebnoi me 15 vjet burg p\u00ebr rolin e tij n\u00eb rr\u00ebmbimet n\u00eb Strpci. Dhe n\u00eb Bosnj\u00ebn fqinje, shtat\u00eb ish-an\u00ebtar\u00eb t\u00eb grupit u d\u00ebnuan n\u00eb gusht 2023 me 13 vjet burg secili p\u00ebr pjes\u00ebn e tyre n\u00eb krim.<\/span><\/p>\n<p><span style=\"color: #000000;\"> &#8220;<em>D\u00ebnimet sigurisht duhet t\u00eb ishin m\u00eb t\u00eb rrepta, por ato tregojn\u00eb nj\u00ebfar\u00eb p\u00ebrgatitshm\u00ebrie t\u00eb shoq\u00ebris\u00eb n\u00eb Bosnj\u00eb-Hercegovin\u00eb p\u00ebr t\u00eb gjykuar kriminel\u00ebt e luft\u00ebs<\/em>,&#8221; tha Edvin Kanka \u0106udi\u0107, nj\u00eb specialist p\u00ebr krimet e luft\u00ebs p\u00ebr Shoqat\u00ebn p\u00ebr K\u00ebrkime Sociale dhe Komunikim n\u00eb Bosnj\u00eb. p\u00ebr <span style=\"color: #3366ff;\"><a style=\"color: #3366ff;\" href=\"https:\/\/www.france24.com\/en\/live-news\/20240227-decades-on-serbia-struggles-to-prosecute-yugoslav-war-crimes\">AFP<\/a>.<\/span><\/span><\/p>\n<p><span style=\"color: #000000;\">Fatkeq\u00ebsisht, nuk mund t\u00eb thuhet e nj\u00ebjta gj\u00eb p\u00ebr Serbin\u00eb, pasi q\u00eb edhe gjykimet, si ajo e Strpcit, zgjasin shum\u00eb.<\/span><\/p>\n<p>&nbsp;<\/p>\n","protected":false,"gt_translate_keys":[{"key":"rendered","format":"html"}]},"excerpt":{"rendered":"<p>Pik\u00ebrisht 31 vjet m\u00eb par\u00eb, persona t\u00eb armatosur detyruan 20 civil\u00eb t\u00eb zbrisnin nga nj\u00eb tren n\u00eb fshatin boshnjak Strpci. Ata u rrah\u00ebn, u grabit\u00ebn dhe m\u00eb von\u00eb u vran\u00eb. Rasti, ishte nj\u00eb nga numrat e pallogaritsh\u00ebm t\u00eb mizor\u00ebve n\u00eb luft\u00ebrat e gjakatare q\u00eb shkat\u00ebrruan Jugosllavin\u00eb &#8211; dhe drejt\u00ebsia n\u00eb shum\u00eb raste t\u00eb tilla \u00ebsht\u00eb [&hellip;]<\/p>\n","protected":false,"gt_translate_keys":[{"key":"rendered","format":"html"}]},"author":32,"featured_media":657225,"comment_status":"closed","ping_status":"open","sticky":false,"template":"","format":"standard","meta":{"footnotes":""},"categories":[149,13],"tags":[],"class_list":["post-657223","post","type-post","status-publish","format-standard","has-post-thumbnail","hentry","category-kosoverajon","category-te-fundit"],"gt_translate_keys":[{"key":"link","format":"url"}],"_links":{"self":[{"href":"https:\/\/www.hashtag.al\/index.php\/wp-json\/wp\/v2\/posts\/657223","targetHints":{"allow":["GET"]}}],"collection":[{"href":"https:\/\/www.hashtag.al\/index.php\/wp-json\/wp\/v2\/posts"}],"about":[{"href":"https:\/\/www.hashtag.al\/index.php\/wp-json\/wp\/v2\/types\/post"}],"author":[{"embeddable":true,"href":"https:\/\/www.hashtag.al\/index.php\/wp-json\/wp\/v2\/users\/32"}],"replies":[{"embeddable":true,"href":"https:\/\/www.hashtag.al\/index.php\/wp-json\/wp\/v2\/comments?post=657223"}],"version-history":[{"count":0,"href":"https:\/\/www.hashtag.al\/index.php\/wp-json\/wp\/v2\/posts\/657223\/revisions"}],"wp:featuredmedia":[{"embeddable":true,"href":"https:\/\/www.hashtag.al\/index.php\/wp-json\/wp\/v2\/media\/657225"}],"wp:attachment":[{"href":"https:\/\/www.hashtag.al\/index.php\/wp-json\/wp\/v2\/media?parent=657223"}],"wp:term":[{"taxonomy":"category","embeddable":true,"href":"https:\/\/www.hashtag.al\/index.php\/wp-json\/wp\/v2\/categories?post=657223"},{"taxonomy":"post_tag","embeddable":true,"href":"https:\/\/www.hashtag.al\/index.php\/wp-json\/wp\/v2\/tags?post=657223"}],"curies":[{"name":"wp","href":"https:\/\/api.w.org\/{rel}","templated":true}]}}