{"id":657118,"date":"2024-02-26T18:28:36","date_gmt":"2024-02-26T17:28:36","guid":{"rendered":"https:\/\/www.hashtag.al\/?p=657118"},"modified":"2024-02-26T18:29:51","modified_gmt":"2024-02-26T17:29:51","slug":"glauk-konjufca-lirohet-nga-akuzat-per-hedhje-gazi-lotsjelles-ne-kuvendin-e-kosoves","status":"publish","type":"post","link":"https:\/\/www.hashtag.al\/index.php\/2024\/02\/26\/glauk-konjufca-lirohet-nga-akuzat-per-hedhje-gazi-lotsjelles-ne-kuvendin-e-kosoves\/","title":{"rendered":"Glauk Konjufca lirohet nga akuzat p\u00ebr hedhje gazi lotsjell\u00ebs n\u00eb Kuvendin e Kosov\u00ebs","gt_translate_keys":[{"key":"rendered","format":"text"}]},"content":{"rendered":"<p><span style=\"color: #000000;\"><a href=\"https:\/\/www.hashtag.al\/wp-content\/uploads\/2021\/03\/glauk-konjufca-555x396-555x360.jpg\"><img loading=\"lazy\" decoding=\"async\" class=\"aligncenter size-full wp-image-437895\" src=\"https:\/\/www.hashtag.al\/wp-content\/uploads\/2021\/03\/glauk-konjufca-555x396-555x360.jpg\" alt=\"\" width=\"555\" height=\"360\" srcset=\"https:\/\/www.hashtag.al\/wp-content\/uploads\/2021\/03\/glauk-konjufca-555x396-555x360.jpg 555w, https:\/\/www.hashtag.al\/wp-content\/uploads\/2021\/03\/glauk-konjufca-555x396-555x360-300x195.jpg 300w\" sizes=\"auto, (max-width: 555px) 100vw, 555px\" \/><\/a><\/span><\/p>\n<p><span style=\"color: #000000;\">Gjykata Themelore n\u00eb Prishtin\u00eb, ka shpallur aktgjykim lirues ndaj kryetarit t\u00eb Kuvendit t\u00eb Kosov\u00ebs, Glauk Konjufca i akuzuar p\u00ebr hedhje t\u00eb gazit lotsjell\u00ebs n\u00eb Kuvend.<\/span><\/p>\n<p><span style=\"color: #000000;\">Aktgjykimi ndaj Konjufc\u00ebs u shpall t\u00eb h\u00ebn\u00ebn nga gjykat\u00ebsja Edita \u00c7anta.<\/span><\/p>\n<p><span style=\"color: #000000;\">N\u00eb aktakuz\u00eb thuhet se n\u00eb Kuvendin e Kosov\u00ebs m\u00eb 10 gusht 2016, n\u00eb cil\u00ebsi t\u00eb deputetit, Konjufca ka hedhur gaz lotsjell\u00ebs n\u00eb sall\u00eb, me \u00e7\u2019rast \u00ebsht\u00eb pamund\u00ebsuar q\u00ebndrimi n\u00eb sall\u00eb, raporton <span style=\"color: #3366ff;\">\u201c<a style=\"color: #3366ff;\" href=\"https:\/\/betimiperdrejtesi.com\/glauk-konjufca-lirohet-nga-akuza-per-hedhjen-e-gazit-lotsjelles-ne-kuvend\/\">Betimi p\u00ebr Drejt\u00ebsi\u201d<\/a>.<\/span><\/span><\/p>\n<p><span style=\"color: #000000;\">Sipas gjykat\u00ebses \u00c7anta, nuk \u00ebsht\u00eb provuar se Konjufca ka kryer vepr\u00ebn q\u00eb i vihej n\u00eb barr\u00eb \u201cP\u00ebrdorimi i arm\u00ebs apo mjetit t\u00eb rreziksh\u00ebm\u201d.<\/span><\/p>\n<p><span style=\"color: #000000;\">Gjykat\u00ebsja tha se asnj\u00ebri nga d\u00ebshmitar\u00ebt nuk e ka inkriminuar Konjufc\u00ebn.<\/span><\/p>\n<p><span style=\"color: #000000;\">Kurse, p\u00ebr vepr\u00ebn penale \u201cPengimi i personit zyrtar n\u00eb kryerjen e detyr\u00ebs zyrtare\u201d p\u00ebr t\u00eb cil\u00ebn ka arritur parashkrimi, \u00ebsht\u00eb refuzuar akuza.<\/span><\/p>\n<p><span style=\"color: #000000;\">Shpallja e aktgjykimit u b\u00eb n\u00eb munges\u00eb t\u00eb Konjufc\u00ebs.<\/span><\/p>\n<p><span style=\"color: #000000;\">N\u00eb seanc\u00ebn e mbajtur m\u00eb\u00a023 shkurt 2024, gjat\u00eb fjal\u00ebs p\u00ebrfundimtare, prokurori Besart Mustafa k\u00ebrkoi q\u00eb Konjufca t\u00eb d\u00ebnohet p\u00ebr vepr\u00ebn penale q\u00eb i vihej n\u00eb barr\u00eb, nd\u00ebrsa mbrojt\u00ebsja e Konjufc\u00ebs, avokatja Arbnora Zeqiri k\u00ebrkoi q\u00eb ai t\u00eb lirohej nga akuza.<\/span><\/p>\n<p><span style=\"color: #000000;\">N\u00eb seanc\u00ebn e 25 tetorit 2023, gjykat\u00ebsja \u00c7anta tha se Konjufc\u00ebs i \u00ebsht\u00eb parashkruar vepra penale \u201cPengim i pengim i personit zyrtar gjat\u00eb kryerjes s\u00eb detyrave zyrtare\u201d.<\/span><\/p>\n<p><span style=\"color: #000000;\">Prokuroria Themelore n\u00eb Prishtin\u00eb, m\u00eb 3 shkurt 2017, ka ngritur aktakuz\u00eb kund\u00ebr Glauk Konjufc\u00ebs, t\u00eb cilin e ngarkonte me dy vepra penale.<\/span><\/p>\n<p><span style=\"color: #000000;\">Sipas aktakuz\u00ebs, Konjufca akuzohej se m\u00eb 10 gusht 2016, gjat\u00eb mbajtjes s\u00eb mbledhjes n\u00eb sall\u00ebn e Kuvendit t\u00eb Republik\u00ebs s\u00eb Kosov\u00ebs, ku merrnin pjes\u00eb kryetari i Kuvendit, Kadri Veseli, deputet\u00ebt Adem Grabovci, Ismet Beqiri, Sabri Hamiti, Pal Lekaj, Valdete Bajrami dhe Sllobodan Petroviq, i nj\u00ebjti n\u00eb cil\u00ebsin\u00eb e deputetit, n\u00eb kund\u00ebrshtim me ligjin ka p\u00ebrdorur arm\u00eb, ashtu q\u00eb gjat\u00eb k\u00ebsaj mbledhje ka hedhur gazin lotsjell\u00ebs n\u00eb k\u00ebt\u00eb sall\u00eb.<\/span><\/p>\n<p><span style=\"color: #000000;\">Aktakuza thot\u00eb se si pasoj\u00eb e k\u00ebsaj, q\u00ebndrimi i pjes\u00ebmarr\u00ebsve \u00ebsht\u00eb pamund\u00ebsuar nga tymi q\u00eb ka shkaktuar gazi lotsjell\u00ebs dhe t\u00eb nj\u00ebjtit jan\u00eb detyruar t\u00eb braktisin sall\u00ebn, me \u00e7ka i pandehuri Konjufca ka r\u00ebn\u00eb ndesh me nenin 9.1 t\u00eb Rregullores nr.04\/12 p\u00ebr arm\u00ebmbajtje n\u00eb Republik\u00ebn e Kosov\u00ebs, ku ndalohet p\u00ebrdorimi i arm\u00ebve.<\/span><\/p>\n<p><span style=\"color: #000000;\">Me k\u00ebt\u00eb, Konjufca akuzohej se ka kryer vepr\u00ebn penale \u201cP\u00ebrdorimi i arm\u00ebs apo mjetit t\u00eb rreziksh\u00ebm\u201d nga neni 375, paragrafi 1 t\u00eb Kodit Penal, vep\u00ebr e cila d\u00ebnohet me burgim prej nj\u00eb deri n\u00eb tet\u00eb vjet.<\/span><\/p>\n<p><span style=\"color: #000000;\">Nd\u00ebrsa, sipas dispozitivit t\u00eb dyt\u00eb t\u00eb k\u00ebsaj aktakuze, me dat\u00eb, n\u00eb koh\u00eb dhe vend t\u00eb p\u00ebrshkruar si n\u00eb dispozitivin e par\u00eb t\u00eb k\u00ebsaj akuze, i pandehuri Konjufca gjat\u00eb p\u00ebrdorimit t\u00eb gazit lotsjell\u00ebs ka penguar personat zyrtar\u00eb si kryetarin e Kuvendit, Kadri Veseli, deputet\u00ebt Adem Grabovci, Ismet Beqiri, Sabri Hamiti, Pal Lekaj, Valdete Bajrami dhe Sllobodan Petroviq n\u00eb kryerjen e detyrave zyrtare, \u00e7\u2019rast t\u00eb gjith\u00eb personat zyrtar\u00eb jan\u00eb detyruar ta nd\u00ebrpresin mbledhjen dhe t\u00eb largohen nga salla.<\/span><\/p>\n<p><span style=\"color: #000000;\">P\u00ebr k\u00ebt\u00eb, Konjufca akuzohej se ka kryer vepr\u00ebn penale \u201cPengimi i personit zyrtar gjat\u00eb kryerjes s\u00eb detyrave zyrtare\u201d parashikuar nga neni 409, paragrafi 1 t\u00eb Kodit Penal, vep\u00ebr e cila d\u00ebnohet me burgim prej tre muaj deri n\u00eb tre vjet.\u00a0<\/span><\/p>\n<p>&nbsp;<\/p>\n","protected":false,"gt_translate_keys":[{"key":"rendered","format":"html"}]},"excerpt":{"rendered":"<p>Gjykata Themelore n\u00eb Prishtin\u00eb, ka shpallur aktgjykim lirues ndaj kryetarit t\u00eb Kuvendit t\u00eb Kosov\u00ebs, Glauk Konjufca i akuzuar p\u00ebr hedhje t\u00eb gazit lotsjell\u00ebs n\u00eb Kuvend. Aktgjykimi ndaj Konjufc\u00ebs u shpall t\u00eb h\u00ebn\u00ebn nga gjykat\u00ebsja Edita \u00c7anta. N\u00eb aktakuz\u00eb thuhet se n\u00eb Kuvendin e Kosov\u00ebs m\u00eb 10 gusht 2016, n\u00eb cil\u00ebsi t\u00eb deputetit, Konjufca ka hedhur [&hellip;]<\/p>\n","protected":false,"gt_translate_keys":[{"key":"rendered","format":"html"}]},"author":32,"featured_media":437895,"comment_status":"closed","ping_status":"open","sticky":false,"template":"","format":"standard","meta":{"footnotes":""},"categories":[149,13],"tags":[],"class_list":["post-657118","post","type-post","status-publish","format-standard","has-post-thumbnail","hentry","category-kosoverajon","category-te-fundit"],"gt_translate_keys":[{"key":"link","format":"url"}],"_links":{"self":[{"href":"https:\/\/www.hashtag.al\/index.php\/wp-json\/wp\/v2\/posts\/657118","targetHints":{"allow":["GET"]}}],"collection":[{"href":"https:\/\/www.hashtag.al\/index.php\/wp-json\/wp\/v2\/posts"}],"about":[{"href":"https:\/\/www.hashtag.al\/index.php\/wp-json\/wp\/v2\/types\/post"}],"author":[{"embeddable":true,"href":"https:\/\/www.hashtag.al\/index.php\/wp-json\/wp\/v2\/users\/32"}],"replies":[{"embeddable":true,"href":"https:\/\/www.hashtag.al\/index.php\/wp-json\/wp\/v2\/comments?post=657118"}],"version-history":[{"count":0,"href":"https:\/\/www.hashtag.al\/index.php\/wp-json\/wp\/v2\/posts\/657118\/revisions"}],"wp:featuredmedia":[{"embeddable":true,"href":"https:\/\/www.hashtag.al\/index.php\/wp-json\/wp\/v2\/media\/437895"}],"wp:attachment":[{"href":"https:\/\/www.hashtag.al\/index.php\/wp-json\/wp\/v2\/media?parent=657118"}],"wp:term":[{"taxonomy":"category","embeddable":true,"href":"https:\/\/www.hashtag.al\/index.php\/wp-json\/wp\/v2\/categories?post=657118"},{"taxonomy":"post_tag","embeddable":true,"href":"https:\/\/www.hashtag.al\/index.php\/wp-json\/wp\/v2\/tags?post=657118"}],"curies":[{"name":"wp","href":"https:\/\/api.w.org\/{rel}","templated":true}]}}