{"id":657101,"date":"2024-02-26T17:51:59","date_gmt":"2024-02-26T16:51:59","guid":{"rendered":"https:\/\/www.hashtag.al\/?p=657101"},"modified":"2024-02-26T17:51:59","modified_gmt":"2024-02-26T16:51:59","slug":"shfuqizimi-i-pjesshem-i-ligjit-per-studentet-e-mjekesise-zbardhet-vendimi-i-plote-i-gjykates-kushtetuese","status":"publish","type":"post","link":"https:\/\/www.hashtag.al\/index.php\/2024\/02\/26\/shfuqizimi-i-pjesshem-i-ligjit-per-studentet-e-mjekesise-zbardhet-vendimi-i-plote-i-gjykates-kushtetuese\/","title":{"rendered":"Shfuqizimi i pjessh\u00ebm i ligjit p\u00ebr student\u00ebt e mjek\u00ebsis\u00eb, zbardhet vendimi i plot\u00eb i Gjykat\u00ebs Kushtetuese","gt_translate_keys":[{"key":"rendered","format":"text"}]},"content":{"rendered":"<p style=\"text-align: left;\"><span style=\"color: #000000;\"><img loading=\"lazy\" decoding=\"async\" class=\"size-full wp-image-657103 aligncenter\" src=\"https:\/\/www.hashtag.al\/wp-content\/uploads\/2024\/02\/Screenshot-2024-02-26-175103.png\" alt=\"\" width=\"608\" height=\"365\" srcset=\"https:\/\/www.hashtag.al\/wp-content\/uploads\/2024\/02\/Screenshot-2024-02-26-175103.png 608w, https:\/\/www.hashtag.al\/wp-content\/uploads\/2024\/02\/Screenshot-2024-02-26-175103-300x180.png 300w\" sizes=\"auto, (max-width: 608px) 100vw, 608px\" \/><\/span><\/p>\n<p style=\"text-align: left;\"><span style=\"color: #000000;\">Gjykata Kushtetuese ka zbuluar dit\u00ebn e sotme arsyetimin lidhur me vendimin p\u00ebr shfuqizimin e pjes\u00ebsh t\u00eb vendimit t\u00eb qeveris\u00eb p\u00ebr pun\u00ebsimin e detyruar t\u00eb mjek\u00ebve t\u00eb rinj t\u00eb dal\u00eb nga Fakulteti i Mjek\u00ebsis\u00eb p\u00ebr nj\u00eb periudh\u00eb disa-vje\u00e7are.<\/span><\/p>\n<p style=\"text-align: left;\"><span style=\"color: #000000;\">Gjykata thekson se: \u201c<em>N\u00eb kuad\u00ebr t\u00eb testit t\u00eb proporcionalitetit, Gjykata ka konstatuar, gjithashtu, se neni 6 i ligjit ka ometim ligjor. Ometimi ka t\u00eb b\u00ebj\u00eb me munges\u00ebn e kritereve objektive t\u00eb pun\u00ebsimit me prioritet, trajtimin financiar n\u00eb kuad\u00ebr t\u00eb sigurimit t\u00eb mjeteve t\u00eb nevojshme t\u00eb jetes\u00ebs, sipas nenit 49 t\u00eb Kushtetut\u00ebs, si dhe p\u00ebrllogaritjen e periudh\u00ebs n\u00eb pritje n\u00eb koh\u00ebzgjatjen e detyrimit p\u00ebr pun\u00ebsim. Gjykata e analizoi \u00e7\u00ebshtjen edhe n\u00eb k\u00ebndv\u00ebshtrimin e parimit t\u00eb siguris\u00eb juridike dhe t\u00eb barazis\u00eb para ligjit\u201d.<\/em><\/span><\/p>\n<p style=\"text-align: left;\"><span style=\"color: #000000;\">Ajo i ka k\u00ebrkuar Kuvendit q\u00eb t\u00eb ndryshoj\u00eb k\u00ebt\u00eb ligj, duke ulur afatet dhe se ndryshimet duhet t\u00eb miratohen brenda 3 muajve.<\/span><\/p>\n<p style=\"text-align: left;\"><span style=\"color: #000000;\"><strong>Vendimi i plot\u00eb:<\/strong><\/span><\/p>\n<p style=\"text-align: left;\"><span style=\"color: #000000;\">Vendim nr. 1 dat\u00eb 25.01.2024<\/span><br \/>\n<span style=\"color: #000000;\">(V-1\/24)<\/span><br \/>\n<span style=\"color: #000000;\">Gjykata Kushtetuese e Republik\u00ebs s\u00eb Shqip\u00ebris\u00eb, e p\u00ebrb\u00ebr\u00eb nga: Holta Za\u00e7aj,<\/span><br \/>\n<span style=\"color: #000000;\">Kryetare, Marsida Xhaferllari, Fiona Papajorgji, Elsa Toska, Sonila Bejtja, Sand\u00ebr Beci, Ilir<\/span><br \/>\n<span style=\"color: #000000;\">Toska, Genti Ibrahimi, Marjana Semini, an\u00ebtar\u00eb, me sekretare Enina Kotoni, n\u00eb dat\u00ebn 21.12.2023<\/span><br \/>\n<span style=\"color: #000000;\">mori n\u00eb shqyrtim n\u00eb seanc\u00eb plenare publike \u00e7\u00ebshtjen nr. 1 (Nj) 2023 t\u00eb Regjistrit Themeltar, q\u00eb u<\/span><br \/>\n<span style=\"color: #000000;\">p\u00ebrket:<\/span><br \/>\n<span style=\"color: #000000;\"><strong>K\u00cbRKUES: NJ\u00cb GRUP DEPUTET\u00cbSH T\u00cb KUVENDIT T\u00cb<\/strong><\/span><br \/>\n<span style=\"color: #000000;\"><strong>REPUBLIK\u00cbS S\u00cb SHQIP\u00cbRIS\u00cb (JO M\u00cb PAK SE NJ\u00cb E<\/strong><\/span><br \/>\n<span style=\"color: #000000;\"><strong>PESTA E DEPUTET\u00cbVE)<\/strong>, p\u00ebrfaq\u00ebsuar nga avokat\u00ebt Semir Sali<\/span><br \/>\n<span style=\"color: #000000;\">dhe Esmeralda Maillard (Ndoci), me autorizim.<\/span><br \/>\n<span style=\"color: #000000;\"><strong>NJ\u00cb GRUP STUDENT\u00cbSH T\u00cb FAKULTETIT T\u00cb<\/strong><\/span><br \/>\n<span style=\"color: #000000;\"><strong>MJEK\u00cbSIS\u00cb T\u00cb UNIVERSITETIT T\u00cb MJEK\u00cbSIS\u00cb<\/strong><\/span><br \/>\n<span style=\"color: #000000;\"><strong>TIRAN\u00cb<\/strong>, p\u00ebrfaq\u00ebsuar nga avokat\u00ebt Semir Sali dhe Esmeralda<\/span><br \/>\n<span style=\"color: #000000;\">Maillard, me prokur\u00eb t\u00eb posa\u00e7me.<\/span><br \/>\n<span style=\"color: #000000;\"><strong>SUBJEKTE T\u00cb INTERESUARA:<\/strong><\/span><br \/>\n<span style=\"color: #000000;\"><strong>KUVENDI I REPUBLIK\u00cbS S\u00cb SHQIP\u00cbRIS\u00cb<\/strong>, p\u00ebrfaq\u00ebsuar nga<\/span><br \/>\n<span style=\"color: #000000;\">Mimoza Arbi dhe Gazmend Bici, me autorizim.<\/span><br \/>\n<span style=\"color: #000000;\"><strong>K\u00cbSHILLI I MINISTRAVE<\/strong>, p\u00ebrfaq\u00ebsuar nga Herald Jonuzaj,<\/span><br \/>\n<span style=\"color: #000000;\">Voltisa Ko\u00e7i dhe avokatja e shtetit Irma Qosja, me autorizim.<\/span><br \/>\n<span style=\"color: #000000;\">OBJEKTI: Shfuqizimi i nenit 4, pikat 1, shkronja \u201cc\u201d, 2, shkronja \u201cb\u201d, 3,<\/span><br \/>\n<span style=\"color: #000000;\">shkronja \u201cb\u201d dhe nenit 5, fjalia e par\u00eb, t\u00eb ligjit nr. 60\/2023,<\/span><br \/>\n<span style=\"color: #000000;\">dat\u00eb 21.07.2023 \u201cP\u00ebr trajtimin e ve\u00e7ant\u00eb t\u00eb student\u00ebve q\u00eb<\/span><br \/>\n<span style=\"color: #000000;\">ndjekin programin e integruar t\u00eb studimit t\u00eb ciklit t\u00eb dyt\u00eb<\/span><br \/>\n<span style=\"color: #000000;\">\u201cMjek\u00ebsi e p\u00ebrgjithshme\u201d n\u00eb institucionet publike t\u00eb arsimit t\u00eb<\/span><br \/>\n<span style=\"color: #000000;\">lart\u00eb\u201d, si t\u00eb papajtuesh\u00ebm me Kushtetut\u00ebn e Republik\u00ebs s\u00eb<\/span><br \/>\n<span style=\"color: #000000;\">Shqip\u00ebris\u00eb.<\/span><br \/>\n<span style=\"color: #000000;\"><strong>Vendim i Gjykat\u00ebs Kushtetuese<\/strong><\/span><br \/>\n<span style=\"color: #000000;\"><strong>K\u00ebrkues:<\/strong>\u00a0Nj\u00eb grup deputet\u00ebsh t\u00eb Kuvendit (jo m\u00eb pak se 1\/5 e deputet\u00ebve) dhe nj\u00eb grup student\u00ebsh t\u00eb Fakultetit t\u00eb<\/span><br \/>\n<span style=\"color: #000000;\">Mjek\u00ebsis\u00eb t\u00eb Universitetit t\u00eb Mjek\u00ebsis\u00eb Tiran\u00eb<\/span><br \/>\n<span style=\"color: #000000;\">Pezullimi i zbatimit t\u00eb ligjit nr. 60\/2023, dat\u00eb 21.07.2023 \u201cP\u00ebr<\/span><br \/>\n<span style=\"color: #000000;\">trajtimin e ve\u00e7ant\u00eb t\u00eb student\u00ebve q\u00eb ndjekin programin e<\/span><br \/>\n<span style=\"color: #000000;\">integruar t\u00eb studimit t\u00eb ciklit t\u00eb dyt\u00eb \u201cMjek\u00ebsi e p\u00ebrgjithshme\u201d<\/span><br \/>\n<span style=\"color: #000000;\">n\u00eb institucionet publike t\u00eb arsimit t\u00eb lart\u00eb\u201d, deri n\u00eb hyrjen n\u00eb<\/span><br \/>\n<span style=\"color: #000000;\">fuqi t\u00eb vendimit t\u00eb Gjykat\u00ebs Kushtetuese.<\/span><br \/>\n<span style=\"color: #000000;\"><strong>BAZA LIGJORE:<\/strong>\u00a0Nenet 4, 17, 18, 26, 49, 57, 131, pika 1, shkronjat \u201ca\u201d dhe \u201cf\u201d<\/span><br \/>\n<span style=\"color: #000000;\">dhe 134, pika 1, shkronjat \u201cc\u201d dhe \u201ci\u201d, t\u00eb Kushtetut\u00ebs s\u00eb<\/span><br \/>\n<span style=\"color: #000000;\">Republik\u00ebs s\u00eb Shqip\u00ebris\u00eb (Kushtetuta); nenet 4 dhe 14 t\u00eb<\/span><br \/>\n<span style=\"color: #000000;\">Konvent\u00ebs Evropiane p\u00ebr t\u00eb Drejtat e Njeriut (KEDNJ) dhe<\/span><br \/>\n<span style=\"color: #000000;\">neni 2 i Protokollit nr. 1 t\u00eb saj; ligji nr. 8577, dat\u00eb 10.02.2000<\/span><br \/>\n<span style=\"color: #000000;\">\u201cP\u00ebr organizimin dhe funksionimin e Gjykat\u00ebs Kushtetuese t\u00eb<\/span><br \/>\n<span style=\"color: #000000;\">Republik\u00ebs s\u00eb Shqip\u00ebris\u00eb\u201d, i ndryshuar (ligji nr. 8577\/2000).<\/span><br \/>\n<span style=\"color: #000000;\">GJYKATA KUSHTETUESE,<\/span><br \/>\n<span style=\"color: #000000;\">pasi d\u00ebgjoi relatoren e \u00e7\u00ebshtjes Marjana Semini, mori n\u00eb shqyrtim parashtrimet me<\/span><br \/>\n<span style=\"color: #000000;\">shkrim t\u00eb k\u00ebrkuesve, q\u00eb kan\u00eb k\u00ebrkuar pranimin e k\u00ebrkes\u00ebs, prap\u00ebsimet me shkrim t\u00eb subjekteve<\/span><br \/>\n<span style=\"color: #000000;\">t\u00eb interesuara, Kuvendit t\u00eb Republik\u00ebs s\u00eb Shqip\u00ebris\u00eb (Kuvendi) dhe K\u00ebshillit t\u00eb Ministrave, q\u00eb<\/span><br \/>\n<span style=\"color: #000000;\">kan\u00eb k\u00ebrkuar rr\u00ebzimin e k\u00ebrkes\u00ebs, mendimet me shkrim t\u00eb Komisionerit p\u00ebr Mbrojtjen nga<\/span><br \/>\n<span style=\"color: #000000;\">Diskriminimi (Komisioneri) dhe t\u00eb Universitetit t\u00eb Mjek\u00ebsis\u00eb Tiran\u00eb (UMT), si dhe diskutoi<\/span><br \/>\n<span style=\"color: #000000;\">\u00e7\u00ebshtjen n\u00eb t\u00ebr\u00ebsi,<\/span><br \/>\n<span style=\"color: #000000;\"><strong>V \u00cb R E N:<\/strong><\/span><br \/>\n<span style=\"color: #000000;\">I<\/span><br \/>\n<span style=\"color: #000000;\">Rrethanat e \u00e7\u00ebshtjes<\/span><br \/>\n<span style=\"color: #000000;\">1. N\u00eb dat\u00ebn 21.07.2023 Kuvendi, n\u00eb baz\u00eb t\u00eb propozimit t\u00eb K\u00ebshillit t\u00eb Ministrave dhe n\u00eb<\/span><br \/>\n<span style=\"color: #000000;\">zbatim t\u00eb procedur\u00ebs s\u00eb p\u00ebrshpejtuar parlamentare, ka miratuar ligjin nr. 60\/2023 \u201cP\u00ebr trajtimin e<\/span><br \/>\n<span style=\"color: #000000;\">ve\u00e7ant\u00eb t\u00eb student\u00ebve q\u00eb ndjekin programin e integruar t\u00eb studimit t\u00eb ciklit t\u00eb dyt\u00eb \u201cMjek\u00ebsi e<\/span><br \/>\n<span style=\"color: #000000;\">p\u00ebrgjithshme\u201d n\u00eb institucionet publike t\u00eb arsimit t\u00eb lart\u00eb\u201d (ligji nr. 60\/2023). Ky ligj \u00ebsht\u00eb botuar<\/span><br \/>\n<span style=\"color: #000000;\">n\u00eb Fletoren Zyrtare nr. 123, dat\u00eb 16.08.2023 dhe ka hyr\u00eb n\u00eb fuqi 15 dit\u00eb pas botimit t\u00eb tij.<\/span><br \/>\n<span style=\"color: #000000;\">2. Duke pasur si q\u00ebllim ruajtjen e burimeve njer\u00ebzore, profesionist\u00ebve sh\u00ebndet\u00ebsor\u00eb n\u00eb<\/span><br \/>\n<span style=\"color: #000000;\">vend, por edhe rritjen e interesit t\u00eb tyre p\u00ebr t\u00eb punuar n\u00eb sektorin sh\u00ebndet\u00ebsor publik si pjes\u00eb e<\/span><br \/>\n<span style=\"color: #000000;\">rritjes s\u00eb investimeve n\u00eb sh\u00ebndet\u00ebsi, ligji nr. 60\/2023 ka parashikuar nj\u00eb mekaniz\u00ebm p\u00ebrmes t\u00eb<\/span><br \/>\n<span style=\"color: #000000;\">cilit, student\u00ebve q\u00eb ndjekin programin e integruar t\u00eb studimit t\u00eb ciklit t\u00eb dyt\u00eb \u201cMjek\u00ebsi e<\/span><br \/>\n<span style=\"color: #000000;\">Vendim i Gjykat\u00ebs Kushtetuese<\/span><br \/>\n<span style=\"color: #000000;\">K\u00ebrkues: Nj\u00eb grup deputet\u00ebsh t\u00eb Kuvendit (jo m\u00eb pak se 1\/5 e deputet\u00ebve) dhe nj\u00eb grup student\u00ebsh t\u00eb Fakultetit t\u00eb<\/span><br \/>\n<span style=\"color: #000000;\">Mjek\u00ebsis\u00eb t\u00eb Universitetit t\u00eb Mjek\u00ebsis\u00eb Tiran\u00eb<\/span><br \/>\n<span style=\"color: #000000;\">p\u00ebrgjithshme\u201d n\u00eb institucionet publike t\u00eb arsimit t\u00eb lart\u00eb u ofrohet nj\u00eb trajtim i ve\u00e7ant\u00eb, i cili n\u00eb<\/span><br \/>\n<span style=\"color: #000000;\">kuptim t\u00eb nenit 3, pika 1, t\u00eb ligjit, p\u00ebrfshin pun\u00ebsimin me prioritet t\u00eb tyre pas p\u00ebrfundimit t\u00eb<\/span><br \/>\n<span style=\"color: #000000;\">studimeve, si dhe t\u00eb drejt\u00ebn p\u00ebr t\u00eb p\u00ebrfituar nga programet sociale t\u00eb strehimit.<\/span><br \/>\n<span style=\"color: #000000;\">3. Ky trajtim p\u00ebrfitohet si nga kandidati q\u00eb pranohet rishtazi n\u00eb programin e integruar t\u00eb<\/span><br \/>\n<span style=\"color: #000000;\">studimit t\u00eb ciklit t\u00eb dyt\u00eb \u201cMjek\u00ebsi e p\u00ebrgjithshme\u201d n\u00eb institucionet publike t\u00eb arsimit t\u00eb lart\u00eb,<\/span><br \/>\n<span style=\"color: #000000;\">ashtu edhe nga studenti i vitit t\u00eb dyt\u00eb deri n\u00eb vitin e kat\u00ebrt akademik dhe nga studenti i vitit t\u00eb<\/span><br \/>\n<span style=\"color: #000000;\">pest\u00eb ose t\u00eb gjasht\u00eb (student i nd\u00ebrmjet\u00ebm) n\u00eb k\u00ebt\u00eb program, kur pranon t\u00eb n\u00ebnshkruaj\u00eb<\/span><br \/>\n<span style=\"color: #000000;\">marr\u00ebveshje me ministrin\u00eb p\u00ebrgjegj\u00ebse p\u00ebr arsimin, ministrin\u00eb p\u00ebrgjegj\u00ebse p\u00ebr sh\u00ebndet\u00ebsin\u00eb dhe<\/span><br \/>\n<span style=\"color: #000000;\">institucionin e arsimit t\u00eb lart\u00eb publik. Sipas marr\u00ebveshjes, studenti duhet t\u00eb punoj\u00eb n\u00eb profesionin<\/span><br \/>\n<span style=\"color: #000000;\">e mjekut pas p\u00ebrfundimit t\u00eb studimeve p\u00ebr, respektivisht, jo m\u00eb pak se pes\u00eb vjet, tre vjet dhe dy<\/span><br \/>\n<span style=\"color: #000000;\">vjet n\u00eb institucionet sh\u00ebndet\u00ebsore n\u00eb Republik\u00ebn e Shqip\u00ebris\u00eb, si dhe pranon kalimin zyrtarisht t\u00eb<\/span><br \/>\n<span style=\"color: #000000;\">diplom\u00ebs p\u00ebrkat\u00ebse t\u00eb arsimit t\u00eb lart\u00eb nga institucioni publik i arsimit t\u00eb lart\u00eb, ku ka p\u00ebrfunduar<\/span><br \/>\n<span style=\"color: #000000;\">studimet, n\u00eb institucionin sh\u00ebndet\u00ebsor ku pun\u00ebsohet deri n\u00eb \u201cshlyerjen e detyrimeve p\u00ebr<\/span><br \/>\n<span style=\"color: #000000;\">pun\u00ebsim\u201d sipas afatit, p\u00ebrkat\u00ebsisht pes\u00eb, tre dhe dyvje\u00e7ar, me t\u00eb drejt\u00ebn q\u00eb pas p\u00ebrmbushjes s\u00eb<\/span><br \/>\n<span style=\"color: #000000;\">detyrimit t\u00eb pun\u00ebsimit t\u00eb t\u00ebrheq\u00eb diplom\u00ebn universitare (neni 4, pika 1, shkronja \u201cc\u201d, pika 2,<\/span><br \/>\n<span style=\"color: #000000;\">shkronja \u201cb\u201d, pika 3, shkronja \u201cb\u201d, i ligjit nr. 60\/2023). Nd\u00ebrkoh\u00eb, studenti q\u00eb nuk pranon t\u00eb<\/span><br \/>\n<span style=\"color: #000000;\">n\u00ebnshkruaj\u00eb marr\u00ebveshjen sipas p\u00ebrcaktimeve t\u00eb pikave 2 dhe 3 t\u00eb nenit 4, paguan vler\u00ebn e plot\u00eb<\/span><br \/>\n<span style=\"color: #000000;\">t\u00eb kostos s\u00eb studimeve (neni 5 i ligjit nr. 60\/2023).<\/span><br \/>\n<span style=\"color: #000000;\">4. P\u00ebr zbatimin e k\u00ebtyre masave jan\u00eb miratuar disa akte n\u00ebnligjore, p\u00ebrkat\u00ebsisht vendimi<\/span><br \/>\n<span style=\"color: #000000;\">nr. 527, dat\u00eb 07.09.2023 i K\u00ebshillit t\u00eb Ministrave p\u00ebr p\u00ebrcaktimin e metodologjis\u00eb s\u00eb kostos s\u00eb<\/span><br \/>\n<span style=\"color: #000000;\">studimeve p\u00ebr programin e integruar t\u00eb studimit t\u00eb ciklit t\u00eb dyt\u00eb \u201cMjek\u00ebsi e p\u00ebrgjithshme\u201d n\u00eb<\/span><br \/>\n<span style=\"color: #000000;\">institucionet publike t\u00eb arsimit t\u00eb lart\u00eb; vendimi qarkullues nr. 109, dat\u00eb 06.10.2023 i Senatit<\/span><br \/>\n<span style=\"color: #000000;\">Akademik t\u00eb UMT-s\u00eb dhe vendimi nr. 62, dat\u00eb 09.10.2023 i Bordit t\u00eb Administrimit t\u00eb UMT-s\u00eb<\/span><br \/>\n<span style=\"color: #000000;\">p\u00ebr miratimin e kostos s\u00eb studimit t\u00eb programit t\u00eb integruar t\u00eb studimit t\u00eb ciklit t\u00eb dyt\u00eb \u201cMjek\u00ebsi e<\/span><br \/>\n<span style=\"color: #000000;\">p\u00ebrgjithshme\u201d n\u00eb UMT. Sipas k\u00ebtyre akteve rezulton se kostoja e studimit t\u00eb programit t\u00eb<\/span><br \/>\n<span style=\"color: #000000;\">integruar t\u00eb studimit t\u00eb ciklit t\u00eb dyt\u00eb \u201cMjek\u00ebsi e p\u00ebrgjithshme\u201d \u00ebsht\u00eb 248,975 (dyqind e dyzet e<\/span><br \/>\n<span style=\"color: #000000;\">tet\u00eb mij\u00eb e n\u00ebnt\u00ebqind e shtat\u00ebdhjet\u00eb e pes\u00eb) lek\u00eb p\u00ebr student.<\/span><br \/>\n<span style=\"color: #000000;\">5. N\u00eb dat\u00ebn 19.10.2023 nj\u00eb grup deputet\u00ebsh t\u00eb Kuvendit, n\u00eb cil\u00ebsin\u00eb e subjektit kushtetues<\/span><br \/>\n<span style=\"color: #000000;\">jo m\u00eb pak se nj\u00eb e pesta e deputet\u00ebve (k\u00ebrkuesi), i \u00ebsht\u00eb drejtuar Gjykat\u00ebs Kushtetuese (Gjykata)<\/span><br \/>\n<span style=\"color: #000000;\">me k\u00ebrkes\u00eb me objekt shfuqizimin e nenit 4, pikat 1, shkronja \u201cc\u201d, 2, shkronja \u201cb\u201d, 3, shkronja<\/span><br \/>\n<span style=\"color: #000000;\">\u201cb\u201d dhe nenit 5, fjalia e par\u00eb, t\u00eb ligjit nr. 60\/2023, si dhe pezullimin e zbatimit t\u00eb tij deri n\u00eb hyrjen<\/span><br \/>\n<span style=\"color: #000000;\">n\u00eb fuqi t\u00eb vendimit p\u00ebrfundimtar t\u00eb Gjykat\u00ebs.<\/span><br \/>\n<span style=\"color: #000000;\">Vendim i Gjykat\u00ebs Kushtetuese<\/span><br \/>\n<span style=\"color: #000000;\">K\u00ebrkues: Nj\u00eb grup deputet\u00ebsh t\u00eb Kuvendit (jo m\u00eb pak se 1\/5 e deputet\u00ebve) dhe nj\u00eb grup student\u00ebsh t\u00eb Fakultetit t\u00eb<\/span><br \/>\n<span style=\"color: #000000;\">Mjek\u00ebsis\u00eb t\u00eb Universitetit t\u00eb Mjek\u00ebsis\u00eb Tiran\u00eb<\/span><br \/>\n<span style=\"color: #000000;\">6. N\u00eb dat\u00ebn 20.10.2023 nj\u00eb grup student\u00ebsh t\u00eb Fakultetit t\u00eb Mjek\u00ebsis\u00eb n\u00eb UMT,<\/span><br \/>\n<span style=\"color: #000000;\">konkretisht shtetasit Anxhela Gjini, Alesia Cara, Diora Hoxha, Argisa Troka, Xhesika<\/span><br \/>\n<span style=\"color: #000000;\">Xhebexhiu, Juri Taullau, Sindy Allamani, Isabela Tabaku, Dea Guri, Natali Bliu, Joel Plaku,<\/span><br \/>\n<span style=\"color: #000000;\">Mikel Seferi, Reant Kullaj, Brunelio Fejzulla, Viki Za\u00e7lli, Rei Haluli, Feruze Agalliu, Oresti<\/span><br \/>\n<span style=\"color: #000000;\">\u00c7a\u00e7a, Marjo Rabiaj, Paulo Qesargjoni, Endi Mu\u00e7i, Arb\u00ebri Shehu, Samuel D\u00ebrka, Thimi Shkarpa,<\/span><br \/>\n<span style=\"color: #000000;\">Kristina \u00c7elanji, Athina Prifti, Almira Tota, Zino Veleshnja, Erdi Podo, Anxhela Miraka, Gani<\/span><br \/>\n<span style=\"color: #000000;\">Krrashi, Klevi Gugallja, Flavio Elezi, Ledion Mane, Eugen Lazaj, Igli Hoxhaj, Arlind Kas\u00ebmi<\/span><br \/>\n<span style=\"color: #000000;\">(k\u00ebrkuesi ose nj\u00eb grup student\u00ebsh), i jan\u00eb drejtuar Gjykat\u00ebs me ankim kushtetues individual me t\u00eb<\/span><br \/>\n<span style=\"color: #000000;\">nj\u00ebjtin objekt.<\/span><br \/>\n<span style=\"color: #000000;\">7. Me vendimet e dat\u00ebs 08.11.2023 kolegjet e Gjykat\u00ebs kan\u00eb vendosur kalimin e k\u00ebtyre<\/span><br \/>\n<span style=\"color: #000000;\">\u00e7\u00ebshtjeve p\u00ebr shqyrtim n\u00eb seanc\u00eb plenare publike. Po k\u00ebshtu, duke pasur parasysh natyr\u00ebn e<\/span><br \/>\n<span style=\"color: #000000;\">pretendimeve t\u00eb parashtruara n\u00eb k\u00ebrkes\u00eb, si dhe t\u00eb drejtat kushtetuese t\u00eb p\u00ebrfshira n\u00eb k\u00ebt\u00eb \u00e7\u00ebshtje,<\/span><br \/>\n<span style=\"color: #000000;\">\u00ebsht\u00eb vler\u00ebsuar marrja e mendimit me shkrim nga Komisioneri dhe UMT-ja.<\/span><br \/>\n<span style=\"color: #000000;\">8. N\u00eb zbatim t\u00eb nenit 19, pika 2, t\u00eb Rregullores p\u00ebr Procedurat Gjyq\u00ebsore t\u00eb Gjykat\u00ebs<\/span><br \/>\n<span style=\"color: #000000;\">Kushtetuese, nenit 1, pika 2, t\u00eb ligjit nr. 8577\/2000 dhe nenit 57 t\u00eb Kodit t\u00eb Procedur\u00ebs Civile,<\/span><br \/>\n<span style=\"color: #000000;\">Mbledhja e Gjyqtar\u00ebve, me vendimin e dat\u00ebs 14.11.2023, ka vendosur bashkimin e \u00e7\u00ebshtjeve n\u00eb<\/span><br \/>\n<span style=\"color: #000000;\">nj\u00eb \u00e7\u00ebshtje t\u00eb vetme. Me vendim t\u00eb po k\u00ebsaj date, Mbledhja e Gjyqtar\u00ebve ka vendosur edhe<\/span><br \/>\n<span style=\"color: #000000;\">pezullimin e zbatimit t\u00eb ligjit nr. 60\/2023, deri n\u00eb hyrjen n\u00eb fuqi t\u00eb vendimit p\u00ebrfundimtar t\u00eb<\/span><br \/>\n<span style=\"color: #000000;\">Gjykat\u00ebs.<\/span><br \/>\n<span style=\"color: #000000;\">II<\/span><br \/>\n<span style=\"color: #000000;\">Pretendimet n\u00eb Gjykat\u00ebn Kushtetuese<\/span><br \/>\n<span style=\"color: #000000;\">9. K\u00ebrkuesit kan\u00eb pretenduar se dispozitat ligjore t\u00eb kund\u00ebrshtuara cenojn\u00eb:<\/span><br \/>\n<span style=\"color: #000000;\">9.1. Parimin e siguris\u00eb juridike, t\u00eb garantuar nga neni 4 i Kushtetut\u00ebs, pasi student\u00ebt q\u00eb<\/span><br \/>\n<span style=\"color: #000000;\">ndjekin programin e integruar t\u00eb ciklit t\u00eb dyt\u00eb n\u00eb Fakultetin e Mjek\u00ebsis\u00eb n\u00eb UMT<\/span><br \/>\n<span style=\"color: #000000;\">cenohen si pasoj\u00eb e detyrimeve t\u00eb parashikuara n\u00eb dispozitat e kund\u00ebrshtuara t\u00eb ligjit<\/span><br \/>\n<span style=\"color: #000000;\">nr. 60\/2023, pasi me n\u00ebnshkrimin e marr\u00ebveshjes k\u00ebrkohet kalimi zyrtarisht i<\/span><br \/>\n<span style=\"color: #000000;\">diplom\u00ebs p\u00ebrkat\u00ebse nga institucioni publik i arsimit t\u00eb lart\u00eb n\u00eb institucionin<\/span><br \/>\n<span style=\"color: #000000;\">sh\u00ebndet\u00ebsor, ku student\u00ebt e diplomuar pun\u00ebsohen deri n\u00eb shlyerjen e detyrimeve p\u00ebr<\/span><br \/>\n<span style=\"color: #000000;\">pun\u00ebsim sipas afateve p\u00ebrkat\u00ebse, nd\u00ebrkoh\u00eb q\u00eb ata q\u00eb nuk pranojn\u00eb t\u00eb lidhin<\/span><br \/>\n<span style=\"color: #000000;\">marr\u00ebveshjen, kan\u00eb detyrimin t\u00eb paguajn\u00eb vler\u00ebn e plot\u00eb t\u00eb kostos s\u00eb studimeve.<\/span><br \/>\n<span style=\"color: #000000;\">Student\u00ebt e nd\u00ebrmjet\u00ebm kan\u00eb pritshm\u00ebri p\u00ebr mosrritjen n\u00eb m\u00ebnyr\u00eb eksponenciale t\u00eb<\/span><br \/>\n<span style=\"color: #000000;\">tarif\u00ebs s\u00eb studimit. T\u00eb nj\u00ebjt\u00ebn pritshm\u00ebri kan\u00eb edhe student\u00ebt me mesatare mbi not\u00ebn<\/span><br \/>\n<span style=\"color: #000000;\">6 p\u00ebr t\u00eb p\u00ebrfituar nga tarifa e p\u00ebrgjysmuar e shkollimit. Dispozitat e kund\u00ebrshtuara<\/span><br \/>\n<span style=\"color: #000000;\">Vendim i Gjykat\u00ebs Kushtetuese<\/span><br \/>\n<span style=\"color: #000000;\">K\u00ebrkues: Nj\u00eb grup deputet\u00ebsh t\u00eb Kuvendit (jo m\u00eb pak se 1\/5 e deputet\u00ebve) dhe nj\u00eb grup student\u00ebsh t\u00eb Fakultetit t\u00eb<\/span><br \/>\n<span style=\"color: #000000;\">Mjek\u00ebsis\u00eb t\u00eb Universitetit t\u00eb Mjek\u00ebsis\u00eb Tiran\u00eb<\/span><br \/>\n<span style=\"color: #000000;\">kan\u00eb sjell\u00eb nj\u00eb p\u00ebrkeq\u00ebsim serioz t\u00eb situat\u00ebs ligjore t\u00eb student\u00ebve q\u00eb d\u00ebshirojn\u00eb t\u00eb<\/span><br \/>\n<span style=\"color: #000000;\">ruajn\u00eb status quo-n\u00eb. Student\u00ebt, sidomos ata q\u00eb ndjekin vitet e nd\u00ebrmjetme, i kan\u00eb<\/span><br \/>\n<span style=\"color: #000000;\">b\u00ebr\u00eb p\u00ebrllogaritjet mbi baz\u00ebn e kostos s\u00eb plot\u00eb t\u00eb studimeve, si dhe mund\u00ebsive t\u00eb tyre<\/span><br \/>\n<span style=\"color: #000000;\">ekonomike p\u00ebr t\u00eb p\u00ebrballuar pages\u00ebn e tarif\u00ebs p\u00ebrkat\u00ebse \u00e7do vit para se t\u00eb fillonin<\/span><br \/>\n<span style=\"color: #000000;\">studimet. Ndryshimi i papritur i tarif\u00ebs, duke e pes\u00ebfishuar ose dhjet\u00ebfishuar at\u00eb,<\/span><br \/>\n<span style=\"color: #000000;\">cenon edhe parimin e parashikueshm\u00ebris\u00eb s\u00eb ligjit. P\u00ebrkeq\u00ebsimi i situat\u00ebs ekonomike<\/span><br \/>\n<span style=\"color: #000000;\">e juridike t\u00eb student\u00ebve q\u00eb nuk d\u00ebshirojn\u00eb t\u00eb lidhin marr\u00ebveshje nuk i sh\u00ebrben<\/span><br \/>\n<span style=\"color: #000000;\">interesit publik, pasi sigurimi i sh\u00ebrbimit sh\u00ebndet\u00ebsor nuk do t\u00eb arrihet nga pagesa e<\/span><br \/>\n<span style=\"color: #000000;\">vler\u00ebs s\u00eb plot\u00eb t\u00eb kostos s\u00eb studimeve p\u00ebr k\u00ebta student\u00eb, por do t\u00eb shkoj\u00eb n\u00eb z\u00ebra t\u00eb<\/span><br \/>\n<span style=\"color: #000000;\">ndrysh\u00ebm t\u00eb buxhetit. Po k\u00ebshtu, nuk i sh\u00ebrben interesit publik as kufizimi i<\/span><br \/>\n<span style=\"color: #000000;\">t\u00ebrheqjes s\u00eb diplom\u00ebs.<\/span><br \/>\n<span style=\"color: #000000;\">9.2. T\u00eb drejt\u00ebn p\u00ebr pun\u00eb dhe at\u00eb p\u00ebr arsimim, t\u00eb garantuara nga nenet 49 dhe 57 t\u00eb<\/span><br \/>\n<span style=\"color: #000000;\">Kushtetut\u00ebs, n\u00eb kund\u00ebrshtim me kriteret e nenit 17 t\u00eb Kushtetut\u00ebs, pasi:<\/span><br \/>\n<span style=\"color: #000000;\">9.2.1. P\u00ebrve\u00e7 kriterit t\u00eb kufizimit me ligj nuk p\u00ebrmbushet asnj\u00eb nga kriteret e tjera<\/span><br \/>\n<span style=\"color: #000000;\">kushtetuese q\u00eb lejojn\u00eb kufizimin. Ai nuk i p\u00ebrgjigjet as interesit publik, as<\/span><br \/>\n<span style=\"color: #000000;\">objektivave t\u00eb vet\u00eb ligjit nr. 60\/2023 dhe masat e p\u00ebrdorura jan\u00eb m\u00eb t\u00eb ashpra se<\/span><br \/>\n<span style=\"color: #000000;\">sa duhet p\u00ebr t\u00eb arritur objektivin e k\u00ebrkuar. Student\u00ebve q\u00eb refuzojn\u00eb t\u00eb lidhin<\/span><br \/>\n<span style=\"color: #000000;\">marr\u00ebveshje u cenohet e drejta p\u00ebr arsimim dhe t\u00eb drejtat e tjera t\u00eb fituara.<\/span><br \/>\n<span style=\"color: #000000;\">Ligjv\u00ebn\u00ebsi nuk jep asnj\u00eb arsye logjike se p\u00ebrse student\u00ebt q\u00eb duan t\u00eb ruajn\u00eb status<\/span><br \/>\n<span style=\"color: #000000;\">quo-n\u00eb duhet t\u00eb paguajn\u00eb koston e plot\u00eb t\u00eb studimit, e cila p\u00ebrb\u00ebn nj\u00eb sanksion<\/span><br \/>\n<span style=\"color: #000000;\">ekonomik, duke rrezikuar uljen e numrit t\u00eb student\u00ebve q\u00eb ndjekin programin<\/span><br \/>\n<span style=\"color: #000000;\">\u201cMjek\u00ebsi e p\u00ebrgjithshme\u201d n\u00eb institucionet publike t\u00eb arsimit t\u00eb lart\u00eb, n\u00eb favor t\u00eb<\/span><br \/>\n<span style=\"color: #000000;\">institucioneve private t\u00eb arsimit t\u00eb lart\u00eb. Ligjv\u00ebn\u00ebsi ka rritur tarif\u00ebn e studimeve<\/span><br \/>\n<span style=\"color: #000000;\">deri n\u00eb koston e plot\u00eb t\u00eb tyre pa nj\u00eb q\u00ebllim legjitim.<\/span><br \/>\n<span style=\"color: #000000;\">9.2.2. Kufizimi nuk \u00ebsht\u00eb n\u00eb p\u00ebrpjes\u00ebtim t\u00eb drejt\u00eb me gjendjen q\u00eb e ka diktuar, duke<\/span><br \/>\n<span style=\"color: #000000;\">cenuar parimin e proporcionalitetit. Objektivi i ligjv\u00ebn\u00ebsit nuk \u00ebsht\u00eb<\/span><br \/>\n<span style=\"color: #000000;\">mjaftueshm\u00ebrisht i r\u00ebnd\u00ebsish\u00ebm p\u00ebr t\u00eb justifikuar kufizimin e s\u00eb drejt\u00ebs.<\/span><br \/>\n<span style=\"color: #000000;\">Parashikimi i nenit 5 t\u00eb ligjit nuk i p\u00ebrgjigjet objektivit kryesor t\u00eb tij, q\u00eb ka t\u00eb<\/span><br \/>\n<span style=\"color: #000000;\">b\u00ebj\u00eb me sigurimin e stafit mjek\u00ebsor n\u00eb periudh\u00eb afatgjat\u00eb. Nuk ekziston nj\u00eb<\/span><br \/>\n<span style=\"color: #000000;\">situat\u00eb emergjente dhe nuk ka ulje t\u00eb numrit t\u00eb mjek\u00ebve n\u00eb raport me popullsin\u00eb.<\/span><br \/>\n<span style=\"color: #000000;\">Mjetet e p\u00ebrdorura nuk jan\u00eb t\u00eb domosdoshme, q\u00eb do t\u00eb thot\u00eb se synimi mund t\u00eb<\/span><br \/>\n<span style=\"color: #000000;\">arrihej me mjete t\u00eb tjera dhe stimuj t\u00eb tjer\u00eb ekonomik\u00eb ose social\u00eb, pa cenuar t\u00eb<\/span><br \/>\n<span style=\"color: #000000;\">drejtat themelore t\u00eb student\u00ebve. Garantimi i sh\u00ebrbimit mjek\u00ebsor nuk ka asnj\u00eb<\/span><br \/>\n<span style=\"color: #000000;\">Vendim i Gjykat\u00ebs Kushtetuese<\/span><br \/>\n<span style=\"color: #000000;\">K\u00ebrkues: Nj\u00eb grup deputet\u00ebsh t\u00eb Kuvendit (jo m\u00eb pak se 1\/5 e deputet\u00ebve) dhe nj\u00eb grup student\u00ebsh t\u00eb Fakultetit t\u00eb<\/span><br \/>\n<span style=\"color: #000000;\">Mjek\u00ebsis\u00eb t\u00eb Universitetit t\u00eb Mjek\u00ebsis\u00eb Tiran\u00eb<\/span><br \/>\n<span style=\"color: #000000;\">lidhje me pagimin e vler\u00ebs s\u00eb plot\u00eb t\u00eb kostos s\u00eb studimeve, ndaj nd\u00ebrhyrja nuk<\/span><br \/>\n<span style=\"color: #000000;\">\u00ebsht\u00eb e p\u00ebrshtatshme p\u00ebr realizimin e q\u00ebllimit t\u00eb synuar dhe nuk e ndikon at\u00eb.<\/span><br \/>\n<span style=\"color: #000000;\">Sanksioni ekonomik i vendosur n\u00eb nenin 5 t\u00eb ligjit nr. 60\/2023 i detyron<\/span><br \/>\n<span style=\"color: #000000;\">student\u00ebt n\u00eb gjendje t\u00eb v\u00ebshtir\u00eb ekonomike q\u00eb t\u00eb pranojn\u00eb t\u00eb lidhin marr\u00ebveshjen<\/span><br \/>\n<span style=\"color: #000000;\">ose nd\u00ebshkon student\u00ebt q\u00eb nuk pranojn\u00eb ta n\u00ebnshkruajn\u00eb at\u00eb, duke rritur n\u00eb<\/span><br \/>\n<span style=\"color: #000000;\">m\u00ebnyr\u00eb eksponenciale tarif\u00ebn e studimit. Masat nuk jan\u00eb t\u00eb lidhura n\u00eb m\u00ebnyr\u00eb t\u00eb<\/span><br \/>\n<span style=\"color: #000000;\">arsyeshme me objektivin, jan\u00eb arbitrare, t\u00eb padrejta dhe t\u00eb bazuara mbi vler\u00ebsime<\/span><br \/>\n<span style=\"color: #000000;\">alogjike.<\/span><br \/>\n<span style=\"color: #000000;\">9.2.3. Edhe masa e mbajtjes s\u00eb diplom\u00ebs p\u00ebr t\u00eb mund\u00ebsuar zbatimin e ligjit \u00ebsht\u00eb e<\/span><br \/>\n<span style=\"color: #000000;\">pajustifikueshme, pasi shteti i ka t\u00eb gjitha mjetet ligjore p\u00ebr t\u00eb garantuar zbatimin<\/span><br \/>\n<span style=\"color: #000000;\">e marr\u00ebveshjes s\u00eb n\u00ebnshkruar me student\u00ebt. E drejta e \u00e7do studenti p\u00ebr t\u00eb<\/span><br \/>\n<span style=\"color: #000000;\">p\u00ebrfituar diplom\u00ebn pas p\u00ebrfundimit t\u00eb studimeve \u00ebsht\u00eb e drejt\u00eb themelore q\u00eb nuk<\/span><br \/>\n<span style=\"color: #000000;\">mund dhe nuk duhet t\u00eb lidhet me suksesin e zbatimit t\u00eb marr\u00ebveshjes, e cila<\/span><br \/>\n<span style=\"color: #000000;\">p\u00ebrb\u00ebn barr\u00eb t\u00eb ligjv\u00ebn\u00ebsit dhe \u00ebsht\u00eb e patransferueshme te individi.<\/span><br \/>\n<span style=\"color: #000000;\">9.3. Parimin e barazis\u00eb p\u00ebrpara ligjit dhe mosdiskriminimit, t\u00eb garantuar nga neni 18 i<\/span><br \/>\n<span style=\"color: #000000;\">Kushtetut\u00ebs, pasi duke rritur n\u00eb m\u00ebnyr\u00eb eksponenciale tarif\u00ebn e studimit p\u00ebr<\/span><br \/>\n<span style=\"color: #000000;\">student\u00ebt q\u00eb zgjedhin t\u00eb mos n\u00ebnshkruajn\u00eb marr\u00ebveshjen, neni 5 i ligjit nr. 60\/2023<\/span><br \/>\n<span style=\"color: #000000;\">diskriminon indirekt student\u00ebt q\u00eb nuk jan\u00eb n\u00eb gjendje ekonomike t\u00eb paguajn\u00eb k\u00ebt\u00eb<\/span><br \/>\n<span style=\"color: #000000;\">vler\u00eb, duke i v\u00ebn\u00eb para dy mund\u00ebsive q\u00eb bien ndesh me vullnetin e tyre, pra t\u00eb<\/span><br \/>\n<span style=\"color: #000000;\">lidhin marr\u00ebveshje ose t\u00eb nd\u00ebrpresin studimet. Ky nen do t\u00eb jap\u00eb pasoja t\u00eb<\/span><br \/>\n<span style=\"color: #000000;\">papranueshme p\u00ebr sa i p\u00ebrket garancis\u00eb s\u00eb nenit 18 t\u00eb Kushtetut\u00ebs p\u00ebr mbrojtjen nga<\/span><br \/>\n<span style=\"color: #000000;\">diskriminimi p\u00ebr shkak t\u00eb gjendjes ekonomike, pasi student\u00ebt n\u00eb gjendje t\u00eb v\u00ebshtir\u00eb<\/span><br \/>\n<span style=\"color: #000000;\">ekonomike do t\u00eb jen\u00eb t\u00eb detyruar t\u00eb lidhin marr\u00ebveshje p\u00ebr t\u00eb pranuar (de facto)<\/span><br \/>\n<span style=\"color: #000000;\">pun\u00eb t\u00eb detyruar, nd\u00ebrkoh\u00eb q\u00eb koleg\u00ebt e tyre do t\u00eb mund t\u00eb \u201cshp\u00ebtojn\u00eb\u201d duke paguar<\/span><br \/>\n<span style=\"color: #000000;\">tarif\u00eb m\u00eb t\u00eb lart\u00eb shkollimi. Ligji parashikon diskriminimin pozitiv p\u00ebr student\u00ebt q\u00eb<\/span><br \/>\n<span style=\"color: #000000;\">pranojn\u00eb t\u00eb lidhin marr\u00ebveshje sipas nenit 4 t\u00eb tij, nd\u00ebrkoh\u00eb q\u00eb e kund\u00ebrta ndodh p\u00ebr<\/span><br \/>\n<span style=\"color: #000000;\">ata q\u00eb nuk pranojn\u00eb n\u00ebnshkrimin e saj. Ai diskriminon edhe student\u00ebt q\u00eb p\u00ebrfitojn\u00eb<\/span><br \/>\n<span style=\"color: #000000;\">aktualisht ulje t\u00eb tarif\u00ebs s\u00eb studimeve p\u00ebr shkak t\u00eb notave t\u00eb larta, sikurse student\u00ebt<\/span><br \/>\n<span style=\"color: #000000;\">q\u00eb ndjekin studimet n\u00eb institucionet e arsimit t\u00eb lart\u00eb publik, n\u00eb raport me ata n\u00eb<\/span><br \/>\n<span style=\"color: #000000;\">institucionet e arsimit t\u00eb lart\u00eb jopublik, t\u00eb cil\u00ebt nuk p\u00ebrfshihen n\u00eb fush\u00ebn e zbatimit<\/span><br \/>\n<span style=\"color: #000000;\">t\u00eb k\u00ebtij ligji.<\/span><br \/>\n<span style=\"color: #000000;\">9.4. T\u00eb drejt\u00ebn p\u00ebr t\u00eb mos iu n\u00ebnshtruar pun\u00ebs s\u00eb detyruar, t\u00eb garantuar nga nenet 26 dhe<\/span><br \/>\n<span style=\"color: #000000;\">49 t\u00eb Kushtetut\u00ebs dhe neni 4, pika 2, i KEDNJ-s\u00eb, pasi v\u00ebnia para zgjedhjes p\u00ebr<\/span><br \/>\n<span style=\"color: #000000;\">Vendim i Gjykat\u00ebs Kushtetuese<\/span><br \/>\n<span style=\"color: #000000;\">K\u00ebrkues: Nj\u00eb grup deputet\u00ebsh t\u00eb Kuvendit (jo m\u00eb pak se 1\/5 e deputet\u00ebve) dhe nj\u00eb grup student\u00ebsh t\u00eb Fakultetit t\u00eb<\/span><br \/>\n<span style=\"color: #000000;\">Mjek\u00ebsis\u00eb t\u00eb Universitetit t\u00eb Mjek\u00ebsis\u00eb Tiran\u00eb<\/span><br \/>\n<span style=\"color: #000000;\">n\u00ebnshkrimin e marr\u00ebveshjes, sipas nenit 4 t\u00eb ligjit nr. 60\/2023, e student\u00ebve q\u00eb<\/span><br \/>\n<span style=\"color: #000000;\">d\u00ebshirojn\u00eb t\u00eb ruajn\u00eb status quo-n\u00eb dhe nuk jan\u00eb ofruar vullnetarisht p\u00ebr n\u00ebnshkrimin<\/span><br \/>\n<span style=\"color: #000000;\">e saj, ose n\u00eb t\u00eb kund\u00ebrt duhet t\u00eb p\u00ebrballen me vler\u00ebn e plot\u00eb t\u00eb kostos s\u00eb studimeve<\/span><br \/>\n<span style=\"color: #000000;\">sipas nenit 5 t\u00eb tij, p\u00ebrb\u00ebn k\u00ebrc\u00ebnim p\u00ebr d\u00ebnim t\u00eb \u00e7do lloji p\u00ebr ta. Ky \u00ebsht\u00eb nj\u00eb rast<\/span><br \/>\n<span style=\"color: #000000;\">par exellence ku kjo kategori student\u00ebsh detyrohet me an\u00eb t\u00eb mjeteve ekonomike<\/span><br \/>\n<span style=\"color: #000000;\">p\u00ebr t\u00eb kryer pun\u00eb t\u00eb detyruar kund\u00ebr vullnetit. Edhe p\u00ebr student\u00ebt q\u00eb n\u00ebnshkruajn\u00eb<\/span><br \/>\n<span style=\"color: #000000;\">marr\u00ebveshje barra \u00ebsht\u00eb e shp\u00ebrpjes\u00ebtuar, pasi ata kan\u00eb detyrimin p\u00ebr t\u00eb punuar 2<\/span><br \/>\n<span style=\"color: #000000;\">deri n\u00eb 5 vjet, n\u00eb var\u00ebsi t\u00eb vitit akademik q\u00eb ndjekin n\u00eb momentin e n\u00ebnshkrimit t\u00eb<\/span><br \/>\n<span style=\"color: #000000;\">saj.<\/span><br \/>\n<span style=\"color: #000000;\">10. Subjekti i interesuar, Kuvendi, ka prap\u00ebsuar si vijon:<\/span><br \/>\n<span style=\"color: #000000;\">10.1. Pretendimi p\u00ebr cenimin e parimit t\u00eb siguris\u00eb juridike \u00ebsht\u00eb i pabazuar. Ligji nr.<\/span><br \/>\n<span style=\"color: #000000;\">60\/2023 respekton vullnetin e lir\u00eb t\u00eb \u00e7do kandidati ose studenti p\u00ebr t\u00eb vendosur n\u00ebse<\/span><br \/>\n<span style=\"color: #000000;\">do t\u00eb p\u00ebrfitoj\u00eb nga t\u00eb drejtat e p\u00ebrcaktuara n\u00eb k\u00ebt\u00eb ligj me n\u00ebnshkrimin e<\/span><br \/>\n<span style=\"color: #000000;\">marr\u00ebveshjes apo do t\u00eb p\u00ebrballoj\u00eb tarif\u00ebn e studimeve deri n\u00eb nivelin e kostos s\u00eb<\/span><br \/>\n<span style=\"color: #000000;\">tyre. E drejta e fituar nga student\u00ebt e nd\u00ebrmjet\u00ebm q\u00eb ndjekin programin e integruar<\/span><br \/>\n<span style=\"color: #000000;\">t\u00eb ciklit t\u00eb dyt\u00eb nuk cenohet, pasi tarifat e reja u referohen viteve t\u00eb ardhshme<\/span><br \/>\n<span style=\"color: #000000;\">akademike dhe nuk kan\u00eb efekte prapavepruese. Kjo kategori student\u00ebsh do t\u00eb<\/span><br \/>\n<span style=\"color: #000000;\">p\u00ebrfshihet si pjes\u00eb e zbatimit t\u00eb ligjit p\u00ebr plot\u00ebsimin e nevojave p\u00ebr mjek\u00eb, me<\/span><br \/>\n<span style=\"color: #000000;\">q\u00ebllim mbulimin me sh\u00ebrbim sh\u00ebndet\u00ebsor sa m\u00eb cil\u00ebsor p\u00ebr qytetar\u00ebt. Dispozitat e<\/span><br \/>\n<span style=\"color: #000000;\">kund\u00ebrshtuara nuk parashikojn\u00eb ndryshim t\u00eb rregullave gjat\u00eb procesit akademik, por<\/span><br \/>\n<span style=\"color: #000000;\">ndryshimet jan\u00eb p\u00ebr t\u00eb ardhmen, duke mos cenuar t\u00eb drejtat e fituara me nisjen e<\/span><br \/>\n<span style=\"color: #000000;\">vitit akademik p\u00ebr secil\u00ebn kategori.<\/span><br \/>\n<span style=\"color: #000000;\">10.2. Pretendimi p\u00ebr cenimin e s\u00eb drejt\u00ebs p\u00ebr pun\u00eb dhe at\u00eb p\u00ebr arsimim, t\u00eb garantuara nga<\/span><br \/>\n<span style=\"color: #000000;\">nenet 49 dhe 57 t\u00eb Kushtetut\u00ebs, n\u00eb kund\u00ebrshtim me kriteret e nenit 17 t\u00eb<\/span><br \/>\n<span style=\"color: #000000;\">Kushtetut\u00ebs, \u00ebsht\u00eb i pabazuar, pasi:<\/span><br \/>\n<span style=\"color: #000000;\">10.2.1. Parashikimet e nenit 55, pika 1 dhe nenit 59, pika 1, shkronja \u201cc\u201d, t\u00eb Kushtetut\u00ebs<\/span><br \/>\n<span style=\"color: #000000;\">jan\u00eb t\u00eb lidhura me nj\u00eb t\u00eb drejt\u00eb t\u00eb r\u00ebnd\u00ebsishme dhe themelore t\u00eb parashikuar n\u00eb<\/span><br \/>\n<span style=\"color: #000000;\">nenin 21 t\u00eb saj, q\u00eb \u00ebsht\u00eb e drejta e jet\u00ebs. Kujdesi sh\u00ebndet\u00ebsor i lidhur me k\u00ebt\u00eb t\u00eb<\/span><br \/>\n<span style=\"color: #000000;\">drejt\u00eb nuk \u00ebsht\u00eb risi e sjell\u00eb nga Kushtetuta aktuale, por ka rr\u00ebnj\u00eb t\u00eb thella n\u00eb<\/span><br \/>\n<span style=\"color: #000000;\">tradit\u00ebn ton\u00eb juridike, duke filluar me vendimin nr. 103, dat\u00eb 15.04.1938 t\u00eb<\/span><br \/>\n<span style=\"color: #000000;\">Mbledhjes s\u00eb P\u00ebrgjithshme t\u00eb K\u00ebshillit t\u00eb Shtetit, e duke vijuar me statutin e vitit<\/span><br \/>\n<span style=\"color: #000000;\">1946 dhe Kushtetut\u00ebn e vitit 1976. Ligji plot\u00ebson kriteret e nenit 17 t\u00eb<\/span><br \/>\n<span style=\"color: #000000;\">Kushtetut\u00ebs, pasi e drejta p\u00ebr kujdes sh\u00ebndet\u00ebsor synon mbrojtjen e s\u00eb drejt\u00ebs s\u00eb<\/span><br \/>\n<span style=\"color: #000000;\">Vendim i Gjykat\u00ebs Kushtetuese<\/span><br \/>\n<span style=\"color: #000000;\">K\u00ebrkues: Nj\u00eb grup deputet\u00ebsh t\u00eb Kuvendit (jo m\u00eb pak se 1\/5 e deputet\u00ebve) dhe nj\u00eb grup student\u00ebsh t\u00eb Fakultetit t\u00eb<\/span><br \/>\n<span style=\"color: #000000;\">Mjek\u00ebsis\u00eb t\u00eb Universitetit t\u00eb Mjek\u00ebsis\u00eb Tiran\u00eb<\/span><br \/>\n<span style=\"color: #000000;\">jet\u00ebs, p\u00ebr rrjedhoj\u00eb shteti ka interes publik q\u00eb t\u00eb nd\u00ebrhyj\u00eb n\u00eb k\u00ebt\u00eb aspekt, pasi<\/span><br \/>\n<span style=\"color: #000000;\">ekziston nj\u00eb nevoj\u00eb mjaft e lart\u00eb p\u00ebr t\u00eb garantuar plot\u00ebsimin e sh\u00ebrbimeve t\u00eb<\/span><br \/>\n<span style=\"color: #000000;\">sh\u00ebndetit publik me burime njer\u00ebzore. Q\u00ebllimi i ligjv\u00ebn\u00ebsit gjat\u00eb hartimit dhe<\/span><br \/>\n<span style=\"color: #000000;\">miratimit t\u00eb ligjit nr. 60\/2023 ka qen\u00eb sigurimi i nj\u00eb raporti t\u00eb drejt\u00eb midis<\/span><br \/>\n<span style=\"color: #000000;\">kufizimit t\u00eb vendosur dhe interesit publik.<\/span><br \/>\n<span style=\"color: #000000;\">10.2.2. P\u00ebr sa i p\u00ebrket kriterit t\u00eb proporcionalitetit, interesi publik n\u00eb garantimin e<\/span><br \/>\n<span style=\"color: #000000;\">sh\u00ebrbimit mjek\u00ebsor p\u00ebr popullsin\u00eb mbizot\u00ebron ndaj pritshm\u00ebris\u00eb s\u00eb student\u00ebve,<\/span><br \/>\n<span style=\"color: #000000;\">q\u00eb jan\u00eb n\u00eb ndjekje e sip\u00ebr t\u00eb programit t\u00eb studimit n\u00eb mjek\u00ebsi, p\u00ebr t\u00eb vijuar edhe<\/span><br \/>\n<span style=\"color: #000000;\">koh\u00ebn e mbetur t\u00eb studimit me t\u00eb nj\u00ebjtin trajtim dhe kushte q\u00eb kan\u00eb pasur deri m\u00eb<\/span><br \/>\n<span style=\"color: #000000;\">tani. Kjo pritshm\u00ebri nuk mund t\u00eb ket\u00eb prioritet ndaj interesit t\u00eb p\u00ebrgjithsh\u00ebm p\u00ebr<\/span><br \/>\n<span style=\"color: #000000;\">sigurimin e sh\u00ebrbimit sh\u00ebndet\u00ebsor n\u00eb t\u00ebr\u00ebsi.<\/span><br \/>\n<span style=\"color: #000000;\">10.2.3. Dispozitat e kund\u00ebrshtuara ndjekin nj\u00eb q\u00ebllim t\u00eb ligjsh\u00ebm. K\u00ebrkuesit nuk i<\/span><br \/>\n<span style=\"color: #000000;\">referohen ndonj\u00eb dispozite konkrete t\u00eb Kushtetut\u00ebs p\u00ebr cenimin e thelbit t\u00eb t\u00eb<\/span><br \/>\n<span style=\"color: #000000;\">drejtave dhe lirive apo p\u00ebrcaktimeve t\u00eb KEDNJ-s\u00eb ose p\u00ebr tejkalim t\u00eb kufizimeve<\/span><br \/>\n<span style=\"color: #000000;\">t\u00eb parashikuara nga kjo e fundit. Asnj\u00ebr\u00ebs prej kategorive t\u00eb student\u00ebve nuk i<\/span><br \/>\n<span style=\"color: #000000;\">mohohet e drejta p\u00ebr arsimim, p\u00ebrkundrazi ata ftohen p\u00ebr t\u00eb p\u00ebrfituar nga trajtimi<\/span><br \/>\n<span style=\"color: #000000;\">i ve\u00e7ant\u00eb q\u00eb p\u00ebrb\u00ebn edhe vet\u00eb q\u00ebllimin e ligjit. Alternativat q\u00eb paraqet ligji kan\u00eb<\/span><br \/>\n<span style=\"color: #000000;\">t\u00eb b\u00ebjn\u00eb me t\u00eb drejt\u00ebn e studentit p\u00ebr t\u00eb zgjedhur n\u00ebse d\u00ebshiron t\u00eb p\u00ebrfitoj\u00eb<\/span><br \/>\n<span style=\"color: #000000;\">leht\u00ebsit\u00eb q\u00eb krijohen me n\u00ebnshkrimin e marr\u00ebveshjes p\u00ebr t\u00eb punuar n\u00eb profesionin<\/span><br \/>\n<span style=\"color: #000000;\">e mjekut pas p\u00ebrfundimit t\u00eb studimeve n\u00eb institucionet sh\u00ebndet\u00ebsore n\u00eb vend.<\/span><br \/>\n<span style=\"color: #000000;\">Dispozitat e ligjit jan\u00eb hartuar n\u00eb p\u00ebrputhje me nevojat e diktuara n\u00eb vend. Shteti<\/span><br \/>\n<span style=\"color: #000000;\">garanton arsimin e student\u00ebve n\u00eb fush\u00ebn e mjek\u00ebsis\u00eb sipas parashikimeve ligjore,<\/span><br \/>\n<span style=\"color: #000000;\">duke mbuluar edhe nj\u00eb pjes\u00eb t\u00eb kostove p\u00ebrkat\u00ebse. Ligji garanton pun\u00ebsimin e<\/span><br \/>\n<span style=\"color: #000000;\">mjek\u00ebve t\u00eb diplomuar dhe nuk ka cenim n\u00eb thelbin e s\u00eb drejt\u00ebs p\u00ebr pun\u00eb dhe as<\/span><br \/>\n<span style=\"color: #000000;\">tejkalim t\u00eb kufizimeve t\u00eb parashikuara n\u00eb KEDNJ.<\/span><br \/>\n<span style=\"color: #000000;\">10.3. Pretendimi p\u00ebr cenimin e parimit t\u00eb barazis\u00eb p\u00ebrpara ligjit dhe mosdiskriminimit<\/span><br \/>\n<span style=\"color: #000000;\">\u00ebsht\u00eb i pabazuar, pasi p\u00ebrmes dispozitave t\u00eb kund\u00ebrshtuara ligjv\u00ebn\u00ebsi ka ofruar<\/span><br \/>\n<span style=\"color: #000000;\">mund\u00ebsi t\u00eb ndryshme zgjedhjeje p\u00ebr t\u00eb gjith\u00eb student\u00ebt e arsimit t\u00eb lart\u00eb n\u00eb mjek\u00ebsi.<\/span><br \/>\n<span style=\"color: #000000;\">N\u00eb kund\u00ebrshtim me sa pretendojn\u00eb k\u00ebrkuesit, secili nga student\u00ebt \u00ebsht\u00eb i lir\u00eb t\u00eb<\/span><br \/>\n<span style=\"color: #000000;\">zgjedh\u00eb lirisht at\u00eb mund\u00ebsi q\u00eb i p\u00ebrshtatet m\u00eb mir\u00eb, sipas preferencave t\u00eb tij. Ofrimi<\/span><br \/>\n<span style=\"color: #000000;\">i alternativave p\u00ebr t\u00eb zgjedhur dhe zgjedhja q\u00eb do t\u00eb b\u00ebj\u00eb \u00e7do student nuk p\u00ebrb\u00ebn<\/span><br \/>\n<span style=\"color: #000000;\">diskriminim.<\/span><br \/>\n<span style=\"color: #000000;\">Vendim i Gjykat\u00ebs Kushtetuese<\/span><br \/>\n<span style=\"color: #000000;\">K\u00ebrkues: Nj\u00eb grup deputet\u00ebsh t\u00eb Kuvendit (jo m\u00eb pak se 1\/5 e deputet\u00ebve) dhe nj\u00eb grup student\u00ebsh t\u00eb Fakultetit t\u00eb<\/span><br \/>\n<span style=\"color: #000000;\">Mjek\u00ebsis\u00eb t\u00eb Universitetit t\u00eb Mjek\u00ebsis\u00eb Tiran\u00eb<\/span><br \/>\n<span style=\"color: #000000;\">10.4. Pretendimi p\u00ebr cenimin e s\u00eb drejt\u00ebs p\u00ebr t\u00eb mos iu n\u00ebnshtruar pun\u00ebs s\u00eb detyruar<\/span><br \/>\n<span style=\"color: #000000;\">\u00ebsht\u00eb i pabazuar, pasi nuk b\u00ebhet fjal\u00eb p\u00ebr \u201cpun\u00eb t\u00eb detyruar\u201d, n\u00eb kuptim t\u00eb nenit 26<\/span><br \/>\n<span style=\"color: #000000;\">t\u00eb Kushtetut\u00ebs dhe nenit 4, pika 2, t\u00eb KEDNJ-s\u00eb. Dispozitat e kund\u00ebrshtuara<\/span><br \/>\n<span style=\"color: #000000;\">garantojn\u00eb t\u00eb drejt\u00ebn e \u00e7do individi p\u00ebr t\u00eb zgjedhur lirisht profesionin q\u00eb d\u00ebshiron,<\/span><br \/>\n<span style=\"color: #000000;\">n\u00eb p\u00ebrputhje me parashikimet e legjislacionit n\u00eb fuqi. Parashikimet e neneve 4 dhe<\/span><br \/>\n<span style=\"color: #000000;\">5 t\u00eb ligjit nr. 60\/2023 p\u00ebrb\u00ebjn\u00eb kufizim t\u00eb p\u00ebrligjur, i cili u p\u00ebrgjigjet nevojave dhe<\/span><br \/>\n<span style=\"color: #000000;\">interesit t\u00eb lart\u00eb publik p\u00ebr garantimin e ofrimit t\u00eb sh\u00ebrbimit sh\u00ebndet\u00ebsor, si nj\u00eb nga<\/span><br \/>\n<span style=\"color: #000000;\">t\u00eb drejtat themelore t\u00eb njeriut t\u00eb p\u00ebrcaktuara n\u00eb nenet 55 dhe 59 t\u00eb Kushtetut\u00ebs.<\/span><br \/>\n<span style=\"color: #000000;\">\u201cPun\u00ebsim\u201d konsiderohet edhe periudha e specializimit afatgjat\u00eb, pavar\u00ebsisht llojit<\/span><br \/>\n<span style=\"color: #000000;\">t\u00eb kuot\u00ebs s\u00eb fituar, ku nj\u00eb pjes\u00eb e student\u00ebve, p\u00ebrve\u00e7se kryejn\u00eb specializimin n\u00eb<\/span><br \/>\n<span style=\"color: #000000;\">strukturat sh\u00ebndet\u00ebsore p\u00ebrkat\u00ebse, duke kontribuar n\u00eb zhvillimin e tyre profesional,<\/span><br \/>\n<span style=\"color: #000000;\">p\u00ebrmbushin edhe detyrimin si periudh\u00eb pun\u00ebsimi n\u00eb Shqip\u00ebri.<\/span><br \/>\n<span style=\"color: #000000;\">11. Subjekti i interesuar, K\u00ebshilli i Ministrave, ka prap\u00ebsuar si vijon:<\/span><br \/>\n<span style=\"color: #000000;\">A) P\u00ebr legjitimimin<\/span><br \/>\n<span style=\"color: #000000;\">11.1. Grupi i student\u00ebve t\u00eb Fakultetit t\u00eb Mjek\u00ebsis\u00eb n\u00eb UMT nuk legjitimohet, pasi nuk ka<\/span><br \/>\n<span style=\"color: #000000;\">shteruar mjetet juridike efektive n\u00eb dispozicion, n\u00eb kuptim t\u00eb nenit 131, pika 1,<\/span><br \/>\n<span style=\"color: #000000;\">shkronja \u201cf\u201d, t\u00eb Kushtetut\u00ebs dhe ligjit nr. 8577\/2000. Ky k\u00ebrkues duhet t\u2019i ngrej\u00eb<\/span><br \/>\n<span style=\"color: #000000;\">pretendimet n\u00eb t\u00eb gjitha shkall\u00ebt e juridiksionit t\u00eb zakonsh\u00ebm, duke iu dh\u00ebn\u00eb<\/span><br \/>\n<span style=\"color: #000000;\">mund\u00ebsi gjykatave t\u00eb zakonshme q\u00eb t\u00eb vler\u00ebsojn\u00eb n\u00ebse dispozitat e kund\u00ebrshtuara<\/span><br \/>\n<span style=\"color: #000000;\">paraqesin probleme kushtetutshm\u00ebrie, duke referuar m\u00eb pas \u00e7\u00ebshtjen n\u00eb Gjykat\u00eb<\/span><br \/>\n<span style=\"color: #000000;\">p\u00ebrmes gjykimit incidental.<\/span><br \/>\n<span style=\"color: #000000;\">B) P\u00ebr themelin e k\u00ebrkes\u00ebs<\/span><br \/>\n<span style=\"color: #000000;\">11.2. Pretendimi p\u00ebr cenimin e parimit t\u00eb siguris\u00eb juridike nuk gjen mb\u00ebshtetje n\u00eb<\/span><br \/>\n<span style=\"color: #000000;\">parashikimet kushtetuese. Ai \u00ebsht\u00eb i paqart\u00eb, pasi mungon parashtrimi i<\/span><br \/>\n<span style=\"color: #000000;\">argumenteve p\u00ebr sa i p\u00ebrket p\u00ebrkeq\u00ebsimit serioz t\u00eb s\u00eb drejt\u00ebs p\u00ebr arsimim dhe pun\u00eb<\/span><br \/>\n<span style=\"color: #000000;\">prej ligjit objekt shqyrtimi, q\u00eb ka sjell\u00eb pasoja q\u00eb bien ndesh me vet\u00eb q\u00ebllimin e<\/span><br \/>\n<span style=\"color: #000000;\">ligjv\u00ebn\u00ebsit, e deformojn\u00eb at\u00eb ose q\u00eb d\u00ebmtojn\u00eb efektivitetin e tyre. Pandemia<\/span><br \/>\n<span style=\"color: #000000;\">bot\u00ebrore COVID-19 ka gjeneruar efekte negative, ndaj politikat p\u00ebr rim\u00ebk\u00ebmbje<\/span><br \/>\n<span style=\"color: #000000;\">duhet t\u00eb rimodelohen. Ligji nr. 60\/2023 \u00ebsht\u00eb hartuar n\u00eb p\u00ebrputhje me strategjit\u00eb<\/span><br \/>\n<span style=\"color: #000000;\">kryesore n\u00eb vend, e konkretisht me q\u00ebllimet e politikave n\u00eb fushat e arsimit,<\/span><br \/>\n<span style=\"color: #000000;\">sh\u00ebndet\u00ebsis\u00eb dhe pun\u00ebsimit sipas Strategjis\u00eb Komb\u00ebtare p\u00ebr Zhvillim dhe Integrim<\/span><br \/>\n<span style=\"color: #000000;\">2022-2023, Strategjis\u00eb Komb\u00ebtare t\u00eb Arsimit 2021-2026, Strategjis\u00eb Komb\u00ebtare t\u00eb<\/span><br \/>\n<span style=\"color: #000000;\">Sh\u00ebndet\u00ebsis\u00eb 2021-2030, t\u00eb miratuara me VKM. Tarifa e studimeve, e cila ka qen\u00eb<\/span><br \/>\n<span style=\"color: #000000;\">Vendim i Gjykat\u00ebs Kushtetuese<\/span><br \/>\n<span style=\"color: #000000;\">K\u00ebrkues: Nj\u00eb grup deputet\u00ebsh t\u00eb Kuvendit (jo m\u00eb pak se 1\/5 e deputet\u00ebve) dhe nj\u00eb grup student\u00ebsh t\u00eb Fakultetit t\u00eb<\/span><br \/>\n<span style=\"color: #000000;\">Mjek\u00ebsis\u00eb t\u00eb Universitetit t\u00eb Mjek\u00ebsis\u00eb Tiran\u00eb<\/span><br \/>\n<span style=\"color: #000000;\">rreth 45,000 lek\u00eb\/vit, me llogaritjen sipas metodologjis\u00eb s\u00eb re b\u00ebhet rreth 240,000<\/span><br \/>\n<span style=\"color: #000000;\">lek\u00eb\/vit, vler\u00eb q\u00eb i p\u00ebrgjigjet kostos s\u00eb nj\u00eb studenti t\u00eb Fakultetit t\u00eb Mjek\u00ebsis\u00eb n\u00eb<\/span><br \/>\n<span style=\"color: #000000;\">buxhetin e shtetit. Ligji \u00ebsht\u00eb mb\u00ebshtet\u00ebs p\u00ebr student\u00ebt e Fakultetit t\u00eb Mjek\u00ebsis\u00eb,<\/span><br \/>\n<span style=\"color: #000000;\">pasi me n\u00ebnshkrimin e marr\u00ebveshjes ata mund t\u00eb p\u00ebrfitojn\u00eb nga e drejta p\u00ebr t\u00eb mos<\/span><br \/>\n<span style=\"color: #000000;\">paguar detyrimet financiare q\u00eb lidhen me pagimin e tarif\u00ebs s\u00eb studimeve p\u00ebrgjat\u00eb<\/span><br \/>\n<span style=\"color: #000000;\">viteve q\u00eb do t\u00eb ndjekin programin e studimit t\u00eb ciklit t\u00eb dyt\u00eb \u201cMjek\u00ebsi e<\/span><br \/>\n<span style=\"color: #000000;\">p\u00ebrgjithshme\u201d, si edhe leht\u00ebsi t\u00eb tjera. Parashikimet ligjore t\u00eb kund\u00ebrshtuara<\/span><br \/>\n<span style=\"color: #000000;\">respektojn\u00eb vullnetin e lir\u00eb t\u00eb studentit p\u00ebr t\u00eb vendosur vet\u00eb n\u00ebse do t\u00eb p\u00ebrfitoj\u00eb nga<\/span><br \/>\n<span style=\"color: #000000;\">t\u00eb drejtat e p\u00ebrcaktuara n\u00eb k\u00ebt\u00eb ligj me n\u00ebnshkrimin e marr\u00ebveshjes ose n\u00eb t\u00eb<\/span><br \/>\n<span style=\"color: #000000;\">kund\u00ebrt t\u00eb p\u00ebrballoj\u00eb tarif\u00ebn e studimeve deri n\u00eb nivelin e kostos s\u00eb tyre. Interesi<\/span><br \/>\n<span style=\"color: #000000;\">publik n\u00eb garantimin e sh\u00ebrbimit mjek\u00ebsor p\u00ebr popullsin\u00eb mbizot\u00ebron ndaj<\/span><br \/>\n<span style=\"color: #000000;\">pritshm\u00ebris\u00eb s\u00eb k\u00ebrkuesve. Kjo pritshm\u00ebri nuk mund t\u00eb ket\u00eb prioritet ndaj interesit<\/span><br \/>\n<span style=\"color: #000000;\">t\u00eb p\u00ebrgjithsh\u00ebm p\u00ebr sigurimin e jet\u00ebs dhe sh\u00ebrbimit sh\u00ebndet\u00ebsor n\u00eb t\u00ebr\u00ebsi.<\/span><br \/>\n<span style=\"color: #000000;\">11.3. Pretendimi p\u00ebr cenimin e s\u00eb drejt\u00ebs p\u00ebr pun\u00eb dhe at\u00eb p\u00ebr arsimim, t\u00eb garantuara<\/span><br \/>\n<span style=\"color: #000000;\">nga nenet 49 dhe 57 t\u00eb Kushtetut\u00ebs, n\u00eb kund\u00ebrshtim me kriteret e nenit 17 t\u00eb<\/span><br \/>\n<span style=\"color: #000000;\">Kushtetut\u00ebs, \u00ebsht\u00eb i pabazuar, pasi:<\/span><br \/>\n<span style=\"color: #000000;\">11.3.1. Ligji nr. 60\/2023 ndihmon n\u00eb mbajtjen e talentit vendas n\u00eb sistemin sh\u00ebndet\u00ebsor<\/span><br \/>\n<span style=\"color: #000000;\">shqiptar, duke parandaluar largimin e tij jasht\u00eb shtetit. E drejta p\u00ebr arsimim nuk<\/span><br \/>\n<span style=\"color: #000000;\">\u00ebsht\u00eb mohuar, por \u00ebsht\u00eb e nd\u00ebrthurur me detyrime specifike t\u00eb p\u00ebrkohshme p\u00ebr t\u00eb<\/span><br \/>\n<span style=\"color: #000000;\">mb\u00ebshtetur nevojat n\u00eb sh\u00ebndet\u00ebsi. Dispozitat e kund\u00ebrshtuara nuk cenojn\u00eb thelbin<\/span><br \/>\n<span style=\"color: #000000;\">e s\u00eb drejt\u00ebs p\u00ebr arsimim, pasi \u00e7do subjekt i tyre ka t\u00eb drejt\u00ebn e zgjedhjes n\u00ebse<\/span><br \/>\n<span style=\"color: #000000;\">d\u00ebshiron t\u00eb p\u00ebrfitoj\u00eb nga leht\u00ebsit\u00eb q\u00eb krijohen me n\u00ebnshkrimin e marr\u00ebveshjes apo<\/span><br \/>\n<span style=\"color: #000000;\">n\u00eb t\u00eb kund\u00ebrt t\u2019u p\u00ebrgjigjet detyrimeve q\u00eb lindin p\u00ebr pages\u00ebn e tarifave t\u00eb studimit.<\/span><br \/>\n<span style=\"color: #000000;\">P\u00ebrmes k\u00ebtyre dispozitave synohet pun\u00ebsim sa m\u00eb i shpejt\u00eb i student\u00ebve t\u00eb<\/span><br \/>\n<span style=\"color: #000000;\">mjek\u00ebsis\u00eb, duke detyruar institucionet pun\u00ebdh\u00ebn\u00ebse p\u00ebr respektimin e k\u00ebtij<\/span><br \/>\n<span style=\"color: #000000;\">parashikimi ligjor, i cili n\u00eb rast mosrespektimi brenda nj\u00eb viti nga momenti i<\/span><br \/>\n<span style=\"color: #000000;\">lindjes s\u00eb t\u00eb drejt\u00ebs p\u00ebr pun\u00ebsim p\u00ebr student\u00ebt konsiderohet i p\u00ebrmbushur.<\/span><br \/>\n<span style=\"color: #000000;\">11.3.2. Nuk ka cenim t\u00eb s\u00eb drejt\u00ebs s\u00eb fituar edhe nga student\u00ebt e nd\u00ebrmjet\u00ebm, sepse tarifat<\/span><br \/>\n<span style=\"color: #000000;\">n\u00eb rast mosn\u00ebnshkrimi t\u00eb marr\u00ebveshjes u referohen viteve t\u00eb ardhshme akademike<\/span><br \/>\n<span style=\"color: #000000;\">dhe nuk kan\u00eb efekte prapavepruese. N\u00eb thelb, dispozitat ligjore kund\u00ebrshtohen p\u00ebr<\/span><br \/>\n<span style=\"color: #000000;\">shkak t\u00eb vendosjes s\u00eb nj\u00eb sanksioni t\u00eb r\u00ebnd\u00eb monetar, q\u00eb lidhet me aktet n\u00ebnligjore<\/span><br \/>\n<span style=\"color: #000000;\">q\u00eb kan\u00eb p\u00ebrcaktuar vler\u00ebn e kostos s\u00eb studimeve, t\u00eb cilat mund t\u00eb b\u00ebhen objekt<\/span><br \/>\n<span style=\"color: #000000;\">shqyrtimi n\u00eb gjykatat e juridiksionit t\u00eb zakonsh\u00ebm dhe jo n\u00eb k\u00ebt\u00eb Gjykat\u00eb. Ligji<\/span><br \/>\n<span style=\"color: #000000;\">Vendim i Gjykat\u00ebs Kushtetuese<\/span><br \/>\n<span style=\"color: #000000;\">K\u00ebrkues: Nj\u00eb grup deputet\u00ebsh t\u00eb Kuvendit (jo m\u00eb pak se 1\/5 e deputet\u00ebve) dhe nj\u00eb grup student\u00ebsh t\u00eb Fakultetit t\u00eb<\/span><br \/>\n<span style=\"color: #000000;\">Mjek\u00ebsis\u00eb t\u00eb Universitetit t\u00eb Mjek\u00ebsis\u00eb Tiran\u00eb<\/span><br \/>\n<span style=\"color: #000000;\">nr. 60\/2023 ka efekt t\u00eb p\u00ebrkohsh\u00ebm, pasi i shtrin efektet e tij p\u00ebr periudh\u00ebn nga<\/span><br \/>\n<span style=\"color: #000000;\">viti akademik 2023-2024 deri n\u00eb vitin akademik 2027-2028. Nga shteti jan\u00eb marr\u00eb<\/span><br \/>\n<span style=\"color: #000000;\">edhe masa t\u00eb tjera n\u00eb drejtim t\u00eb kujdesit sh\u00ebndet\u00ebsor, por pavar\u00ebsisht politikave t\u00eb<\/span><br \/>\n<span style=\"color: #000000;\">zbatuara ka nevoj\u00eb imediate p\u00ebr t\u00eb adresuar n\u00eb m\u00ebnyr\u00eb shteruese fenomenin e<\/span><br \/>\n<span style=\"color: #000000;\">largimit t\u00eb mjek\u00ebve nga sistemi dhe nga vendi.<\/span><br \/>\n<span style=\"color: #000000;\">11.3.3. Jan\u00eb respektuar kriteret e kufizimeve t\u00eb parashikuara n\u00eb nenin 17 t\u00eb Kushtetut\u00ebs,<\/span><br \/>\n<span style=\"color: #000000;\">pasi nd\u00ebrhyrja \u00ebsht\u00eb kryer p\u00ebrmes nj\u00eb ligji t\u00eb miratuar nga Kuvendi, p\u00ebr interes<\/span><br \/>\n<span style=\"color: #000000;\">publik, duke vendosur edhe detyrimet p\u00ebrkat\u00ebse. Dispozitat e kund\u00ebrshtuara<\/span><br \/>\n<span style=\"color: #000000;\">synojn\u00eb nj\u00eb balancim midis interesave t\u00eb student\u00ebve dhe atyre t\u00eb sh\u00ebndet\u00ebsis\u00eb<\/span><br \/>\n<span style=\"color: #000000;\">publike. Interesi publik n\u00eb garantimin e sh\u00ebrbimit mjek\u00ebsor p\u00ebr popullsin\u00eb<\/span><br \/>\n<span style=\"color: #000000;\">mbizot\u00ebron ndaj pritshm\u00ebris\u00eb s\u00eb k\u00ebrkuesve, e cila nuk mund t\u00eb ket\u00eb prioritet.<\/span><br \/>\n<span style=\"color: #000000;\">11.4. Pretendimi p\u00ebr cenimin e parimit t\u00eb barazis\u00eb para ligjit dhe mosdiskriminimit \u00ebsht\u00eb<\/span><br \/>\n<span style=\"color: #000000;\">i pabazuar, pasi ligjv\u00ebn\u00ebsi ka synuar mbrojtjen e interesit m\u00eb t\u00eb lart\u00eb publik p\u00ebr t\u00eb<\/span><br \/>\n<span style=\"color: #000000;\">garantuar plot\u00ebsimin e nevojave p\u00ebr burimeve njer\u00ebzore n\u00eb institucionet<\/span><br \/>\n<span style=\"color: #000000;\">sh\u00ebndet\u00ebsore. Ligji \u00ebsht\u00eb n\u00eb harmoni me parashikimin e nenit 6 t\u00eb ligjit nr. 10221,<\/span><br \/>\n<span style=\"color: #000000;\">dat\u00eb 04.02.2010 \u201cP\u00ebr mbrojtjen nga diskriminimi\u201d, t\u00eb ndryshuar (ligji nr.<\/span><br \/>\n<span style=\"color: #000000;\">10221\/2010) dhe n\u00eb rastin konkret legjitimohet trajtimi ndryshe i p\u00ebrligjur.<\/span><br \/>\n<span style=\"color: #000000;\">Dispozitat e kund\u00ebrshtuara nuk jan\u00eb diskriminuese, pasi profesioni i mjekut \u00ebsht\u00eb i<\/span><br \/>\n<span style=\"color: #000000;\">domosdosh\u00ebm p\u00ebr interesin publik, q\u00eb \u00ebsht\u00eb sh\u00ebndeti i popullat\u00ebs. Ato p\u00ebrcaktojn\u00eb<\/span><br \/>\n<span style=\"color: #000000;\">n\u00eb m\u00ebnyr\u00eb transparente kriteret q\u00eb duhen t\u00eb p\u00ebrmbushen p\u00ebr t\u00eb p\u00ebrfituar nga trajtimi<\/span><br \/>\n<span style=\"color: #000000;\">i ve\u00e7ant\u00eb dhe ky p\u00ebrcaktim \u00ebsht\u00eb detyrim i p\u00ebrgjithsh\u00ebm, q\u00eb nuk bazohet n\u00eb kritere<\/span><br \/>\n<span style=\"color: #000000;\">ekonomike, por n\u00eb p\u00ebrgjegj\u00ebsin\u00eb ndaj sistemit sh\u00ebndet\u00ebsor dhe arsimit mjek\u00ebsor n\u00eb<\/span><br \/>\n<span style=\"color: #000000;\">vend. Parashikimet ligjore nuk synojn\u00eb t\u00eb diskriminojn\u00eb ata student\u00eb q\u00eb nuk jan\u00eb n\u00eb<\/span><br \/>\n<span style=\"color: #000000;\">gjendje ekonomike p\u00ebr t\u00eb paguar, por p\u00ebrcaktojn\u00eb nj\u00eb detyrim q\u00eb \u00ebsht\u00eb i lidhur me<\/span><br \/>\n<span style=\"color: #000000;\">t\u00eb ardhurat akademike dhe profesionale pas p\u00ebrfundimit t\u00eb studimeve. Dispozitat e<\/span><br \/>\n<span style=\"color: #000000;\">kund\u00ebrshtuara nuk sjellin trajtim t\u00eb diferencuar, por parashikojn\u00eb kritere objektive<\/span><br \/>\n<span style=\"color: #000000;\">q\u00eb aplikohen nj\u00eblloj p\u00ebr t\u00eb gjith\u00eb student\u00ebt, t\u00eb cil\u00ebt kan\u00eb ende lirin\u00eb p\u00ebr t\u00eb zgjedhur<\/span><br \/>\n<span style=\"color: #000000;\">institucionin e tyre t\u00eb studimit, nd\u00ebrkoh\u00eb q\u00eb ata q\u00eb nuk d\u00ebshirojn\u00eb t\u00eb pranojn\u00eb<\/span><br \/>\n<span style=\"color: #000000;\">trajtim t\u00eb ve\u00e7ant\u00eb, nuk jan\u00eb t\u00eb detyruar t\u00eb studiojn\u00eb n\u00eb institucione publike. Po<\/span><br \/>\n<span style=\"color: #000000;\">k\u00ebshtu, ligji nr. 60\/2023 nuk parashikon diskriminim ndaj student\u00ebve t\u00eb<\/span><br \/>\n<span style=\"color: #000000;\">institucioneve jopublike, pasi ai vepron brenda nj\u00eb fushe kompetence t\u00eb caktuar dhe<\/span><br \/>\n<span style=\"color: #000000;\">n\u00eb kontekstin e nevojave specifike t\u00eb arsimit publik. Ai mbron dhe krijon kushtet<\/span><br \/>\n<span style=\"color: #000000;\">p\u00ebr t\u00eb realizuar interesin m\u00eb t\u00eb lart\u00eb publik, duke vepruar me mjetet dhe<\/span><br \/>\n<span style=\"color: #000000;\">Vendim i Gjykat\u00ebs Kushtetuese<\/span><br \/>\n<span style=\"color: #000000;\">K\u00ebrkues: Nj\u00eb grup deputet\u00ebsh t\u00eb Kuvendit (jo m\u00eb pak se 1\/5 e deputet\u00ebve) dhe nj\u00eb grup student\u00ebsh t\u00eb Fakultetit t\u00eb<\/span><br \/>\n<span style=\"color: #000000;\">Mjek\u00ebsis\u00eb t\u00eb Universitetit t\u00eb Mjek\u00ebsis\u00eb Tiran\u00eb<\/span><br \/>\n<span style=\"color: #000000;\">mekanizmat e duhur ligjor\u00eb, n\u00eb p\u00ebrpjes\u00ebtim me gjendjen q\u00eb e ka diktuar. Ka edhe<\/span><br \/>\n<span style=\"color: #000000;\">ligje apo akte n\u00ebnligjore t\u00eb tjera me natyr\u00eb t\u00eb till\u00eb, ashtu si edhe n\u00eb shtete t\u00eb tjera<\/span><br \/>\n<span style=\"color: #000000;\">gjejm\u00eb parashikime t\u00eb ngjashme n\u00eb legjislacionet e brendshme.<\/span><br \/>\n<span style=\"color: #000000;\">11.5. I pabazuar \u00ebsht\u00eb edhe pretendimi p\u00ebr cenimin e s\u00eb drejt\u00ebs p\u00ebr t\u00eb mos iu n\u00ebnshtruar<\/span><br \/>\n<span style=\"color: #000000;\">pun\u00ebs s\u00eb detyruar, pasi dispozitat e kund\u00ebrshtuara nuk p\u00ebrmbushin asnj\u00eb nga<\/span><br \/>\n<span style=\"color: #000000;\">kushtet e vendosura nga Gjykata Evropiane p\u00ebr t\u00eb Drejtat e Njeriut (GJEDNJ) p\u00ebr t\u00eb<\/span><br \/>\n<span style=\"color: #000000;\">kualifikuar si pun\u00eb t\u00eb detyruar pun\u00ebsimin e student\u00ebve q\u00eb pranojn\u00eb t\u00eb n\u00ebnshkruajn\u00eb<\/span><br \/>\n<span style=\"color: #000000;\">marr\u00ebveshjen e parashikuar n\u00eb nenin 4 t\u00eb ligjit nr. 60\/2023. K\u00ebto parashikime nuk<\/span><br \/>\n<span style=\"color: #000000;\">jan\u00eb nuk jan\u00eb t\u00eb padrejta, pasi nuk lidhen as me ndonj\u00eb nd\u00ebshkim, as me ndonj\u00eb<\/span><br \/>\n<span style=\"color: #000000;\">karakteristik\u00eb personale t\u00eb student\u00ebve. Ato nuk p\u00ebrb\u00ebjn\u00eb detyrim shtyp\u00ebs dhe nuk<\/span><br \/>\n<span style=\"color: #000000;\">krijojn\u00eb asnj\u00eb raport t\u00eb padrejt\u00eb me aft\u00ebsit\u00eb dhe mund\u00ebsit\u00eb e student\u00ebve. Plot\u00ebsimi i<\/span><br \/>\n<span style=\"color: #000000;\">kushteve ligjore nuk ka karakter nd\u00ebshkimor, por sjell mb\u00ebshtetje financiare p\u00ebr ata<\/span><br \/>\n<span style=\"color: #000000;\">q\u00eb regjistrohen ose ndjekin programin e integruar t\u00eb ciklit t\u00eb dyt\u00eb n\u00eb mjek\u00ebsi, duke<\/span><br \/>\n<span style=\"color: #000000;\">mos r\u00ebnduar pozit\u00ebn e tyre ekonomike. Ligji \u00ebsht\u00eb i orientuar drejt mb\u00ebshtetjes s\u00eb<\/span><br \/>\n<span style=\"color: #000000;\">interesave publik\u00eb n\u00eb sh\u00ebndet\u00ebsi, duke siguruar nj\u00eb num\u00ebr t\u00eb mjaftuesh\u00ebm t\u00eb<\/span><br \/>\n<span style=\"color: #000000;\">mjek\u00ebve t\u00eb trajnuar p\u00ebr sh\u00ebrbimin e qytetar\u00ebve. Dispozitat ligjore u japin student\u00ebve<\/span><br \/>\n<span style=\"color: #000000;\">lirin\u00eb p\u00ebr zgjedhjen e kushteve p\u00ebr trajtimin e ve\u00e7ant\u00eb dhe detyrimin e pun\u00ebsimit<\/span><br \/>\n<span style=\"color: #000000;\">pas p\u00ebrfundimit t\u00eb studimeve n\u00eb nj\u00eb m\u00ebnyr\u00eb q\u00eb respekton lirin\u00eb dhe vullnetin e<\/span><br \/>\n<span style=\"color: #000000;\">individit.<\/span><br \/>\n<span style=\"color: #000000;\">III<\/span><br \/>\n<span style=\"color: #000000;\">Procesi n\u00eb gjykimin kushtetues<\/span><br \/>\n<span style=\"color: #000000;\">A. P\u00ebr vijimin e mas\u00ebs s\u00eb pezullimit<\/span><br \/>\n<span style=\"color: #000000;\">12. K\u00ebrkuesit kan\u00eb k\u00ebrkuar edhe pezullimin e zbatimit t\u00eb dispozitave t\u00eb kund\u00ebrshtuara t\u00eb<\/span><br \/>\n<span style=\"color: #000000;\">ligjit nr. 60\/2023 deri n\u00eb dh\u00ebnien e vendimit p\u00ebrfundimtar nga Gjykata, duke pretenduar se<\/span><br \/>\n<span style=\"color: #000000;\">rreziku q\u00eb student\u00ebt t\u00eb kryejn\u00eb nj\u00eb zgjedhje t\u00eb detyruar p\u00ebr shkaqe q\u00eb lidhen me gjendjen<\/span><br \/>\n<span style=\"color: #000000;\">ekonomike dhe kund\u00ebr vullnetit t\u00eb tyre \u00ebsht\u00eb real dhe pasojat negative q\u00eb rrjedhin n\u00ebse ligji<\/span><br \/>\n<span style=\"color: #000000;\">zbatohet jan\u00eb serioze dhe t\u00eb pakthyeshme p\u00ebr student\u00ebt q\u00eb d\u00ebshirojn\u00eb t\u00eb ruajn\u00eb status quo-n\u00eb.<\/span><br \/>\n<span style=\"color: #000000;\">13. Me vendimin e dat\u00ebs 14.11.2023, Mbledhja e Gjyqtar\u00ebve, pasi mori n\u00eb shqyrtim<\/span><br \/>\n<span style=\"color: #000000;\">k\u00ebrkes\u00ebn, n\u00eb p\u00ebrputhje me parashikimet e nenit 45 t\u00eb ligjit nr. 8577\/2000, ka vendosur pranimin e<\/span><br \/>\n<span style=\"color: #000000;\">saj, duke pezulluar zbatimin e dispozitave t\u00eb kund\u00ebrshtuara t\u00eb ligjit nr. 60\/2023 deri n\u00eb hyrjen n\u00eb<\/span><br \/>\n<span style=\"color: #000000;\">fuqi t\u00eb vendimit p\u00ebrfundimtar t\u00eb Gjykat\u00ebs.<\/span><br \/>\n<span style=\"color: #000000;\">Vendim i Gjykat\u00ebs Kushtetuese<\/span><br \/>\n<span style=\"color: #000000;\">K\u00ebrkues: Nj\u00eb grup deputet\u00ebsh t\u00eb Kuvendit (jo m\u00eb pak se 1\/5 e deputet\u00ebve) dhe nj\u00eb grup student\u00ebsh t\u00eb Fakultetit t\u00eb<\/span><br \/>\n<span style=\"color: #000000;\">Mjek\u00ebsis\u00eb t\u00eb Universitetit t\u00eb Mjek\u00ebsis\u00eb Tiran\u00eb<\/span><br \/>\n<span style=\"color: #000000;\">14. Subjekti i interesuar, K\u00ebshilli i Ministrave, n\u00eb prap\u00ebsimet e dat\u00ebs 11.12.2023 drejtuar<\/span><br \/>\n<span style=\"color: #000000;\">Gjykat\u00ebs, ka k\u00ebrkuar heqjen e mas\u00ebs s\u00eb pezullimit, pasi nuk justifikohen k\u00ebrkesat e nenit 45 t\u00eb<\/span><br \/>\n<span style=\"color: #000000;\">ligjit nr. 8577\/2000 dhe k\u00ebrkuesit nuk kan\u00eb paraqitur argumente konkrete dhe reale n\u00eb lidhje me<\/span><br \/>\n<span style=\"color: #000000;\">pasojat aktuale q\u00eb do t\u00eb duhej t\u00eb parandaloheshin dhe rrezikun p\u00ebr pasoja t\u00eb mundshme q\u00eb vijn\u00eb<\/span><br \/>\n<span style=\"color: #000000;\">nga zbatimi i dispozitave t\u00eb kund\u00ebrshtuara t\u00eb tilla q\u00eb prekin interesat e tyre, \u00e7ka p\u00ebrb\u00ebn kriterin<\/span><br \/>\n<span style=\"color: #000000;\">thelb\u00ebsor p\u00ebr pezullimin e zbatimit t\u00eb aktit t\u00eb kund\u00ebrshtuar.<\/span><br \/>\n<span style=\"color: #000000;\">15. Subjekti i interesuar, Kuvendi, n\u00eb seanc\u00ebn plenare publike t\u00eb dat\u00ebs 21.12.2023 ka<\/span><br \/>\n<span style=\"color: #000000;\">paraqitur k\u00ebrkes\u00eb paraprake p\u00ebr heqjen e mas\u00ebs s\u00eb pezullimit, pasi ajo nuk justifikon k\u00ebrkesat e<\/span><br \/>\n<span style=\"color: #000000;\">nenit 45 t\u00eb ligjit nr. 8577\/2000. Sipas tij, k\u00ebrkuesit nuk kan\u00eb paraqitur argumente konkrete dhe<\/span><br \/>\n<span style=\"color: #000000;\">reale n\u00eb lidhje me menj\u00ebhershm\u00ebrin\u00eb dhe pasojat aktuale q\u00eb do t\u00eb duhej t\u00eb parandaloheshin apo<\/span><br \/>\n<span style=\"color: #000000;\">rrezikun p\u00ebr pasoja t\u00eb mundshme q\u00eb vijn\u00eb nga zbatimi i dispozitave t\u00eb kund\u00ebrshtuara t\u00eb ligjit nr.<\/span><br \/>\n<span style=\"color: #000000;\">60\/2023. Po sipas Kuvendit, Gjykata duhet t\u00eb rivler\u00ebsoj\u00eb nevoj\u00ebn p\u00ebr pezullim, pasi kjo mund t\u00eb<\/span><br \/>\n<span style=\"color: #000000;\">sjell\u00eb pasiguri juridike n\u00eb sektorin e sh\u00ebndet\u00ebsis\u00eb dhe t\u00eb arsimit mjek\u00ebsor, si dhe efekte negative<\/span><br \/>\n<span style=\"color: #000000;\">n\u00eb planifikimin dhe funksionimin e sistemit mjek\u00ebsor.<\/span><br \/>\n<span style=\"color: #000000;\">16. Neni 45, pika 1, i ligjit nr. 8577\/2000 parashikon se Gjykata, kryesisht ose me<\/span><br \/>\n<span style=\"color: #000000;\">k\u00ebrkes\u00eb t\u00eb pal\u00ebs, kur vler\u00ebson se zbatimi i ligjit ose i aktit mund t\u00eb sjell\u00eb pasoja q\u00eb prekin interesa<\/span><br \/>\n<span style=\"color: #000000;\">shtet\u00ebror\u00eb, shoq\u00ebror\u00eb ose t\u00eb individ\u00ebve, sipas rastit, me vendim t\u00eb Mbledhjes s\u00eb Gjyqtar\u00ebve ose<\/span><br \/>\n<span style=\"color: #000000;\">n\u00eb seanc\u00eb plenare urdh\u00ebron pezullimin e ligjit ose t\u00eb aktit. Pezullimi vazhdon derisa vendimi<\/span><br \/>\n<span style=\"color: #000000;\">p\u00ebrfundimtar i Gjykat\u00ebs t\u00eb hyj\u00eb n\u00eb fuqi. N\u00eb kushtet kur pezullimi \u00ebsht\u00eb nj\u00eb mas\u00eb e<\/span><br \/>\n<span style=\"color: #000000;\">jasht\u00ebzakonshme, Gjykata v\u00ebren se vendosja e tij lidhet me vler\u00ebsimin e pasojave ose efekteve t\u00eb<\/span><br \/>\n<span style=\"color: #000000;\">zbatimit t\u00eb aktit. K\u00ebto pasoja jo vet\u00ebm duhet t\u00eb jen\u00eb reale, pra n\u00eb realizim e sip\u00ebr, por edhe t\u00eb<\/span><br \/>\n<span style=\"color: #000000;\">r\u00ebnda, n\u00eb at\u00eb mas\u00eb q\u00eb shkojn\u00eb tej mas\u00ebs normale t\u00eb kufizimit, n\u00eb ve\u00e7anti n\u00eb pik\u00ebpamje t\u00eb<\/span><br \/>\n<span style=\"color: #000000;\">urgjenc\u00ebs.<\/span><br \/>\n<span style=\"color: #000000;\">17. Bazuar n\u00eb k\u00ebt\u00eb dispozit\u00eb, pasi d\u00ebgjoi pal\u00ebt n\u00eb proces dhe mori n\u00eb shqyrtim<\/span><br \/>\n<span style=\"color: #000000;\">pretendimet e tyre p\u00ebr vijimin e mas\u00ebs s\u00eb pezullimit, Gjykata, duke pasur parasysh pasojat q\u00eb<\/span><br \/>\n<span style=\"color: #000000;\">mund t\u00eb vijn\u00eb p\u00ebr student\u00ebt q\u00eb ndjekin programin e integruar t\u00eb ciklit t\u00eb dyt\u00eb n\u00eb Fakultetin e<\/span><br \/>\n<span style=\"color: #000000;\">Mjek\u00ebsis\u00eb n\u00eb UMT nga zbatimi i dispozitave t\u00eb kund\u00ebrshtuara, \u00e7moi se ato jan\u00eb aktuale dhe reale<\/span><br \/>\n<span style=\"color: #000000;\">dhe n\u00eb kuptim t\u00eb nenit 45 t\u00eb ligjit nr. 8577\/2000 p\u00ebrligjin vijimin e mas\u00ebs s\u00eb pezullimit t\u00eb<\/span><br \/>\n<span style=\"color: #000000;\">vendosur me vendimin e dat\u00ebs 14.11.2023 t\u00eb Mbledhjes s\u00eb Gjyqtar\u00ebve.<\/span><br \/>\n<span style=\"color: #000000;\">IV<\/span><br \/>\n<span style=\"color: #000000;\">Vler\u00ebsimi i Gjykat\u00ebs Kushtetuese<\/span><br \/>\n<span style=\"color: #000000;\">B. P\u00ebr legjitimimin e k\u00ebrkuesve<\/span><br \/>\n<span style=\"color: #000000;\">Vendim i Gjykat\u00ebs Kushtetuese<\/span><br \/>\n<span style=\"color: #000000;\">K\u00ebrkues: Nj\u00eb grup deputet\u00ebsh t\u00eb Kuvendit (jo m\u00eb pak se 1\/5 e deputet\u00ebve) dhe nj\u00eb grup student\u00ebsh t\u00eb Fakultetit t\u00eb<\/span><br \/>\n<span style=\"color: #000000;\">Mjek\u00ebsis\u00eb t\u00eb Universitetit t\u00eb Mjek\u00ebsis\u00eb Tiran\u00eb<\/span><br \/>\n<span style=\"color: #000000;\">B.1. P\u00ebr legjitimimin ratione personae<\/span><br \/>\n<span style=\"color: #000000;\">B.1.1. P\u00ebr legjitimimin e nj\u00eb grupi deputet\u00ebsh<\/span><br \/>\n<span style=\"color: #000000;\">18. \u00c7\u00ebshtjen e legjitimimit (locus standi) Gjykata e ka vler\u00ebsuar si nj\u00eb nd\u00ebr aspektet<\/span><br \/>\n<span style=\"color: #000000;\">kryesore q\u00eb lidhet me v\u00ebnien n\u00eb l\u00ebvizje t\u00eb nj\u00eb procesi kushtetues. Kushtetuta, n\u00eb nenin 134, pika<\/span><br \/>\n<span style=\"color: #000000;\">1, t\u00eb saj, ka p\u00ebrcaktuar n\u00eb m\u00ebnyr\u00eb shteruese rrethin e subjekteve kushtetuese q\u00eb legjitimohen t\u00eb<\/span><br \/>\n<span style=\"color: #000000;\">v\u00ebn\u00eb n\u00eb l\u00ebvizje juridiksionin kushtetues.<\/span><br \/>\n<span style=\"color: #000000;\">19. Jo m\u00eb pak se nj\u00eb e pesta e deputet\u00ebve t\u00eb Kuvendit \u00ebsht\u00eb subjekt i parashikuar n\u00eb nenin<\/span><br \/>\n<span style=\"color: #000000;\">134, pika 1, shkronja \u201cc\u201d, t\u00eb Kushtetut\u00ebs dhe nenin 49, pika 1, t\u00eb ligjit nr. 8577\/2000, t\u00eb cilat i<\/span><br \/>\n<span style=\"color: #000000;\">njohin atij t\u00eb drejt\u00ebn p\u00ebr nisjen e kontrollit abstrakt t\u00eb kushtetutshm\u00ebris\u00eb s\u00eb ligjit, n\u00eb kuptim t\u00eb<\/span><br \/>\n<span style=\"color: #000000;\">nenit 131, pika 1, shkronja \u201ca\u201d, t\u00eb Kushtetut\u00ebs. Gjykata ka theksuar se interesi publik i k\u00ebtyre<\/span><br \/>\n<span style=\"color: #000000;\">funksionar\u00ebve publik\u00eb \u00ebsht\u00eb i prezumuar, pasi nj\u00eb k\u00ebrkes\u00eb e tyre v\u00eb n\u00eb l\u00ebvizje nj\u00eb kontroll<\/span><br \/>\n<span style=\"color: #000000;\">abstrakt e objektiv t\u00eb aktit normativ dhe interesi q\u00eb k\u00ebrkohet t\u00eb mbrohet lidhet me respektimin e<\/span><br \/>\n<span style=\"color: #000000;\">parimeve kushtetuese dhe me funksionimin e rregullt t\u00eb shtetit t\u00eb s\u00eb drejt\u00ebs. Mbrojtja e sistemit<\/span><br \/>\n<span style=\"color: #000000;\">normativ dhe parimeve shtetformuese, nd\u00ebr t\u00eb tjera, si konstitucionalizmi, shteti i s\u00eb drejt\u00ebs,<\/span><br \/>\n<span style=\"color: #000000;\">demokracia, dinjiteti njer\u00ebzor, barazia sociale, t\u00eb shpalosura n\u00eb Kushtetut\u00eb, nuk \u00ebsht\u00eb e<\/span><br \/>\n<span style=\"color: #000000;\">kusht\u00ebzuar nga nj\u00eb interes subjektiv konkret. N\u00eb k\u00ebt\u00eb kuptim, Gjykata pohon se q\u00ebllimi i<\/span><br \/>\n<span style=\"color: #000000;\">kontrollit t\u00eb kushtetutshm\u00ebris\u00eb s\u00eb ligjeve \u00ebsht\u00eb nj\u00ebkoh\u00ebsisht edhe parandalimi i pasojave negative<\/span><br \/>\n<span style=\"color: #000000;\">q\u00eb mund t\u00eb vijn\u00eb nga zbatimi i tyre (shih vendimet nr. 35, dat\u00eb 15.06.2023; nr. 18, dat\u00eb<\/span><br \/>\n<span style=\"color: #000000;\">07.07.2022; nr. 55, dat\u00eb 27.07.2016 t\u00eb Gjykat\u00ebs Kushtetuese).<\/span><br \/>\n<span style=\"color: #000000;\">20. N\u00eb k\u00ebndv\u00ebshtrim t\u00eb sa m\u00eb sip\u00ebr, Gjykata v\u00ebren se k\u00ebrkuesi, nj\u00eb grup prej 30<\/span><br \/>\n<span style=\"color: #000000;\">deputet\u00ebsh t\u00eb Kuvendit, n\u00eb cil\u00ebsin\u00eb e subjektit kushtetues jo m\u00eb pak se nj\u00eb e pesta e deputet\u00ebve,<\/span><br \/>\n<span style=\"color: #000000;\">si subjekt i pakusht\u00ebzuar nuk ka nevoj\u00eb t\u00eb provoj\u00eb interesin e tij t\u00eb drejtp\u00ebrdrejt\u00eb p\u00ebr v\u00ebnien n\u00eb<\/span><br \/>\n<span style=\"color: #000000;\">l\u00ebvizje t\u00eb kontrollit abstrakt t\u00eb pajtueshm\u00ebris\u00eb me Kushtetut\u00ebn t\u00eb dispozitave t\u00eb ligjit nr. 60\/2023,<\/span><br \/>\n<span style=\"color: #000000;\">objekt i k\u00ebsaj k\u00ebrkese, p\u00ebr rrjedhoj\u00eb ai legjitimohet ratione personae.<\/span><br \/>\n<span style=\"color: #000000;\">B.1.2. P\u00ebr legjitimimin e grupit t\u00eb student\u00ebve<\/span><br \/>\n<span style=\"color: #000000;\">21. Grupi i student\u00ebve t\u00eb Fakultetit t\u00eb Mjek\u00ebsis\u00eb, n\u00eb UMT ka parashtruar se legjitimohet<\/span><br \/>\n<span style=\"color: #000000;\">ratione personae, pasi \u00ebsht\u00eb bart\u00ebs i t\u00eb drejtave kushtetuese dhe ka interes t\u00eb drejtp\u00ebrdrejt\u00eb p\u00ebr<\/span><br \/>\n<span style=\"color: #000000;\">kund\u00ebrshtimin e dispozitave objekt t\u00eb k\u00ebrkes\u00ebs, pasi k\u00ebto t\u00eb fundit cenojn\u00eb n\u00eb m\u00ebnyr\u00eb reale t\u00eb<\/span><br \/>\n<span style=\"color: #000000;\">drejtat e tyre dhe garancit\u00eb e mbrojtura nga Kushtetuta. N\u00eb lidhje me legjitimimin ratione<\/span><br \/>\n<span style=\"color: #000000;\">personae subjektet e interesuara nuk kan\u00eb paraqitur asnj\u00eb argument.<\/span><br \/>\n<span style=\"color: #000000;\">22. Sipas neneve 131, pika 1, shkronja \u201cf\u201d dhe 134, pikat 1, shkronja \u201ci\u201d dhe 2, t\u00eb<\/span><br \/>\n<span style=\"color: #000000;\">Kushtetut\u00ebs, si dhe nenit 71 t\u00eb ligjit nr. 8577\/2000, \u00e7do individ, person fizik ose juridik, subjekt i<\/span><br \/>\n<span style=\"color: #000000;\">Vendim i Gjykat\u00ebs Kushtetuese<\/span><br \/>\n<span style=\"color: #000000;\">K\u00ebrkues: Nj\u00eb grup deputet\u00ebsh t\u00eb Kuvendit (jo m\u00eb pak se 1\/5 e deputet\u00ebve) dhe nj\u00eb grup student\u00ebsh t\u00eb Fakultetit t\u00eb<\/span><br \/>\n<span style=\"color: #000000;\">Mjek\u00ebsis\u00eb t\u00eb Universitetit t\u00eb Mjek\u00ebsis\u00eb Tiran\u00eb<\/span><br \/>\n<span style=\"color: #000000;\">s\u00eb drejt\u00ebs private dhe publike, mund t\u00eb v\u00ebr\u00eb n\u00eb l\u00ebvizje Gjykat\u00ebn p\u00ebr gjykimin p\u00ebrfundimtar t\u00eb<\/span><br \/>\n<span style=\"color: #000000;\">ankesave kund\u00ebr \u00e7do akti t\u00eb pushtetit publik ose vendimi gjyq\u00ebsor q\u00eb cenon t\u00eb drejtat dhe lirit\u00eb<\/span><br \/>\n<span style=\"color: #000000;\">themelore t\u00eb garantuara n\u00eb Kushtetut\u00eb. Ankimi kushtetues individual, n\u00eb \u00e7do rast, duhet t\u00eb<\/span><br \/>\n<span style=\"color: #000000;\">plot\u00ebsoj\u00eb kriteret e nenit 71\/a t\u00eb ligjit nr. 8577\/2000, q\u00eb lidhen me shterimin e mjeteve juridike<\/span><br \/>\n<span style=\"color: #000000;\">efektive, afatin e paraqitjes s\u00eb k\u00ebrkes\u00ebs, pasojat negative t\u00eb p\u00ebsuara n\u00eb m\u00ebnyr\u00eb t\u00eb drejtp\u00ebrdrejt\u00eb e<\/span><br \/>\n<span style=\"color: #000000;\">reale, si dhe mund\u00ebsin\u00eb p\u00ebr rivendosjen e s\u00eb drejt\u00ebs s\u00eb shkelur. N\u00eb \u00e7\u00ebshtjen n\u00eb shqyrtim k\u00ebrkesa<\/span><br \/>\n<span style=\"color: #000000;\">drejtuar Gjykat\u00ebs \u00ebsht\u00eb n\u00ebnshkruar individualisht nga 37 k\u00ebrkues q\u00eb jan\u00eb student\u00eb t\u00eb programit t\u00eb<\/span><br \/>\n<span style=\"color: #000000;\">integruar t\u00eb studimit t\u00eb ciklit t\u00eb dyt\u00eb \u201cMjek\u00ebsi e p\u00ebrgjithshme\u201d n\u00eb UMT, sipas v\u00ebrtetimeve<\/span><br \/>\n<span style=\"color: #000000;\">p\u00ebrkat\u00ebse t\u00eb l\u00ebshuara nga dekani i Fakultetit t\u00eb Mjek\u00ebsis\u00eb n\u00eb UMT bashk\u00eblidhur k\u00ebrkes\u00ebs.<\/span><br \/>\n<span style=\"color: #000000;\">23. Po sipas Gjykat\u00ebs, bazuar n\u00eb nenet 49, pika 3, shkronja \u201ce\u201d dhe 71, pika 2, t\u00eb ligjit nr.<\/span><br \/>\n<span style=\"color: #000000;\">8577\/2000, objekt i ankimit kushtetues individual mund t\u00eb jet\u00eb edhe ligji ose akti normativ. N\u00eb<\/span><br \/>\n<span style=\"color: #000000;\">k\u00ebto raste, k\u00ebrkuesi legjitimohet n\u00ebse plot\u00ebsohen bashk\u00ebrisht k\u00ebto kritere: (i) legjitimimi ratione<\/span><br \/>\n<span style=\"color: #000000;\">personae, n\u00eb kuptimin q\u00eb individi provon se \u00ebsht\u00eb bart\u00ebs i s\u00eb drejt\u00ebs kushtetuese t\u00eb pretenduar t\u00eb<\/span><br \/>\n<span style=\"color: #000000;\">cenuar, si dhe provon interesin n\u00eb lidhje me \u00e7\u00ebshtjen, pra cenimin e drejtp\u00ebrdrejt\u00eb dhe real t\u00eb s\u00eb<\/span><br \/>\n<span style=\"color: #000000;\">drejt\u00ebs kushtetuese; (ii) shterimi i mjeteve juridike efektive p\u00ebr mbrojtjen e s\u00eb drejt\u00ebs kushtetuese<\/span><br \/>\n<span style=\"color: #000000;\">t\u00eb pretenduar t\u00eb cenuar ose individi provon se akti i kund\u00ebrshtuar \u00ebsht\u00eb drejtp\u00ebrdrejt i<\/span><br \/>\n<span style=\"color: #000000;\">zbatuesh\u00ebm; (iii) legjitimimi ratione temporis, n\u00eb kuptimin q\u00eb individi ka paraqitur ankim brenda<\/span><br \/>\n<span style=\"color: #000000;\">afatit ligjor 4-mujor nga konstatimi i cenimit; (iv) legjitimimi ratione materiae, n\u00eb kuptimin q\u00eb<\/span><br \/>\n<span style=\"color: #000000;\">individi provon se pretendimet e ngritura jan\u00eb t\u00eb tilla q\u00eb b\u00ebjn\u00eb pjes\u00eb n\u00eb juridiksionin kushtetues,<\/span><br \/>\n<span style=\"color: #000000;\">pra t\u00eb drejtat dhe lirit\u00eb themelore, q\u00eb pretendohen se jan\u00eb cenuar, jan\u00eb t\u00eb garantuara n\u00eb<\/span><br \/>\n<span style=\"color: #000000;\">Kushtetut\u00eb, si dhe shqyrtimi kushtetues i \u00e7\u00ebshtjes mund t\u00eb rivendos\u00eb t\u00eb drejt\u00ebn kushtetuese t\u00eb<\/span><br \/>\n<span style=\"color: #000000;\">shkelur (shih vendimet nr. 38, dat\u00eb 12.07.2023; nr. 4, dat\u00eb 21.02.2022; nr. 31, dat\u00eb 04.10.2021<\/span><br \/>\n<span style=\"color: #000000;\">t\u00eb Gjykat\u00ebs Kushtetuese).<\/span><br \/>\n<span style=\"color: #000000;\">24. N\u00eb rastin konkret, Gjykata, bazuar n\u00eb aktet bashk\u00eblidhur k\u00ebrkes\u00ebs, v\u00ebren se student\u00ebt<\/span><br \/>\n<span style=\"color: #000000;\">e Fakultetit t\u00eb Mjek\u00ebsis\u00eb n\u00eb UMT nuk jan\u00eb t\u00eb organizuar n\u00eb form\u00ebn e nj\u00eb organizate n\u00eb kuptim t\u00eb<\/span><br \/>\n<span style=\"color: #000000;\">nenit 134, pika 1, shkronja \u201ch\u201d, t\u00eb Kushtetut\u00ebs, por ata i jan\u00eb drejtuar Gjykat\u00ebs si nj\u00eb grupim<\/span><br \/>\n<span style=\"color: #000000;\">individ\u00ebsh. P\u00ebr rrjedhoj\u00eb, p\u00ebr q\u00ebllime t\u00eb legjitimimit t\u00eb k\u00ebtij k\u00ebrkuesi n\u00eb kuptim t\u00eb neneve 131,<\/span><br \/>\n<span style=\"color: #000000;\">pika 1, shkronja \u201cf\u201d dhe 134, pika 1, shkronja \u201ci\u201d, t\u00eb Kushtetut\u00ebs, n\u00eb rastin e pretendimeve p\u00ebr<\/span><br \/>\n<span style=\"color: #000000;\">papajtueshm\u00ebri t\u00eb ligjit me Kushtetut\u00ebn, grupi i student\u00ebve duhet t\u00eb provoj\u00eb se \u00ebsht\u00eb viktim\u00eb e<\/span><br \/>\n<span style=\"color: #000000;\">shkeljes dhe se zbatimi i dispozitave t\u00eb ligjit t\u00eb kund\u00ebrshtuar cenon interesat e tij, duke sjell\u00eb<\/span><br \/>\n<span style=\"color: #000000;\">pasoja t\u00eb drejtp\u00ebrdrejta dhe reale.<\/span><br \/>\n<span style=\"color: #000000;\">25. Sipas GJEDNJ-s\u00eb, k\u00ebrkuesit mund t\u00eb pretendojn\u00eb se jan\u00eb viktima t\u00eb nj\u00eb shkeljeje n\u00ebse<\/span><br \/>\n<span style=\"color: #000000;\">jan\u00eb an\u00ebtar\u00eb t\u00eb nj\u00eb grupi n\u00eb rrezik ose q\u00eb preken drejtp\u00ebrdrejt nga legjislacioni. K\u00ebrkuesi mund t\u00eb<\/span><br \/>\n<span style=\"color: #000000;\">Vendim i Gjykat\u00ebs Kushtetuese<\/span><br \/>\n<span style=\"color: #000000;\">K\u00ebrkues: Nj\u00eb grup deputet\u00ebsh t\u00eb Kuvendit (jo m\u00eb pak se 1\/5 e deputet\u00ebve) dhe nj\u00eb grup student\u00ebsh t\u00eb Fakultetit t\u00eb<\/span><br \/>\n<span style=\"color: #000000;\">Mjek\u00ebsis\u00eb t\u00eb Universitetit t\u00eb Mjek\u00ebsis\u00eb Tiran\u00eb<\/span><br \/>\n<span style=\"color: #000000;\">pretendoj\u00eb se nj\u00eb ligj shkel t\u00eb drejtat e tij\/saj dhe p\u00ebr rrjedhoj\u00eb \u00ebsht\u00eb \u201cviktim\u00eb\u201d, sipas kuptimit t\u00eb<\/span><br \/>\n<span style=\"color: #000000;\">nenit 34, n\u00ebse atij i k\u00ebrkohet t\u00eb modifikoj\u00eb sjelljen e tij ose rrezikon t\u00eb procedohet p\u00ebr<\/span><br \/>\n<span style=\"color: #000000;\">mosrespektim t\u00eb ligjit (shih Burden kund\u00ebr Mbret\u00ebris\u00eb s\u00eb Bashkuar (DhM), nr. 13378\/05, \u00a7 34,<\/span><br \/>\n<span style=\"color: #000000;\">ECHR 2008; S.A.S. kund\u00ebr Franc\u00ebs (DhM), nr.43835\/11, dat\u00eb 01.07.2014, \u00a7 57).<\/span><br \/>\n<span style=\"color: #000000;\">26. Gjykata konstaton se dispozitat e kund\u00ebrshtuara t\u00eb ligjit nr. 60\/2023 p\u00ebrcaktojn\u00eb<\/span><br \/>\n<span style=\"color: #000000;\">kriteret p\u00ebr p\u00ebrfitimin e trajtimit t\u00eb ve\u00e7ant\u00eb n\u00ebse student\u00ebt e Fakultetit t\u00eb Mjek\u00ebsis\u00eb n\u00eb UMT<\/span><br \/>\n<span style=\"color: #000000;\">pranojn\u00eb n\u00ebnshkrimin e marr\u00ebveshjes me pasoj\u00eb kalimin zyrtarisht t\u00eb diplom\u00ebs p\u00ebrkat\u00ebse t\u00eb<\/span><br \/>\n<span style=\"color: #000000;\">arsimit t\u00eb lart\u00eb nga institucioni publik i arsimit t\u00eb lart\u00eb, ku studenti ka p\u00ebrfunduar studimet, n\u00eb<\/span><br \/>\n<span style=\"color: #000000;\">institucionin sh\u00ebndet\u00ebsor ku pun\u00ebsohet deri n\u00eb \u201cshlyerjen e detyrimeve p\u00ebr pun\u00ebsim\u201d sipas afatit<\/span><br \/>\n<span style=\"color: #000000;\">t\u00eb p\u00ebrcaktuar. Student\u00ebt e Fakultetit t\u00eb Mjek\u00ebsis\u00eb, t\u00eb cil\u00ebt i jan\u00eb drejtuar Gjykat\u00ebs me ankim<\/span><br \/>\n<span style=\"color: #000000;\">kushtetues, jan\u00eb subjekte t\u00eb t\u00eb drejtave kushtetuese t\u00eb pretenduara t\u00eb cenuara p\u00ebr sa koh\u00eb q\u00eb<\/span><br \/>\n<span style=\"color: #000000;\">p\u00ebrfshihen n\u00eb ato kategori q\u00eb preken n\u00eb m\u00ebnyr\u00eb t\u00eb drejtp\u00ebrdrejt\u00eb nga dispozitat e kund\u00ebrshtuara.<\/span><br \/>\n<span style=\"color: #000000;\">Me fillimin e vitit akademik ata jan\u00eb v\u00ebn\u00eb p\u00ebrball\u00eb zgjedhjes mes n\u00ebnshkrimit t\u00eb marr\u00ebveshjes<\/span><br \/>\n<span style=\"color: #000000;\">dhe p\u00ebrfitimit t\u00eb trajtimit t\u00eb ve\u00e7ant\u00eb apo pages\u00ebs s\u00eb vler\u00ebs s\u00eb plot\u00eb t\u00eb kostos s\u00eb studimeve.<\/span><br \/>\n<span style=\"color: #000000;\">Parashikimet e dispozitave t\u00eb kund\u00ebrshtuara i detyrojn\u00eb student\u00ebt t\u00eb modifikojn\u00eb sjelljen n\u00eb<\/span><br \/>\n<span style=\"color: #000000;\">situat\u00ebn n\u00eb t\u00eb cil\u00ebn ndodhen, duke u v\u00ebn\u00eb p\u00ebrball\u00eb nj\u00eb zgjedhjeje t\u00eb re, \u00e7ka ndikon n\u00eb interesat e<\/span><br \/>\n<span style=\"color: #000000;\">tyre, ve\u00e7an\u00ebrisht p\u00ebr ata student\u00eb q\u00eb nuk kan\u00eb mund\u00ebsi ekonomike, duke u detyruar t\u00eb pranojn\u00eb<\/span><br \/>\n<span style=\"color: #000000;\">kushtet e vendosura p\u00ebr kalimin e diplom\u00ebs deri n\u00eb p\u00ebrfundimin e afatit t\u00eb detyruar p\u00ebr pun\u00ebsim.<\/span><br \/>\n<span style=\"color: #000000;\">P\u00ebr sa m\u00eb sip\u00ebr, Gjykata vler\u00ebson se p\u00ebr sa koh\u00eb q\u00eb k\u00ebto parashikime ligjore zbatohen n\u00eb m\u00ebnyr\u00eb<\/span><br \/>\n<span style=\"color: #000000;\">t\u00eb drejtp\u00ebrdrejt\u00eb dhe reale mbi ta, ata mund t\u00eb pretendojn\u00eb se jan\u00eb viktima t\u00eb shkeljes, p\u00ebr<\/span><br \/>\n<span style=\"color: #000000;\">rrjedhoj\u00eb grupi i student\u00ebve legjitimohet ratione personae, n\u00eb kuptim t\u00eb neneve 131, pika 1,<\/span><br \/>\n<span style=\"color: #000000;\">shkronja \u201cf\u201d dhe 134, pikat 1, shkronja \u201ci\u201d dhe 2, t\u00eb Kushtetut\u00ebs, pasi provon interesin e<\/span><br \/>\n<span style=\"color: #000000;\">drejtp\u00ebrdrejt\u00eb n\u00eb \u00e7\u00ebshtjen e parashtruar.<\/span><br \/>\n<span style=\"color: #000000;\">27. P\u00ebr sa i p\u00ebrket kriterit t\u00eb shterimit t\u00eb mjeteve juridike efektive, n\u00eb jurisprudenc\u00ebn e saj<\/span><br \/>\n<span style=\"color: #000000;\">Gjykata ka theksuar se n\u00eb rastet e pretendimeve p\u00ebr papajtueshm\u00ebrin\u00eb e ligjeve me Kushtetut\u00ebn,<\/span><br \/>\n<span style=\"color: #000000;\">k\u00ebrkuesi duhet t`i ket\u00eb p\u00ebrdorur t\u00eb gjitha mjetet juridike n\u00eb dispozicion p\u00ebr mbrojtjen e s\u00eb drejt\u00ebs<\/span><br \/>\n<span style=\"color: #000000;\">kushtetuese q\u00eb cenon ligji i kund\u00ebrshtuar jo vet\u00ebm formalisht, por edhe n\u00eb kuptimin substancial.<\/span><br \/>\n<span style=\"color: #000000;\">Si rregull, ligji zbatohet p\u00ebrmes akteve t\u00eb organeve publike ose vendimeve gjyq\u00ebsore, prandaj<\/span><br \/>\n<span style=\"color: #000000;\">individi duhet, s\u00eb pari, t\u2019i kund\u00ebrshtoj\u00eb ato para gjykatave kompetente, duke shteruar t\u00eb gjitha<\/span><br \/>\n<span style=\"color: #000000;\">mjetet juridike q\u00eb parashikon sistemi yn\u00eb juridik. Kjo ka r\u00ebnd\u00ebsi edhe p\u00ebr t\u00eb provuar se k\u00ebrkuesi<\/span><br \/>\n<span style=\"color: #000000;\">\u00ebsht\u00eb prekur personalisht, drejtp\u00ebrdrejt dhe realisht. Megjithat\u00eb, ligji ka parashikuar edhe rastet<\/span><br \/>\n<span style=\"color: #000000;\">kur p\u00ebrmbushja e k\u00ebtij kriteri \u00ebsht\u00eb e pamundur (legjislacioni nuk parashikon mjete juridike ose<\/span><br \/>\n<span style=\"color: #000000;\">ato jan\u00eb joefektive). Meqen\u00ebse mjeti juridik mund t\u00eb jet\u00eb i ndrysh\u00ebm, n\u00eb var\u00ebsi t\u00eb llojit t\u00eb<\/span><br \/>\n<span style=\"color: #000000;\">Vendim i Gjykat\u00ebs Kushtetuese<\/span><br \/>\n<span style=\"color: #000000;\">K\u00ebrkues: Nj\u00eb grup deputet\u00ebsh t\u00eb Kuvendit (jo m\u00eb pak se 1\/5 e deputet\u00ebve) dhe nj\u00eb grup student\u00ebsh t\u00eb Fakultetit t\u00eb<\/span><br \/>\n<span style=\"color: #000000;\">Mjek\u00ebsis\u00eb t\u00eb Universitetit t\u00eb Mjek\u00ebsis\u00eb Tiran\u00eb<\/span><br \/>\n<span style=\"color: #000000;\">ankimit, efektiviteti i tij vler\u00ebsohet jo thjesht nga fakti q\u00eb \u00ebsht\u00eb parashikuar me ligj, por edhe nga<\/span><br \/>\n<span style=\"color: #000000;\">zbatueshm\u00ebria e tij. Karakteristika e zbatimit t\u00eb drejtp\u00ebrdrejt\u00eb t\u00eb ligjit lidhet me aft\u00ebsin\u00eb q\u00eb ka<\/span><br \/>\n<span style=\"color: #000000;\">ligji i kund\u00ebrshtuar p\u00ebr t\u00eb cenuar n\u00eb m\u00ebnyr\u00eb po t\u00eb drejtp\u00ebrdrejt\u00eb t\u00eb drejt\u00ebn themelore individuale<\/span><br \/>\n<span style=\"color: #000000;\">dhe, p\u00ebr k\u00ebt\u00eb arsye, b\u00ebhet fjal\u00eb p\u00ebr ato raste kur ligji nuk parashikon nxjerrjen e akteve n\u00ebnligjore<\/span><br \/>\n<span style=\"color: #000000;\">t\u00eb nevojshme p\u00ebr zbatimin e tij. Kjo n\u00ebnkupton se ligji i shkakton pasojat e tij ndaj t\u00eb drejtave<\/span><br \/>\n<span style=\"color: #000000;\">kushtetuese individuale pa pasur nevoj\u00ebn e detajimit t\u00eb rregullave shtes\u00eb n\u00eb form\u00ebn e akteve<\/span><br \/>\n<span style=\"color: #000000;\">n\u00ebnligjore (shih vendimet nr. 4, dat\u00eb 21.02.2022; nr. 31, dat\u00eb 04.10.2021 t\u00eb Gjykat\u00ebs<\/span><br \/>\n<span style=\"color: #000000;\">Kushtetuese).<\/span><br \/>\n<span style=\"color: #000000;\">28. K\u00ebrkuesi, grupi i student\u00ebve, ka pretenduar se \u00e7do lloj kund\u00ebrshtimi gjyq\u00ebsisht i<\/span><br \/>\n<span style=\"color: #000000;\">dispozitave t\u00eb ligjit nr. 60\/2023 do t\u00eb rezultonte joefektiv, pasi edhe n\u00ebse do t\u00eb investonte<\/span><br \/>\n<span style=\"color: #000000;\">gjykatat e juridiksionit t\u00eb zakonsh\u00ebm p\u00ebr t\u00eb k\u00ebrkuar pezullimin e ligjit nr. 60\/2023 dhe d\u00ebrgimin<\/span><br \/>\n<span style=\"color: #000000;\">e tij p\u00ebr gjykim incidental n\u00eb Gjykat\u00ebn Kushtetuese, kjo do t\u00eb rezultonte n\u00eb humbje kohe,<\/span><br \/>\n<span style=\"color: #000000;\">shp\u00ebrdorim t\u00eb resurseve gjyq\u00ebsore, nd\u00ebrkoh\u00eb q\u00eb pranimi i k\u00ebrkes\u00ebs p\u00ebr kontroll incidental nuk do<\/span><br \/>\n<span style=\"color: #000000;\">t\u00eb ishte i sigurt. Po k\u00ebshtu, gjykimi n\u00eb t\u00eb tria shkall\u00ebt e gjyq\u00ebsorit t\u00eb zakonsh\u00ebm, qoft\u00eb edhe me<\/span><br \/>\n<span style=\"color: #000000;\">procedur\u00eb t\u00eb p\u00ebrshpejtuar, do t\u00eb ishte objektivisht i pamundur t\u00eb p\u00ebrfundonte brenda k\u00ebtij viti<\/span><br \/>\n<span style=\"color: #000000;\">akademik, \u00e7ka do t\u00eb sillte pasoja te student\u00ebt e vitit t\u00eb fundit t\u00eb Fakultetit t\u00eb Mjek\u00ebsis\u00eb n\u00eb UMT.<\/span><br \/>\n<span style=\"color: #000000;\">Nga ana tjet\u00ebr, gjykatat e juridiksionit t\u00eb zakonsh\u00ebm nuk mund t\u00eb pezullojn\u00eb ligje dhe akte<\/span><br \/>\n<span style=\"color: #000000;\">normative, pasi nj\u00eb prerogativ\u00eb e till\u00eb i p\u00ebrket vet\u00ebm Gjykat\u00ebs Kushtetuese.<\/span><br \/>\n<span style=\"color: #000000;\">29. Subjekti i interesuar, K\u00ebshilli i Ministrave, ka prap\u00ebsuar se grupi i student\u00ebve t\u00eb<\/span><br \/>\n<span style=\"color: #000000;\">Fakultetit t\u00eb Mjek\u00ebsis\u00eb n\u00eb UMT nuk legjitimohet, pasi nuk ka shteruar mjetet juridike efektive n\u00eb<\/span><br \/>\n<span style=\"color: #000000;\">dispozicion, n\u00eb kuptim t\u00eb nenit 131, pika 1, shkronja \u201cf\u201d, t\u00eb Kushtetut\u00ebs dhe ligjit nr. 8577\/2000.<\/span><br \/>\n<span style=\"color: #000000;\">Ai duhet t\u2019i ngrej\u00eb pretendimet n\u00eb t\u00eb gjitha shkall\u00ebt e juridiksionit t\u00eb zakonsh\u00ebm, duke iu dh\u00ebn\u00eb<\/span><br \/>\n<span style=\"color: #000000;\">mund\u00ebsi gjykatave t\u00eb zakonshme q\u00eb t\u00eb vler\u00ebsojn\u00eb n\u00ebse dispozitat e kund\u00ebrshtuara paraqesin<\/span><br \/>\n<span style=\"color: #000000;\">probleme kushtetutshm\u00ebrie, duke referuar m\u00eb pas \u00e7\u00ebshtjen n\u00eb Gjykat\u00eb p\u00ebrmes gjykimit<\/span><br \/>\n<span style=\"color: #000000;\">incidental.<\/span><br \/>\n<span style=\"color: #000000;\">30. Gjykata vler\u00ebson t\u00eb theksoj\u00eb, s\u00eb pari, se paraqitja e k\u00ebrkes\u00ebs p\u00ebr nisjen e kontrollit<\/span><br \/>\n<span style=\"color: #000000;\">incidental t\u00eb norm\u00ebs nuk p\u00ebrb\u00ebn element t\u00eb domosdosh\u00ebm n\u00eb k\u00ebndv\u00ebshtrim t\u00eb p\u00ebrmbushjes s\u00eb<\/span><br \/>\n<span style=\"color: #000000;\">kriterit t\u00eb shterimit t\u00eb mjeteve juridike efektive, megjithat\u00eb, si nj\u00eb form\u00eb jo e drejtp\u00ebrdrejt\u00eb e<\/span><br \/>\n<span style=\"color: #000000;\">aksesit n\u00eb gjykimin kushtetues, pal\u00ebt n\u00eb procesin gjyq\u00ebsor, n\u00ebse kan\u00eb v\u00ebn\u00eb n\u00eb l\u00ebvizje nj\u00eb t\u00eb till\u00eb,<\/span><br \/>\n<span style=\"color: #000000;\">mund t\u00eb zgjedhin t\u2019i k\u00ebrkojn\u00eb gjykat\u00ebs s\u00eb zakonshme q\u00eb t\u00eb investoj\u00eb Gjykat\u00ebn Kushtetuese (shih<\/span><br \/>\n<span style=\"color: #000000;\">vendimin nr. 4, dat\u00eb 21.02.2022 t\u00eb Gjykat\u00ebs Kushtetuese).<\/span><br \/>\n<span style=\"color: #000000;\">31. N\u00eb k\u00ebndv\u00ebshtrim t\u00eb sa m\u00eb sip\u00ebr, Gjykata v\u00ebren se dispozitat ligjore t\u00eb kund\u00ebrshtuara<\/span><br \/>\n<span style=\"color: #000000;\">t\u00eb ligjit nr. 60\/2023 nuk parashikojn\u00eb nxjerrjen e akteve n\u00ebnligjore t\u00eb nevojshme p\u00ebr zbatimin e<\/span><br \/>\n<span style=\"color: #000000;\">Vendim i Gjykat\u00ebs Kushtetuese<\/span><br \/>\n<span style=\"color: #000000;\">K\u00ebrkues: Nj\u00eb grup deputet\u00ebsh t\u00eb Kuvendit (jo m\u00eb pak se 1\/5 e deputet\u00ebve) dhe nj\u00eb grup student\u00ebsh t\u00eb Fakultetit t\u00eb<\/span><br \/>\n<span style=\"color: #000000;\">Mjek\u00ebsis\u00eb t\u00eb Universitetit t\u00eb Mjek\u00ebsis\u00eb Tiran\u00eb<\/span><br \/>\n<span style=\"color: #000000;\">tyre, por ato jan\u00eb drejtp\u00ebrdrejt t\u00eb zbatueshme ndaj k\u00ebrkuesit, si student\u00eb t\u00eb Fakultetit t\u00eb Mjek\u00ebsis\u00eb<\/span><br \/>\n<span style=\"color: #000000;\">n\u00eb UMT, q\u00eb prej momentit q\u00eb fillon viti akademik, ku ata vihen p\u00ebrball\u00eb zgjedhjes p\u00ebr<\/span><br \/>\n<span style=\"color: #000000;\">n\u00ebnshkrimin e marr\u00ebveshjes, n\u00eb m\u00ebnyr\u00eb q\u00eb t\u00eb p\u00ebrfitojn\u00eb trajtim t\u00eb ve\u00e7ant\u00eb, ose t\u00eb pages\u00ebs s\u00eb<\/span><br \/>\n<span style=\"color: #000000;\">vler\u00ebs s\u00eb plot\u00eb t\u00eb kostos s\u00eb studimeve. K\u00ebto dispozita jan\u00eb drejtp\u00ebrdrejt t\u00eb zbatueshme nga<\/span><br \/>\n<span style=\"color: #000000;\">k\u00ebrkuesi, grupi i student\u00ebve, duke sjell\u00eb pasojat e kund\u00ebrshtuara kushtetutshm\u00ebrisht. N\u00eb k\u00ebto<\/span><br \/>\n<span style=\"color: #000000;\">kushte, n\u00eb lidhje me dispozitat ligjore objekt t\u00eb k\u00ebtij gjykimi, k\u00ebrkuesi nuk ka mjete t\u00eb tjera n\u00eb<\/span><br \/>\n<span style=\"color: #000000;\">dispozicion p\u00ebr t\u00eb shteruar p\u00ebrve\u00e7 v\u00ebnies n\u00eb l\u00ebvizje t\u00eb kontrollit t\u00eb pajtueshm\u00ebris\u00eb s\u00eb tyre me<\/span><br \/>\n<span style=\"color: #000000;\">Kushtetut\u00ebn, pra paraqitjes s\u00eb ankimit kushtetues individual p\u00ebr rivendosjen e t\u00eb drejtave<\/span><br \/>\n<span style=\"color: #000000;\">kushtetuese t\u00eb pretenduara t\u00eb cenuara.<\/span><br \/>\n<span style=\"color: #000000;\">B.2. P\u00ebr legjitimimin ratione temporis<\/span><br \/>\n<span style=\"color: #000000;\">B.2.1. P\u00ebr legjitimimin ratione temporis t\u00eb k\u00ebrkuesit, nj\u00eb grup deputet\u00ebsh<\/span><br \/>\n<span style=\"color: #000000;\">32. Sipas nenit 50, pika 1, t\u00eb ligjit nr. 8577\/2000, afati p\u00ebr paraqitjen e k\u00ebrkes\u00ebs p\u00ebr<\/span><br \/>\n<span style=\"color: #000000;\">kontrollin e pajtueshm\u00ebris\u00eb s\u00eb ligjit ose t\u00eb akteve t\u00eb tjera normative me Kushtetut\u00ebn \u00ebsht\u00eb 2 vjet<\/span><br \/>\n<span style=\"color: #000000;\">nga hyrja n\u00eb fuqi e aktit. Ligji nr. 60\/2023 \u00ebsht\u00eb botuar n\u00eb Fletoren Zyrtare nr. 123, dat\u00eb<\/span><br \/>\n<span style=\"color: #000000;\">16.08.2023 dhe ka hyr\u00eb n\u00eb fuqi 15 dit\u00eb pas botimit t\u00eb tij, p\u00ebrkat\u00ebsisht n\u00eb dat\u00ebn 31.08.2023, kurse<\/span><br \/>\n<span style=\"color: #000000;\">k\u00ebrkesa \u00ebsht\u00eb paraqitur n\u00eb Gjykat\u00eb dorazi n\u00eb dat\u00ebn 19.10.2023, pra brenda afatit ligjor.<\/span><br \/>\n<span style=\"color: #000000;\">B.2.2. P\u00ebr legjitimimin ratione temporis t\u00eb k\u00ebrkuesit, nj\u00eb grup student\u00ebsh<\/span><br \/>\n<span style=\"color: #000000;\">33. Sipas k\u00ebrkuesit cenimi i t\u00eb drejtave kushtetuese t\u00eb student\u00ebve \u00ebsht\u00eb materializuar n\u00eb<\/span><br \/>\n<span style=\"color: #000000;\">momentin e hyrjes n\u00eb fuqi t\u00eb ligjit nr. 60\/2023, pra n\u00eb dat\u00ebn 31.08.2023, ose sipas nj\u00eb<\/span><br \/>\n<span style=\"color: #000000;\">interpretimi m\u00eb t\u00eb gjer\u00eb n\u00eb v\u00ebshtrim t\u00eb nenit 4 t\u00eb ligjit, me fillimin e vitit akademik 2023-2024,<\/span><br \/>\n<span style=\"color: #000000;\">pra n\u00eb dat\u00ebn 02.10.2023.<\/span><br \/>\n<span style=\"color: #000000;\">34. Lidhur me afatin ligjor t\u00eb paraqitjes s\u00eb ankimit kushtetues individual, bazuar n\u00eb<\/span><br \/>\n<span style=\"color: #000000;\">nenin 50, pika 4, t\u00eb ligjit nr. 8577\/2000, ai duhet t\u00eb paraqitet brenda 4 muajve nga konstatimi i<\/span><br \/>\n<span style=\"color: #000000;\">cenimit. Gjykata ka vler\u00ebsuar se n\u00eb rastin e k\u00ebtij lloj ankimi konstatimi i cenimit si rregull nuk<\/span><br \/>\n<span style=\"color: #000000;\">p\u00ebrkon me \u00e7astin e hyrjes n\u00eb fuqi t\u00eb ligjit ose aktit normativ. N\u00eb k\u00ebto raste afati ligjor llogaritet<\/span><br \/>\n<span style=\"color: #000000;\">nga \u00e7asti kur akti fillon t\u00eb prodhoj\u00eb efekte p\u00ebr k\u00ebrkuesin ose, th\u00ebn\u00eb ndryshe, kur ndaj tij zbatohet<\/span><br \/>\n<span style=\"color: #000000;\">ligji ose akti normativ (shih vendimin nr. 31, dat\u00eb 04.10.2021 t\u00eb Gjykat\u00ebs Kushtetuese).<\/span><br \/>\n<span style=\"color: #000000;\">35. Gjykata v\u00ebren se ligji nr. 60\/2023 \u00ebsht\u00eb botuar n\u00eb Fletoren Zyrtare nr. 123, dat\u00eb<\/span><br \/>\n<span style=\"color: #000000;\">16.08.2023 dhe ka hyr\u00eb n\u00eb fuqi n\u00eb dat\u00ebn 31.08.2023, pra p\u00ebrpara fillimit t\u00eb vitit akademik 2023-<\/span><br \/>\n<span style=\"color: #000000;\">2024, q\u00eb sipas urdhrit t\u00eb ministrit t\u00eb Arsimit dhe Sportit \u00ebsht\u00eb data 02.10.2023, dhe pas testimit t\u00eb<\/span><br \/>\n<span style=\"color: #000000;\">detyruar t\u00eb pranimit p\u00ebr student\u00ebt e vitit t\u00eb par\u00eb, i cili, referuar akteve t\u00eb k\u00ebtij gjykimi, \u00ebsht\u00eb<\/span><br \/>\n<span style=\"color: #000000;\">Vendim i Gjykat\u00ebs Kushtetuese<\/span><br \/>\n<span style=\"color: #000000;\">K\u00ebrkues: Nj\u00eb grup deputet\u00ebsh t\u00eb Kuvendit (jo m\u00eb pak se 1\/5 e deputet\u00ebve) dhe nj\u00eb grup student\u00ebsh t\u00eb Fakultetit t\u00eb<\/span><br \/>\n<span style=\"color: #000000;\">Mjek\u00ebsis\u00eb t\u00eb Universitetit t\u00eb Mjek\u00ebsis\u00eb Tiran\u00eb<\/span><br \/>\n<span style=\"color: #000000;\">zhvilluar n\u00eb periudh\u00ebn 14-23.08.2023. P\u00ebr rrjedhoj\u00eb, edhe pse student\u00ebt q\u00eb preken nga ky ligj<\/span><br \/>\n<span style=\"color: #000000;\">kategorizohen n\u00eb dy grupime: student\u00ebt n\u00eb vitin e par\u00eb t\u00eb studimeve dhe; student\u00ebt e nd\u00ebrmjet\u00ebm,<\/span><br \/>\n<span style=\"color: #000000;\">ligji i kund\u00ebrshtuar ka filluar t\u00eb sjell\u00eb efekte p\u00ebr t\u00eb gjith\u00eb me fillimin e vitit akademik 2023-2024,<\/span><br \/>\n<span style=\"color: #000000;\">q\u00eb p\u00ebrkon me momentin kur, si\u00e7 \u00ebsht\u00eb shprehur Gjykata n\u00eb analiz\u00ebn e legjitimimit ratione<\/span><br \/>\n<span style=\"color: #000000;\">personae, jan\u00eb v\u00ebn\u00eb p\u00ebrball\u00eb zgjedhjes mes n\u00ebnshkrimit t\u00eb marr\u00ebveshjes dhe p\u00ebrfitimit t\u00eb<\/span><br \/>\n<span style=\"color: #000000;\">trajtimit t\u00eb ve\u00e7ant\u00eb ose pages\u00ebs s\u00eb vler\u00ebs s\u00eb plot\u00eb t\u00eb kostos s\u00eb studimeve. Duke vler\u00ebsuar k\u00ebt\u00eb si<\/span><br \/>\n<span style=\"color: #000000;\">momentin nga i cili ka filluar t\u00eb ec\u00eb afati 4-mujor p\u00ebr paraqitjen e ankimit kushtetues individual,<\/span><br \/>\n<span style=\"color: #000000;\">Gjykata vler\u00ebson se \u00ebsht\u00eb p\u00ebrmbushur edhe kriteri i legjitimimit ratione temporis.<\/span><br \/>\n<span style=\"color: #000000;\">B.3. P\u00ebr legjitimimin ratione materiae<\/span><br \/>\n<span style=\"color: #000000;\">36. Gjykata v\u00ebren se k\u00ebrkuesit kan\u00eb pretenduar cenimin e disa parimeve dhe t\u00eb drejtave<\/span><br \/>\n<span style=\"color: #000000;\">kushtetuese, m\u00eb konkretisht t\u00eb parimit t\u00eb siguris\u00eb juridike, t\u00eb garantuar n\u00eb nenin 4 t\u00eb Kushtetut\u00ebs,<\/span><br \/>\n<span style=\"color: #000000;\">s\u00eb drejt\u00ebs p\u00ebr pun\u00eb dhe s\u00eb drejt\u00ebs p\u00ebr arsimim, t\u00eb garantuara nga nenet 49 dhe 57 t\u00eb Kushtetut\u00ebs,<\/span><br \/>\n<span style=\"color: #000000;\">n\u00eb kund\u00ebrshtim me kriteret e kufizimit t\u00eb parashikuara n\u00eb nenin 17 t\u00eb Kushtetut\u00ebs, s\u00eb drejt\u00ebs p\u00ebr<\/span><br \/>\n<span style=\"color: #000000;\">t\u00eb mos iu n\u00ebnshtruar pun\u00ebs s\u00eb detyruar, t\u00eb garantuar nga neni 26 i Kushtetut\u00ebs, si edhe parimit t\u00eb<\/span><br \/>\n<span style=\"color: #000000;\">barazis\u00eb p\u00ebrpara ligjit dhe mosdiskriminimit, t\u00eb garantuar nga neni 18 i Kushtetut\u00ebs.<\/span><br \/>\n<span style=\"color: #000000;\">37. Gjykata v\u00ebren se pretendimin p\u00ebr cenimin e parimit t\u00eb barazis\u00eb p\u00ebrpara ligjit dhe t\u00eb<\/span><br \/>\n<span style=\"color: #000000;\">mosdiskriminimit, t\u00eb garantuar n\u00eb nenin 18 t\u00eb Kushtetut\u00ebs, k\u00ebrkuesi e ka bazuar n\u00eb dallimet, p\u00ebr<\/span><br \/>\n<span style=\"color: #000000;\">shkak t\u00eb gjendjes ekonomike, q\u00eb, sipas tij, krijohen midis kategorive t\u00eb ndryshme t\u00eb student\u00ebve:<\/span><br \/>\n<span style=\"color: #000000;\">(i) midis student\u00ebve q\u00eb ndjekin studimet n\u00eb Fakultetin e Mjek\u00ebsis\u00eb n\u00eb UMT, e lidhur kjo me<\/span><br \/>\n<span style=\"color: #000000;\">pages\u00ebn e vler\u00ebs s\u00eb plot\u00eb t\u00eb kostos s\u00eb studimeve n\u00eb rast t\u00eb mosn\u00ebnshkrimit t\u00eb marr\u00ebveshjes s\u00eb<\/span><br \/>\n<span style=\"color: #000000;\">p\u00ebrcaktuar n\u00eb nenin 4 t\u00eb ligjit nr. 60\/2023 me student\u00ebt q\u00eb n\u00ebnshkruajn\u00eb marr\u00ebveshjen, si edhe<\/span><br \/>\n<span style=\"color: #000000;\">(ii) midis student\u00ebve q\u00eb ndjekin studimet n\u00eb Fakultetin e Mjek\u00ebsis\u00eb n\u00eb UMT dhe student\u00ebve q\u00eb<\/span><br \/>\n<span style=\"color: #000000;\">ndjekin studimet n\u00eb institucionet jopublike t\u00eb arsimit t\u00eb lart\u00eb, p\u00ebr shkak se mbi k\u00ebta t\u00eb fundit nuk<\/span><br \/>\n<span style=\"color: #000000;\">r\u00ebndon detyrimi p\u00ebr n\u00ebnshkrimin e marr\u00ebveshjes. Edhe pse k\u00ebrkuesi ka pretenduar se ky parim<\/span><br \/>\n<span style=\"color: #000000;\">cenohet nga dispozitat ligjore objekt k\u00ebrkese, n\u00eb thelb ai e ka lidhur pretendimin me vler\u00ebn e<\/span><br \/>\n<span style=\"color: #000000;\">kostos financiare t\u00eb studimeve q\u00eb duhet t\u00eb p\u00ebrballojn\u00eb student\u00ebt q\u00eb nuk pranojn\u00eb t\u00eb n\u00ebnshkruajn\u00eb<\/span><br \/>\n<span style=\"color: #000000;\">marr\u00ebveshjen me institucionet sh\u00ebndet\u00ebsore publike. Gjykata v\u00ebren se metodologjia p\u00ebr<\/span><br \/>\n<span style=\"color: #000000;\">p\u00ebrcaktimin e kostove t\u00eb studimeve dhe vlera e saj nuk p\u00ebrcaktohen nga ligji nr. 60\/2023, por<\/span><br \/>\n<span style=\"color: #000000;\">jan\u00eb miratuar me akte n\u00ebnligjore t\u00eb organeve t\u00eb UMT-s\u00eb, q\u00eb kan\u00eb dal\u00eb n\u00eb zbatim t\u00eb k\u00ebtij ligji, por<\/span><br \/>\n<span style=\"color: #000000;\">q\u00eb nuk jan\u00eb objekt i k\u00ebtij gjykimi kushtetues dhe p\u00ebr m\u00eb tep\u00ebr mund t\u00eb jen\u00eb objekt i kontrollit t\u00eb<\/span><br \/>\n<span style=\"color: #000000;\">juridiksionit t\u00eb zakonsh\u00ebm gjyq\u00ebsor. P\u00ebr rrjedhoj\u00eb, pretendimi p\u00ebr cenimin e nenit 18 t\u00eb<\/span><br \/>\n<span style=\"color: #000000;\">Kushtetut\u00ebs nuk mund t\u00eb merret n\u00eb shqyrtim n\u00eb k\u00ebt\u00eb gjykim kushtetues.<\/span><br \/>\n<span style=\"color: #000000;\">Vendim i Gjykat\u00ebs Kushtetuese<\/span><br \/>\n<span style=\"color: #000000;\">K\u00ebrkues: Nj\u00eb grup deputet\u00ebsh t\u00eb Kuvendit (jo m\u00eb pak se 1\/5 e deputet\u00ebve) dhe nj\u00eb grup student\u00ebsh t\u00eb Fakultetit t\u00eb<\/span><br \/>\n<span style=\"color: #000000;\">Mjek\u00ebsis\u00eb t\u00eb Universitetit t\u00eb Mjek\u00ebsis\u00eb Tiran\u00eb<\/span><br \/>\n<span style=\"color: #000000;\">38. Referuar p\u00ebrmbajtjes s\u00eb pretendimeve t\u00eb tjera t\u00eb parashtruara n\u00eb k\u00ebrkes\u00eb, Gjykata<\/span><br \/>\n<span style=\"color: #000000;\">v\u00ebren se ato q\u00eb lidhen me t\u00eb drejt\u00ebn p\u00ebr arsimim, sipas nenit 57 t\u00eb Kushtetut\u00ebs, jan\u00eb mb\u00ebshtetur<\/span><br \/>\n<span style=\"color: #000000;\">n\u00eb cenimin e t\u00eb drejtave t\u00eb fituara dhe pritshm\u00ebrive t\u00eb ligjshme t\u00eb student\u00ebve p\u00ebr shkak t\u00eb<\/span><br \/>\n<span style=\"color: #000000;\">ndryshimit t\u00eb korniz\u00ebs ligjore q\u00eb ka qen\u00eb n\u00eb fuqi n\u00eb koh\u00ebn kur ata kan\u00eb filluar studimet n\u00eb<\/span><br \/>\n<span style=\"color: #000000;\">Fakultetin e Mjek\u00ebsis\u00eb (ligji nr. 80\/2015 \u201cP\u00ebr arsimin e lart\u00eb dhe k\u00ebrkimin shkencor n\u00eb<\/span><br \/>\n<span style=\"color: #000000;\">institucionet e arsimit t\u00eb lart\u00eb n\u00eb Republik\u00ebn e Shqip\u00ebris\u00eb\u201d, i ndryshuar (ligji nr. 80\/2015)) p\u00ebr<\/span><br \/>\n<span style=\"color: #000000;\">student\u00ebt e nd\u00ebrmjet\u00ebm, dhe kur kan\u00eb vendosur t\u00eb konkurrojn\u00eb p\u00ebr t`u b\u00ebr\u00eb pjes\u00eb e atij fakulteti,<\/span><br \/>\n<span style=\"color: #000000;\">p\u00ebr student\u00ebt e vitit t\u00eb par\u00eb. P\u00ebr rrjedhoj\u00eb, k\u00ebto pretendime do t\u00eb analizohen n\u00eb vijim n\u00eb drejtim t\u00eb<\/span><br \/>\n<span style=\"color: #000000;\">parimit t\u00eb siguris\u00eb juridike. Kurse pretendimet q\u00eb kan\u00eb t\u00eb b\u00ebjn\u00eb me cenimin e s\u00eb drejt\u00ebs p\u00ebr t\u00eb<\/span><br \/>\n<span style=\"color: #000000;\">fituar mjetet e jetes\u00ebs me pun\u00eb t\u00eb ligjshme t\u00eb zgjedhur ose t\u00eb pranuar vet\u00eb dhe asaj p\u00ebr t\u00eb mos iu<\/span><br \/>\n<span style=\"color: #000000;\">n\u00ebnshtruar pun\u00ebs s\u00eb detyruar, p\u00ebr shkak t\u00eb m\u00ebnyr\u00ebs se si jan\u00eb parashtruar ato, do t\u00eb shqyrtohen n\u00eb<\/span><br \/>\n<span style=\"color: #000000;\">vijim n\u00eb kuptim t\u00eb p\u00ebrmbajtjes s\u00eb nenit 49, pika 1, t\u00eb Kushtetut\u00ebs.<\/span><br \/>\n<span style=\"color: #000000;\">C. P\u00ebr themelin e pretendimeve<\/span><br \/>\n<span style=\"color: #000000;\">C.1. P\u00ebr cenimin e parimit t\u00eb siguris\u00eb juridike<\/span><br \/>\n<span style=\"color: #000000;\">39. Sipas k\u00ebrkuesve, student\u00ebt q\u00eb ndjekin programin e integruar t\u00eb ciklit t\u00eb dyt\u00eb n\u00eb<\/span><br \/>\n<span style=\"color: #000000;\">Fakultetin e Mjek\u00ebsis\u00eb n\u00eb UMT cenohen si pasoj\u00eb e detyrimeve t\u00eb parashikuara n\u00eb dispozitat e<\/span><br \/>\n<span style=\"color: #000000;\">kund\u00ebrshtuara t\u00eb ligjit nr. 60\/2023, pasi me n\u00ebnshkrimin e marr\u00ebveshjes k\u00ebrkohet kalimi<\/span><br \/>\n<span style=\"color: #000000;\">zyrtarisht i diplom\u00ebs p\u00ebrkat\u00ebse nga institucioni publik i arsimit t\u00eb lart\u00eb n\u00eb institucionin<\/span><br \/>\n<span style=\"color: #000000;\">sh\u00ebndet\u00ebsor ku student\u00ebt e diplomuar pun\u00ebsohen deri n\u00eb shlyerjen e detyrimeve p\u00ebr pun\u00ebsim<\/span><br \/>\n<span style=\"color: #000000;\">sipas afateve p\u00ebrkat\u00ebse. Ata student\u00eb q\u00eb nuk pranojn\u00eb t\u00eb lidhin marr\u00ebveshjen kan\u00eb detyrimin t\u00eb<\/span><br \/>\n<span style=\"color: #000000;\">paguajn\u00eb koston e plot\u00eb t\u00eb studimeve. Sipas k\u00ebrkuesve, dispozitat e kund\u00ebrshtuara kan\u00eb sjell\u00eb nj\u00eb<\/span><br \/>\n<span style=\"color: #000000;\">p\u00ebrkeq\u00ebsim serioz t\u00eb situat\u00ebs ligjore t\u00eb student\u00ebve q\u00eb d\u00ebshirojn\u00eb t\u00eb ruajn\u00eb status quo-n\u00eb, sidomos<\/span><br \/>\n<span style=\"color: #000000;\">t\u00eb atyre q\u00eb ndjekin vitet e nd\u00ebrmjetme, t\u00eb cil\u00ebt i kan\u00eb b\u00ebr\u00eb p\u00ebrllogaritjet mbi baz\u00ebn e kostos s\u00eb<\/span><br \/>\n<span style=\"color: #000000;\">plot\u00eb t\u00eb studimeve, si dhe mund\u00ebsive t\u00eb tyre ekonomike p\u00ebr t\u00eb p\u00ebrballuar pages\u00ebn e tarif\u00ebs<\/span><br \/>\n<span style=\"color: #000000;\">p\u00ebrkat\u00ebse \u00e7do vit, para se t\u00eb fillonin studimet. Sipas tyre, p\u00ebrkeq\u00ebsimi i situat\u00ebs ekonomike e<\/span><br \/>\n<span style=\"color: #000000;\">juridike t\u00eb student\u00ebve q\u00eb nuk d\u00ebshirojn\u00eb t\u00eb lidhin marr\u00ebveshje nuk i sh\u00ebrben interesit publik dhe<\/span><br \/>\n<span style=\"color: #000000;\">as kufizimi i t\u00ebrheqjes s\u00eb diplom\u00ebs.<\/span><br \/>\n<span style=\"color: #000000;\">40. Subjekti i interesuar, Kuvendi, ka prap\u00ebsuar se q\u00ebllimi i ligjv\u00ebn\u00ebsit ka qen\u00eb sigurimi<\/span><br \/>\n<span style=\"color: #000000;\">i nj\u00eb raporti t\u00eb drejt\u00eb midis kufizimit t\u00eb vendosur dhe interesit publik dhe alternativat e ligjit kan\u00eb<\/span><br \/>\n<span style=\"color: #000000;\">t\u00eb b\u00ebjn\u00eb me t\u00eb drejt\u00ebn e vet\u00eb studentit p\u00ebr t\u00eb zgjedhur n\u00ebse d\u00ebshiron t\u00eb p\u00ebrfitoj\u00eb leht\u00ebsit\u00eb q\u00eb<\/span><br \/>\n<span style=\"color: #000000;\">krijohen me n\u00ebnshkrimin e marr\u00ebveshjes. Sipas tij, duke qen\u00eb kjo nj\u00eb mas\u00eb proporcionale, vet\u00eb e<\/span><br \/>\n<span style=\"color: #000000;\">drejta p\u00ebr arsimim dhe pun\u00eb nuk cenohet, pasi shteti garanton arsimin e student\u00ebve n\u00eb fush\u00ebn e<\/span><br \/>\n<span style=\"color: #000000;\">Vendim i Gjykat\u00ebs Kushtetuese<\/span><br \/>\n<span style=\"color: #000000;\">K\u00ebrkues: Nj\u00eb grup deputet\u00ebsh t\u00eb Kuvendit (jo m\u00eb pak se 1\/5 e deputet\u00ebve) dhe nj\u00eb grup student\u00ebsh t\u00eb Fakultetit t\u00eb<\/span><br \/>\n<span style=\"color: #000000;\">Mjek\u00ebsis\u00eb t\u00eb Universitetit t\u00eb Mjek\u00ebsis\u00eb Tiran\u00eb<\/span><br \/>\n<span style=\"color: #000000;\">mjek\u00ebsis\u00eb sipas parashikimeve ligjore, duke mbuluar edhe nj\u00eb pjes\u00eb t\u00eb kostove p\u00ebrkat\u00ebse. N\u00eb<\/span><br \/>\n<span style=\"color: #000000;\">vler\u00ebsimin e k\u00ebtij subjekti e drejta e fituar nga student\u00ebt e nd\u00ebrmjet\u00ebm, q\u00eb ndjekin programin e<\/span><br \/>\n<span style=\"color: #000000;\">integruar t\u00eb ciklit t\u00eb dyt\u00eb n\u00eb Fakultetin e Mjek\u00ebsis\u00eb n\u00eb UMT nuk cenohet, pasi ndryshimet ligjore<\/span><br \/>\n<span style=\"color: #000000;\">zbatohen p\u00ebr t\u00eb ardhmen, duke mos cenuar t\u00eb drejtat e fituara me nisjen e vitit akademik p\u00ebr<\/span><br \/>\n<span style=\"color: #000000;\">secil\u00ebn kategori q\u00eb preket prej tyre.<\/span><br \/>\n<span style=\"color: #000000;\">41. Subjekti i interesuar, K\u00ebshilli i Ministrave, ka prap\u00ebsuar se \u00e7do student ka t\u00eb drejt\u00ebn e<\/span><br \/>\n<span style=\"color: #000000;\">zgjedhjes n\u00ebse d\u00ebshiron t\u00eb p\u00ebrfitoj\u00eb nga leht\u00ebsit\u00eb q\u00eb krijohen me n\u00ebnshkrimin e marr\u00ebveshjes apo<\/span><br \/>\n<span style=\"color: #000000;\">n\u00eb t\u00eb kund\u00ebrt t\u2019u p\u00ebrgjigjet detyrimeve q\u00eb lindin p\u00ebr pages\u00ebn e tarifave t\u00eb studimit. Sipas tij, nuk<\/span><br \/>\n<span style=\"color: #000000;\">ka cenim t\u00eb s\u00eb drejt\u00ebs s\u00eb fituar nga student\u00ebt e nd\u00ebrmjet\u00ebm q\u00eb ndjekin studimet n\u00eb k\u00ebt\u00eb program<\/span><br \/>\n<span style=\"color: #000000;\">studimi, pasi parashikimet ligjore nuk kan\u00eb efekte prapavepruese, nd\u00ebrkoh\u00eb q\u00eb ato synojn\u00eb<\/span><br \/>\n<span style=\"color: #000000;\">pun\u00ebsimin sa m\u00eb t\u00eb shpejt\u00eb t\u00eb student\u00ebve t\u00eb Fakultetit t\u00eb Mjek\u00ebsis\u00eb. Sipas k\u00ebtij subjekti, n\u00eb rast t\u00eb<\/span><br \/>\n<span style=\"color: #000000;\">mosrespektimit t\u00eb k\u00ebtij detyrimi brenda nj\u00eb viti nga momenti i lindjes s\u00eb t\u00eb drejt\u00ebs p\u00ebr pun\u00ebsim,<\/span><br \/>\n<span style=\"color: #000000;\">ai konsiderohet i p\u00ebrmbushur dhe studentit t\u00eb diplomuar, edhe pse nuk pajiset me diplom\u00ebn dhe<\/span><br \/>\n<span style=\"color: #000000;\">suplementin e saj, me p\u00ebrfundimin e procedurave i lind e drejta p\u00ebr pun\u00ebsim n\u00eb sistemin<\/span><br \/>\n<span style=\"color: #000000;\">sh\u00ebndet\u00ebsor shqiptar.<\/span><br \/>\n<span style=\"color: #000000;\">42. Sipas nenit 57, pika 1, t\u00eb Kushtetut\u00ebs kushdo ka t\u00eb drejt\u00ebn p\u00ebr arsimim, kurse sipas<\/span><br \/>\n<span style=\"color: #000000;\">pik\u00ebs 4 t\u00eb tij arsimi i lart\u00eb mund t\u00eb kusht\u00ebzohet vet\u00ebm nga kritere aft\u00ebsie. Edhe sipas nenit 2, pika<\/span><br \/>\n<span style=\"color: #000000;\">1, t\u00eb Protokollit Shtes\u00eb t\u00eb KEDNJ-s\u00eb, askujt nuk mund t\u2019i mohohet e drejta p\u00ebr arsimim (neni 2,<\/span><br \/>\n<span style=\"color: #000000;\">pika 1). N\u00eb k\u00ebt\u00eb drejtim, GJEDNJ-ja ka theksuar se kjo e drejt\u00eb, p\u00ebr vet\u00eb natyr\u00ebn e saj, k\u00ebrkon<\/span><br \/>\n<span style=\"color: #000000;\">rregullim nga shteti, rregullim i cili mund t\u00eb ndryshoj\u00eb n\u00eb koh\u00eb dhe vend, n\u00eb var\u00ebsi t\u00eb nevojave t\u00eb<\/span><br \/>\n<span style=\"color: #000000;\">komunitetit dhe t\u00eb individ\u00ebve. \u00cbsht\u00eb e vet\u00ebkuptueshme se nj\u00eb rregullim i till\u00eb nuk duhet t\u00eb cenoj\u00eb<\/span><br \/>\n<span style=\"color: #000000;\">kurr\u00eb thelbin e s\u00eb drejt\u00ebs p\u00ebr arsimim dhe as t\u00eb bjer\u00eb ndesh me t\u00eb drejtat e tjera t\u00eb parashikuara n\u00eb<\/span><br \/>\n<span style=\"color: #000000;\">Konvent\u00eb (shih \u201cN\u00eb lidhje me disa aspekte t\u00eb ligjeve p\u00ebr p\u00ebrdorimin e gjuh\u00ebve n\u00eb arsim n\u00eb<\/span><br \/>\n<span style=\"color: #000000;\">Belgjik\u00eb\u201d kund\u00ebr Belgjik\u00ebs nr. 1474\/62; 1677\/62; 1691\/62; 1769\/63; 1994\/63; 2126\/64, dat\u00eb<\/span><br \/>\n<span style=\"color: #000000;\">23.07.1968, \u00a7 5 (pjesa \u201cLigji\u201d); Leyla \u015eahin kund\u00ebr Turqis\u00eb (DhM), dat\u00eb 10.11.2005, \u00a7 154).<\/span><br \/>\n<span style=\"color: #000000;\">43. P\u00ebr sa m\u00eb sip\u00ebr, Gjykata vler\u00ebson se e drejta p\u00ebr arsimim \u00ebsht\u00eb nj\u00eb e drejt\u00eb q\u00eb<\/span><br \/>\n<span style=\"color: #000000;\">orientohet nga shteti drejt krijimit, zhvillimit, p\u00ebrcjelljes dhe mbrojtjes s\u00eb dijeve p\u00ebrmes<\/span><br \/>\n<span style=\"color: #000000;\">m\u00ebsimdh\u00ebnies dhe k\u00ebrkimit shkencor, duke kontribuar n\u00eb rritjen e standardeve t\u00eb demokracis\u00eb n\u00eb<\/span><br \/>\n<span style=\"color: #000000;\">vend, si dhe zhvillimin ekonomik, social dhe kulturor etj. Kufijt\u00eb ligjor\u00eb t\u00eb rregullimit t\u00eb k\u00ebsaj t\u00eb<\/span><br \/>\n<span style=\"color: #000000;\">drejte mund t\u00eb p\u00ebrcaktohen, rast pas rasti, edhe n\u00eb var\u00ebsi t\u00eb nevojave dhe interesave t\u00eb<\/span><br \/>\n<span style=\"color: #000000;\">p\u00ebrgjithsh\u00ebm publik\u00eb, por duke ruajtur balanc\u00ebn q\u00eb nd\u00ebrhyrja n\u00eb k\u00ebt\u00eb t\u00eb drejt\u00eb t\u00eb jet\u00eb n\u00eb at\u00eb mas\u00eb<\/span><br \/>\n<span style=\"color: #000000;\">sa q\u00eb t\u00eb mos ul\u00eb n\u00eb m\u00ebnyr\u00eb t\u00eb ndjeshme dhe thelb\u00ebsore ushtrimin e saj.<\/span><br \/>\n<span style=\"color: #000000;\">Vendim i Gjykat\u00ebs Kushtetuese<\/span><br \/>\n<span style=\"color: #000000;\">K\u00ebrkues: Nj\u00eb grup deputet\u00ebsh t\u00eb Kuvendit (jo m\u00eb pak se 1\/5 e deputet\u00ebve) dhe nj\u00eb grup student\u00ebsh t\u00eb Fakultetit t\u00eb<\/span><br \/>\n<span style=\"color: #000000;\">Mjek\u00ebsis\u00eb t\u00eb Universitetit t\u00eb Mjek\u00ebsis\u00eb Tiran\u00eb<\/span><br \/>\n<span style=\"color: #000000;\">44. P\u00ebr sa i p\u00ebrket parimit t\u00eb siguris\u00eb juridike, Gjykata ka theksuar se ky parim ashtu si<\/span><br \/>\n<span style=\"color: #000000;\">edhe mbrojtja e t\u00eb drejtave t\u00eb fituara, si dhe e pritshm\u00ebrive t\u00eb ligjshme p\u00ebrb\u00ebjn\u00eb elemente t\u00eb<\/span><br \/>\n<span style=\"color: #000000;\">parimit t\u00eb shtetit t\u00eb s\u00eb drejt\u00ebs, t\u00eb sanksionuar n\u00eb nenin 4 t\u00eb Kushtetut\u00ebs. Parimi i siguris\u00eb juridike,<\/span><br \/>\n<span style=\"color: #000000;\">p\u00ebrfshin, krahas qart\u00ebsis\u00eb, kuptueshm\u00ebris\u00eb dhe q\u00ebndrueshm\u00ebris\u00eb s\u00eb sistemit normativ edhe<\/span><br \/>\n<span style=\"color: #000000;\">besueshm\u00ebrin\u00eb e qytetar\u00ebve te shteti dhe pandryshueshm\u00ebrin\u00eb e ligjit p\u00ebr marr\u00ebdh\u00ebniet e<\/span><br \/>\n<span style=\"color: #000000;\">rregulluara. Besueshm\u00ebria ka t\u00eb b\u00ebj\u00eb me bindjen e individit se nuk duhet t\u00eb shqet\u00ebsohet<\/span><br \/>\n<span style=\"color: #000000;\">vazhdimisht ose t\u00eb jetoj\u00eb me frik\u00eb p\u00ebr ndryshueshm\u00ebrin\u00eb dhe pasojat negative t\u00eb akteve juridike,<\/span><br \/>\n<span style=\"color: #000000;\">t\u00eb cilat mund t\u00eb cenojn\u00eb jet\u00ebn e tij private ose profesionale dhe t\u00eb p\u00ebrkeq\u00ebsojn\u00eb nj\u00eb gjendje t\u00eb<\/span><br \/>\n<span style=\"color: #000000;\">vendosur me akte t\u00eb m\u00ebparshme (shih vendimet nr. 1, dat\u00eb 16.01.2017; nr. 15, dat\u00eb 10.03.2016;<\/span><br \/>\n<span style=\"color: #000000;\">nr. 25, dat\u00eb 28.04.2014 t\u00eb Gjykat\u00ebs Kushtetuese). Megjithat\u00eb, parimi i siguris\u00eb juridike nuk<\/span><br \/>\n<span style=\"color: #000000;\">garanton \u00e7do lloj pritshm\u00ebrie p\u00ebr mosndryshim t\u00eb nj\u00eb situate t\u00eb favorshme ligjore dhe ai nuk<\/span><br \/>\n<span style=\"color: #000000;\">mund t\u00eb prevaloj\u00eb n\u00eb \u00e7do rast. Kjo do t\u00eb thot\u00eb se n\u00ebse paraqitet rasti q\u00eb nj\u00eb rregullim ligjor<\/span><br \/>\n<span style=\"color: #000000;\">ndryshe i nj\u00eb marr\u00ebdh\u00ebnieje ndikohet drejtp\u00ebrdrejt nga nj\u00eb interes i r\u00ebnd\u00ebsish\u00ebm publik, me t\u00eb<\/span><br \/>\n<span style=\"color: #000000;\">gjitha elementet e tij thelb\u00ebsore, ky interes mund t\u00eb ket\u00eb p\u00ebrpar\u00ebsi ndaj parimit t\u00eb siguris\u00eb<\/span><br \/>\n<span style=\"color: #000000;\">juridike. N\u00eb k\u00ebt\u00eb pik\u00ebpamje, duhet par\u00eb n\u00eb \u00e7do rast se n\u00eb \u00e7far\u00eb mase dhe deri ku besimi q\u00eb ka<\/span><br \/>\n<span style=\"color: #000000;\">qytetari n\u00eb situat\u00ebn e favorshme ligjore paraqitet i r\u00ebnd\u00ebsish\u00ebm p\u00ebr t\u2019u mbrojtur dhe cilat jan\u00eb<\/span><br \/>\n<span style=\"color: #000000;\">arsyet p\u00ebr nj\u00eb mbrojtje t\u00eb till\u00eb (shih vendimet nr. 1, dat\u00eb 16.01.2017; nr. 37, dat\u00eb 13.06.2012 t\u00eb<\/span><br \/>\n<span style=\"color: #000000;\">Gjykat\u00ebs Kushtetuese).<\/span><br \/>\n<span style=\"color: #000000;\">45. Gjykata v\u00ebren se n\u00eb drejtim t\u00eb s\u00eb drejt\u00ebs kushtetuese p\u00ebr arsimim neni 57, pika 4, i<\/span><br \/>\n<span style=\"color: #000000;\">Kushtetut\u00ebs ka parashikuar se ushtrimi i saj n\u00eb lidhje me arsimin e lart\u00eb kusht\u00ebzohet vet\u00ebm mbi<\/span><br \/>\n<span style=\"color: #000000;\">kritere aft\u00ebsie. Detyrimet e vendosura n\u00eb nivel kushtetues jan\u00eb detajuar nga ligjv\u00ebn\u00ebsi, n\u00eb<\/span><br \/>\n<span style=\"color: #000000;\">p\u00ebrputhje me rezerv\u00ebn ligjore, i cili ka parashikuar rregullat dhe kriteret e pranimit n\u00eb arsimin e<\/span><br \/>\n<span style=\"color: #000000;\">lart\u00eb, me q\u00ebllim materializimin dhe ushtrimin e k\u00ebsaj t\u00eb drejte. N\u00eb k\u00ebt\u00eb drejtim ligji nr. 80\/2015,<\/span><br \/>\n<span style=\"color: #000000;\">q\u00eb ka p\u00ebrcaktuar edhe objektivat kryesor\u00eb t\u00eb arsimit t\u00eb lart\u00eb dhe k\u00ebrkimit shkencor dhe q\u00eb synon<\/span><br \/>\n<span style=\"color: #000000;\">t\u00eb garantoj\u00eb mund\u00ebsi t\u00eb barabarta, mbi baz\u00ebn e merit\u00ebs, p\u00ebr t\u00eb gjith\u00eb individ\u00ebt q\u00eb duan t\u00eb ndjekin<\/span><br \/>\n<span style=\"color: #000000;\">studimet n\u00eb arsimin e lart\u00eb (neni 2), ka p\u00ebrcaktuar edhe se n\u00eb p\u00ebrfundim t\u00eb programit t\u00eb studimit,<\/span><br \/>\n<span style=\"color: #000000;\">sipas nenit 91 t\u00eb tij, studenti pajiset me diplom\u00ebn ose certifikat\u00ebn p\u00ebrkat\u00ebse. Elementet p\u00ebrb\u00ebr\u00ebse,<\/span><br \/>\n<span style=\"color: #000000;\">forma e diplom\u00ebs dhe procedurat p\u00ebr regjistrimin p\u00ebrcaktohen nga ministria p\u00ebrgjegj\u00ebse p\u00ebr<\/span><br \/>\n<span style=\"color: #000000;\">arsimin.<\/span><br \/>\n<span style=\"color: #000000;\">46. P\u00ebr rrjedhoj\u00eb, n\u00eb koh\u00ebn kur kan\u00eb filluar studimet e larta n\u00eb Fakultetin e Mjek\u00ebsis\u00eb, si<\/span><br \/>\n<span style=\"color: #000000;\">edhe kur kan\u00eb konkurruar p\u00ebr k\u00ebt\u00eb q\u00ebllim student\u00ebt q\u00eb jan\u00eb subjekt i ligjit nr. 60\/2023, kriteret e<\/span><br \/>\n<span style=\"color: #000000;\">pranimit dhe rregulli p\u00ebr pajisjen me diplom\u00eb n\u00eb p\u00ebrfundim t\u00eb programit t\u00eb studimeve kan\u00eb qen\u00eb<\/span><br \/>\n<span style=\"color: #000000;\">Vendim i Gjykat\u00ebs Kushtetuese<\/span><br \/>\n<span style=\"color: #000000;\">K\u00ebrkues: Nj\u00eb grup deputet\u00ebsh t\u00eb Kuvendit (jo m\u00eb pak se 1\/5 e deputet\u00ebve) dhe nj\u00eb grup student\u00ebsh t\u00eb Fakultetit t\u00eb<\/span><br \/>\n<span style=\"color: #000000;\">Mjek\u00ebsis\u00eb t\u00eb Universitetit t\u00eb Mjek\u00ebsis\u00eb Tiran\u00eb<\/span><br \/>\n<span style=\"color: #000000;\">t\u00eb p\u00ebrcaktuara nga ligji nr. 80\/2015, me t\u00eb cilat ata jan\u00eb njohur dhe i kan\u00eb pranuar si t\u00eb tilla, ashtu<\/span><br \/>\n<span style=\"color: #000000;\">si edhe tarifat e studimit t\u00eb p\u00ebrcaktuara nga institucioni p\u00ebrkat\u00ebs i arsimit t\u00eb lart\u00eb.<\/span><br \/>\n<span style=\"color: #000000;\">47. Me ligjin nr. 60\/2023 ligjv\u00ebn\u00ebsi ka p\u00ebrcaktuar disa rregulla t\u00eb ve\u00e7anta p\u00ebr trajtimin e<\/span><br \/>\n<span style=\"color: #000000;\">student\u00ebve q\u00eb ndjekin programin e integruar t\u00eb studimit t\u00eb ciklit t\u00eb dyt\u00eb \u201cMjek\u00ebsi e p\u00ebrgjithshme\u201d<\/span><br \/>\n<span style=\"color: #000000;\">n\u00eb institucionet publike t\u00eb arsimit t\u00eb lart\u00eb, duke synuar sigurimin e burimeve njer\u00ebzore p\u00ebr<\/span><br \/>\n<span style=\"color: #000000;\">kryerjen e sh\u00ebrbimeve t\u00eb sh\u00ebndetit publik n\u00eb institucionet sh\u00ebndet\u00ebsore n\u00eb Republik\u00ebn e<\/span><br \/>\n<span style=\"color: #000000;\">Shqip\u00ebris\u00eb (nenet 1 dhe 2). Me k\u00ebt\u00eb ligj \u00ebsht\u00eb parashikuar koncepti i \u201ctrajtimit t\u00eb ve\u00e7ant\u00eb\u201d t\u00eb<\/span><br \/>\n<span style=\"color: #000000;\">student\u00ebve t\u00eb mjek\u00ebsis\u00eb, i cili nuk gjendet n\u00eb ligjin nr. 80\/2015, dhe q\u00eb p\u00ebrfshin pun\u00ebsimin me<\/span><br \/>\n<span style=\"color: #000000;\">prioritet t\u00eb studentit q\u00eb ndjek programin e integruar n\u00eb Fakultetin e Mjek\u00ebsis\u00eb n\u00eb UMT, si dhe<\/span><br \/>\n<span style=\"color: #000000;\">p\u00ebrfitimin nga programet sociale t\u00eb strehimit. Ky trajtim i ve\u00e7ant\u00eb zbatohet si ndaj student\u00ebve q\u00eb<\/span><br \/>\n<span style=\"color: #000000;\">jan\u00eb n\u00eb vazhdim t\u00eb studimeve t\u00eb tyre n\u00eb Fakultetin e Mjek\u00ebsis\u00eb (konkretisht student\u00ebt e vitit t\u00eb<\/span><br \/>\n<span style=\"color: #000000;\">dyt\u00eb deri n\u00eb vitin e kat\u00ebrt dhe ata t\u00eb vitit t\u00eb pest\u00eb ose t\u00eb gjasht\u00eb), ashtu edhe ndaj atyre q\u00eb<\/span><br \/>\n<span style=\"color: #000000;\">pranohen n\u00eb vitin e par\u00eb t\u00eb programit t\u00eb integruar t\u00eb studimit t\u00eb ciklit t\u00eb dyt\u00eb \u201cMjek\u00ebsi e<\/span><br \/>\n<span style=\"color: #000000;\">p\u00ebrgjithshme\u201d n\u00eb institucionet publike t\u00eb arsimit t\u00eb lart\u00eb n\u00ebse n\u00ebnshkruajn\u00eb marr\u00ebveshjen q\u00eb<\/span><br \/>\n<span style=\"color: #000000;\">lidhet mes tyre dhe ministris\u00eb p\u00ebrgjegj\u00ebse p\u00ebr arsimin e p\u00ebr sh\u00ebndet\u00ebsin\u00eb dhe institucionit t\u00eb<\/span><br \/>\n<span style=\"color: #000000;\">arsimit t\u00eb lart\u00eb publik, p\u00ebrmes s\u00eb cil\u00ebs pranojn\u00eb t\u00eb punojn\u00eb n\u00eb profesionin e mjekut pas<\/span><br \/>\n<span style=\"color: #000000;\">p\u00ebrfundimit t\u00eb studimeve p\u00ebr jo m\u00eb pak se, p\u00ebrkat\u00ebsisht, tre, dy dhe pes\u00eb vjet, q\u00eb shoq\u00ebrohet me<\/span><br \/>\n<span style=\"color: #000000;\">kalimin zyrtarisht t\u00eb diplom\u00ebs nga institucioni ku kan\u00eb p\u00ebrfunduar studimet n\u00eb institucionin<\/span><br \/>\n<span style=\"color: #000000;\">sh\u00ebndet\u00ebsor ku pun\u00ebsohen deri n\u00eb \u201cshlyerjen e detyrimeve p\u00ebr pun\u00ebsim\u201d, e cila mund t\u00eb t\u00ebrhiqet<\/span><br \/>\n<span style=\"color: #000000;\">pas p\u00ebrmbushjes s\u00eb k\u00ebtij detyrimi sipas afateve p\u00ebrkat\u00ebse. Sipas nenit 5 t\u00eb ligjit nr. 60\/2023, n\u00eb<\/span><br \/>\n<span style=\"color: #000000;\">rast t\u00eb mosn\u00ebnshkrimit t\u00eb k\u00ebsaj marr\u00ebveshjeje, studenti paguan vler\u00ebn e plot\u00eb t\u00eb kostos s\u00eb<\/span><br \/>\n<span style=\"color: #000000;\">studimeve p\u00ebrkat\u00ebse, sipas mas\u00ebs q\u00eb \u00ebsht\u00eb miratuar me aktet n\u00ebnligjore t\u00eb organeve t\u00eb UMT-s\u00eb, e<\/span><br \/>\n<span style=\"color: #000000;\">cila rezulton t\u00eb jet\u00eb rritur n\u00eb krahasim me tarif\u00ebn q\u00eb ata kan\u00eb paguar p\u00ebrpara hyrjes n\u00eb fuqi t\u00eb<\/span><br \/>\n<span style=\"color: #000000;\">k\u00ebtij ligji.<\/span><br \/>\n<span style=\"color: #000000;\">48. Bazuar n\u00eb sa m\u00eb sip\u00ebr, Gjykata v\u00ebren se, n\u00eb ndryshim nga parashikimet e ligjit nr.<\/span><br \/>\n<span style=\"color: #000000;\">80\/2015, dispozitat e kund\u00ebrshtuara t\u00eb ligjit nr. 60\/2023 kan\u00eb ndryshuar situat\u00ebn ligjore t\u00eb<\/span><br \/>\n<span style=\"color: #000000;\">student\u00ebve t\u00eb mjek\u00ebsis\u00eb n\u00eb drejtim t\u00eb k\u00ebtyre elementeve: (i) vendosja para zgjedhjes p\u00ebr<\/span><br \/>\n<span style=\"color: #000000;\">n\u00ebnshkrimin e nj\u00eb marr\u00ebveshjeje p\u00ebr pun\u00ebsim; (ii) n\u00eb rast t\u00eb n\u00ebnshkrimit t\u00eb marr\u00ebveshjes studenti<\/span><br \/>\n<span style=\"color: #000000;\">nuk pajiset me diplom\u00eb pas p\u00ebrfundimit t\u00eb studimeve, por ajo mbahet nga institucioni<\/span><br \/>\n<span style=\"color: #000000;\">sh\u00ebndet\u00ebsor ku ai pun\u00ebsohet, sipas afatit t\u00eb p\u00ebrcaktuar nga k\u00ebto dispozita dhe l\u00ebshohet vet\u00ebm pas<\/span><br \/>\n<span style=\"color: #000000;\">\u201cshlyerjes s\u00eb detyrimeve p\u00ebr pun\u00ebsim\u201d; (iii) n\u00eb rast t\u00eb mosn\u00ebnshkrimit t\u00eb marr\u00ebveshjes paguhet<\/span><br \/>\n<span style=\"color: #000000;\">kosto e plot\u00eb e studimeve e miratuar me akte n\u00ebnligjore t\u00eb organeve t\u00eb UMT-s\u00eb.<\/span><br \/>\n<span style=\"color: #000000;\">Vendim i Gjykat\u00ebs Kushtetuese<\/span><br \/>\n<span style=\"color: #000000;\">K\u00ebrkues: Nj\u00eb grup deputet\u00ebsh t\u00eb Kuvendit (jo m\u00eb pak se 1\/5 e deputet\u00ebve) dhe nj\u00eb grup student\u00ebsh t\u00eb Fakultetit t\u00eb<\/span><br \/>\n<span style=\"color: #000000;\">Mjek\u00ebsis\u00eb t\u00eb Universitetit t\u00eb Mjek\u00ebsis\u00eb Tiran\u00eb<\/span><br \/>\n<span style=\"color: #000000;\">49. K\u00ebto ndryshime, n\u00eb vler\u00ebsimin e Gjykat\u00ebs, p\u00ebrb\u00ebjn\u00eb nj\u00eb p\u00ebrkeq\u00ebsim t\u00eb situat\u00ebs ligjore<\/span><br \/>\n<span style=\"color: #000000;\">t\u00eb student\u00ebve t\u00eb mjek\u00ebsis\u00eb, si t\u00eb atyre t\u00eb nd\u00ebrmjet\u00ebm, ashtu edhe t\u00eb student\u00ebve q\u00eb hyjn\u00eb rishtazi<\/span><br \/>\n<span style=\"color: #000000;\">n\u00eb Fakultetin e Mjek\u00ebsis\u00eb n\u00eb UMT, t\u00eb cil\u00ebt nuk jan\u00eb njohur me k\u00ebt\u00eb situat\u00eb dhe nuk e kan\u00eb<\/span><br \/>\n<span style=\"color: #000000;\">pranuar at\u00eb n\u00eb momentin q\u00eb kan\u00eb vendosur t\u00eb konkurrojn\u00eb pran\u00eb atij fakulteti. N\u00eb kuptim t\u00eb s\u00eb<\/span><br \/>\n<span style=\"color: #000000;\">drejt\u00ebs p\u00ebr arsimim, si\u00e7 u theksua m\u00eb sip\u00ebr, ligji nr. 80\/2015 ka parashikuar p\u00ebrve\u00e7 kritereve,<\/span><br \/>\n<span style=\"color: #000000;\">procedurave dhe rregullave p\u00ebr zhvillimin e programit m\u00ebsimor, edhe t\u00eb drejt\u00ebn p\u00ebr pajisjen me<\/span><br \/>\n<span style=\"color: #000000;\">diplom\u00eb n\u00eb p\u00ebrfundim t\u00eb k\u00ebtij programi, sipas secilit cik\u00ebl t\u00eb studimeve. Th\u00ebn\u00eb kjo, parashikimet<\/span><br \/>\n<span style=\"color: #000000;\">ligjore t\u00eb kund\u00ebrshtuara q\u00eb parashikojn\u00eb se student\u00ebt, n\u00eb rast t\u00eb n\u00ebnshkrimit t\u00eb marr\u00ebveshjes nuk<\/span><br \/>\n<span style=\"color: #000000;\">kan\u00eb t\u00eb drejt\u00eb t\u00eb pajisen me diplom\u00eb, por kjo e fundit kalohet zyrtarisht nga institucioni i arsimit<\/span><br \/>\n<span style=\"color: #000000;\">t\u00eb lart\u00eb n\u00eb institucionin sh\u00ebndet\u00ebsor ku studenti do t\u00eb pun\u00ebsohet dhe i l\u00ebshohet atij vet\u00ebm me<\/span><br \/>\n<span style=\"color: #000000;\">\u201cshlyerjen e detyrimeve p\u00ebr pun\u00ebsim\u201d, kan\u00eb sjell\u00eb pasoja negative n\u00eb t\u00eb drejtat e fituara t\u00eb tyre,<\/span><br \/>\n<span style=\"color: #000000;\">sipas parashikimeve ligjore t\u00eb miratuara n\u00eb kuptim dhe zbatim t\u00eb s\u00eb drejt\u00ebs p\u00ebr arsimim.<\/span><br \/>\n<span style=\"color: #000000;\">P\u00ebrkeq\u00ebsimi i situat\u00ebs ligjore t\u00eb student\u00ebve, duke parashikuar detyrime dhe rregulla t\u00eb reja, t\u00eb<\/span><br \/>\n<span style=\"color: #000000;\">cilat ata nuk i kan\u00eb njohur dhe as nuk i kan\u00eb pranuar m\u00eb par\u00eb, nuk p\u00ebrputhet me parimin e<\/span><br \/>\n<span style=\"color: #000000;\">siguris\u00eb juridike, p\u00ebr rrjedhoj\u00eb pretendimi i k\u00ebrkuesve n\u00eb k\u00ebt\u00eb drejtim \u00ebsht\u00eb i bazuar.<\/span><br \/>\n<span style=\"color: #000000;\">50. N\u00eb vler\u00ebsimin e Gjykat\u00ebs, k\u00ebto ndryshime ligjore prekin n\u00eb dukje t\u00eb drejt\u00ebn e<\/span><br \/>\n<span style=\"color: #000000;\">parashikuar nga neni 49, pika 1, i Kushtetut\u00ebs, sipas t\u00eb cil\u00ebs secili ka t\u00eb drejt\u00eb t\u00eb fitoj\u00eb mjetet e<\/span><br \/>\n<span style=\"color: #000000;\">jetes\u00ebs me pun\u00eb q\u00eb e ka zgjedhur ose pranuar vet\u00eb, si dhe t\u00eb zgjedh\u00eb vet\u00eb vendin e pun\u00ebs (e drejta<\/span><br \/>\n<span style=\"color: #000000;\">p\u00ebr pun\u00eb). P\u00ebr rrjedhoj\u00eb, n\u00eb vijim ajo do t\u00eb ndalet n\u00eb vler\u00ebsimin n\u00ebse kjo e drejt\u00eb kushtetuese e<\/span><br \/>\n<span style=\"color: #000000;\">student\u00ebve \u00ebsht\u00eb kufizuar dhe n\u00ebse arrin n\u00eb nj\u00eb p\u00ebrgjigje pozitive n\u00eb k\u00ebt\u00eb drejtim, do t\u00eb vler\u00ebsoj\u00eb<\/span><br \/>\n<span style=\"color: #000000;\">n\u00ebse ky kufizim plot\u00ebson kriteret e nenit 17 t\u00eb Kushtetut\u00ebs.<\/span><br \/>\n<span style=\"color: #000000;\">C.2. P\u00ebr cenimin e s\u00eb drejt\u00ebs p\u00ebr pun\u00eb<\/span><br \/>\n<span style=\"color: #000000;\">51. Sipas k\u00ebrkuesve, kjo e drejt\u00eb \u00ebsht\u00eb kufizuar n\u00eb kund\u00ebrshtim me kriteret e nenit 17 t\u00eb<\/span><br \/>\n<span style=\"color: #000000;\">Kushtetut\u00ebs, pasi nuk i p\u00ebrgjigjet as interesit publik, as objektivave t\u00eb vet\u00eb ligjit nr. 60\/2023,<\/span><br \/>\n<span style=\"color: #000000;\">masat e p\u00ebrdorura jan\u00eb m\u00eb t\u00eb ashpra se sa duhet p\u00ebr t\u00eb arritur objektivin e k\u00ebrkuar dhe kufizimi<\/span><br \/>\n<span style=\"color: #000000;\">nuk \u00ebsht\u00eb n\u00eb p\u00ebrpjes\u00ebtim t\u00eb drejt\u00eb me gjendjen q\u00eb e ka diktuar, duke cenuar parimin e<\/span><br \/>\n<span style=\"color: #000000;\">proporcionalitetit. Sipas tyre, parashikimi i nenit 5 t\u00eb ligjit nuk i p\u00ebrgjigjet objektivit kryesor t\u00eb<\/span><br \/>\n<span style=\"color: #000000;\">tij, q\u00eb ka t\u00eb b\u00ebj\u00eb me sigurimin e stafit mjek\u00ebsor n\u00eb periudh\u00eb afatgjat\u00eb dhe sanksioni ekonomik i<\/span><br \/>\n<span style=\"color: #000000;\">vendosur nga kjo dispozit\u00eb i detyron student\u00ebt n\u00eb gjendje t\u00eb v\u00ebshtir\u00eb ekonomike t\u00eb pranojn\u00eb t\u00eb<\/span><br \/>\n<span style=\"color: #000000;\">lidhin marr\u00ebveshjen ose nd\u00ebshkon student\u00ebt q\u00eb nuk pranojn\u00eb ta n\u00ebnshkruajn\u00eb at\u00eb, duke rritur n\u00eb<\/span><br \/>\n<span style=\"color: #000000;\">m\u00ebnyr\u00eb eksponenciale tarif\u00ebn e studimit. N\u00eb vler\u00ebsimin e k\u00ebrkuesve nuk ekziston nj\u00eb situat\u00eb<\/span><br \/>\n<span style=\"color: #000000;\">emergjente, pasi nuk ka ulje t\u00eb numrit t\u00eb mjek\u00ebve n\u00eb raport me popullsin\u00eb dhe mjetet e p\u00ebrdorura<\/span><br \/>\n<span style=\"color: #000000;\">Vendim i Gjykat\u00ebs Kushtetuese<\/span><br \/>\n<span style=\"color: #000000;\">K\u00ebrkues: Nj\u00eb grup deputet\u00ebsh t\u00eb Kuvendit (jo m\u00eb pak se 1\/5 e deputet\u00ebve) dhe nj\u00eb grup student\u00ebsh t\u00eb Fakultetit t\u00eb<\/span><br \/>\n<span style=\"color: #000000;\">Mjek\u00ebsis\u00eb t\u00eb Universitetit t\u00eb Mjek\u00ebsis\u00eb Tiran\u00eb<\/span><br \/>\n<span style=\"color: #000000;\">nuk jan\u00eb t\u00eb domosdoshme, q\u00eb do t\u00eb thot\u00eb se synimi mund t\u00eb arrihej me mjete t\u00eb tjera dhe stimuj<\/span><br \/>\n<span style=\"color: #000000;\">t\u00eb tjer\u00eb ekonomik\u00eb ose social\u00eb, si dhe nd\u00ebrhyrja nuk \u00ebsht\u00eb e p\u00ebrshtatshme p\u00ebr realizimin e<\/span><br \/>\n<span style=\"color: #000000;\">q\u00ebllimit t\u00eb synuar. Sipas k\u00ebrkuesve, masat nuk jan\u00eb t\u00eb lidhura n\u00eb m\u00ebnyr\u00eb t\u00eb arsyeshme me<\/span><br \/>\n<span style=\"color: #000000;\">objektivin, jan\u00eb arbitrare, t\u00eb padrejta dhe t\u00eb bazuara n\u00eb vler\u00ebsime alogjike, nd\u00ebrkoh\u00eb q\u00eb edhe<\/span><br \/>\n<span style=\"color: #000000;\">masa e mbajtjes s\u00eb diplom\u00ebs p\u00ebr t\u00eb mund\u00ebsuar zbatimin e ligjit \u00ebsht\u00eb e pajustifikueshme, pasi<\/span><br \/>\n<span style=\"color: #000000;\">shteti i ka t\u00eb gjitha mjetet ligjore p\u00ebr t\u00eb garantuar zbatimin e marr\u00ebveshjes s\u00eb n\u00ebnshkruar me<\/span><br \/>\n<span style=\"color: #000000;\">student\u00ebt.<\/span><br \/>\n<span style=\"color: #000000;\">52. Subjekti i interesuar, Kuvendi, ka prap\u00ebsuar se plot\u00ebsohen kriteret e nenit 17 t\u00eb<\/span><br \/>\n<span style=\"color: #000000;\">Kushtetut\u00ebs, sepse e drejta p\u00ebr kujdes sh\u00ebndet\u00ebsor synon mbrojtjen e s\u00eb drejt\u00ebs s\u00eb jet\u00ebs, p\u00ebr<\/span><br \/>\n<span style=\"color: #000000;\">rrjedhoj\u00eb shteti ka interes publik q\u00eb t\u00eb nd\u00ebrhyj\u00eb n\u00eb k\u00ebt\u00eb aspekt, pasi ekziston nj\u00eb nevoj\u00eb mjaft e<\/span><br \/>\n<span style=\"color: #000000;\">lart\u00eb p\u00ebr t\u00eb garantuar plot\u00ebsimin e sh\u00ebrbimeve t\u00eb sh\u00ebndetit publik me burime njer\u00ebzore. Sipas tij,<\/span><br \/>\n<span style=\"color: #000000;\">interesi publik n\u00eb garantimin e sh\u00ebrbimit mjek\u00ebsor p\u00ebr popullsin\u00eb mbizot\u00ebron ndaj pritshm\u00ebris\u00eb<\/span><br \/>\n<span style=\"color: #000000;\">s\u00eb student\u00ebve. Alternativat q\u00eb paraqet ligji kan\u00eb t\u00eb b\u00ebjn\u00eb me t\u00eb drejt\u00ebn e studentit p\u00ebr t\u00eb zgjedhur<\/span><br \/>\n<span style=\"color: #000000;\">n\u00ebse d\u00ebshiron t\u00eb p\u00ebrfitoj\u00eb leht\u00ebsit\u00eb q\u00eb krijohen me n\u00ebnshkrimin e marr\u00ebveshjes p\u00ebr t\u00eb punuar n\u00eb<\/span><br \/>\n<span style=\"color: #000000;\">profesionin e mjekut, pas p\u00ebrfundimit t\u00eb studimeve, n\u00eb institucionet sh\u00ebndet\u00ebsore n\u00eb vend dhe<\/span><br \/>\n<span style=\"color: #000000;\">jan\u00eb hartuar n\u00eb p\u00ebrputhje me nevojat e diktuara n\u00eb vend. Sipas k\u00ebtij subjekti, ligji garanton<\/span><br \/>\n<span style=\"color: #000000;\">pun\u00ebsimin e mjek\u00ebve t\u00eb diplomuar dhe nuk ka cenim n\u00eb thelbin e s\u00eb drejt\u00ebs p\u00ebr pun\u00eb, p\u00ebr<\/span><br \/>\n<span style=\"color: #000000;\">rrjedhoj\u00eb nuk ka tejkalim t\u00eb kufizimeve t\u00eb parashikuara n\u00eb KEDNJ.<\/span><br \/>\n<span style=\"color: #000000;\">53. Subjekti i interesuar, K\u00ebshilli i Ministrave, ka prap\u00ebsuar se jan\u00eb respektuar kriteret e<\/span><br \/>\n<span style=\"color: #000000;\">parashikuara n\u00eb nenin 17 t\u00eb Kushtetut\u00ebs dhe se interesi publik n\u00eb garantimin e sh\u00ebrbimit<\/span><br \/>\n<span style=\"color: #000000;\">mjek\u00ebsor p\u00ebr popullsin\u00eb mbizot\u00ebron ndaj pritshm\u00ebris\u00eb s\u00eb k\u00ebrkuesve, e cila nuk mund t\u00eb ket\u00eb<\/span><br \/>\n<span style=\"color: #000000;\">prioritet. Sipas tij, ligji ndihmon n\u00eb mbajtjen e talentit vendas n\u00eb sistemin sh\u00ebndet\u00ebsor shqiptar,<\/span><br \/>\n<span style=\"color: #000000;\">duke parandaluar largimin e tij jasht\u00eb shtetit dhe p\u00ebrmes dispozitave t\u00eb kund\u00ebrshtuara synohet<\/span><br \/>\n<span style=\"color: #000000;\">pun\u00ebsim sa m\u00eb i shpejt\u00eb i student\u00ebve t\u00eb mjek\u00ebsis\u00eb, duke detyruar institucionet pun\u00ebdh\u00ebn\u00ebse p\u00ebr<\/span><br \/>\n<span style=\"color: #000000;\">respektimin e k\u00ebtij parashikimi ligjor, i cili, n\u00eb rast t\u00eb mosrespektimit brenda nj\u00eb viti nga<\/span><br \/>\n<span style=\"color: #000000;\">momenti i lindjes s\u00eb t\u00eb drejt\u00ebs p\u00ebr pun\u00ebsim p\u00ebr student\u00ebt, konsiderohet i p\u00ebrmbushur. Sipas k\u00ebtij<\/span><br \/>\n<span style=\"color: #000000;\">subjekti, ligji ka efekt t\u00eb p\u00ebrkohsh\u00ebm dhe pavar\u00ebsisht politikave t\u00eb zbatuara ka nevoj\u00eb imediate<\/span><br \/>\n<span style=\"color: #000000;\">p\u00ebr t\u00eb adresuar n\u00eb m\u00ebnyr\u00eb shteruese fenomenin e largimit t\u00eb mjek\u00ebve nga sistemi dhe nga vendi.<\/span><br \/>\n<span style=\"color: #000000;\">Sipas tij, dispozitat ligjore u japin student\u00ebve t\u00eb drejt\u00ebn t\u00eb zgjedhin kushtet p\u00ebr trajtimin e<\/span><br \/>\n<span style=\"color: #000000;\">ve\u00e7ant\u00eb dhe detyrimin e pun\u00ebsimit pas p\u00ebrfundimit t\u00eb studimeve n\u00eb nj\u00eb m\u00ebnyr\u00eb q\u00eb respekton<\/span><br \/>\n<span style=\"color: #000000;\">lirin\u00eb dhe vullnetin e individit.<\/span><br \/>\n<span style=\"color: #000000;\">54. N\u00eb kuptim t\u00eb nenit 49, pika 1, t\u00eb Kushtetut\u00ebs, n\u00eb jurisprudenc\u00ebn kushtetuese \u00ebsht\u00eb<\/span><br \/>\n<span style=\"color: #000000;\">theksuar se kjo e drejt\u00eb p\u00ebrfshin zgjedhjen e profesionit, vendit t\u00eb pun\u00ebs, si dhe sistemit t\u00eb<\/span><br \/>\n<span style=\"color: #000000;\">Vendim i Gjykat\u00ebs Kushtetuese<\/span><br \/>\n<span style=\"color: #000000;\">K\u00ebrkues: Nj\u00eb grup deputet\u00ebsh t\u00eb Kuvendit (jo m\u00eb pak se 1\/5 e deputet\u00ebve) dhe nj\u00eb grup student\u00ebsh t\u00eb Fakultetit t\u00eb<\/span><br \/>\n<span style=\"color: #000000;\">Mjek\u00ebsis\u00eb t\u00eb Universitetit t\u00eb Mjek\u00ebsis\u00eb Tiran\u00eb<\/span><br \/>\n<span style=\"color: #000000;\">kualifikimit profesional, me q\u00ebllim sigurimin e mjeteve t\u00eb jetes\u00ebs n\u00eb m\u00ebnyr\u00eb t\u00eb ligjshme.<\/span><br \/>\n<span style=\"color: #000000;\">Zgjedhja e profesionit, si\u00e7 parashikohet nga dispozita kushtetuese, \u00ebsht\u00eb nj\u00eb e drejt\u00eb e individit,<\/span><br \/>\n<span style=\"color: #000000;\">n\u00eb kuptimin q\u00eb ai i p\u00ebrkushtohet nj\u00eb veprimtarie p\u00ebr t\u00eb siguruar mjetet e jetes\u00ebs. Kjo e drejt\u00eb<\/span><br \/>\n<span style=\"color: #000000;\">p\u00ebr t\u00eb p\u00ebrfituar me pun\u00eb t\u00eb ligjshme fiton r\u00ebnd\u00ebsi edhe nga pik\u00ebpamja sociale, pasi puna si<\/span><br \/>\n<span style=\"color: #000000;\">profesion \u00ebsht\u00eb nj\u00eb vler\u00eb edhe p\u00ebr kontributin q\u00eb i sjell shoq\u00ebris\u00eb n\u00eb t\u00ebr\u00ebsi (shih vendimet nr.<\/span><br \/>\n<span style=\"color: #000000;\">17, dat\u00eb 23.03.2023; nr. 9, dat\u00eb 23.03.2010; nr. 20, dat\u00eb 11.07.2006 t\u00eb Gjykat\u00ebs Kushtetuese).<\/span><br \/>\n<span style=\"color: #000000;\">55. Gjykata vler\u00ebson t\u00eb theksoj\u00eb se edhe e drejta p\u00ebr t\u00eb fituar mjetet e jetes\u00ebs me pun\u00eb t\u00eb<\/span><br \/>\n<span style=\"color: #000000;\">zgjedhur dhe pranuar vet\u00eb dhe p\u00ebr t\u00eb zgjedhur vendin e pun\u00ebs, e garantuar nga neni 49, pika 1, i<\/span><br \/>\n<span style=\"color: #000000;\">Kushtetut\u00ebs nuk \u00ebsht\u00eb absolute dhe ajo mund t\u00eb jet\u00eb objekt i kufizimeve n\u00eb p\u00ebrputhje me kriteret<\/span><br \/>\n<span style=\"color: #000000;\">e nenit 17 t\u00eb Kushtetut\u00ebs, i cili lejon kufizimin e t\u00eb drejtave dhe lirive themelore vet\u00ebm me ligj,<\/span><br \/>\n<span style=\"color: #000000;\">p\u00ebr interes publik ose mbrojtjen e t\u00eb drejtave t\u00eb t\u00eb tjer\u00ebve. Po n\u00eb kuptim t\u00eb k\u00ebsaj dispozite,<\/span><br \/>\n<span style=\"color: #000000;\">kufizimi duhet t\u00eb jet\u00eb n\u00eb p\u00ebrpjes\u00ebtim me gjendjen q\u00eb e ka diktuar at\u00eb, t\u00eb mos cenoj\u00eb thelbin e<\/span><br \/>\n<span style=\"color: #000000;\">lirive dhe t\u00eb drejtave, si dhe t\u00eb mos tejkaloj\u00eb kufizimet e parashikuara nga KEDNJ-ja.<\/span><br \/>\n<span style=\"color: #000000;\">56. Gjykata v\u00ebren, si\u00e7 theksoi m\u00eb sip\u00ebr gjat\u00eb trajtimit t\u00eb parimit t\u00eb siguris\u00eb juridike, se me<\/span><br \/>\n<span style=\"color: #000000;\">miratimin e ligjit nr. 60\/2023 ligjv\u00ebn\u00ebsi ka pasur si q\u00ebllim t\u00eb siguroj\u00eb burimet njer\u00ebzore p\u00ebr<\/span><br \/>\n<span style=\"color: #000000;\">kryerjen e sh\u00ebrbimeve t\u00eb sh\u00ebndetit publik n\u00eb institucionet sh\u00ebndet\u00ebsore n\u00eb Republik\u00ebn e<\/span><br \/>\n<span style=\"color: #000000;\">Shqip\u00ebris\u00eb n\u00ebp\u00ebrmjet p\u00ebrcaktimit t\u00eb rregullave p\u00ebr trajtimin e ve\u00e7ant\u00eb t\u00eb student\u00ebve q\u00eb ndjekin<\/span><br \/>\n<span style=\"color: #000000;\">programin e integruar t\u00eb studimit t\u00eb ciklit t\u00eb dyt\u00eb \u201cMjek\u00ebsi e p\u00ebrgjithshme\u201d n\u00eb institucionet<\/span><br \/>\n<span style=\"color: #000000;\">publike t\u00eb arsimit t\u00eb lart\u00eb (neni 2). Koncepti \u201ctrajtim i ve\u00e7ant\u00eb\u201d, sipas k\u00ebtij ligji, p\u00ebrfshin<\/span><br \/>\n<span style=\"color: #000000;\">pun\u00ebsimin me prioritet t\u00eb studentit q\u00eb ndjek programin e integruar n\u00eb Fakultetin e Mjek\u00ebsis\u00eb n\u00eb<\/span><br \/>\n<span style=\"color: #000000;\">UMT, si dhe p\u00ebrfitimin nga programet sociale t\u00eb strehimit dhe ai zbatohet si p\u00ebr studentet q\u00eb jan\u00eb<\/span><br \/>\n<span style=\"color: #000000;\">n\u00eb vazhdim t\u00eb studimeve t\u00eb tyre n\u00eb Fakultetin e Mjek\u00ebsis\u00eb, ashtu edhe p\u00ebr ata q\u00eb regjistrohen n\u00eb<\/span><br \/>\n<span style=\"color: #000000;\">vitin e par\u00eb t\u00eb programit t\u00eb studimeve, me kushtin e n\u00ebnshkrimit t\u00eb marr\u00ebveshjes me ministrin\u00eb<\/span><br \/>\n<span style=\"color: #000000;\">p\u00ebrgjegj\u00ebse p\u00ebr arsimin, ministrin\u00eb p\u00ebrgjegj\u00ebse p\u00ebr sh\u00ebndet\u00ebsin\u00eb dhe institucionin e arsimit t\u00eb<\/span><br \/>\n<span style=\"color: #000000;\">lart\u00eb publik (neni 4, pika 1, shkronja \u201cc\u201d, pika 2, shkronja \u201cb\u201d dhe pika 3, shkronja \u201cb\u201d, t\u00eb ligjit<\/span><br \/>\n<span style=\"color: #000000;\">nr. 60\/2023) p\u00ebrmes s\u00eb cil\u00ebs studenti pranon t\u00eb punoj\u00eb n\u00eb profesionin e mjekut pas p\u00ebrfundimit t\u00eb<\/span><br \/>\n<span style=\"color: #000000;\">studimeve p\u00ebr jo m\u00eb pak se pes\u00eb, tre dhe dy vjet, periudh\u00eb gjat\u00eb s\u00eb cil\u00ebs diploma q\u00ebndron pran\u00eb<\/span><br \/>\n<span style=\"color: #000000;\">institucionit sh\u00ebndet\u00ebsor ku pun\u00ebsohet deri n\u00eb \u201cshlyerjen e detyrimeve p\u00ebr pun\u00ebsim\u201d sipas k\u00ebtyre<\/span><br \/>\n<span style=\"color: #000000;\">afateve. N\u00eb rast t\u00eb mosn\u00ebnshkrimit t\u00eb k\u00ebsaj marr\u00ebveshjeje, neni 5 i ligjit parashikon se studenti<\/span><br \/>\n<span style=\"color: #000000;\">paguan vler\u00ebn e plot\u00eb t\u00eb kostos s\u00eb studimeve p\u00ebrkat\u00ebse, e cila miratohet me akte n\u00ebnligjore.<\/span><br \/>\n<span style=\"color: #000000;\">57. P\u00ebr rrjedhoj\u00eb, Gjykata vler\u00ebson se parashikimet ligjore t\u00eb kund\u00ebrshtuara kan\u00eb prekur t\u00eb<\/span><br \/>\n<span style=\"color: #000000;\">drejtat e student\u00ebve t\u00eb Fakultetit t\u00eb Mjek\u00ebsis\u00eb n\u00eb UMT, si t\u00eb atyre t\u00eb nd\u00ebrmjet\u00ebm, q\u00eb kan\u00eb filluar<\/span><br \/>\n<span style=\"color: #000000;\">dhe vijuar studimet n\u00eb p\u00ebrputhje me nj\u00eb korniz\u00eb tjet\u00ebr ligjore, ashtu edhe t\u00eb student\u00ebve q\u00eb kan\u00eb<\/span><br \/>\n<span style=\"color: #000000;\">Vendim i Gjykat\u00ebs Kushtetuese<\/span><br \/>\n<span style=\"color: #000000;\">K\u00ebrkues: Nj\u00eb grup deputet\u00ebsh t\u00eb Kuvendit (jo m\u00eb pak se 1\/5 e deputet\u00ebve) dhe nj\u00eb grup student\u00ebsh t\u00eb Fakultetit t\u00eb<\/span><br \/>\n<span style=\"color: #000000;\">Mjek\u00ebsis\u00eb t\u00eb Universitetit t\u00eb Mjek\u00ebsis\u00eb Tiran\u00eb<\/span><br \/>\n<span style=\"color: #000000;\">hyr\u00eb rishtazi n\u00eb Fakultetin e Mjek\u00ebsis\u00eb, t\u00eb cil\u00ebt nuk i kan\u00eb njohur dhe pranuar rregullimet e reja<\/span><br \/>\n<span style=\"color: #000000;\">ligjore n\u00eb momentin q\u00eb kan\u00eb vendosur t\u00eb zgjedhin k\u00ebt\u00eb profesion, pra t\u00eb konkurrojn\u00eb pran\u00eb atij<\/span><br \/>\n<span style=\"color: #000000;\">fakulteti. Parashikimi i instrumenteve t\u00eb reja ligjore q\u00eb lejon ekzekutimin e skem\u00ebs s\u00eb hyrjes n\u00eb<\/span><br \/>\n<span style=\"color: #000000;\">pun\u00ebsim sjell nd\u00ebrhyrje n\u00eb t\u00eb drejt\u00ebn kushtetuese p\u00ebr t\u00eb pranuar dhe zgjedhur vet\u00eb vendin e<\/span><br \/>\n<span style=\"color: #000000;\">pun\u00ebs, n\u00eb kuptim t\u00eb nenit 49 t\u00eb Kushtetut\u00ebs, p\u00ebr sa koh\u00eb i vendos student\u00ebt para zgjedhjes s\u00eb<\/span><br \/>\n<span style=\"color: #000000;\">n\u00ebnshkrimit t\u00eb marr\u00ebveshjes ose, n\u00eb t\u00eb kund\u00ebrt, pages\u00ebs s\u00eb vler\u00ebs s\u00eb plot\u00eb t\u00eb kostos s\u00eb studimeve.<\/span><br \/>\n<span style=\"color: #000000;\">N\u00eb vler\u00ebsimin e Gjykat\u00ebs, n\u00eb themel t\u00eb s\u00eb drejt\u00ebs kushtetuese p\u00ebr pun\u00eb q\u00ebndron vullneti i<\/span><br \/>\n<span style=\"color: #000000;\">individit p\u00ebr t\u00eb siguruar mjetet e jetes\u00ebs me pun\u00eb t\u00eb zgjedhur ose t\u00eb pranuar prej tij, vullnet q\u00eb n\u00eb<\/span><br \/>\n<span style=\"color: #000000;\">k\u00ebt\u00eb rast rezulton t\u00eb jet\u00eb i vesuar p\u00ebr shkak t\u00eb formul\u00ebs t\u00eb p\u00ebrzgjedhur nga ligjv\u00ebn\u00ebsi p\u00ebr t\u00eb v\u00ebn\u00eb<\/span><br \/>\n<span style=\"color: #000000;\">n\u00eb zbatim skem\u00ebn e re t\u00eb pun\u00ebsimit t\u00eb student\u00ebve t\u00eb mjek\u00ebsis\u00eb pas p\u00ebrfundimit t\u00eb studimeve. Kjo<\/span><br \/>\n<span style=\"color: #000000;\">nd\u00ebrhyrje e ligjv\u00ebn\u00ebsit p\u00ebrb\u00ebn kufizim t\u00eb ushtrimit lirisht t\u00eb s\u00eb drejt\u00ebs s\u00eb student\u00ebve q\u00eb pas<\/span><br \/>\n<span style=\"color: #000000;\">p\u00ebrfundimit t\u00eb studimeve t\u00eb zgjedhin, n\u00eb p\u00ebrputhje me kualifikimin e tyre profesional, vendin e<\/span><br \/>\n<span style=\"color: #000000;\">pun\u00ebs ku d\u00ebshirojn\u00eb t\u00eb ushtrojn\u00eb profesionin n\u00eb m\u00ebnyr\u00ebn dhe form\u00ebn q\u00eb ata vendosin vet\u00eb. P\u00ebr<\/span><br \/>\n<span style=\"color: #000000;\">rrjedhoj\u00eb, detyrimi i student\u00ebve q\u00eb n\u00eb rast t\u00eb lidhjes s\u00eb marr\u00ebveshjes me koh\u00ebzgjatje dy, tre dhe<\/span><br \/>\n<span style=\"color: #000000;\">pes\u00ebvje\u00e7are t\u00eb punojn\u00eb, p\u00ebrgjat\u00eb k\u00ebsaj periudhe, pran\u00eb institucionit sh\u00ebndet\u00ebsor ku kalohet<\/span><br \/>\n<span style=\"color: #000000;\">diploma nga institucioni i arsimit t\u00eb lart\u00eb publik deri n\u00eb \u201cshlyerjen e detyrimeve p\u00ebr pun\u00ebsim\u201d,<\/span><br \/>\n<span style=\"color: #000000;\">p\u00ebrb\u00ebn kufizim t\u00eb nenit 49, pika 1, t\u00eb Kushtetut\u00ebs.<\/span><br \/>\n<span style=\"color: #000000;\">58. Th\u00ebn\u00eb sa m\u00eb sip\u00ebr, Gjykata do t\u00eb vler\u00ebsoj\u00eb n\u00eb vijim n\u00ebse ky kufizim ka respektuar<\/span><br \/>\n<span style=\"color: #000000;\">kriteret e nenit 17 t\u00eb Kushtetut\u00ebs, pra n\u00ebse \u00ebsht\u00eb b\u00ebr\u00eb me ligj, p\u00ebr interes publik dhe n\u00ebse \u00ebsht\u00eb<\/span><br \/>\n<span style=\"color: #000000;\">respektuar kriteri i p\u00ebrpjes\u00ebtimit midis nd\u00ebrhyrjes dhe gjendjes q\u00eb e ka diktuar at\u00eb.<\/span><br \/>\n<span style=\"color: #000000;\">59. N\u00eb lidhje me kriterin e par\u00eb t\u00eb kufizimit \u201cvet\u00ebm me ligj\u201d, q\u00ebllimi i tij \u00ebsht\u00eb ofrimi i<\/span><br \/>\n<span style=\"color: #000000;\">garancive sa m\u00eb t\u00eb plota n\u00eb rastin e kufizimeve dhe p\u00ebr k\u00ebt\u00eb shkak kompetent duhet t\u00eb jet\u00eb vet\u00ebm<\/span><br \/>\n<span style=\"color: #000000;\">nj\u00eb organ dhe pik\u00ebrisht organi m\u00eb i lart\u00eb ligjv\u00ebn\u00ebs (shih vendimet nr. 21, dat\u00eb 18.04.2023; nr. 4,<\/span><br \/>\n<span style=\"color: #000000;\">dat\u00eb 21.02.2022; nr. 11, dat\u00eb 09.03.2021 t\u00eb Gjykat\u00ebs Kushtetuese). Gjykata v\u00ebren se ky kriter<\/span><br \/>\n<span style=\"color: #000000;\">\u00ebsht\u00eb respektuar, pasi nd\u00ebrhyrja \u00ebsht\u00eb b\u00ebr\u00eb me ligjin nr. 60\/2023, i cili \u00ebsht\u00eb miratuar nga<\/span><br \/>\n<span style=\"color: #000000;\">Kuvendi, sipas procedurave t\u00eb parashikuara p\u00ebr k\u00ebt\u00eb q\u00ebllim.<\/span><br \/>\n<span style=\"color: #000000;\">60. P\u00ebr sa i p\u00ebrket kriterit t\u00eb dyt\u00eb t\u00eb kufizimit, p\u00ebr interes publik, Gjykata ka theksuar se<\/span><br \/>\n<span style=\"color: #000000;\">\u00ebsht\u00eb e v\u00ebshtir\u00eb t\u00eb radhiten n\u00eb m\u00ebnyr\u00eb shteruese \u00e7\u00ebshtjet q\u00eb p\u00ebrb\u00ebjn\u00eb interes publik ose t\u00eb arsyes<\/span><br \/>\n<span style=\"color: #000000;\">publike q\u00eb \u00e7ojn\u00eb n\u00eb kufizimin e nj\u00eb t\u00eb drejte themelore, pasi interesi publik duhet kuptuar n\u00eb<\/span><br \/>\n<span style=\"color: #000000;\">sensin relativ, n\u00eb var\u00ebsi t\u00eb situatave t\u00eb ndryshme q\u00eb krijohen. Ato mund t\u00eb renditen vet\u00ebm<\/span><br \/>\n<span style=\"color: #000000;\">negativisht, pra n\u00eb aspektin e kufizimit t\u00eb \u00e7do rasti konkret. N\u00eb praktik\u00ebn kushtetuese \u00ebsht\u00eb<\/span><br \/>\n<span style=\"color: #000000;\">pranuar tashm\u00eb se ligjv\u00ebn\u00ebsi, parimisht, \u00ebsht\u00eb i lir\u00eb t\u00eb veproj\u00eb brenda hap\u00ebsir\u00ebs s\u00eb tij normuese,<\/span><br \/>\n<span style=\"color: #000000;\">Vendim i Gjykat\u00ebs Kushtetuese<\/span><br \/>\n<span style=\"color: #000000;\">K\u00ebrkues: Nj\u00eb grup deputet\u00ebsh t\u00eb Kuvendit (jo m\u00eb pak se 1\/5 e deputet\u00ebve) dhe nj\u00eb grup student\u00ebsh t\u00eb Fakultetit t\u00eb<\/span><br \/>\n<span style=\"color: #000000;\">Mjek\u00ebsis\u00eb t\u00eb Universitetit t\u00eb Mjek\u00ebsis\u00eb Tiran\u00eb<\/span><br \/>\n<span style=\"color: #000000;\">duke p\u00ebrcaktuar qart\u00eb dhe rast pas rasti q\u00ebllimet q\u00eb k\u00ebrkon t\u00eb arrij\u00eb (shih vendimet nr. 20, dat\u00eb<\/span><br \/>\n<span style=\"color: #000000;\">20.04.2021; nr. 16, dat\u00eb 01.03.2017; nr. 1, dat\u00eb 16.01.2017 t\u00eb Gjykat\u00ebs Kushtetuese).<\/span><br \/>\n<span style=\"color: #000000;\">61. Gjykata vler\u00ebson se, referuar subjekteve t\u00eb interesuara, Kuvendit dhe K\u00ebshillit t\u00eb<\/span><br \/>\n<span style=\"color: #000000;\">Ministrave, interesi publik i evidentuar n\u00eb \u00e7\u00ebshtjen konkrete \u00ebsht\u00eb i lidhur drejtp\u00ebrdrejt me<\/span><br \/>\n<span style=\"color: #000000;\">mir\u00ebfunksionimin e skem\u00ebs s\u00eb kujdesit sh\u00ebndet\u00ebsor dhe garantimin e plot\u00ebsimit t\u00eb nevojave p\u00ebr<\/span><br \/>\n<span style=\"color: #000000;\">burime njer\u00ebzore n\u00eb kryerjen e sh\u00ebrbimeve t\u00eb sh\u00ebndetit publik n\u00eb institucionet sh\u00ebndet\u00ebsore, i cili<\/span><br \/>\n<span style=\"color: #000000;\">rezulton t\u00eb jet\u00eb i lart\u00eb, prandaj ligji \u00ebsht\u00eb hartuar n\u00eb p\u00ebrputhje me nevojat e diktuara n\u00eb vend.<\/span><br \/>\n<span style=\"color: #000000;\">Gjykata v\u00ebren se sipas nenit 55 t\u00eb Kushtetut\u00ebs shtetasit g\u00ebzojn\u00eb n\u00eb m\u00ebnyr\u00eb t\u00eb barabart\u00eb t\u00eb drejt\u00ebn<\/span><br \/>\n<span style=\"color: #000000;\">p\u00ebr kujdes sh\u00ebndet\u00ebsor dhe sigurim sh\u00ebndet\u00ebsor nga shteti, i cili ka detyrimin p\u00ebr t\u00eb nd\u00ebrhyr\u00eb me<\/span><br \/>\n<span style=\"color: #000000;\">q\u00ebllim sigurimin e saj p\u00ebr t\u00eb gjith\u00eb qytetar\u00ebt p\u00ebrmes ofrimit t\u00eb kujdesit sh\u00ebndet\u00ebsor n\u00eb<\/span><br \/>\n<span style=\"color: #000000;\">institucionet e sh\u00ebndetit publik. Kurse sipas nenit 59, pika 1, shkronja \u201cc\u201d, t\u00eb Kushtetut\u00ebs, shteti,<\/span><br \/>\n<span style=\"color: #000000;\">brenda kompetencave kushtetuese dhe mjeteve q\u00eb disponon, synon edhe standardin m\u00eb t\u00eb lart\u00eb<\/span><br \/>\n<span style=\"color: #000000;\">sh\u00ebndet\u00ebsor t\u00eb mundsh\u00ebm. Referuar nenit 2 t\u00eb ligjit nr. 60\/2023, ai synon sigurimin e burimeve<\/span><br \/>\n<span style=\"color: #000000;\">njer\u00ebzore p\u00ebr kryerjen e sh\u00ebrbimeve t\u00eb sh\u00ebndetit publik n\u00eb institucionet sh\u00ebndet\u00ebsore n\u00eb<\/span><br \/>\n<span style=\"color: #000000;\">Republik\u00ebn e Shqip\u00ebris\u00eb n\u00ebp\u00ebrmjet p\u00ebrcaktimit t\u00eb rregullave p\u00ebr trajtimin e ve\u00e7ant\u00eb t\u00eb student\u00ebve<\/span><br \/>\n<span style=\"color: #000000;\">q\u00eb ndjekin programin e integruar t\u00eb studimit t\u00eb ciklit t\u00eb dyt\u00eb \u201cMjek\u00ebsi e p\u00ebrgjithshme\u201d n\u00eb<\/span><br \/>\n<span style=\"color: #000000;\">institucionet publike t\u00eb arsimit t\u00eb lart\u00eb. P\u00ebr rrjedhoj\u00eb, Gjykata vler\u00ebson se n\u00eb rastin konkret ka nj\u00eb<\/span><br \/>\n<span style=\"color: #000000;\">interes publik q\u00eb ka justifikuar nd\u00ebrhyrjen n\u00eb t\u00eb drejt\u00ebn e student\u00ebve p\u00ebr pun\u00ebsim, p\u00ebr sa koh\u00eb q\u00eb<\/span><br \/>\n<span style=\"color: #000000;\">me rregullimet ligjore t\u00eb kund\u00ebrshtuara synohet t\u00eb garantohet ofrimi i sh\u00ebrbimit sh\u00ebndet\u00ebsor, n\u00eb<\/span><br \/>\n<span style=\"color: #000000;\">kuptim t\u00eb nenit 55, pika 1, t\u00eb Kushtetut\u00ebs, si dhe garantimi i standardeve t\u00eb sh\u00ebndetit publik,<\/span><br \/>\n<span style=\"color: #000000;\">sipas nenit 59, pika 1, shkronja \u201cc\u201d, t\u00eb Kushtetut\u00ebs.<\/span><br \/>\n<span style=\"color: #000000;\">62. N\u00eb kushtet kur jan\u00eb p\u00ebrmbushur dy kriteret e m\u00ebsip\u00ebrme t\u00eb kufizimit, Gjykata vler\u00ebson<\/span><br \/>\n<span style=\"color: #000000;\">t\u00eb analizoj\u00eb kriterin tjet\u00ebr, at\u00eb t\u00eb proporcionalitetit t\u00eb nd\u00ebrhyrjes, n\u00eb thelb t\u00eb t\u00eb cilit q\u00ebndron<\/span><br \/>\n<span style=\"color: #000000;\">ekuilibrimi i drejt\u00eb i interesave, vler\u00ebsimi objektiv, si dhe shmangia e konfliktit n\u00ebp\u00ebrmjet<\/span><br \/>\n<span style=\"color: #000000;\">p\u00ebrzgjedhjes s\u00eb mjeteve t\u00eb duhura p\u00ebr realizimin e tyre (shih vendimet nr. 30, dat\u00eb 05.07.2021;<\/span><br \/>\n<span style=\"color: #000000;\">nr. 20, dat\u00eb 20.04.2021; nr. 16, dat\u00eb 01.03.2017 t\u00eb Gjykat\u00ebs Kushtetuese). P\u00ebr vler\u00ebsimin e<\/span><br \/>\n<span style=\"color: #000000;\">proporcionalitetit t\u00eb nd\u00ebrhyrjes merret n\u00eb shqyrtim balanca nd\u00ebrmjet d\u00ebmit t\u00eb shkaktuar individit<\/span><br \/>\n<span style=\"color: #000000;\">dhe s\u00eb mir\u00ebs s\u00eb p\u00ebrgjithshme t\u00eb shoq\u00ebris\u00eb, masa e mbrojtjes nga arbitrariteti q\u00eb ofrojn\u00eb<\/span><br \/>\n<span style=\"color: #000000;\">procedurat ligjore, si dhe mund\u00ebsia e shtetit p\u00ebr t\u00eb p\u00ebrdorur m\u00ebnyra a mjete t\u00eb tjera p\u00ebr t\u00eb arritur<\/span><br \/>\n<span style=\"color: #000000;\">q\u00ebllimin. Shteti, brenda mund\u00ebsive, duhet t\u00eb kufizoj\u00eb nd\u00ebrhyrjen n\u00eb minimum, duke k\u00ebrkuar<\/span><br \/>\n<span style=\"color: #000000;\">zgjidhje alternative dhe, p\u00ebrgjith\u00ebsisht, duke u p\u00ebrpjekur t\u2019i arrij\u00eb q\u00ebllimet n\u00eb m\u00ebnyr\u00eb sa m\u00eb pak<\/span><br \/>\n<span style=\"color: #000000;\">t\u00eb d\u00ebmshme nga pik\u00ebpamja e t\u00eb drejtave t\u00eb njeriut (shih vendimin nr. 17, dat\u00eb 23.04.2010 t\u00eb<\/span><br \/>\n<span style=\"color: #000000;\">Gjykat\u00ebs Kushtetuese). Masat mund t\u00eb jen\u00eb t\u00eb shum\u00ebllojshme, por ajo q\u00eb ka r\u00ebnd\u00ebsi n\u00eb k\u00ebt\u00eb rast<\/span><br \/>\n<span style=\"color: #000000;\">Vendim i Gjykat\u00ebs Kushtetuese<\/span><br \/>\n<span style=\"color: #000000;\">K\u00ebrkues: Nj\u00eb grup deputet\u00ebsh t\u00eb Kuvendit (jo m\u00eb pak se 1\/5 e deputet\u00ebve) dhe nj\u00eb grup student\u00ebsh t\u00eb Fakultetit t\u00eb<\/span><br \/>\n<span style=\"color: #000000;\">Mjek\u00ebsis\u00eb t\u00eb Universitetit t\u00eb Mjek\u00ebsis\u00eb Tiran\u00eb<\/span><br \/>\n<span style=\"color: #000000;\">\u00ebsht\u00eb q\u00eb thelbi i k\u00ebtij aktiviteti t\u00eb individit t\u00eb mos cenohet deri n\u00eb at\u00eb mas\u00eb sa t\u00eb b\u00ebhet i<\/span><br \/>\n<span style=\"color: #000000;\">pamundur ushtrimi i tij (shih vendimet nr. 37, dat\u00eb 01.12.2022; nr. 52, dat\u00eb 05.12.2012; nr. 18,<\/span><br \/>\n<span style=\"color: #000000;\">dat\u00eb 14.05.2003 t\u00eb Gjykat\u00ebs Kushtetuese).<\/span><br \/>\n<span style=\"color: #000000;\">63. Parimi i proporcionalitetit imponon evidentimin e nevoj\u00ebs reale t\u00eb nd\u00ebrhyrjes n\u00eb t\u00eb<\/span><br \/>\n<span style=\"color: #000000;\">drejtat individuale n\u00eb nj\u00eb situat\u00eb konkrete (shih vendimet nr. 20, dat\u00eb 20.04.2021; nr. 1, dat\u00eb<\/span><br \/>\n<span style=\"color: #000000;\">16.01.2017 t\u00eb Gjykat\u00ebs Kushtetuese). P\u00ebrve\u00e7 k\u00ebsaj, p\u00ebrdorimi i k\u00ebtyre mjeteve duhet t\u00eb jet\u00eb i<\/span><br \/>\n<span style=\"color: #000000;\">domosdosh\u00ebm, \u00e7ka do t\u00eb thot\u00eb se synimi nuk mund t\u00eb arrihet me mjete t\u00eb tjera. Domosdoshm\u00ebria<\/span><br \/>\n<span style=\"color: #000000;\">lidhet edhe me p\u00ebrdorimin e mjeteve m\u00eb pak t\u00eb d\u00ebmshme p\u00ebr subjektet q\u00eb u cenohen t\u00eb drejtat<\/span><br \/>\n<span style=\"color: #000000;\">dhe lirit\u00eb. N\u00eb drejtim t\u00eb n\u00ebnkriterit t\u00eb domosdoshm\u00ebris\u00eb, n\u00eb vler\u00ebsimin e Gjykat\u00ebs kufizimi \u00ebsht\u00eb<\/span><br \/>\n<span style=\"color: #000000;\">jokushtetues n\u00ebse provohet se ka mjete t\u00eb tjera t\u00eb disponueshme q\u00eb do t\u00eb ishin n\u00eb m\u00ebnyr\u00eb t\u00eb qart\u00eb<\/span><br \/>\n<span style=\"color: #000000;\">efektive p\u00ebr arritjen e q\u00ebllimit, por, n\u00eb t\u00eb nj\u00ebjt\u00ebn koh\u00eb, edhe m\u00eb pak kufizuese t\u00eb t\u00eb drejtave dhe<\/span><br \/>\n<span style=\"color: #000000;\">lirive themelore. Po k\u00ebshtu, nd\u00ebrhyrja p\u00ebr kufizimin e nj\u00eb t\u00eb drejte ose lirie t\u00eb b\u00ebhet me mjete t\u00eb<\/span><br \/>\n<span style=\"color: #000000;\">p\u00ebrshtatshme q\u00eb i p\u00ebrgjigjen drejt q\u00ebllimit q\u00eb synohet t\u00eb arrihet. P\u00ebr sa i p\u00ebrket n\u00ebnkriterit t\u00eb<\/span><br \/>\n<span style=\"color: #000000;\">p\u00ebrshtatshm\u00ebris\u00eb, masa e nd\u00ebrmarr\u00eb si kufizuese e s\u00eb drejt\u00ebs duhet t\u00eb sjell\u00eb efektin e duhur dhe t\u00eb<\/span><br \/>\n<span style=\"color: #000000;\">realizoj\u00eb synimin p\u00ebr t\u00eb cilin \u00ebsht\u00eb p\u00ebrzgjedhur (shih vendimet nr. 70, dat\u00eb 27.12.2023; nr. 30,<\/span><br \/>\n<span style=\"color: #000000;\">dat\u00eb 05.07.2021; nr. 16, dat\u00eb 01.03.2017 t\u00eb Gjykat\u00ebs Kushtetuese).<\/span><br \/>\n<span style=\"color: #000000;\">64. Gjykata thekson se ajo nuk ka kompetenc\u00eb t\u00eb analizoj\u00eb n\u00ebse masa e nd\u00ebrhyrjes \u00ebsht\u00eb<\/span><br \/>\n<span style=\"color: #000000;\">m\u00eb e drejta dhe m\u00eb e duhura p\u00ebr arritjen e q\u00ebllimit t\u00eb synuar, por detyr\u00eb e saj \u00ebsht\u00eb t\u00eb vler\u00ebsoj\u00eb<\/span><br \/>\n<span style=\"color: #000000;\">n\u00ebse ligjv\u00ebn\u00ebsi ka respektuar kufijt\u00eb kushtetues t\u00eb hap\u00ebsir\u00ebs s\u00eb tij vler\u00ebsuese. Sipas standardeve<\/span><br \/>\n<span style=\"color: #000000;\">t\u00eb saj jurisprudenciale, Gjykata mban n\u00eb konsiderat\u00eb prezumimin e pajtueshm\u00ebris\u00eb s\u00eb aktit<\/span><br \/>\n<span style=\"color: #000000;\">normativ me Kushtetut\u00ebn, derisa pal\u00ebt t\u2019i provojn\u00eb asaj t\u00eb kund\u00ebrt\u00ebn (shih vendimet nr. 30, dat\u00eb<\/span><br \/>\n<span style=\"color: #000000;\">02.11.2022; nr. 5, dat\u00eb 27.01.2017; nr. 52, dat\u00eb 26.07.2016 t\u00eb Gjykat\u00ebs Kushtetuese).<\/span><br \/>\n<span style=\"color: #000000;\">65. N\u00eb kuptim t\u00eb n\u00ebnkriterit t\u00eb nevoj\u00ebs, q\u00eb k\u00ebrkon lidhjen e arsyeshme mes kufizimit dhe<\/span><br \/>\n<span style=\"color: #000000;\">gjendjes q\u00eb k\u00ebrkon nd\u00ebrhyrje, Gjykata v\u00ebren se, si\u00e7 ka theksuar m\u00eb sip\u00ebr n\u00eb drejtim t\u00eb interesit<\/span><br \/>\n<span style=\"color: #000000;\">publik t\u00eb nd\u00ebrhyrjes, q\u00ebllimi i miratimit t\u00eb ligjit nr. 60\/2023 \u00ebsht\u00eb garantimi nga shteti, p\u00ebr<\/span><br \/>\n<span style=\"color: #000000;\">shtetasit e tij, i g\u00ebzimit n\u00eb m\u00ebnyr\u00eb t\u00eb barabart\u00eb t\u00eb t\u00eb drejtave q\u00eb burojn\u00eb nga neni 55 i<\/span><br \/>\n<span style=\"color: #000000;\">Kushtetut\u00ebs. Situata faktike e evidentuar n\u00eb koh\u00ebn e miratimit t\u00eb k\u00ebtij ligji, e provuar edhe gjat\u00eb<\/span><br \/>\n<span style=\"color: #000000;\">k\u00ebtij gjykimi dhe q\u00eb lidhet me problematikat n\u00eb drejtim t\u00eb raportit t\u00eb numrit t\u00eb mjek\u00ebve dhe<\/span><br \/>\n<span style=\"color: #000000;\">popullsis\u00eb, \u00ebsht\u00eb rrethan\u00eb q\u00eb b\u00ebn t\u00eb qart\u00eb ekzistenc\u00ebn e nevoj\u00ebs p\u00ebr t\u00eb vepruar nga ana e<\/span><br \/>\n<span style=\"color: #000000;\">ligjv\u00ebn\u00ebsit n\u00eb miratimin e ligjit nr. 60\/2023, e cila \u00ebsht\u00eb e till\u00eb q\u00eb justifikon kufizimin e s\u00eb drejt\u00ebs<\/span><br \/>\n<span style=\"color: #000000;\">p\u00ebr pun\u00eb t\u00eb garantuar nga neni 49, pika 1, i Kushtetut\u00ebs.<\/span><br \/>\n<span style=\"color: #000000;\">66. N\u00eb drejtim t\u00eb n\u00ebnkriterit t\u00eb domosdoshm\u00ebris\u00eb, Gjykata v\u00ebren se pun\u00ebsimi me prioritet<\/span><br \/>\n<span style=\"color: #000000;\">i mjek\u00ebve t\u00eb sapodiplomuar sipas nenit 4 t\u00eb ligjit nr. 60\/2023, kusht\u00ebzohet: s\u00eb pari, me<\/span><br \/>\n<span style=\"color: #000000;\">Vendim i Gjykat\u00ebs Kushtetuese<\/span><br \/>\n<span style=\"color: #000000;\">K\u00ebrkues: Nj\u00eb grup deputet\u00ebsh t\u00eb Kuvendit (jo m\u00eb pak se 1\/5 e deputet\u00ebve) dhe nj\u00eb grup student\u00ebsh t\u00eb Fakultetit t\u00eb<\/span><br \/>\n<span style=\"color: #000000;\">Mjek\u00ebsis\u00eb t\u00eb Universitetit t\u00eb Mjek\u00ebsis\u00eb Tiran\u00eb<\/span><br \/>\n<span style=\"color: #000000;\">pun\u00ebsimin n\u00eb institucionet sh\u00ebndet\u00ebsore brenda vendit dhe, s\u00eb dyti, me pun\u00ebsimin me afat p\u00ebr<\/span><br \/>\n<span style=\"color: #000000;\">nj\u00eb periudh\u00eb dy, tre ose pes\u00ebvje\u00e7are, q\u00eb p\u00ebrcaktohet nga viti akademik n\u00eb cilin \u00ebsht\u00eb duke kryer<\/span><br \/>\n<span style=\"color: #000000;\">studimet studenti q\u00eb pranon t\u00eb lidh\u00eb marr\u00ebveshjen me institucionin sh\u00ebndet\u00ebsor. Sipas fjalis\u00eb s\u00eb<\/span><br \/>\n<span style=\"color: #000000;\">par\u00eb t\u00eb nenit 6 t\u00eb k\u00ebtij ligji, studenti q\u00eb p\u00ebrfundon programin e integruar t\u00eb studimit t\u00eb ciklit t\u00eb<\/span><br \/>\n<span style=\"color: #000000;\">dyt\u00eb \u201cMjek\u00ebsi e p\u00ebrgjithshme\u201d n\u00eb institucionet publike t\u00eb arsimit t\u00eb lart\u00eb dhe ka n\u00ebnshkruar<\/span><br \/>\n<span style=\"color: #000000;\">marr\u00ebveshje sipas p\u00ebrcaktimeve t\u00eb k\u00ebtij ligji pun\u00ebsohet me prioritet n\u00eb institucionet<\/span><br \/>\n<span style=\"color: #000000;\">sh\u00ebndet\u00ebsore nga momenti i lindjes s\u00eb t\u00eb drejt\u00ebs p\u00ebr pun\u00ebsim.<\/span><br \/>\n<span style=\"color: #000000;\">67. Gjat\u00eb gjykimit rezultoi se numri i p\u00ebrgjithsh\u00ebm i mjek\u00ebve q\u00eb ofrojn\u00eb sh\u00ebrbim n\u00eb<\/span><br \/>\n<span style=\"color: #000000;\">sistemin sh\u00ebndet\u00ebsor \u00ebsht\u00eb 5400, q\u00eb n\u00eb raport me numrin e popullsis\u00eb i takon 1.93 mjek\u00eb p\u00ebr \u00e7do<\/span><br \/>\n<span style=\"color: #000000;\">1000 banor\u00eb. Numri i pozicioneve vakante p\u00ebr mjek\u00eb \u00ebsht\u00eb 482, numri i mjek\u00ebve n\u00eb mosh\u00eb<\/span><br \/>\n<span style=\"color: #000000;\">pensioni \u00ebsht\u00eb 213 dhe numri i mjek\u00ebve q\u00eb largohen \u00e7do vit jasht\u00eb vendit \u00ebsht\u00eb rreth 200. Bazuar<\/span><br \/>\n<span style=\"color: #000000;\">n\u00eb t\u00eb dh\u00ebnat e m\u00ebsip\u00ebrme, sikurse \u00ebsht\u00eb deklaruar n\u00eb seanc\u00eb edhe nga subjekti i interesuar,<\/span><br \/>\n<span style=\"color: #000000;\">K\u00ebshilli i Ministrave, rezultojn\u00eb se jan\u00eb 1000 vende vakante p\u00ebr mjek\u00eb dhe aktualisht vendet<\/span><br \/>\n<span style=\"color: #000000;\">vakante p\u00ebr mjek\u00eb t\u00eb p\u00ebrgjithsh\u00ebm n\u00eb sistemin sh\u00ebndet\u00ebsor jan\u00eb 4% e numrit total t\u00eb personelit<\/span><br \/>\n<span style=\"color: #000000;\">mjek\u00ebsor n\u00eb kujdes par\u00ebsor. N\u00eb k\u00ebt\u00eb kuptim, Gjykata vler\u00ebson se parashikimi ligjor q\u00eb rregullon<\/span><br \/>\n<span style=\"color: #000000;\">skem\u00ebn e pun\u00ebsimit t\u00eb student\u00ebve t\u00eb rinj q\u00eb diplomohen, me q\u00ebllim q\u00eb ata t\u00eb pun\u00ebsohen dhe t\u00eb<\/span><br \/>\n<span style=\"color: #000000;\">sh\u00ebrbejn\u00eb n\u00eb sh\u00ebrbimin sh\u00ebndet\u00ebsor publik p\u00ebr t\u00eb siguruar nevojat e popullsis\u00eb n\u00eb t\u00eb gjith\u00eb<\/span><br \/>\n<span style=\"color: #000000;\">vendin, n\u00eb m\u00ebnyr\u00eb q\u00eb qytetar\u00ebt t\u00eb g\u00ebzojn\u00eb n\u00eb m\u00ebnyr\u00eb t\u00eb barabart\u00eb t\u00eb drejt\u00ebn p\u00ebr kujdes<\/span><br \/>\n<span style=\"color: #000000;\">sh\u00ebndet\u00ebsor, \u00ebsht\u00eb nj\u00eb mas\u00eb q\u00eb konsiderohet e domosdoshme p\u00ebr arritjen e synimit t\u00eb ligjv\u00ebn\u00ebsit.<\/span><br \/>\n<span style=\"color: #000000;\">Skema e re e hyrjes n\u00eb pun\u00ebsim e student\u00ebve t\u00eb mjek\u00ebsis\u00eb pas p\u00ebrfundimit t\u00eb studimeve rezulton<\/span><br \/>\n<span style=\"color: #000000;\">t\u00eb ket\u00eb qen\u00eb m\u00ebnyra p\u00ebr t\u00eb zgjidhur situat\u00ebn me t\u00eb cil\u00ebn po p\u00ebrballej sistemi sh\u00ebndet\u00ebsor n\u00eb vend<\/span><br \/>\n<span style=\"color: #000000;\">dhe p\u00ebr t\u00eb garantuar zbatimin e nenit 55 t\u00eb Kushtetut\u00ebs. Gjykata ka theksuar se lidhur me<\/span><br \/>\n<span style=\"color: #000000;\">jokushtetutshm\u00ebrin\u00eb e pretenduar argumentet e parashtruara duhet t\u00eb jen\u00eb bind\u00ebse, p\u00ebr t\u2019i dh\u00ebn\u00eb<\/span><br \/>\n<span style=\"color: #000000;\">mund\u00ebsi asaj t\u00eb vler\u00ebsoj\u00eb n\u00ebse zgjidhjet e aplikuara shkelin normat dhe vlerat kushtetuese (shih<\/span><br \/>\n<span style=\"color: #000000;\">vendimet nr. 30, dat\u00eb 02.11.2022; nr. 5, dat\u00eb 27.01.2017; nr. 52, dat\u00eb 26.07.2016 t\u00eb Gjykat\u00ebs<\/span><br \/>\n<span style=\"color: #000000;\">Kushtetuese). N\u00eb k\u00ebt\u00eb kuptim edhe nga vet\u00eb k\u00ebrkuesit, n\u00eb lidhje me mund\u00ebsit\u00eb reale p\u00ebr t\u00eb<\/span><br \/>\n<span style=\"color: #000000;\">miratuar ndonj\u00eb skem\u00eb tjet\u00ebr t\u00eb pun\u00ebsimit, nuk u evidentua ndonj\u00eb mas\u00eb ose skem\u00eb tjet\u00ebr q\u00eb<\/span><br \/>\n<span style=\"color: #000000;\">mund t\u00eb p\u00ebrdorej n\u00eb k\u00ebt\u00eb drejtim, e cila mund t\u00eb sillte t\u00eb nj\u00ebjtin efekt t\u00eb d\u00ebshiruar dhe q\u00eb do t\u00eb<\/span><br \/>\n<span style=\"color: #000000;\">ishte eficiente p\u00ebr p\u00ebrmbushjen e q\u00ebllimit t\u00eb synuar dhe, nga ana tjet\u00ebr, m\u00eb pak ose aspak<\/span><br \/>\n<span style=\"color: #000000;\">kufizuese e t\u00eb drejtave t\u00eb student\u00ebve. N\u00eb k\u00ebto kushte, Gjykata vler\u00ebson se masa e kund\u00ebrshtuar<\/span><br \/>\n<span style=\"color: #000000;\">plot\u00ebson edhe k\u00ebrkes\u00ebn e t\u00eb qenit e domosdoshme.<\/span><br \/>\n<span style=\"color: #000000;\">68. P\u00ebr sa i p\u00ebrket n\u00ebnkriterit t\u00eb p\u00ebrshtatshm\u00ebris\u00eb s\u00eb mas\u00ebs, Gjykata vler\u00ebson t\u00eb analizoj\u00eb<\/span><br \/>\n<span style=\"color: #000000;\">n\u00ebse koh\u00ebzgjatja e mas\u00ebs s\u00eb pun\u00ebsimit t\u00eb detyruar plot\u00ebson k\u00ebt\u00eb kriter, pra n\u00ebse ajo pritet t\u00eb sjell\u00eb<\/span><br \/>\n<span style=\"color: #000000;\">Vendim i Gjykat\u00ebs Kushtetuese<\/span><br \/>\n<span style=\"color: #000000;\">K\u00ebrkues: Nj\u00eb grup deputet\u00ebsh t\u00eb Kuvendit (jo m\u00eb pak se 1\/5 e deputet\u00ebve) dhe nj\u00eb grup student\u00ebsh t\u00eb Fakultetit t\u00eb<\/span><br \/>\n<span style=\"color: #000000;\">Mjek\u00ebsis\u00eb t\u00eb Universitetit t\u00eb Mjek\u00ebsis\u00eb Tiran\u00eb<\/span><br \/>\n<span style=\"color: #000000;\">efektin e duhur dhe t\u00eb realizoj\u00eb synimin p\u00ebr t\u00eb cilin \u00ebsht\u00eb p\u00ebrzgjedhur. Sipas dispozitave ligjore<\/span><br \/>\n<span style=\"color: #000000;\">t\u00eb kund\u00ebrshtuara, konkretisht nenit 4 t\u00eb ligjit nr. 60\/2023, detyrimi shtrihet q\u00eb nga student\u00ebt e<\/span><br \/>\n<span style=\"color: #000000;\">vitit t\u00eb par\u00eb t\u00eb Fakultetit t\u00eb Mjek\u00ebsis\u00eb p\u00ebr nj\u00eb afat pes\u00ebvje\u00e7ar, i cili \u00ebsht\u00eb i pritsh\u00ebm t\u00eb zbatohet jo<\/span><br \/>\n<span style=\"color: #000000;\">m\u00eb shpejt se viti 2029, kur ata p\u00ebrfundojn\u00eb ciklin e studimeve sipas programit m\u00ebsimor dhe t\u00eb<\/span><br \/>\n<span style=\"color: #000000;\">p\u00ebrfundoj\u00eb jo m\u00eb von\u00eb se viti 2034, kur ata shlyejn\u00eb detyrimin sipas marr\u00ebveshjes s\u00eb n\u00ebnshkruar<\/span><br \/>\n<span style=\"color: #000000;\">me institucionin e sh\u00ebrbimit publik. P\u00ebr student\u00ebt e vitit t\u00eb pest\u00eb ose t\u00eb gjasht\u00eb q\u00eb pranojn\u00eb t\u00eb<\/span><br \/>\n<span style=\"color: #000000;\">n\u00ebnshkruajn\u00eb marr\u00ebveshjen e pun\u00ebsimit prioritar, zbatimi i k\u00ebsaj skeme \u00ebsht\u00eb e pritshme t\u00eb filloj\u00eb<\/span><br \/>\n<span style=\"color: #000000;\">jo m\u00eb shpejt se viti 2024, kurse p\u00ebr student\u00ebt e tjer\u00eb t\u00eb nd\u00ebrmjet\u00ebm, t\u00eb vitit t\u00eb dyt\u00eb deri n\u00eb vitin e<\/span><br \/>\n<span style=\"color: #000000;\">kat\u00ebrt, ajo pritet t\u00eb zbatohet jo m\u00eb shpejt se viti 2026. Gjykata v\u00ebren se pavar\u00ebsisht se ligji ka<\/span><br \/>\n<span style=\"color: #000000;\">efekt t\u00eb p\u00ebrkohsh\u00ebm, pasi sipas dispozit\u00ebs kalimtare (neni 9) ai i shtrin efektet n\u00eb periudh\u00ebn nga<\/span><br \/>\n<span style=\"color: #000000;\">viti akademik 2023-2024 deri n\u00eb vitin akademik 2027-2028, duke marr\u00eb parasysh k\u00ebt\u00eb formul\u00eb t\u00eb<\/span><br \/>\n<span style=\"color: #000000;\">zbatimit t\u00eb k\u00ebsaj skeme, rezulton se masa e parashikuar nga ligjv\u00ebn\u00ebsi aktualisht prek pes\u00eb breza<\/span><br \/>\n<span style=\"color: #000000;\">student\u00ebsh n\u00eb m\u00ebnyr\u00eb t\u00eb plot\u00eb ose t\u00eb pjesshme, bazuar kjo n\u00eb vitin e studimeve n\u00eb t\u00eb cilin<\/span><br \/>\n<span style=\"color: #000000;\">ndodhen aktualisht dhe p\u00ebr nj\u00eb periudh\u00eb kohore t\u00eb gjat\u00eb, e cila, n\u00eb vler\u00ebsimin e Gjykat\u00ebs, nuk<\/span><br \/>\n<span style=\"color: #000000;\">\u00ebsht\u00eb e p\u00ebrshtatshme n\u00eb lidhje me urgjenc\u00ebn e nd\u00ebrhyrjes legjislative n\u00eb drejtim t\u00eb efekteve t\u00eb<\/span><br \/>\n<span style=\"color: #000000;\">pritshme t\u00eb saj. P\u00ebr m\u00eb tep\u00ebr, koh\u00ebzgjatja e mas\u00ebs s\u00eb pun\u00ebsimit sipas k\u00ebsaj skeme p\u00ebr periudh\u00ebn<\/span><br \/>\n<span style=\"color: #000000;\">pes\u00ebvje\u00e7are \u00ebsht\u00eb gati e barabart\u00eb me koh\u00ebzgjatjen e plot\u00eb t\u00eb ciklit t\u00eb studimeve p\u00ebr programin e<\/span><br \/>\n<span style=\"color: #000000;\">integruar gjasht\u00ebvje\u00e7ar.<\/span><br \/>\n<span style=\"color: #000000;\">69. Gjykata vler\u00ebson se subjektet e interesuara, edhe pse kishin barr\u00ebn e prov\u00ebs n\u00eb k\u00ebt\u00eb<\/span><br \/>\n<span style=\"color: #000000;\">drejtim, nuk arrit\u00ebn t\u00eb provojn\u00eb se kjo mas\u00eb \u00ebsht\u00eb e p\u00ebrshtatshme, duke e lidhur at\u00eb me efektet e<\/span><br \/>\n<span style=\"color: #000000;\">pritshme aktuale q\u00eb kan\u00eb sjell\u00eb nevoj\u00ebn e nd\u00ebrhyrjes dhe me pasojat e saj n\u00eb koh\u00eb, n\u00eb drejtim t\u00eb<\/span><br \/>\n<span style=\"color: #000000;\">efekteve t\u00eb pritshme p\u00ebr t\u00eb ardhmen, pra se afati i koh\u00ebzgjatjes s\u00eb k\u00ebsaj mase, e p\u00ebrcaktuar n\u00eb<\/span><br \/>\n<span style=\"color: #000000;\">var\u00ebsi t\u00eb viteve t\u00eb studimit n\u00eb t\u00eb cilat ndodhen student\u00ebt e nd\u00ebrmjet\u00ebm ose ata q\u00eb kan\u00eb fituar t\u00eb<\/span><br \/>\n<span style=\"color: #000000;\">drejt\u00ebn p\u00ebr t\u00eb filluar studimet para hyrjes n\u00eb fuqi t\u00eb ndryshimeve ligjore t\u00eb kund\u00ebrshtuara, \u00ebsht\u00eb<\/span><br \/>\n<span style=\"color: #000000;\">mjeti m\u00eb i p\u00ebrshtatsh\u00ebm p\u00ebr t\u00eb siguruar nevojat e popullat\u00ebs p\u00ebr kujdes sh\u00ebndet\u00ebsor. Gjykata m\u00eb<\/span><br \/>\n<span style=\"color: #000000;\">sip\u00ebr ka konstatuar raportin e numrit t\u00eb mjek\u00ebve n\u00eb raport me popullat\u00ebn, raport ky q\u00eb u vler\u00ebsua<\/span><br \/>\n<span style=\"color: #000000;\">se krijon v\u00ebshtir\u00ebsi n\u00eb sigurimin e skem\u00ebs s\u00eb kujdesit sh\u00ebndet\u00ebsor dhe garantimin e t\u00eb drejtave t\u00eb<\/span><br \/>\n<span style=\"color: #000000;\">shtetasve p\u00ebr t\u00eb p\u00ebrfituar k\u00ebt\u00eb kujdes nga shteti n\u00eb m\u00ebnyr\u00eb t\u00eb barabart\u00eb. Gjat\u00eb k\u00ebtij gjykimi<\/span><br \/>\n<span style=\"color: #000000;\">rezultoi, gjithashtu, se ka pasur rritje graduale t\u00eb numrit t\u00eb kuotave t\u00eb \u00e7elura p\u00ebr \u00e7do vit p\u00ebr<\/span><br \/>\n<span style=\"color: #000000;\">programin e studimit \u201cMjek\u00ebsi e p\u00ebrgjithshme\u201d n\u00eb UMT, duke arritur rreth 500 t\u00eb tilla brenda<\/span><br \/>\n<span style=\"color: #000000;\">vitit 2024. Edhe sipas vendimit nr. 17, dat\u00eb 10.03.2023 t\u00eb senatit akademik t\u00eb UMT-s\u00eb, numri i<\/span><br \/>\n<span style=\"color: #000000;\">kuotave t\u00eb pranimit p\u00ebr vitin akademik 2023-2024 n\u00eb fakultetin \u201cMjek\u00ebsi e p\u00ebrgjithshme\u201d,<\/span><br \/>\n<span style=\"color: #000000;\">programi \u201cMaster i Shkencave\u201d, \u00ebsht\u00eb 464. Referuar fakteve t\u00eb rezultuara gjat\u00eb k\u00ebtij gjykimi,<\/span><br \/>\n<span style=\"color: #000000;\">Vendim i Gjykat\u00ebs Kushtetuese<\/span><br \/>\n<span style=\"color: #000000;\">K\u00ebrkues: Nj\u00eb grup deputet\u00ebsh t\u00eb Kuvendit (jo m\u00eb pak se 1\/5 e deputet\u00ebve) dhe nj\u00eb grup student\u00ebsh t\u00eb Fakultetit t\u00eb<\/span><br \/>\n<span style=\"color: #000000;\">Mjek\u00ebsis\u00eb t\u00eb Universitetit t\u00eb Mjek\u00ebsis\u00eb Tiran\u00eb<\/span><br \/>\n<span style=\"color: #000000;\">prurjet nga UMT-ja p\u00ebr mjek\u00eb t\u00eb diplomuar vit pas viti, n\u00eb periudh\u00ebn q\u00eb shtrihen efektet e k\u00ebtij<\/span><br \/>\n<span style=\"color: #000000;\">ligji, jan\u00eb m\u00eb t\u00eb m\u00ebdha se nevojat aktuale p\u00ebr t\u00eb pun\u00ebsuar mjek\u00eb t\u00eb p\u00ebrgjithsh\u00ebm n\u00eb vendet<\/span><br \/>\n<span style=\"color: #000000;\">vakante, t\u00eb cilat mund t\u00eb plot\u00ebsohen nga student\u00ebt e diplomuar p\u00ebraf\u00ebrsisht brenda dy-tre vjet\u00ebve.<\/span><br \/>\n<span style=\"color: #000000;\">Pavar\u00ebsisht k\u00ebtyre masave q\u00eb jan\u00eb duke u marr\u00eb dhe q\u00eb synojn\u00eb t\u00eb sigurojn\u00eb q\u00ebllimin e<\/span><br \/>\n<span style=\"color: #000000;\">ligjv\u00ebn\u00ebsit t\u00eb evidentuar m\u00eb sip\u00ebr, subjektet e interesuara nuk kan\u00eb arritur t\u00eb justifikojn\u00eb se n\u00eb<\/span><br \/>\n<span style=\"color: #000000;\">\u00e7far\u00eb m\u00ebnyre lidhja e marr\u00ebveshjeve dhe mbajtja e diplom\u00ebs deri n\u00eb \u201cshlyerjen e detyrimeve p\u00ebr<\/span><br \/>\n<span style=\"color: #000000;\">pun\u00ebsim\u201d, sipas afateve ligjore, p\u00ebr student\u00ebt q\u00eb p\u00ebrfundojn\u00eb studimet n\u00eb Fakultetin e Mjek\u00ebsis\u00eb<\/span><br \/>\n<span style=\"color: #000000;\">do t\u00eb sjell\u00eb efektin e d\u00ebshiruar, nd\u00ebrkoh\u00eb kur numri i vendeve vakante n\u00eb sistemin sh\u00ebndet\u00ebsor<\/span><br \/>\n<span style=\"color: #000000;\">\u00ebsht\u00eb 1000, nd\u00ebrsa numri i kuotave p\u00ebr student\u00eb n\u00eb Fakultetin e Mjek\u00ebsis\u00eb \u00ebsht\u00eb rreth 500 n\u00eb vit.<\/span><br \/>\n<span style=\"color: #000000;\">70. Po k\u00ebshtu, Gjykata v\u00ebren se praktika e pun\u00ebsimit t\u00eb mjek\u00ebve brenda vendit p\u00ebr nevoja<\/span><br \/>\n<span style=\"color: #000000;\">t\u00eb tij \u00ebsht\u00eb zbatuar p\u00ebr periudha t\u00eb p\u00ebrkohshme, n\u00eb m\u00ebnyra t\u00eb ngjashme, edhe n\u00eb vende t\u00eb tjera, si<\/span><br \/>\n<span style=\"color: #000000;\">Suedia, Spanja, Danimarka, Kazakistani ose Afrika e Jugut, por n\u00eb ndryshim nga parashikimet e<\/span><br \/>\n<span style=\"color: #000000;\">nenit 4 t\u00eb ligjit nr. 60\/2023, afati nuk rezulton t\u00eb ket\u00eb tejkaluar gjysm\u00ebn e koh\u00ebzgjatjes s\u00eb<\/span><br \/>\n<span style=\"color: #000000;\">studimeve. N\u00eb ndryshim nga k\u00ebto raste t\u00eb ngjashme, raporti n\u00eb rastin e Shqip\u00ebris\u00eb rezulton t\u00eb<\/span><br \/>\n<span style=\"color: #000000;\">jet\u00eb, duke iu referuar afatit pes\u00ebvje\u00e7ar t\u00eb pun\u00ebsimit n\u00eb raport me gjasht\u00eb vjet\u00ebt e studimit, n\u00eb<\/span><br \/>\n<span style=\"color: #000000;\">mas\u00ebn 83%.<\/span><br \/>\n<span style=\"color: #000000;\">71. P\u00ebr sa m\u00eb sip\u00ebr, Gjykata vler\u00ebson se dispozitat e kund\u00ebrshtuara, konkretisht<\/span><br \/>\n<span style=\"color: #000000;\">parashikimet e nenit 4 t\u00eb ligjit nr. 60\/2023, n\u00eb pjes\u00ebn q\u00eb parashikojn\u00eb afatet p\u00ebr pun\u00ebsim pas<\/span><br \/>\n<span style=\"color: #000000;\">p\u00ebrfundimit t\u00eb studimeve, sjellin kufizim t\u00eb s\u00eb drejt\u00ebs kushtetuese t\u00eb student\u00ebve p\u00ebr t\u00eb zgjedhur<\/span><br \/>\n<span style=\"color: #000000;\">vendin e pun\u00ebs, t\u00eb garantuar nga neni 49, pika 1, i Kushtetut\u00ebs. N\u00eb kuptim t\u00eb testit t\u00eb<\/span><br \/>\n<span style=\"color: #000000;\">proporcionalitetit, skema e zgjedhur \u00ebsht\u00eb m\u00eb e ashp\u00ebr sesa ishte e nevojshme p\u00ebr arritjen e<\/span><br \/>\n<span style=\"color: #000000;\">q\u00ebllimit t\u00eb synuar n\u00eb raport me rrethanat q\u00eb e kan\u00eb diktuar at\u00eb. Detyrimi i student\u00ebve p\u00ebr t\u00eb<\/span><br \/>\n<span style=\"color: #000000;\">zgjedhur mes n\u00ebnshkrimit ose jo t\u00eb marr\u00ebveshjes, me pasoj\u00ebn q\u00eb n\u00eb rast t\u00eb n\u00ebnshkrimit diploma<\/span><br \/>\n<span style=\"color: #000000;\">kalohet zyrtarisht n\u00eb institucionin sh\u00ebndet\u00ebsor ku pun\u00ebsohen deri n\u00eb \u201cshlyerjen e detyrimeve p\u00ebr<\/span><br \/>\n<span style=\"color: #000000;\">pun\u00ebsim\u201d ka \u00e7uar n\u00eb mohim t\u00ebr\u00ebsor t\u00eb s\u00eb drejt\u00ebs p\u00ebr t\u00eb zgjedhur vendin e pun\u00ebs, sipas kushteve<\/span><br \/>\n<span style=\"color: #000000;\">dhe kritereve me t\u00eb cilat student\u00ebt jan\u00eb njohur dhe i kan\u00eb pranuar n\u00eb momentin q\u00eb kan\u00eb nisur<\/span><br \/>\n<span style=\"color: #000000;\">studimet apo kan\u00eb konkurruar p\u00ebr k\u00ebt\u00eb q\u00ebllim.<\/span><br \/>\n<span style=\"color: #000000;\">72. Duke u nisur nga premisa q\u00eb afatet e p\u00ebrcaktuara nga neni 4 i ligjit nr. 60\/2023 nuk<\/span><br \/>\n<span style=\"color: #000000;\">jan\u00eb proporcionale, si dhe duke pasur parasysh se afati pes\u00ebvje\u00e7ar i parashikuar n\u00eb pik\u00ebn 1,<\/span><br \/>\n<span style=\"color: #000000;\">shkronjat \u201cb\u201d dhe \u201cc\u201d t\u00eb k\u00ebtij neni \u00ebsht\u00eb gati i nj\u00ebjt\u00eb me vet\u00eb koh\u00ebzgjatjen e studimeve, ashtu<\/span><br \/>\n<span style=\"color: #000000;\">edhe duke marr\u00eb n\u00eb konsiderat\u00eb eksperiencat e ngjashme t\u00eb vendeve t\u00eb tjera, Gjykata vler\u00ebson t\u00eb<\/span><br \/>\n<span style=\"color: #000000;\">rishikohet ky afat deri n\u00eb nj\u00eb kufi jo m\u00eb t\u00eb gjat\u00eb sesa tre vjet. Po k\u00ebshtu, ligjv\u00ebn\u00ebsi duhet t\u00eb<\/span><br \/>\n<span style=\"color: #000000;\">rishikoj\u00eb me q\u00ebllim q\u00eb t\u00eb garantoj\u00eb parimin e proporcionalitetit t\u00eb nd\u00ebrhyrjes edhe afatet e tjera<\/span><br \/>\n<span style=\"color: #000000;\">Vendim i Gjykat\u00ebs Kushtetuese<\/span><br \/>\n<span style=\"color: #000000;\">K\u00ebrkues: Nj\u00eb grup deputet\u00ebsh t\u00eb Kuvendit (jo m\u00eb pak se 1\/5 e deputet\u00ebve) dhe nj\u00eb grup student\u00ebsh t\u00eb Fakultetit t\u00eb<\/span><br \/>\n<span style=\"color: #000000;\">Mjek\u00ebsis\u00eb t\u00eb Universitetit t\u00eb Mjek\u00ebsis\u00eb Tiran\u00eb<\/span><br \/>\n<span style=\"color: #000000;\">tre dhe dyvje\u00e7are t\u00eb p\u00ebrcaktuara respektivisht n\u00eb pik\u00ebn 2, shkronjat \u201ca\u201d dhe \u201cb\u201d dhe pik\u00ebn 3,<\/span><br \/>\n<span style=\"color: #000000;\">shkronjat \u201ca\u201d dhe \u201cb\u201d t\u00eb nenit 4 t\u00eb ligjit nr. 60\/2023.<\/span><br \/>\n<span style=\"color: #000000;\">73. Sipas nenit 48 t\u00eb ligjit nr. 8577\/2000, kur ka lidhje midis objektit t\u00eb k\u00ebrkes\u00ebs dhe<\/span><br \/>\n<span style=\"color: #000000;\">akteve t\u00eb tjera normative vendos p\u00ebr \u00e7do rast Gjykata. N\u00eb kuptim t\u00eb k\u00ebsaj dispozite, Gjykata<\/span><br \/>\n<span style=\"color: #000000;\">vler\u00ebson se, n\u00eb kuad\u00ebr t\u00eb testit t\u00eb proporcionalitetit, cenimi i t\u00eb drejtave kushtetuese t\u00eb garantuara<\/span><br \/>\n<span style=\"color: #000000;\">nga nenet 49, pika 1, dhe 57 t\u00eb Kushtetut\u00ebs vjen edhe p\u00ebr shkak t\u00eb munges\u00ebs s\u00eb parashikimeve<\/span><br \/>\n<span style=\"color: #000000;\">ligjore n\u00eb nenin 6 t\u00eb ligjit nr. 60\/2023, n\u00eb drejtim t\u00eb: (i) kritereve objektive t\u00eb pun\u00ebsimit me<\/span><br \/>\n<span style=\"color: #000000;\">prioritet, (ii) trajtimit financiar n\u00eb kuad\u00ebr t\u00eb sigurimit t\u00eb mjeteve t\u00eb nevojshme t\u00eb jetes\u00ebs, sipas<\/span><br \/>\n<span style=\"color: #000000;\">nenit 49, pika 1, t\u00eb Kushtetut\u00ebs, (iii) p\u00ebrllogaritjes s\u00eb pages\u00ebs s\u00eb periudh\u00ebs n\u00eb pritje n\u00eb<\/span><br \/>\n<span style=\"color: #000000;\">koh\u00ebzgjatjen e detyrimit p\u00ebr pun\u00ebsim, n\u00ebse shteti nuk iu siguron vend pune student\u00ebve, sepse ata<\/span><br \/>\n<span style=\"color: #000000;\">gjat\u00eb vitit t\u00eb par\u00eb t\u00eb pritjes nuk kan\u00eb mund\u00ebsi pun\u00ebsimi tjet\u00ebr, meqen\u00ebse nuk e disponojn\u00eb ende<\/span><br \/>\n<span style=\"color: #000000;\">diplom\u00ebn dhe, p\u00ebr rrjedhoj\u00eb, d\u00ebmtohen nga masa e parashikuar.<\/span><br \/>\n<span style=\"color: #000000;\">74. Gjykata ka theksuar domosdoshm\u00ebrin\u00eb q\u00eb paraqet p\u00ebr funksionimin e shtetit t\u00eb s\u00eb<\/span><br \/>\n<span style=\"color: #000000;\">drejt\u00ebs shmangia e boshll\u00ebkut ligjor, por edhe funksionin e saj si ligjv\u00ebn\u00ebs negativ p\u00ebr garantimin<\/span><br \/>\n<span style=\"color: #000000;\">e kushtetutshm\u00ebris\u00eb, e cila n\u00eb respektim t\u00eb parimit t\u00eb ndarjes dhe balancimit t\u00eb pushteteve nuk<\/span><br \/>\n<span style=\"color: #000000;\">mund t\u00eb nd\u00ebrhyj\u00eb n\u00eb kompetencat e ligjb\u00ebr\u00ebsit p\u00ebr t\u00eb normuar rregullimin e drejt\u00eb t\u00eb dispozitave<\/span><br \/>\n<span style=\"color: #000000;\">ligjore (shih vendimet nr. 4, dat\u00eb 15.02.2021; nr. 31, dat\u00eb 19.11.2003 t\u00eb Gjykat\u00ebs Kushtetuese).<\/span><br \/>\n<span style=\"color: #000000;\">N\u00eb kuptim t\u00eb nenit 76, pika 5, t\u00eb ligjit nr. 8577\/2000, duke qen\u00eb se mungesa e parashikimeve t\u00eb<\/span><br \/>\n<span style=\"color: #000000;\">m\u00ebsip\u00ebrme p\u00ebrb\u00ebn boshll\u00ebk ligjor, si pasoj\u00eb e t\u00eb cilit kan\u00eb ardhur pasoja negative n\u00eb t\u00eb drejtat<\/span><br \/>\n<span style=\"color: #000000;\">themelore t\u00eb student\u00ebve t\u00eb Fakultetit t\u00eb Mjek\u00ebsis\u00eb, Gjykata vler\u00ebson se ato duhet t\u00eb plot\u00ebsohen<\/span><br \/>\n<span style=\"color: #000000;\">nga ligjv\u00ebn\u00ebsi n\u00eb p\u00ebrputhje me arsyetimin e k\u00ebtij vendimi, duke p\u00ebrcaktuar ai vet\u00eb \u00e7\u00ebshtjet dhe<\/span><br \/>\n<span style=\"color: #000000;\">parimet q\u00eb duhet t\u00eb zbatohen n\u00eb k\u00ebt\u00eb rast, brenda nj\u00eb afati q\u00eb konsiderohet t\u00eb caktohet tre muaj<\/span><br \/>\n<span style=\"color: #000000;\">nga hyrja n\u00eb fuqi e vendimit.<\/span><br \/>\n<span style=\"color: #000000;\">75. P\u00ebr rrjedhoj\u00eb, deri n\u00eb miratimin e rregullimeve t\u00eb reja ligjore nga ligjv\u00ebn\u00ebsi n\u00ebnshkrimi<\/span><br \/>\n<span style=\"color: #000000;\">i marr\u00ebveshjes s\u00eb parashikuar n\u00eb nenin 4, pika 1, shkronja \u201cc\u201d, pika 2, shkronja \u201cb\u201d dhe pika 3<\/span><br \/>\n<span style=\"color: #000000;\">shkronja \u201cb\u201d, t\u00eb ligjit nr. 60\/2023 nuk mund t\u00eb realizohet deri n\u00eb momentin e hyrjes n\u00eb fuqi t\u00eb<\/span><br \/>\n<span style=\"color: #000000;\">afateve t\u00eb reja ligjore, t\u00eb cilat duhet t\u00eb respektojn\u00eb kriteret e nenit 17 t\u00eb Kushtetut\u00ebs.<\/span><br \/>\n<span style=\"color: #000000;\">76. N\u00eb p\u00ebrfundim, Gjykata vler\u00ebson se pretendimet e k\u00ebrkuesve p\u00ebr cenimin e s\u00eb drejt\u00ebs<\/span><br \/>\n<span style=\"color: #000000;\">p\u00ebr arsimim, t\u00eb garantuar nga neni 57 i Kushtetut\u00ebs t\u00eb lidhur me parimin e siguris\u00eb juridike, si<\/span><br \/>\n<span style=\"color: #000000;\">dhe p\u00ebr cenimin e s\u00eb drejt\u00ebs p\u00ebr t\u00eb zgjedhur vet\u00eb vendin e pun\u00ebs, t\u00eb garantuar nga neni 49, pika 1,<\/span><br \/>\n<span style=\"color: #000000;\">i Kushtetut\u00ebs, jan\u00eb pjes\u00ebrisht t\u00eb bazuara, sipas arsyetimit t\u00eb m\u00ebsip\u00ebrm t\u00eb k\u00ebtij vendimi, ndaj<\/span><br \/>\n<span style=\"color: #000000;\">k\u00ebrkesa pranohet pjes\u00ebrisht.<\/span><br \/>\n<span style=\"color: #000000;\">Vendim i Gjykat\u00ebs Kushtetuese<\/span><br \/>\n<span style=\"color: #000000;\">K\u00ebrkues: Nj\u00eb grup deputet\u00ebsh t\u00eb Kuvendit (jo m\u00eb pak se 1\/5 e deputet\u00ebve) dhe nj\u00eb grup student\u00ebsh t\u00eb Fakultetit t\u00eb<\/span><br \/>\n<span style=\"color: #000000;\">Mjek\u00ebsis\u00eb t\u00eb Universitetit t\u00eb Mjek\u00ebsis\u00eb Tiran\u00eb<\/span><br \/>\n<span style=\"color: #000000;\">P\u00cbR K\u00cbTO ARSYE,<\/span><br \/>\n<span style=\"color: #000000;\">Gjykata Kushtetuese e Republik\u00ebs s\u00eb Shqip\u00ebris\u00eb, n\u00eb mb\u00ebshtetje t\u00eb neneve 131, pika 1,<\/span><br \/>\n<span style=\"color: #000000;\">shkronja \u201ca\u201d dhe 134, pikat 1, shkronjat \u201cc\u201d dhe \u201ci\u201d dhe 2, t\u00eb Kushtetut\u00ebs, si dhe neneve 72 dhe<\/span><br \/>\n<span style=\"color: #000000;\">76, pika 5, t\u00eb ligjit nr. 8577, dat\u00eb 10.02.2000 \u201cP\u00ebr organizimin dhe funksionimin e Gjykat\u00ebs<\/span><br \/>\n<span style=\"color: #000000;\">Kushtetuese t\u00eb Republik\u00ebs s\u00eb Shqip\u00ebris\u00eb\u201d, t\u00eb ndryshuar, me shumic\u00eb votash,<\/span><br \/>\n<span style=\"color: #000000;\">V E N D O S I:<\/span><br \/>\n<span style=\"color: #000000;\">1. Pranimin pjes\u00ebrisht t\u00eb k\u00ebrkes\u00ebs.<\/span><br \/>\n<span style=\"color: #000000;\">2. Shfuqizimin e fjal\u00ebve \u201c5 (pes\u00eb) vjet\u201d n\u00eb nenin 4, pika 1, shkronja \u201cb\u201d, \u201c5-vje\u00e7ar\u201d n\u00eb nenin<\/span><br \/>\n<span style=\"color: #000000;\">4, pika 1, shkronja \u201cc\u201d, \u201c3 (tre) vjet\u201d n\u00eb nenin 4, pika 2, shkronja \u201ca\u201d, \u201c3-vje\u00e7ar\u201d n\u00eb nenin<\/span><br \/>\n<span style=\"color: #000000;\">4, pika 2, shkronja \u201cb\u201d, \u201c2 (dy) vjet\u201d n\u00eb nenin 4, pika 3, shkronja \u201ca\u201d, \u201c2-vje\u00e7ar\u201d n\u00eb<\/span><br \/>\n<span style=\"color: #000000;\">nenin 4, pika 3, shkronja \u201cb\u201d, t\u00eb ligjit nr. 60\/2023 \u201cP\u00ebr trajtimin e ve\u00e7ant\u00eb t\u00eb student\u00ebve<\/span><br \/>\n<span style=\"color: #000000;\">q\u00eb ndjekin programin e integruar t\u00eb studimit t\u00eb ciklit t\u00eb dyt\u00eb \u201cMjek\u00ebsi e p\u00ebrgjithshme\u201d n\u00eb<\/span><br \/>\n<span style=\"color: #000000;\">institucionet publike t\u00eb arsimit t\u00eb lart\u00eb\u201d.<\/span><br \/>\n<span style=\"color: #000000;\">3. Konstatimin e ometimit ligjor n\u00eb nenin 6 t\u00eb ligjit nr. 60\/2023 \u201cP\u00ebr trajtimin e ve\u00e7ant\u00eb t\u00eb<\/span><br \/>\n<span style=\"color: #000000;\">student\u00ebve q\u00eb ndjekin programin e integruar t\u00eb studimit t\u00eb ciklit t\u00eb dyt\u00eb \u201cMjek\u00ebsi e<\/span><br \/>\n<span style=\"color: #000000;\">p\u00ebrgjithshme\u201d n\u00eb institucionet publike t\u00eb arsimit t\u00eb lart\u00eb\u201d, lidhur me munges\u00ebn e kritereve<\/span><br \/>\n<span style=\"color: #000000;\">objektive t\u00eb pun\u00ebsimit me prioritet, trajtimin financiar n\u00eb kuad\u00ebr t\u00eb sigurimit t\u00eb mjeteve t\u00eb<\/span><br \/>\n<span style=\"color: #000000;\">nevojshme t\u00eb jetes\u00ebs, si dhe p\u00ebrllogaritjen e pages\u00ebs s\u00eb periudh\u00ebs n\u00eb pritje n\u00eb<\/span><br \/>\n<span style=\"color: #000000;\">koh\u00ebzgjatjen e detyrimit p\u00ebr pun\u00ebsim.<\/span><br \/>\n<span style=\"color: #000000;\">4. Detyrimin e Kuvendit t\u00eb Republik\u00ebs s\u00eb Shqip\u00ebris\u00eb q\u00eb t\u00eb miratoj\u00eb ndryshimet e nevojshme<\/span><br \/>\n<span style=\"color: #000000;\">ligjore brenda 3 (tre) muajve nga hyrja n\u00eb fuqi e k\u00ebtij vendimi.<\/span><br \/>\n<span style=\"color: #000000;\">5. Heqjen e mas\u00ebs s\u00eb pezullimit t\u00eb zbatimit t\u00eb ligjit nr. 60\/2023 \u201cP\u00ebr trajtimin e ve\u00e7ant\u00eb t\u00eb<\/span><br \/>\n<span style=\"color: #000000;\">student\u00ebve q\u00eb ndjekin programin e integruar t\u00eb studimit t\u00eb ciklit t\u00eb dyt\u00eb \u201cMjek\u00ebsi e<\/span><br \/>\n<span style=\"color: #000000;\">p\u00ebrgjithshme\u201d n\u00eb institucionet publike t\u00eb arsimit t\u00eb lart\u00eb\u201d.<\/span><br \/>\n<span style=\"color: #000000;\">Ky vendim \u00ebsht\u00eb p\u00ebrfundimtar dhe hyn n\u00eb fuqi dit\u00ebn e botimit n\u00eb Fletoren Zyrtare.<\/span><br \/>\n<span style=\"color: #000000;\">Marr\u00eb m\u00eb 25.01.2024<\/span><br \/>\n<span style=\"color: #000000;\">Shpallur m\u00eb 26.02.2024<\/span><br \/>\n<span style=\"color: #000000;\">Vendim i Gjykat\u00ebs Kushtetuese<\/span><br \/>\n<span style=\"color: #000000;\">K\u00ebrkues: Nj\u00eb grup deputet\u00ebsh t\u00eb Kuvendit (jo m\u00eb pak se 1\/5 e deputet\u00ebve) dhe nj\u00eb grup student\u00ebsh t\u00eb Fakultetit t\u00eb<\/span><br \/>\n<span style=\"color: #000000;\">Mjek\u00ebsis\u00eb t\u00eb Universitetit t\u00eb Mjek\u00ebsis\u00eb Tiran\u00eb<\/span><br \/>\n<span style=\"color: #000000;\">Mendim pjes\u00ebrisht kund\u00ebr<\/span><br \/>\n<span style=\"color: #000000;\">1. N\u00eb gjykimin kushtetues t\u00eb v\u00ebn\u00eb n\u00eb l\u00ebvizje nga k\u00ebrkuesit, 30 deputet\u00eb t\u00eb Kuvendit (jo<\/span><br \/>\n<span style=\"color: #000000;\">m\u00eb pak se 1\/5-ta e deputet\u00ebve) dhe 37 student\u00eb t\u00eb Fakultetit t\u00eb Mjek\u00ebsis\u00eb t\u00eb Universitetit t\u00eb<\/span><br \/>\n<span style=\"color: #000000;\">Mjek\u00ebsis\u00eb s\u00eb Tiran\u00ebs (UMT), me objekt shfuqizimin e disa dispozitave t\u00eb ligjit nr. 60\/2023 \u201cP\u00ebr<\/span><br \/>\n<span style=\"color: #000000;\">trajtimin e ve\u00e7ant\u00eb t\u00eb student\u00ebve q\u00eb ndjekin programin e integruar t\u00eb studimit t\u00eb ciklit t\u00eb dyt\u00eb<\/span><br \/>\n<span style=\"color: #000000;\">\u201cMjek\u00ebsi e P\u00ebrgjithshme\u201d n\u00eb institucionet publike t\u00eb arsimit t\u00eb lart\u00eb\u201d, jam pjes\u00ebrisht kund\u00ebr<\/span><br \/>\n<span style=\"color: #000000;\">q\u00ebndrimit t\u00eb shumic\u00ebs, pasi vler\u00ebsoj se k\u00ebrkesa duhej t\u00eb ishte pranuar t\u00ebr\u00ebsisht. N\u00eb mb\u00ebshtetje t\u00eb<\/span><br \/>\n<span style=\"color: #000000;\">nenit 132, pika 3, t\u00eb Kushtetut\u00ebs dhe nenit 72, pika 8, t\u00eb ligjit nr. 8577\/2000, q\u00eb parashikojn\u00eb<\/span><br \/>\n<span style=\"color: #000000;\">publikimin e mendimit t\u00eb pakic\u00ebs s\u00eb bashku me vendimin p\u00ebrfundimtar t\u00eb Gjykat\u00ebs, parashtroj n\u00eb<\/span><br \/>\n<span style=\"color: #000000;\">vijim argumentet q\u00eb mb\u00ebshtesin q\u00ebndrimin tim.<\/span><br \/>\n<span style=\"color: #000000;\">2. Ligji nr. 60\/2023 ka p\u00ebr q\u00ebllim sigurimin e burimeve njer\u00ebzore, profesionist\u00ebve n\u00eb<\/span><br \/>\n<span style=\"color: #000000;\">institucionet e sh\u00ebrbimit sh\u00ebndet\u00ebsor n\u00eb vend n\u00ebp\u00ebrmjet p\u00ebrcaktimit t\u00eb rregullave p\u00ebr trajtimin e<\/span><br \/>\n<span style=\"color: #000000;\">ve\u00e7ant\u00eb t\u00eb student\u00ebve q\u00eb ndjekin programin e integruar t\u00eb studimit t\u00eb ciklit t\u00eb dyt\u00eb \u201cMjek\u00ebsi e<\/span><br \/>\n<span style=\"color: #000000;\">p\u00ebrgjithshme\u201d n\u00eb institucionet publike t\u00eb arsimit t\u00eb lart\u00eb (neni 2), por edhe rritjen e interesit t\u00eb<\/span><br \/>\n<span style=\"color: #000000;\">tyre p\u00ebr t\u00eb punuar n\u00eb sektorin sh\u00ebndet\u00ebsor publik si pjes\u00eb e rritjes s\u00eb investimeve n\u00eb sh\u00ebndet\u00ebsi.<\/span><br \/>\n<span style=\"color: #000000;\">N\u00eb funksion t\u00eb k\u00ebtij q\u00ebllimi, ai u ofron k\u00ebtyre student\u00ebve trajtim t\u00eb ve\u00e7ant\u00eb, n\u00eb aspektet e<\/span><br \/>\n<span style=\"color: #000000;\">pun\u00ebsimit me prioritet pas p\u00ebrfundimit t\u00eb studimeve dhe t\u00eb p\u00ebrfitimit nga programet sociale t\u00eb<\/span><br \/>\n<span style=\"color: #000000;\">strehimit (neni 3, pika 1).<\/span><br \/>\n<span style=\"color: #000000;\">3. K\u00ebrkuesit kan\u00eb kund\u00ebrshtuar nenin 4, pikat 1, shkronja \u201cc\u201d, 2, shkronja \u201cb\u201d, 3,<\/span><br \/>\n<span style=\"color: #000000;\">shkronja \u201cb\u201d, si dhe nenin 5, fjalia e par\u00eb, t\u00eb ligjit nr. 60\/2023. Neni 4 parashikon se trajtim t\u00eb<\/span><br \/>\n<span style=\"color: #000000;\">ve\u00e7ant\u00eb p\u00ebrfitojn\u00eb: (i) kandidati q\u00eb pranohet n\u00eb programin e integruar t\u00eb studimit t\u00eb ciklit t\u00eb dyt\u00eb<\/span><br \/>\n<span style=\"color: #000000;\">\u201cMjek\u00ebsi e p\u00ebrgjithshme\u201d n\u00eb institucionet publike t\u00eb arsimit t\u00eb lart\u00eb (pika 1, shkronja \u201cc\u201d); (ii)<\/span><br \/>\n<span style=\"color: #000000;\">studenti i vitit t\u00eb dyt\u00eb deri n\u00eb vitin e kat\u00ebrt akademik (pika 2, shkronja \u201cb\u201d); (iii) studenti i vitit t\u00eb<\/span><br \/>\n<span style=\"color: #000000;\">pest\u00eb ose t\u00eb gjasht\u00eb n\u00eb k\u00ebt\u00eb program (pika 3, shkronja \u201cb\u201d), kur pranojn\u00eb kalimin zyrtarisht t\u00eb<\/span><br \/>\n<span style=\"color: #000000;\">diplom\u00ebs p\u00ebrkat\u00ebse t\u00eb arsimit t\u00eb lart\u00eb nga institucioni publik i arsimit t\u00eb lart\u00eb, ku ka p\u00ebrfunduar<\/span><br \/>\n<span style=\"color: #000000;\">studimet, n\u00eb institucionin sh\u00ebndet\u00ebsor ku pun\u00ebsohet, deri n\u00eb shlyerjen e detyrimeve p\u00ebr pun\u00ebsim,<\/span><br \/>\n<span style=\"color: #000000;\">sipas afateve, p\u00ebrkat\u00ebsisht 5-vje\u00e7ar, 3-vje\u00e7ar dhe 2-vje\u00e7ar, me t\u00eb drejt\u00ebn q\u00eb pas p\u00ebrmbushjes s\u00eb<\/span><br \/>\n<span style=\"color: #000000;\">detyrimit t\u00eb pun\u00ebsimit kandidati t\u00eb t\u00ebrheq\u00eb diplom\u00ebn universitare. Nd\u00ebrsa neni 5 parashikon se<\/span><br \/>\n<span style=\"color: #000000;\">studenti q\u00eb nuk pranon t\u00eb n\u00ebnshkruaj\u00eb marr\u00ebveshjen p\u00ebr t\u00eb punuar n\u00eb nj\u00eb institucion sh\u00ebndet\u00ebsor<\/span><br \/>\n<span style=\"color: #000000;\">n\u00eb vend, publik ose privat, nga data e lindjes t\u00eb s\u00eb drejt\u00ebs p\u00ebr pun\u00ebsim me ministrin\u00eb p\u00ebrgjegj\u00ebse<\/span><br \/>\n<span style=\"color: #000000;\">p\u00ebr arsimin, ministrin\u00eb p\u00ebrgjegj\u00ebse p\u00ebr sh\u00ebndet\u00ebsin\u00eb dhe institucionin e arsimit t\u00eb lart\u00eb publik,<\/span><br \/>\n<span style=\"color: #000000;\">Vendim i Gjykat\u00ebs Kushtetuese<\/span><br \/>\n<span style=\"color: #000000;\">K\u00ebrkues: Nj\u00eb grup deputet\u00ebsh t\u00eb Kuvendit (jo m\u00eb pak se 1\/5 e deputet\u00ebve) dhe nj\u00eb grup student\u00ebsh t\u00eb Fakultetit t\u00eb<\/span><br \/>\n<span style=\"color: #000000;\">Mjek\u00ebsis\u00eb t\u00eb Universitetit t\u00eb Mjek\u00ebsis\u00eb Tiran\u00eb<\/span><br \/>\n<span style=\"color: #000000;\">sipas p\u00ebrcaktimeve t\u00eb pikave 2 dhe 3 t\u00eb nenit 4 t\u00eb k\u00ebtij ligji, paguan vler\u00ebn e plot\u00eb t\u00eb kostos s\u00eb<\/span><br \/>\n<span style=\"color: #000000;\">studimeve (fjalia e par\u00eb).<\/span><br \/>\n<span style=\"color: #000000;\">4. N\u00eb p\u00ebrfundim t\u00eb gjykimit, shumica ka vendosur t\u00eb shfuqizoj\u00eb vet\u00ebm afatet prej pes\u00eb,<\/span><br \/>\n<span style=\"color: #000000;\">tre dhe dy vjet t\u00eb detyrimit p\u00ebr pun\u00ebsim, t\u00eb parashikuara respektivisht n\u00eb nenin 4, pikat 1,<\/span><br \/>\n<span style=\"color: #000000;\">shkronjat \u201cb\u201d dhe \u201cc\u201d, 2, shkronjat \u201ca\u201d dhe \u201cb\u201d, si dhe 3, shkronjat \u201ca\u201d dhe \u201cb\u201d, t\u00eb ligjit nr.<\/span><br \/>\n<span style=\"color: #000000;\">60\/2023, me arsyetimin se ato kufizojn\u00eb t\u00eb drejt\u00ebn e student\u00ebve p\u00ebr t\u00eb zgjedhur dhe pranuar<\/span><br \/>\n<span style=\"color: #000000;\">vendin e pun\u00ebs, t\u00eb garantuar nga neni 49, pika 1, i Kushtetut\u00ebs. Sipas shumic\u00ebs, ndon\u00ebse<\/span><br \/>\n<span style=\"color: #000000;\">nd\u00ebrhyrja \u00ebsht\u00eb vendosur me ligj dhe ka interes publik, ajo nuk \u00ebsht\u00eb proporcionale, pasi skema e<\/span><br \/>\n<span style=\"color: #000000;\">zgjedhur \u00ebsht\u00eb m\u00eb e ashp\u00ebr sesa ishte e nevojshme p\u00ebr arritjen e q\u00ebllimit t\u00eb synuar n\u00eb raport me<\/span><br \/>\n<span style=\"color: #000000;\">rrethanat q\u00eb e kan\u00eb diktuar at\u00eb (shih paragraf\u00ebt 57, 59, 61 dhe 71 t\u00eb vendimit).<\/span><br \/>\n<span style=\"color: #000000;\">5. Nuk pajtohem me k\u00ebt\u00eb q\u00ebndrim t\u00eb shumic\u00ebs, pasi ajo, n\u00eb thelb, pranon se skema<\/span><br \/>\n<span style=\"color: #000000;\">ligjore e zgjedhur e pun\u00ebsimit me prioritet \u00ebsht\u00eb n\u00eb p\u00ebrputhje me Kushtetut\u00ebn, por i duhet<\/span><br \/>\n<span style=\"color: #000000;\">modifikuar vet\u00ebm koh\u00ebzgjatja e detyrimit p\u00ebr pun\u00ebsim, duke e shkurtuar at\u00eb (shih paragrafin 72<\/span><br \/>\n<span style=\"color: #000000;\">dhe 76 t\u00eb vendimit). P\u00ebrkund\u00ebr k\u00ebtij q\u00ebndrimi, vler\u00ebsoj se, n\u00eb t\u00ebr\u00ebsi, mekanizmi ligjor i pun\u00ebsimit<\/span><br \/>\n<span style=\"color: #000000;\">me prioritet t\u00eb studentit q\u00eb ndjek programin e integruar t\u00eb studimit t\u00eb ciklit t\u00eb dyt\u00eb p\u00ebr mjek\u00ebsi n\u00eb<\/span><br \/>\n<span style=\"color: #000000;\">institucionet publike, nuk respekton parimin e proporcionalitetit t\u00eb nd\u00ebrhyrjes q\u00eb ai b\u00ebn n\u00eb t\u00eb<\/span><br \/>\n<span style=\"color: #000000;\">drejtat themelore p\u00ebr t\u00eb zgjedhur ose pranuar vet\u00eb vendin e pun\u00ebs dhe p\u00ebr arsimim, t\u00eb garantuara<\/span><br \/>\n<span style=\"color: #000000;\">nga nenet 49, pika 1 dhe 57, t\u00eb Kushtetut\u00ebs.<\/span><br \/>\n<span style=\"color: #000000;\">6. P\u00ebr sa i takon vler\u00ebsimit t\u00eb parimit t\u00eb propocionalitetit n\u00eb nd\u00ebrhyrjet q\u00eb kufizojn\u00eb t\u00eb<\/span><br \/>\n<span style=\"color: #000000;\">drejtat dhe lirit\u00eb themelore, Gjykata ka zhvilluar disa kritere: (i) n\u00ebse objektivi i ligjv\u00ebn\u00ebsit \u00ebsht\u00eb<\/span><br \/>\n<span style=\"color: #000000;\">mjaftueshm\u00ebrisht i r\u00ebnd\u00ebsish\u00ebm p\u00ebr t\u00eb justifikuar kufizimin e s\u00eb drejt\u00ebs; (ii) n\u00ebse masat e marra<\/span><br \/>\n<span style=\"color: #000000;\">jan\u00eb t\u00eb lidhura n\u00eb m\u00ebnyr\u00eb t\u00eb arsyeshme me objektivin, ato nuk mund t\u00eb jen\u00eb arbitrare, t\u00eb padrejta<\/span><br \/>\n<span style=\"color: #000000;\">ose t\u00eb bazuara mbi vler\u00ebsime alogjike; (iii) n\u00ebse mjetet e p\u00ebrdorura nuk jan\u00eb m\u00eb t\u00eb ashpra se sa<\/span><br \/>\n<span style=\"color: #000000;\">duhet p\u00ebr t\u00eb arritur objektivin e k\u00ebrkuar \u2013 sa m\u00eb t\u00eb m\u00ebdha efektet e d\u00ebmshme t\u00eb mas\u00ebs s\u00eb<\/span><br \/>\n<span style=\"color: #000000;\">p\u00ebrzgjedhur, aq m\u00eb tep\u00ebr duhet t\u00eb jet\u00eb i r\u00ebnd\u00ebsish\u00ebm objektivi p\u00ebr t\u2019u arritur, n\u00eb m\u00ebnyr\u00eb q\u00eb masa<\/span><br \/>\n<span style=\"color: #000000;\">t\u00eb justifikohet si e nevojshme. Proporcionaliteti i nj\u00eb kufizimi vler\u00ebsohet rast pas rasti, duke<\/span><br \/>\n<span style=\"color: #000000;\">pasur parasysh q\u00eb kriteret e m\u00ebsip\u00ebrme t\u00eb mos analizohen ve\u00e7 e ve\u00e7, por t\u00eb g\u00ebrshetuara me nj\u00ebratjetr\u00ebn (shih vendimet nr. 21, dat\u00eb 18.04.2023; nr. 20, dat\u00eb 20.04.2021; nr. 33, dat\u00eb 08.06.2016<\/span><br \/>\n<span style=\"color: #000000;\">t\u00eb Gjykat\u00ebs Kushtetuese).<\/span><br \/>\n<span style=\"color: #000000;\">7. Gjat\u00eb gjykimit kushtetues t\u00eb \u00e7\u00ebshtjes ka rezultuar se ligji nr. 60\/2023 \u00ebsht\u00eb miratuar<\/span><br \/>\n<span style=\"color: #000000;\">p\u00ebr t\u00eb garantuar ofrimin e kujdesit sh\u00ebndet\u00ebsor. Ky i fundit p\u00ebrb\u00ebn jo vet\u00ebm nj\u00eb objektiv social t\u00eb<\/span><br \/>\n<span style=\"color: #000000;\">parashikuar nga neni 59, pika 1, shkronja \u201cc\u201d, i Kushtetut\u00ebs, por edhe nj\u00eb t\u00eb drejt\u00eb themelore t\u00eb<\/span><br \/>\n<span style=\"color: #000000;\">garantuar nga neni 55 i saj. Subjektet e interesuara, Kuvendi dhe K\u00ebshilli i Ministrave, kan\u00eb<\/span><br \/>\n<span style=\"color: #000000;\">Vendim i Gjykat\u00ebs Kushtetuese<\/span><br \/>\n<span style=\"color: #000000;\">K\u00ebrkues: Nj\u00eb grup deputet\u00ebsh t\u00eb Kuvendit (jo m\u00eb pak se 1\/5 e deputet\u00ebve) dhe nj\u00eb grup student\u00ebsh t\u00eb Fakultetit t\u00eb<\/span><br \/>\n<span style=\"color: #000000;\">Mjek\u00ebsis\u00eb t\u00eb Universitetit t\u00eb Mjek\u00ebsis\u00eb Tiran\u00eb<\/span><br \/>\n<span style=\"color: #000000;\">parashtruar se ligji u p\u00ebrgjigjet nevojave t\u00eb diktuara n\u00eb vend lidhur me mungesat e burimeve<\/span><br \/>\n<span style=\"color: #000000;\">njer\u00ebzore, sfidave p\u00ebr t\u2019i mbajtur burimet ekzistuese n\u00eb qendrat sh\u00ebndet\u00ebsore, si dhe p\u00ebr t\u00eb<\/span><br \/>\n<span style=\"color: #000000;\">motivuar profesionist\u00ebt e sh\u00ebndetit p\u00ebr t\u00eb vazhduar pun\u00ebn n\u00eb Shqip\u00ebri, me q\u00ebllim garantimin e<\/span><br \/>\n<span style=\"color: #000000;\">sh\u00ebrbimit mjek\u00ebsor p\u00ebr popullsin\u00eb. K\u00ebshilli i Ministrave, n\u00eb seanc\u00ebn plenare t\u00eb dat\u00ebs 21.12.2023,<\/span><br \/>\n<span style=\"color: #000000;\">ka deklaruar se p\u00ebr 4 vjet\u00ebt e ardhshme \u00ebsht\u00eb e pritshme t\u00eb jen\u00eb rreth 1000 pozicione vakante n\u00eb<\/span><br \/>\n<span style=\"color: #000000;\">sektorin e sh\u00ebndet\u00ebsis\u00eb.<\/span><br \/>\n<span style=\"color: #000000;\">8. N\u00eb k\u00ebto rrethana dhe bazuar n\u00eb kriteret e zhvilluara nga jurisprudenca kushtetuese,<\/span><br \/>\n<span style=\"color: #000000;\">\u00e7\u00ebshtja q\u00eb shtrohej p\u00ebr zgjidhje p\u00ebrpara Gjykat\u00ebs ishte analiza e kujdesshme e situat\u00ebs p\u00ebr t\u00eb<\/span><br \/>\n<span style=\"color: #000000;\">identifikuar p\u00ebrmas\u00ebn e nevoj\u00ebs p\u00ebr mjek\u00eb t\u00eb rinj q\u00eb duhet t\u00eb ushtrojn\u00eb profesionin n\u00eb Shqip\u00ebri,<\/span><br \/>\n<span style=\"color: #000000;\">logjik\u00ebn dhe ndershm\u00ebrin\u00eb e mekanizmit ligjor \u201cmarr\u00ebveshje p\u00ebrpara pranimit n\u00eb programin e<\/span><br \/>\n<span style=\"color: #000000;\">studimit p\u00ebr t\u00eb ushtruar profesionin n\u00eb Shqip\u00ebri dhe n\u00eb rast mospranimi, me sanksion pagimin e<\/span><br \/>\n<span style=\"color: #000000;\">kostos s\u00eb plot\u00eb t\u00eb studimeve n\u00eb arsimin publik\u201d, si dhe ashp\u00ebrsin\u00eb e k\u00ebtij mekanizmi.<\/span><br \/>\n<span style=\"color: #000000;\">9. Fillimisht duhet evidentuar se, si\u00e7 sh\u00ebnohet n\u00eb relacionin shoq\u00ebrues, nisma p\u00ebr<\/span><br \/>\n<span style=\"color: #000000;\">miratimin e ligjit \u00ebsht\u00eb nd\u00ebrmarr\u00eb nga K\u00ebshilli i Ministrave pa qen\u00eb pjes\u00eb e programit vjetor<\/span><br \/>\n<span style=\"color: #000000;\">analitik t\u00eb projektakteve p\u00ebr vitin 2023, t\u00eb miratuar me vendimin e dat\u00ebs 27.12.2022. Programi<\/span><br \/>\n<span style=\"color: #000000;\">vjetor i projektakteve \u00ebsht\u00eb nj\u00eb prej instrumenteve t\u00eb parashikuar nga legjislacioni n\u00eb fuqi (shih<\/span><br \/>\n<span style=\"color: #000000;\">nenin 27 t\u00eb ligjit nr. 9000, dat\u00eb 30.01.2003 \u201cP\u00ebr organizimin dhe funksionimin e K\u00ebshillit t\u00eb<\/span><br \/>\n<span style=\"color: #000000;\">Ministrave\u201d dhe pikat 2, shkronja \u201c\u00e7\u201d, 7, 8, 9 dhe 10 t\u00eb rregullores s\u00eb miratuar me vendimin nr.<\/span><br \/>\n<span style=\"color: #000000;\">584, dat\u00eb 28.08.2003, t\u00eb ndryshuar), bazuar n\u00eb rolin kushtetues t\u00eb K\u00ebshillit t\u00eb Ministrave p\u00ebr t\u00eb<\/span><br \/>\n<span style=\"color: #000000;\">p\u00ebrcaktuar drejtimet e p\u00ebrgjithshme t\u00eb politik\u00ebs shtet\u00ebrore (neni 100 i Kushtetut\u00ebs). Nga ana<\/span><br \/>\n<span style=\"color: #000000;\">tjet\u00ebr, n\u00eb relacionin shoq\u00ebrues t\u00eb projektligjit \u00ebsht\u00eb sh\u00ebnuar se nisma \u00ebsht\u00eb n\u00eb p\u00ebrputhje me<\/span><br \/>\n<span style=\"color: #000000;\">programin politik t\u00eb K\u00ebshillit t\u00eb Ministrave t\u00eb miratuar me vendimin nr. 68\/2021, dat\u00eb<\/span><br \/>\n<span style=\"color: #000000;\">17.09.2021 t\u00eb Kuvendit, si dhe me disa strategji komb\u00ebtare, sikurse ajo p\u00ebr zhvillim dhe integrim<\/span><br \/>\n<span style=\"color: #000000;\">(2022 \u2013 2030), e arsimit (2021 \u2013 2026), si dhe e sh\u00ebndet\u00ebsis\u00eb (2021-2030). Megjithat\u00eb, n\u00eb asnj\u00eb<\/span><br \/>\n<span style=\"color: #000000;\">prej k\u00ebtyre dokumenteve programore dhe strategjike nuk rezulton t\u00eb jet\u00eb parashikuar nj\u00eb nism\u00eb e<\/span><br \/>\n<span style=\"color: #000000;\">till\u00eb ligjore, por ato p\u00ebrmbajn\u00eb vet\u00ebm angazhime t\u00eb p\u00ebrgjithshme p\u00ebr p\u00ebrmir\u00ebsimin e burimeve<\/span><br \/>\n<span style=\"color: #000000;\">njer\u00ebzore me q\u00ebllim ofrimin e sh\u00ebrbimeve cil\u00ebsore.<\/span><br \/>\n<span style=\"color: #000000;\">10. N\u00eb vijim, K\u00ebshilli i Ministrave, bazuar n\u00eb nenin 83, pika 2, t\u00eb Kushtetut\u00ebs i ka<\/span><br \/>\n<span style=\"color: #000000;\">propozuar Kuvendit q\u00eb shqyrtimi dhe miratimi i projektligjit t\u00eb b\u00ebhet me procedur\u00eb t\u00eb<\/span><br \/>\n<span style=\"color: #000000;\">p\u00ebrshpejtuar, p\u00ebr shkak t\u00eb nevoj\u00ebs emergjente q\u00eb ai paraqet p\u00ebr miratimin dhe hyrjen n\u00eb fuqi,<\/span><br \/>\n<span style=\"color: #000000;\">p\u00ebrpara fillimit t\u00eb procedurave p\u00ebr aplikimin dhe regjistrimin e kandidat\u00ebve p\u00ebr student\u00eb n\u00eb<\/span><br \/>\n<span style=\"color: #000000;\">fush\u00ebn e mjek\u00ebsis\u00eb p\u00ebr vitin akademik 2023-2024 (shih faqen 11 t\u00eb relacionit shoq\u00ebrues t\u00eb<\/span><br \/>\n<span style=\"color: #000000;\">Vendim i Gjykat\u00ebs Kushtetuese<\/span><br \/>\n<span style=\"color: #000000;\">K\u00ebrkues: Nj\u00eb grup deputet\u00ebsh t\u00eb Kuvendit (jo m\u00eb pak se 1\/5 e deputet\u00ebve) dhe nj\u00eb grup student\u00ebsh t\u00eb Fakultetit t\u00eb<\/span><br \/>\n<span style=\"color: #000000;\">Mjek\u00ebsis\u00eb t\u00eb Universitetit t\u00eb Mjek\u00ebsis\u00eb Tiran\u00eb<\/span><br \/>\n<span style=\"color: #000000;\">projektligjit). Mbi baz\u00ebn e k\u00ebtij propozimi Kuvendi ka miratuar ligjin nr. 60\/2023 me procedur\u00eb<\/span><br \/>\n<span style=\"color: #000000;\">t\u00eb p\u00ebrshpejtuar parlamentare n\u00eb seanc\u00ebn plenare t\u00eb dat\u00ebs 21.07.2023.<\/span><br \/>\n<span style=\"color: #000000;\">11. P\u00ebr sa m\u00eb lart, kjo nism\u00eb \u00ebsht\u00eb p\u00ebrfshir\u00eb n\u00eb kalendar pa planifikim, si dhe \u00ebsht\u00eb<\/span><br \/>\n<span style=\"color: #000000;\">hartuar dhe miratuar me urgjenc\u00eb. Kjo do t\u00eb thot\u00eb se ka munguar vler\u00ebsimi logjik dhe analiza e<\/span><br \/>\n<span style=\"color: #000000;\">p\u00ebrshtatshme e nevoj\u00ebs faktike \u2013 p\u00ebrmasa e largimit t\u00eb profesionist\u00ebve t\u00eb fush\u00ebs s\u00eb mjek\u00ebsis\u00eb<\/span><br \/>\n<span style=\"color: #000000;\">jasht\u00eb vendit, p\u00ebrfshir\u00eb k\u00ebtu edhe ndikimin q\u00eb mund t\u00eb ket\u00eb n\u00eb k\u00ebt\u00eb nevoj\u00eb numri i mjek\u00ebve t\u00eb<\/span><br \/>\n<span style=\"color: #000000;\">diplomuar n\u00eb institucionet e arsimit privat q\u00eb operojn\u00eb n\u00eb vend, si dhe mund\u00ebsia e p\u00ebrdorimit t\u00eb<\/span><br \/>\n<span style=\"color: #000000;\">alternativave t\u00eb tjera m\u00eb pak kufizuese p\u00ebr t\u2019iu p\u00ebrgjigjur nevoj\u00ebs faktike.<\/span><br \/>\n<span style=\"color: #000000;\">12. Ligji nr. 60\/2023 i shtrin efektet n\u00eb periudh\u00ebn nga viti akademik 2023-2024 deri n\u00eb<\/span><br \/>\n<span style=\"color: #000000;\">vitin akademik 2027 \u2013 2028 (neni 9), pra p\u00ebrmes tij preken 10 breza student\u00ebsh, t\u00eb cil\u00ebt<\/span><br \/>\n<span style=\"color: #000000;\">detyrohen t\u00eb ushtrojn\u00eb profesionin n\u00eb Shqip\u00ebri pas p\u00ebrfundimit t\u00eb studimeve. B\u00ebhet fjal\u00eb p\u00ebr 5<\/span><br \/>\n<span style=\"color: #000000;\">breza t\u00eb plot\u00eb student\u00ebsh me nga 6 vjet, p\u00ebr aq sa \u00ebsht\u00eb koh\u00ebzgjatja e plot\u00eb e ciklit t\u00eb studimeve<\/span><br \/>\n<span style=\"color: #000000;\">p\u00ebr programin e integruar t\u00eb studimit \u201cMjek\u00ebsi e P\u00ebrgjithshme\u201d, nd\u00ebrsa 5 breza student\u00ebsh<\/span><br \/>\n<span style=\"color: #000000;\">preken pjes\u00ebrisht sipas vitit n\u00eb t\u00eb cilin ndodhen aktualisht deri n\u00eb p\u00ebrfundimin e programit (shih<\/span><br \/>\n<span style=\"color: #000000;\">paragrafin e dyt\u00eb t\u00eb pik\u00ebs 5 t\u00eb p\u00ebrgjigjes s\u00eb dh\u00ebn\u00eb me shkrim nga K\u00ebshilli i Ministrave me<\/span><br \/>\n<span style=\"color: #000000;\">shkres\u00ebn e dat\u00ebs 05.01.2024). N\u00eb kontekst t\u00eb p\u00ebrmbajtjes dhe q\u00ebllimit t\u00eb ligjit \u00ebsht\u00eb e qart\u00eb q\u00eb<\/span><br \/>\n<span style=\"color: #000000;\">kategoria e individ\u00ebve q\u00eb preken p\u00ebrfshin student\u00ebt dhe mjek\u00ebt e rinj q\u00eb jan\u00eb n\u00eb profesion deri 5<\/span><br \/>\n<span style=\"color: #000000;\">vjet pas diplomimit.<\/span><br \/>\n<span style=\"color: #000000;\">13. Gjat\u00eb gjykimit kushtetues ka rezultuar se n\u00eb sistemin sh\u00ebndet\u00ebsor ofrojn\u00eb sh\u00ebrbim<\/span><br \/>\n<span style=\"color: #000000;\">5400 mjek\u00eb, q\u00eb n\u00ebnkupton 1.93 mjek\u00eb p\u00ebr \u00e7do 1000 banor\u00eb (shih faqen 6, paragrafi i tret\u00eb, t\u00eb<\/span><br \/>\n<span style=\"color: #000000;\">relacionit shoq\u00ebrues t\u00eb projektligjit). Aktualisht, sistemi sh\u00ebndet\u00ebsor ka 4 % pozicione vakante<\/span><br \/>\n<span style=\"color: #000000;\">(482) mjek\u00eb, 213 mjek\u00eb jan\u00eb n\u00eb mosh\u00eb pensioni, nd\u00ebrsa \u00e7do vit largohen jasht\u00eb vendit rreth 200<\/span><br \/>\n<span style=\"color: #000000;\">mjek\u00eb (shih pik\u00ebn 1 t\u00eb p\u00ebrgjigjes s\u00eb dh\u00ebn\u00eb me shkrim nga K\u00ebshilli i Ministrave me shkres\u00ebn e<\/span><br \/>\n<span style=\"color: #000000;\">dat\u00ebs 05.01.2024). P\u00ebr sa i takon mosh\u00ebs s\u00eb mjek\u00ebve q\u00eb largohen jasht\u00eb vendit dhe llojit t\u00eb<\/span><br \/>\n<span style=\"color: #000000;\">arsimit t\u00eb ndjekur prej tyre (publik ose privat), n\u00eb gjykim nuk u paraqit\u00ebn t\u00eb dh\u00ebna. Nga ana<\/span><br \/>\n<span style=\"color: #000000;\">tjet\u00ebr, p\u00ebr t\u2019iu p\u00ebrgjigjur situat\u00ebs s\u00eb largimit t\u00eb mjek\u00ebve, n\u00eb Universitetin e Mjek\u00ebsis\u00eb Tiran\u00eb ka<\/span><br \/>\n<span style=\"color: #000000;\">pasur rritje graduale t\u00eb numrit t\u00eb kuotave t\u00eb \u00e7elura p\u00ebr \u00e7do vit p\u00ebr programin e studimit \u201cMjek\u00ebsi<\/span><br \/>\n<span style=\"color: #000000;\">e P\u00ebrgjithshme\u201d, duke arritur n\u00eb 464 t\u00eb tilla brenda vitit 2024 (shih vendimin nr. 17, dat\u00eb<\/span><br \/>\n<span style=\"color: #000000;\">10.03.2023 t\u00eb Senatit Akademik t\u00eb UMT-s\u00eb).<\/span><br \/>\n<span style=\"color: #000000;\">14. Nga analiza e k\u00ebtyre t\u00eb dh\u00ebnave konstatohet leht\u00ebsisht se gjendja e burimeve<\/span><br \/>\n<span style=\"color: #000000;\">njer\u00ebzore n\u00eb sistemin sh\u00ebndet\u00ebsor nuk mund t\u00eb cil\u00ebsohet si nevoj\u00eb emergjente, si\u00e7 kan\u00eb<\/span><br \/>\n<span style=\"color: #000000;\">parashtruar subjektet e interesuara. Duhet theksuar se fenomeni i largimit jasht\u00eb vendit i t\u00eb rinjve<\/span><br \/>\n<span style=\"color: #000000;\">Vendim i Gjykat\u00ebs Kushtetuese<\/span><br \/>\n<span style=\"color: #000000;\">K\u00ebrkues: Nj\u00eb grup deputet\u00ebsh t\u00eb Kuvendit (jo m\u00eb pak se 1\/5 e deputet\u00ebve) dhe nj\u00eb grup student\u00ebsh t\u00eb Fakultetit t\u00eb<\/span><br \/>\n<span style=\"color: #000000;\">Mjek\u00ebsis\u00eb t\u00eb Universitetit t\u00eb Mjek\u00ebsis\u00eb Tiran\u00eb<\/span><br \/>\n<span style=\"color: #000000;\">t\u00eb mir\u00ebarsimuar dhe t\u00eb kualifikuar, i njohur edhe si ikja e trurit (brain drain), \u00ebsht\u00eb tep\u00ebr<\/span><br \/>\n<span style=\"color: #000000;\">shqet\u00ebsues, por ai duket se ekziston n\u00eb t\u00eb gjith\u00eb rajonin e Ballkanit.1 Megjithat\u00eb, ky fenomen<\/span><br \/>\n<span style=\"color: #000000;\">vendas dhe rajonal nuk mund t\u00eb thjeshtohet duke e adresuar at\u00eb si nj\u00eb \u00e7\u00ebshtje q\u00eb ka lidhje vet\u00ebm<\/span><br \/>\n<span style=\"color: #000000;\">me sektorin e mjek\u00ebsis\u00eb ose vet\u00ebm me mjek\u00ebt q\u00eb studiojn\u00eb dhe diplomohen n\u00eb programet e<\/span><br \/>\n<span style=\"color: #000000;\">arsimit publik. Madje subjekti i interesuar, Kuvendi pohoi n\u00eb gjykim se tendenca dhe fryma q\u00eb<\/span><br \/>\n<span style=\"color: #000000;\">mbizot\u00ebron tek t\u00eb rinjt\u00eb shqiptar\u00eb, pa p\u00ebrjashtuar edhe student\u00ebt e mjek\u00ebsis\u00eb, \u00ebsht\u00eb ajo e largimit<\/span><br \/>\n<span style=\"color: #000000;\">jasht\u00eb vendit. Po k\u00ebshtu, largimi i mjek\u00ebve t\u00eb sapodiplomuar jasht\u00eb vendit nuk \u00ebsht\u00eb nj\u00eb situat\u00eb<\/span><br \/>\n<span style=\"color: #000000;\">q\u00eb u krijua n\u00eb m\u00ebnyr\u00eb t\u00eb beft\u00eb, q\u00eb t\u00eb gjente t\u00eb pap\u00ebrgatitura autoritetet politik\u00ebb\u00ebr\u00ebse dhe<\/span><br \/>\n<span style=\"color: #000000;\">vendimmarr\u00ebse n\u00eb Shqip\u00ebri.<\/span><br \/>\n<span style=\"color: #000000;\">15. N\u00eb k\u00ebndv\u00ebshtrim t\u00eb sa m\u00eb sip\u00ebr dhe duke mbajtur n\u00eb konsiderat\u00eb se Shqip\u00ebria \u00ebsht\u00eb<\/span><br \/>\n<span style=\"color: #000000;\">nj\u00eb vend n\u00eb zhvillim, q\u00eb \u00ebsht\u00eb prekur nga l\u00ebvizjet demografike t\u00eb popullsis\u00eb, p\u00ebrfshir\u00eb edhe<\/span><br \/>\n<span style=\"color: #000000;\">l\u00ebvizjen e lir\u00eb jasht\u00eb vendit t\u00eb t\u00eb rinjve dhe profesionist\u00ebve, vler\u00ebsoj se n\u00eb gjykim nuk u provua<\/span><br \/>\n<span style=\"color: #000000;\">q\u00eb nevoja p\u00ebr mjek\u00eb t\u00eb rinj t\u00eb ket\u00eb p\u00ebrmasa emergjente t\u00eb atij niveli q\u00eb t\u00eb justifikonte miratimin e<\/span><br \/>\n<span style=\"color: #000000;\">nj\u00eb mekanizmi ligjor kaq t\u00eb ashp\u00ebr. Nga ana tjet\u00ebr, pranimet n\u00eb programet e studimit nga UMTja vit pas viti jan\u00eb n\u00eb rritje dhe duket se jan\u00eb m\u00eb t\u00eb larta sesa numri i mjek\u00ebve q\u00eb largohen (shih<\/span><br \/>\n<span style=\"color: #000000;\">paragrafin 13 m\u00eb sip\u00ebr). P\u00ebr m\u00eb tep\u00ebr, duket se n\u00eb situat\u00ebn n\u00eb fjal\u00eb nuk jan\u00eb p\u00ebrfshir\u00eb treguesit<\/span><br \/>\n<span style=\"color: #000000;\">q\u00eb gjenerohen nga universitetet private t\u00eb mjek\u00ebsis\u00eb, t\u00eb cilat kan\u00eb kuota vjetore t\u00eb planifikuara<\/span><br \/>\n<span style=\"color: #000000;\">dhe num\u00ebr t\u00eb konsideruesh\u00ebm mjek\u00ebsh t\u00eb rinj q\u00eb diplomohen vit pas viti.<\/span><br \/>\n<span style=\"color: #000000;\">16. N\u00ebn k\u00ebt\u00eb optik\u00eb, \u00e7moj se subjektet e interesuara nuk arrit\u00ebn t\u00eb shpjegonin n\u00eb m\u00ebnyr\u00eb<\/span><br \/>\n<span style=\"color: #000000;\">t\u00eb arsyeshme dhe bind\u00ebse n\u00eb gjykim se p\u00ebrse kjo situat\u00eb u vler\u00ebsua prej tyre emergjente n\u00eb at\u00eb<\/span><br \/>\n<span style=\"color: #000000;\">mas\u00eb q\u00eb t\u00eb diktonte hartimin e nj\u00eb ligji \u201cemergjent\u201d, jasht\u00eb programit legjislativ dhe me<\/span><br \/>\n<span style=\"color: #000000;\">procedur\u00eb t\u00eb p\u00ebrshpejtuar. Po k\u00ebshtu, nuk duket q\u00eb vler\u00ebsimi p\u00ebr nd\u00ebrmarrjen e nj\u00eb nisme t\u00eb till\u00eb<\/span><br \/>\n<span style=\"color: #000000;\">t\u00eb ket\u00eb qen\u00eb logjik dhe i ndersh\u00ebm, pasi ai i detyron student\u00ebt, p\u00ebrfshir\u00eb edhe ata q\u00eb jan\u00eb me<\/span><br \/>\n<span style=\"color: #000000;\">mund\u00ebsi t\u00eb kufizuara financiare familjare dhe personale, t\u00eb n\u00ebnshkruajn\u00eb nj\u00eb marr\u00ebveshje me<\/span><br \/>\n<span style=\"color: #000000;\">pasoja financiare p\u00ebr ta. N\u00eb k\u00ebt\u00eb kuptim, tarifa e studimit n\u00eb arsimin publik \u00ebsht\u00eb shum\u00ebfishuar<\/span><br \/>\n<span style=\"color: #000000;\">duke u barazuar me kostot e studimit. Konkretisht, kostoja\/tarifa e studimit aktualisht llogaritet<\/span><br \/>\n<span style=\"color: #000000;\">n\u00eb 248,975 lek\u00eb p\u00ebr student (shih paragrafin 4 t\u00eb vendimit) nga 45,000 lek\u00eb q\u00eb ka qen\u00eb. Kjo vler\u00eb<\/span><br \/>\n<span style=\"color: #000000;\">\u00ebsht\u00eb shum\u00eb e lart\u00eb dhe e kthen \u201cmarr\u00ebveshjen p\u00ebrpara pranimit n\u00eb programin e studimit p\u00ebr t\u00eb<\/span><br \/>\n<span style=\"color: #000000;\">ushtruar profesionin n\u00eb Shqip\u00ebri\u201d n\u00eb vetvete n\u00eb sanksion ekonomik, pasi i detyron student\u00ebt q\u00eb<\/span><br \/>\n<span style=\"color: #000000;\">t\u00eb pranojn\u00eb ta n\u00ebnshkruajn\u00eb ose nd\u00ebshkon ata q\u00eb nuk pranojn\u00eb ta n\u00ebnshkruajn\u00eb at\u00eb, duke u hequr<\/span><br \/>\n<span style=\"color: #000000;\">atyre mund\u00ebsin\u00eb e zgjedhjes.<\/span><\/p>\n<p style=\"text-align: left;\">\n<span style=\"color: #000000;\">Vendim i Gjykat\u00ebs Kushtetuese<\/span><br \/>\n<span style=\"color: #000000;\">K\u00ebrkues: Nj\u00eb grup deputet\u00ebsh t\u00eb Kuvendit (jo m\u00eb pak se 1\/5 e deputet\u00ebve) dhe nj\u00eb grup student\u00ebsh t\u00eb Fakultetit t\u00eb<\/span><br \/>\n<span style=\"color: #000000;\">Mjek\u00ebsis\u00eb t\u00eb Universitetit t\u00eb Mjek\u00ebsis\u00eb Tiran\u00eb<\/span><br \/>\n<span style=\"color: #000000;\">17. Nga ana tjet\u00ebr, pretendimi i subjekteve t\u00eb interesuara se ky mekaniz\u00ebm \u00ebsht\u00eb analog<\/span><br \/>\n<span style=\"color: #000000;\">me at\u00eb t\u00eb Shkoll\u00ebs s\u00eb Magjistratur\u00ebs \u00ebsht\u00eb i pabazuar, pasi ky i fundit i ofron kandidatit q\u00eb gjat\u00eb<\/span><br \/>\n<span style=\"color: #000000;\">periudh\u00ebs s\u00eb ndjekjes s\u00eb programit t\u00eb formimit fillestar t\u00eb p\u00ebrfitoj\u00eb nj\u00eb burs\u00eb shkollimi, e cila<\/span><br \/>\n<span style=\"color: #000000;\">p\u00ebrllogaritet me p\u00ebrqindje mbi pag\u00ebn bruto fillestare t\u00eb tij, t\u00eb cil\u00ebn ai \u00ebsht\u00eb i detyruar ta kthej\u00eb<\/span><br \/>\n<span style=\"color: #000000;\">t\u00ebr\u00ebsisht ose 50%, n\u00eb rastet e parashikuara shprehimisht n\u00eb ligj (shih nenin 19 t\u00eb ligjit nr.<\/span><br \/>\n<span style=\"color: #000000;\">96\/2016, dat\u00eb 06.10.2016 \u201cP\u00ebr statusin e gjyqtar\u00ebve dhe prokuror\u00ebve n\u00eb Republik\u00ebn e<\/span><br \/>\n<span style=\"color: #000000;\">Shqip\u00ebris\u00eb\u201d, t\u00eb ndryshuar dhe nenin 267 t\u00eb ligjit nr. 115\/2016, dat\u00eb 03.11.2016 \u201cP\u00ebr organet e<\/span><br \/>\n<span style=\"color: #000000;\">qeverisjes s\u00eb sistemit t\u00eb drejt\u00ebsis\u00eb\u201d, t\u00eb ndryshuar). Kjo do t\u00eb thot\u00eb se kandidat\u00ebt p\u00ebr magjistrat\u00eb<\/span><br \/>\n<span style=\"color: #000000;\">p\u00ebrfitojn\u00eb burs\u00eb shkollimi dhe detyrohen t\u00eb kthejn\u00eb eventualisht vet\u00ebm burs\u00ebn e p\u00ebrfituar,<\/span><br \/>\n<span style=\"color: #000000;\">p\u00ebrkund\u00ebr detyrimit t\u00eb student\u00ebve t\u00eb mjek\u00ebsis\u00eb p\u00ebr t\u2019u sanksionuar me kostot e studimit.<\/span><br \/>\n<span style=\"color: #000000;\">18. N\u00ebn k\u00ebt\u00eb analiz\u00eb, rezulton se detyrimi n\u00eb fjal\u00eb aplikohet vet\u00ebm ndaj student\u00ebve t\u00eb<\/span><br \/>\n<span style=\"color: #000000;\">mjek\u00ebsis\u00eb n\u00eb institucionet e arsimit publik dhe n\u00eb nj\u00eb mas\u00eb t\u00eb till\u00eb q\u00eb nuk \u00ebsht\u00eb n\u00eb raport t\u00eb drejt\u00eb<\/span><br \/>\n<span style=\"color: #000000;\">me nivelin e jetes\u00ebs. Kjo barr\u00eb b\u00ebhet akoma edhe m\u00eb e ndjeshme, n\u00ebse mbahet n\u00eb konsiderat\u00eb se<\/span><br \/>\n<span style=\"color: #000000;\">ligjv\u00ebn\u00ebsi p\u00ebr t\u00eb b\u00ebr\u00eb t\u00eb zbatuesh\u00ebm ligjin ka vendosur edhe ndalimin e t\u00ebrheqjes s\u00eb diplom\u00ebs. N\u00eb<\/span><br \/>\n<span style=\"color: #000000;\">k\u00ebt\u00eb kontekst, \u00e7moj se mekanizmi ligjor, n\u00eb t\u00ebr\u00ebsi, nuk \u00ebsht\u00eb rrjedhoj\u00eb e nj\u00eb vler\u00ebsimi logjik dhe<\/span><br \/>\n<span style=\"color: #000000;\">e b\u00ebn raportin midis tij dhe nevoj\u00ebs t\u00eb shp\u00ebrpjes\u00ebtuar dhe n\u00eb at\u00eb mas\u00eb q\u00eb e shnd\u00ebrron at\u00eb n\u00eb<\/span><br \/>\n<span style=\"color: #000000;\">arbitrar dhe t\u00eb padrejt\u00eb.<\/span><br \/>\n<span style=\"color: #000000;\">19. P\u00ebr rrjedhoj\u00eb, mb\u00ebshtetur n\u00eb argumentet e m\u00ebsip\u00ebrme, vler\u00ebsoj se Gjykata duhej t\u00eb<\/span><br \/>\n<span style=\"color: #000000;\">kishte pranuar k\u00ebrkes\u00ebn e k\u00ebrkuesve dhe t\u00eb vendoste shfuqizimin e dispozitave ligjore, sipas<\/span><br \/>\n<span style=\"color: #000000;\">objektit.<\/span><br \/>\n<span style=\"color: #000000;\">An\u00ebtare: Marsida Xhaferllari<\/span><br \/>\n<span style=\"color: #000000;\">Vendim i Gjykat\u00ebs Kushtetuese<\/span><br \/>\n<span style=\"color: #000000;\">K\u00ebrkues: Nj\u00eb grup deputet\u00ebsh t\u00eb Kuvendit (jo m\u00eb pak se 1\/5 e deputet\u00ebve) dhe nj\u00eb grup student\u00ebsh t\u00eb Fakultetit t\u00eb<\/span><br \/>\n<span style=\"color: #000000;\">Mjek\u00ebsis\u00eb t\u00eb Universitetit t\u00eb Mjek\u00ebsis\u00eb Tiran\u00eb<\/span><br \/>\n<span style=\"color: #000000;\">Mendim pjes\u00ebrisht kund\u00ebr<\/span><br \/>\n<span style=\"color: #000000;\">1. N\u00eb \u00e7\u00ebshtjen objekt gjykimi kam votuar p\u00ebr pranimin e k\u00ebrkes\u00ebs sipas objektit, ndaj dhe<\/span><br \/>\n<span style=\"color: #000000;\">n\u00eb vijim do t\u00eb paraqes argumentet mbi t\u00eb cilat mb\u00ebshtetet ky q\u00ebndrim.<\/span><br \/>\n<span style=\"color: #000000;\">2. Shumica ka arritur n\u00eb konkluzionin e shfuqizimit vet\u00ebm t\u00eb fjal\u00ebve q\u00eb parashikojn\u00eb<\/span><br \/>\n<span style=\"color: #000000;\">afatet ligjore p\u00ebr pun\u00ebsim pas p\u00ebrfundimit t\u00eb studimeve, n\u00eb dispozitat objekt kund\u00ebrshtimi, p\u00ebr<\/span><br \/>\n<span style=\"color: #000000;\">shkak t\u00eb mosrespektimit t\u00eb parimit t\u00eb proporcionalitetit, n\u00eb drejtim t\u00eb n\u00ebntestit t\u00eb<\/span><br \/>\n<span style=\"color: #000000;\">p\u00ebrshtatshm\u00ebris\u00eb. Sipas saj, afatet e p\u00ebrcaktuara nga neni 4 i ligjit nr. 60\/2023 nuk jan\u00eb<\/span><br \/>\n<span style=\"color: #000000;\">proporcionale, si dhe duke pasuar parasysh se afati pes\u00eb vje\u00e7ar, i parashikuar n\u00eb pik\u00ebn 1,<\/span><br \/>\n<span style=\"color: #000000;\">shkronjat \u201cb\u201d dhe \u201cc\u201d t\u00eb k\u00ebtij neni, \u00ebsht\u00eb gati i nj\u00ebjt\u00eb me vet\u00eb koh\u00ebzgjatjen e studimeve, dhe duke<\/span><br \/>\n<span style=\"color: #000000;\">marr\u00eb n\u00eb konsiderat\u00eb eksperiencat e ngjashme t\u00eb vendeve t\u00eb tjera, ajo vler\u00ebson q\u00eb t\u00eb rishikohet<\/span><br \/>\n<span style=\"color: #000000;\">ky afat deri n\u00eb nj\u00eb kufi jo m\u00eb t\u00eb gjat\u00eb sesa tre vjet. Po k\u00ebshtu ligjv\u00ebn\u00ebsi duhet t\u00eb rishikoj\u00eb me<\/span><br \/>\n<span style=\"color: #000000;\">q\u00ebllim q\u00eb t\u00eb garantoj\u00eb parimin e proporcionalitetit t\u00eb nd\u00ebrhyrjes edhe afatet e tjera tre dhe dy<\/span><br \/>\n<span style=\"color: #000000;\">vje\u00e7are t\u00eb p\u00ebrcaktuara n\u00eb pik\u00ebn 2, shkronjat \u201ca\u201d dhe \u201cb\u201d dhe pik\u00ebn 3, shkronjat \u201ca\u201d dhe \u201cb\u201d t\u00eb<\/span><br \/>\n<span style=\"color: #000000;\">nenit 4 t\u00eb ligjit nr. 60\/2023 (shih paragrafin 72 t\u00eb vendimit). Nd\u00ebrsa n\u00eb vler\u00ebsimin tim, n\u00eb vetvete<\/span><br \/>\n<span style=\"color: #000000;\">masa nd\u00ebrhyr\u00ebse legjislative, pra pun\u00ebsimi me detyrim n\u00eb sistemin mjek\u00ebsor publik pas<\/span><br \/>\n<span style=\"color: #000000;\">diplomimit t\u00eb student\u00ebve t\u00eb mjek\u00ebsis\u00eb dhe pagesa e kostove t\u00eb studimit n\u00eb rast mospranimi t\u00eb<\/span><br \/>\n<span style=\"color: #000000;\">n\u00ebnshkrimit t\u00eb kontrat\u00ebs p\u00ebr pun\u00ebsim, nuk plot\u00ebson kriterin kushtetues t\u00eb proporcionalitetit, n\u00eb<\/span><br \/>\n<span style=\"color: #000000;\">drejtim t\u00eb secilit prej n\u00ebnkritereve t\u00eb testit t\u00eb proporcionalitetit, p\u00ebrkat\u00ebsisht nevoj\u00ebs,<\/span><br \/>\n<span style=\"color: #000000;\">domosdoshm\u00ebris\u00eb dhe p\u00ebrshtatshm\u00ebris\u00eb, t\u00eb analizuara s\u00eb bashku ose ve\u00e7 e ve\u00e7.<\/span><br \/>\n<span style=\"color: #000000;\">3. N\u00eb parim, n\u00eb gjykimin tim, zbatimi i ligjit objekt shqyrtimi imponon nj\u00eb barr\u00eb t\u00eb<\/span><br \/>\n<span style=\"color: #000000;\">tepruar mbi student\u00ebt dhe n\u00eb k\u00ebt\u00eb m\u00ebnyr\u00eb d\u00ebshton n\u00eb arritjen e nj\u00eb ekuilibri t\u00eb drejt\u00eb midis<\/span><br \/>\n<span style=\"color: #000000;\">interesit publik p\u00ebr mbrojtjen e sh\u00ebndetit publik dhe ofrimit t\u00eb kujdesit mjek\u00ebsor, nga nj\u00ebra an\u00eb,<\/span><br \/>\n<span style=\"color: #000000;\">dhe interesit t\u00eb student\u00ebve p\u00ebr arsim publik dhe s\u00eb drejt\u00ebs p\u00ebr pun\u00eb t\u00eb ligjshme e q\u00eb duhet ta<\/span><br \/>\n<span style=\"color: #000000;\">zgjedhin vet\u00eb, nga ana tjet\u00ebr.<\/span><br \/>\n<span style=\"color: #000000;\">4. Referuar \u00e7\u00ebshtjes konkrete, rezulton se Kuvendi, n\u00eb baz\u00eb t\u00eb propozimit t\u00eb K\u00ebshillit t\u00eb<\/span><br \/>\n<span style=\"color: #000000;\">Ministrave dhe n\u00eb zbatim t\u00eb procedur\u00ebs s\u00eb p\u00ebrshpejtuar parlamentare, ka miratuar ligjin nr.<\/span><br \/>\n<span style=\"color: #000000;\">60\/2023. Ky ligj ka parashikuar nj\u00eb mekaniz\u00ebm p\u00ebrmes s\u00eb cilit student\u00ebve q\u00eb ndjekin programin<\/span><br \/>\n<span style=\"color: #000000;\">e integruar t\u00eb studimit t\u00eb ciklit t\u00eb dyt\u00eb \u201cMjek\u00ebsi e p\u00ebrgjithshme\u201d n\u00eb institucionet publike t\u00eb<\/span><br \/>\n<span style=\"color: #000000;\">arsimit t\u00eb lart\u00eb u ofrohet nj\u00eb trajtim e ve\u00e7ant\u00eb, i cili, n\u00eb kuptim t\u00eb nenit 3, pika 1, t\u00eb ligjit, p\u00ebrfshin<\/span><br \/>\n<span style=\"color: #000000;\">pun\u00ebsimin me prioritet t\u00eb tyre pas p\u00ebrfundimit t\u00eb studimeve, si dhe t\u00eb drejt\u00ebn p\u00ebr t\u00eb p\u00ebrfituar nga<\/span><br \/>\n<span style=\"color: #000000;\">programet sociale t\u00eb strehimit. Ky trajtim p\u00ebrfitohet si nga kandidati q\u00eb pranohet rishtazi n\u00eb<\/span><br \/>\n<span style=\"color: #000000;\">programin e integruar t\u00eb studimit t\u00eb ciklit t\u00eb dyt\u00eb \u201cMjek\u00ebsi e p\u00ebrgjithshme\u201d n\u00eb institucionet<\/span><br \/>\n<span style=\"color: #000000;\">Vendim i Gjykat\u00ebs Kushtetuese<\/span><br \/>\n<span style=\"color: #000000;\">K\u00ebrkues: Nj\u00eb grup deputet\u00ebsh t\u00eb Kuvendit (jo m\u00eb pak se 1\/5 e deputet\u00ebve) dhe nj\u00eb grup student\u00ebsh t\u00eb Fakultetit t\u00eb<\/span><br \/>\n<span style=\"color: #000000;\">Mjek\u00ebsis\u00eb t\u00eb Universitetit t\u00eb Mjek\u00ebsis\u00eb Tiran\u00eb<\/span><br \/>\n<span style=\"color: #000000;\">publike t\u00eb arsimit t\u00eb lart\u00eb, ashtu edhe nga studenti i vitit t\u00eb dyt\u00eb deri n\u00eb vitin e kat\u00ebrt akademik<\/span><br \/>\n<span style=\"color: #000000;\">dhe nga studenti i vitit t\u00eb pest\u00eb ose t\u00eb gjasht\u00eb (student i nd\u00ebrmjet\u00ebm) n\u00eb k\u00ebt\u00eb program, kur pranon<\/span><br \/>\n<span style=\"color: #000000;\">t\u00eb n\u00ebnshkruaj\u00eb marr\u00ebveshje me ministrin\u00eb p\u00ebrgjegj\u00ebse p\u00ebr arsimin, ministrin\u00eb p\u00ebrgjegj\u00ebse p\u00ebr<\/span><br \/>\n<span style=\"color: #000000;\">sh\u00ebndet\u00ebsin\u00eb dhe institucionin e arsimit t\u00eb lart\u00eb publik. Sipas marr\u00ebveshjes, studenti duhet t\u00eb<\/span><br \/>\n<span style=\"color: #000000;\">punoj\u00eb n\u00eb profesionin e mjekut pas p\u00ebrfundimit t\u00eb studimeve p\u00ebr, respektivisht, jo m\u00eb pak se<\/span><br \/>\n<span style=\"color: #000000;\">pes\u00eb vjet, tre vjet dhe dy vjet, n\u00eb institucionet sh\u00ebndet\u00ebsore n\u00eb Republik\u00ebn e Shqip\u00ebris\u00eb, si dhe<\/span><br \/>\n<span style=\"color: #000000;\">pranon kalimin zyrtarisht t\u00eb diplom\u00ebs p\u00ebrkat\u00ebse t\u00eb arsimit t\u00eb lart\u00eb nga institucioni publik i arsimit<\/span><br \/>\n<span style=\"color: #000000;\">t\u00eb lart\u00eb, ku ka p\u00ebrfunduar studimet, n\u00eb institucionin sh\u00ebndet\u00ebsor ku pun\u00ebsohet deri n\u00eb shlyerjen e<\/span><br \/>\n<span style=\"color: #000000;\">detyrimeve p\u00ebr pun\u00ebsim sipas afatit, p\u00ebrkat\u00ebsit, 5-vje\u00e7ar, 3-vje\u00e7ar dhe 2-vje\u00e7ar, me t\u00eb drejt\u00ebn q\u00eb<\/span><br \/>\n<span style=\"color: #000000;\">pas p\u00ebrmbushjes s\u00eb detyrimit t\u00eb pun\u00ebsimit t\u00eb t\u00ebrheq\u00eb diplom\u00ebn universitare (neni 4, pika 1,<\/span><br \/>\n<span style=\"color: #000000;\">shkronja \u201cc\u201d, pika 2, shkronja \u201cb\u201d, pika 3, shkronja \u2018b\u201d, i ligjit nr. 60\/2023). Nd\u00ebrkoh\u00eb studenti<\/span><br \/>\n<span style=\"color: #000000;\">q\u00eb nuk pranon t\u00eb n\u00ebnshkruaj\u00eb marr\u00ebveshjen sipas p\u00ebrcaktimeve t\u00eb pikave 2 dhe 3 t\u00eb nenit 4,<\/span><br \/>\n<span style=\"color: #000000;\">paguan vler\u00ebn e plot\u00eb t\u00eb kostos s\u00eb studimeve (neni 5 i ligjit nr. 60\/2023).<\/span><br \/>\n<span style=\"color: #000000;\">5. K\u00ebrkuesit n\u00eb lidhje me k\u00ebto parashikime ligjore, t\u00eb cilat i kund\u00ebrshtojn\u00eb si n\u00eb cenim t\u00eb<\/span><br \/>\n<span style=\"color: #000000;\">s\u00eb drejt\u00ebs p\u00ebr arsim dhe s\u00eb drejt\u00ebs p\u00ebr pun\u00ebsim, kan\u00eb pretenduar se p\u00ebr nd\u00ebrhyrjen nuk ekziston<\/span><br \/>\n<span style=\"color: #000000;\">nj\u00eb situat\u00eb emergjente, q\u00eb t\u00eb ket\u00eb ulje t\u00eb numrit t\u00eb mjek\u00ebve n\u00eb raport me popullsin\u00eb. Mjetet e<\/span><br \/>\n<span style=\"color: #000000;\">p\u00ebrdorura nuk jan\u00eb t\u00eb domosdoshme, q\u00eb do t\u00eb thot\u00eb se synimi mund t\u00eb arrihej me mjete t\u00eb tjera.<\/span><br \/>\n<span style=\"color: #000000;\">Garantimi i sh\u00ebrbimit mjek\u00ebsor nuk ka asnj\u00eb lidhje me pagimin e vler\u00ebs s\u00eb plot\u00eb t\u00eb kostos s\u00eb<\/span><br \/>\n<span style=\"color: #000000;\">studimeve, nd\u00ebrhyrja nuk \u00ebsht\u00eb e p\u00ebrshtatshme p\u00ebr realizimin e k\u00ebtij q\u00ebllimi, si dhe nuk e<\/span><br \/>\n<span style=\"color: #000000;\">influencon at\u00eb. Objektivi i ligjv\u00ebn\u00ebsit nuk \u00ebsht\u00eb mjaftueshm\u00ebrisht i r\u00ebnd\u00ebsish\u00ebm p\u00ebr t\u00eb justifikuar<\/span><br \/>\n<span style=\"color: #000000;\">kufizimin e s\u00eb drejt\u00ebs (shih paragrafin 9.2. t\u00eb vendimit).<\/span><br \/>\n<span style=\"color: #000000;\">6. Po n\u00eb k\u00ebt\u00eb drejtim, Kuvendi ka prap\u00ebsuar se kriteret p\u00ebr vendosjen e kufizimit sipas<\/span><br \/>\n<span style=\"color: #000000;\">nenit 17 t\u00eb Kushtetut\u00ebs jan\u00eb plot\u00ebsuar. E drejta p\u00ebr kujdes sh\u00ebndet\u00ebsor synon mbrojtjen e s\u00eb<\/span><br \/>\n<span style=\"color: #000000;\">drejt\u00ebs s\u00eb jet\u00ebs, p\u00ebr rrjedhoj\u00eb shteti ka interes publik q\u00eb t\u00eb nd\u00ebrhyj\u00eb n\u00eb k\u00ebt\u00eb aspekt. Q\u00ebllimi i<\/span><br \/>\n<span style=\"color: #000000;\">ligjv\u00ebn\u00ebsit gjat\u00eb hartimit dhe miratimit t\u00eb ligjit nr. 60\/2023 ka qen\u00eb sigurimi i nj\u00eb raporti t\u00eb drejt\u00eb<\/span><br \/>\n<span style=\"color: #000000;\">midis kufizimit t\u00eb vendosur dhe interesit publik. P\u00ebr sa i p\u00ebrket kriterit t\u00eb proporcionalitetit,<\/span><br \/>\n<span style=\"color: #000000;\">interesi publik n\u00eb garantimin e sh\u00ebrbimit mjek\u00ebsor p\u00ebr popullsin\u00eb mbizot\u00ebron ndaj pritshm\u00ebris\u00eb<\/span><br \/>\n<span style=\"color: #000000;\">s\u00eb student\u00ebve, q\u00eb jan\u00eb n\u00eb ndjekje e sip\u00ebr t\u00eb programit t\u00eb studimit n\u00eb mjek\u00ebsi, p\u00ebr t\u00eb vijuar edhe<\/span><br \/>\n<span style=\"color: #000000;\">koh\u00ebn e mbetur t\u00eb studimit me t\u00eb nj\u00ebjtin trajtim dhe kushte q\u00eb kan\u00eb pasur deri m\u00eb sot (shih<\/span><br \/>\n<span style=\"color: #000000;\">paragraf\u00ebt 10.2.1. dhe 10.2.2. t\u00eb vendimit). Edhe subjekti i interesuar, KM-ja, ka prap\u00ebsuar se<\/span><br \/>\n<span style=\"color: #000000;\">pandemia bot\u00ebrore COVID-19 ka gjeneruar efekte negative, ndaj politikat p\u00ebr rim\u00ebk\u00ebmbje duhet<\/span><br \/>\n<span style=\"color: #000000;\">t\u00eb rimodelohen. Ligji objekt shqyrtimi \u00ebsht\u00eb hartuar n\u00eb p\u00ebrputhje me strategjit\u00eb kryesore n\u00eb vend,<\/span><br \/>\n<span style=\"color: #000000;\">Vendim i Gjykat\u00ebs Kushtetuese<\/span><br \/>\n<span style=\"color: #000000;\">K\u00ebrkues: Nj\u00eb grup deputet\u00ebsh t\u00eb Kuvendit (jo m\u00eb pak se 1\/5 e deputet\u00ebve) dhe nj\u00eb grup student\u00ebsh t\u00eb Fakultetit t\u00eb<\/span><br \/>\n<span style=\"color: #000000;\">Mjek\u00ebsis\u00eb t\u00eb Universitetit t\u00eb Mjek\u00ebsis\u00eb Tiran\u00eb<\/span><br \/>\n<span style=\"color: #000000;\">e konkretisht me q\u00ebllimet e politikave n\u00eb fushat e arsimit, sh\u00ebndet\u00ebsis\u00eb dhe pun\u00ebsimit (shih<\/span><br \/>\n<span style=\"color: #000000;\">paragrafin 11.2. t\u00eb vendimit).<\/span><br \/>\n<span style=\"color: #000000;\">7. Lidhur me kufizimet e t\u00eb drejtave themelore kushtetuese, Gjykata ka nj\u00eb jurisprudenc\u00eb<\/span><br \/>\n<span style=\"color: #000000;\">t\u00eb konsoliduar, sipas s\u00eb cil\u00ebs p\u00ebr vler\u00ebsimin e proporcionalitetit t\u00eb nd\u00ebrhyrjes merret n\u00eb shqyrtim<\/span><br \/>\n<span style=\"color: #000000;\">balanca nd\u00ebrmjet d\u00ebmit t\u00eb shkaktuar individit dhe s\u00eb mir\u00ebs s\u00eb p\u00ebrgjithshme t\u00eb shoq\u00ebris\u00eb, masa e<\/span><br \/>\n<span style=\"color: #000000;\">mbrojtjes nga arbitrariteti q\u00eb ofrojn\u00eb procedurat ligjore, si dhe mund\u00ebsia e shtetit p\u00ebr t\u00eb p\u00ebrdorur<\/span><br \/>\n<span style=\"color: #000000;\">m\u00ebnyra a mjete t\u00eb tjera p\u00ebr t\u00eb arritur q\u00ebllimin. Shteti, brenda mund\u00ebsive, duhet t\u00eb kufizoj\u00eb<\/span><br \/>\n<span style=\"color: #000000;\">nd\u00ebrhyrjen n\u00eb minimum, duke k\u00ebrkuar zgjidhje alternative dhe, p\u00ebrgjith\u00ebsisht, duke u p\u00ebrpjekur<\/span><br \/>\n<span style=\"color: #000000;\">t\u2019i arrij\u00eb q\u00ebllimet n\u00eb m\u00ebnyr\u00eb sa m\u00eb pak t\u00eb d\u00ebmshme nga pik\u00ebpamja e t\u00eb drejtave t\u00eb njeriut (shih<\/span><br \/>\n<span style=\"color: #000000;\">vendimin nr. 17, dat\u00eb 23.04.2010 t\u00eb Gjykat\u00ebs Kushtetuese). P\u00ebrdorimi i k\u00ebtyre mjeteve duhet t\u00eb<\/span><br \/>\n<span style=\"color: #000000;\">jet\u00eb i domosdosh\u00ebm, \u00e7ka do t\u00eb thot\u00eb se synimi nuk mund t\u00eb arrihet me mjete t\u00eb tjera.<\/span><br \/>\n<span style=\"color: #000000;\">Domosdoshm\u00ebria lidhet edhe me p\u00ebrdorimin e mjeteve m\u00eb pak t\u00eb d\u00ebmshme p\u00ebr subjektet q\u00eb u<\/span><br \/>\n<span style=\"color: #000000;\">cenohen t\u00eb drejtat dhe lirit\u00eb. Po k\u00ebshtu, nd\u00ebrhyrja p\u00ebr kufizimin e nj\u00eb t\u00eb drejte ose lirie t\u00eb b\u00ebhet<\/span><br \/>\n<span style=\"color: #000000;\">me mjete t\u00eb p\u00ebrshtatshme q\u00eb i p\u00ebrgjigjen drejt q\u00ebllimit q\u00eb synohet t\u00eb arrihet (shih vendimet nr.<\/span><br \/>\n<span style=\"color: #000000;\">30, dat\u00eb 05.07.2021; nr. 20, dat\u00eb 20.04.2021; nr. 16, dat\u00eb 01.03.2017 t\u00eb Gjykat\u00ebs Kushtetuese).<\/span><br \/>\n<span style=\"color: #000000;\">8. Po sipas Gjykat\u00ebs, p\u00ebr vler\u00ebsimin e proporcionalitetit duhen mbajtur n\u00eb konsiderat\u00eb<\/span><br \/>\n<span style=\"color: #000000;\">disa n\u00ebnkritere: (i) n\u00ebse objektivi i ligjv\u00ebn\u00ebsit \u00ebsht\u00eb mjaftueshm\u00ebrisht i r\u00ebnd\u00ebsish\u00ebm p\u00ebr t\u00eb<\/span><br \/>\n<span style=\"color: #000000;\">justifikuar kufizimin e s\u00eb drejt\u00ebs; (ii) n\u00ebse masat e marra jan\u00eb t\u00eb lidhura n\u00eb m\u00ebnyr\u00eb t\u00eb arsyeshme<\/span><br \/>\n<span style=\"color: #000000;\">me objektivin, ato nuk mund t\u00eb jen\u00eb arbitrare, t\u00eb padrejta ose t\u00eb bazuara mbi vler\u00ebsime alogjike;<\/span><br \/>\n<span style=\"color: #000000;\">(iii) n\u00ebse mjetet e p\u00ebrdorura nuk jan\u00eb m\u00eb t\u00eb ashpra se sa duhet p\u00ebr t\u00eb arritur objektivin e k\u00ebrkuar,<\/span><br \/>\n<span style=\"color: #000000;\">sa m\u00eb t\u00eb m\u00ebdha efektet e d\u00ebmshme t\u00eb mas\u00ebs s\u00eb p\u00ebrzgjedhur, aq m\u00eb tep\u00ebr duhet t\u00eb jet\u00eb i<\/span><br \/>\n<span style=\"color: #000000;\">r\u00ebnd\u00ebsish\u00ebm objektivi p\u00ebr t\u2019u arritur, n\u00eb m\u00ebnyr\u00eb q\u00eb masa t\u00eb justifikohet si e nevojshme (shih<\/span><br \/>\n<span style=\"color: #000000;\">vendimet nr. 20, dat\u00eb 20.04.2021; nr. 11, dat\u00eb 09.03.2021; nr. 33, dat\u00eb 08.06.2016 t\u00eb Gjykat\u00ebs<\/span><br \/>\n<span style=\"color: #000000;\">Kushtetuese).<\/span><br \/>\n<span style=\"color: #000000;\">9. P\u00ebrve\u00e7 sa m\u00eb lart, kjo Gjykat\u00eb mban n\u00eb konsiderat\u00eb prezumimin e pajtueshm\u00ebris\u00eb s\u00eb<\/span><br \/>\n<span style=\"color: #000000;\">aktit normativ me Kushtetut\u00ebn, derisa pal\u00ebt t\u2019i provojn\u00eb asaj t\u00eb kund\u00ebrt\u00ebn. Kjo do t\u00eb thot\u00eb se<\/span><br \/>\n<span style=\"color: #000000;\">lidhur me jokushtetutshm\u00ebrin\u00eb e pretenduar argumentet e parashtruara duhet t\u00eb jen\u00eb bind\u00ebse, p\u00ebr<\/span><br \/>\n<span style=\"color: #000000;\">t\u2019i dh\u00ebn\u00eb mund\u00ebsi k\u00ebsaj Gjykate t\u00eb vler\u00ebsoj\u00eb n\u00ebse zgjidhjet e aplikuara shkelin normat dhe vlerat<\/span><br \/>\n<span style=\"color: #000000;\">kushtetuese (shih vendimet nr. 30, dat\u00eb 02.11.2022; nr. 5, dat\u00eb 27.01.2017; nr. 52, dat\u00eb<\/span><br \/>\n<span style=\"color: #000000;\">26.07.2016 t\u00eb Gjykat\u00ebs Kushtetuese). Nd\u00ebrsa, n\u00eb v\u00ebshtrim t\u00eb kontrollit kushtetues t\u00eb respektimit<\/span><br \/>\n<span style=\"color: #000000;\">t\u00eb parimit t\u00eb proporcionalitetit \u00ebsht\u00eb thelb\u00ebsore t\u00eb theksohet se nuk i takon Gjykat\u00ebs t\u00eb p\u00ebrcaktoj\u00eb<\/span><br \/>\n<span style=\"color: #000000;\">n\u00ebse mjeti i p\u00ebrzgjedhur \u00ebsht\u00eb m\u00ebnyra m\u00eb e p\u00ebrshtatshme, m\u00eb e arsyeshme ose e duhura, por roli<\/span><br \/>\n<span style=\"color: #000000;\">i saj \u00ebsht\u00eb t\u00eb kontrolloj\u00eb n\u00ebse p\u00ebrmbajtja e vet\u00eb dispozit\u00ebs normative \u00ebsht\u00eb e pajtueshme me t\u00eb<\/span><br \/>\n<span style=\"color: #000000;\">Vendim i Gjykat\u00ebs Kushtetuese<\/span><br \/>\n<span style=\"color: #000000;\">K\u00ebrkues: Nj\u00eb grup deputet\u00ebsh t\u00eb Kuvendit (jo m\u00eb pak se 1\/5 e deputet\u00ebve) dhe nj\u00eb grup student\u00ebsh t\u00eb Fakultetit t\u00eb<\/span><br \/>\n<span style=\"color: #000000;\">Mjek\u00ebsis\u00eb t\u00eb Universitetit t\u00eb Mjek\u00ebsis\u00eb Tiran\u00eb<\/span><br \/>\n<span style=\"color: #000000;\">drejtat, lirit\u00eb dhe parimet themelore kushtetuese (shih vendimin nr. 55 dat\u00eb 21.07.2015 t\u00eb<\/span><br \/>\n<span style=\"color: #000000;\">Gjykat\u00ebs Kushtetuese).<\/span><br \/>\n<span style=\"color: #000000;\">10. N\u00eb v\u00ebshtrim t\u00eb standardeve t\u00eb sip\u00ebrp\u00ebrmendura, n\u00eb rastin konkret duhet analizuar<\/span><br \/>\n<span style=\"color: #000000;\">n\u00ebse k\u00ebrkuesit arrit\u00ebn ta p\u00ebrmbysin prezumimin e kushtetutshm\u00ebris\u00eb s\u00eb normave ligjore t\u00eb<\/span><br \/>\n<span style=\"color: #000000;\">kund\u00ebrshtuara n\u00eb raport me tri n\u00ebnkriteret e nd\u00ebrhyrjes: (i) nevoj\u00ebs; (ii) domosdoshm\u00ebris\u00eb, (iii)<\/span><br \/>\n<span style=\"color: #000000;\">p\u00ebrshtatshm\u00ebris\u00eb. N\u00eb k\u00ebt\u00eb drejtim, pyetjet q\u00eb duhej t\u00eb merrnin p\u00ebrgjigje n\u00eb k\u00ebt\u00eb gjykim ishin: A<\/span><br \/>\n<span style=\"color: #000000;\">ishte e nevojshme n\u00eb momentin e marrjes s\u00eb nism\u00ebs ligjore dhe miratimit t\u00eb ligjit nd\u00ebrhyrja<\/span><br \/>\n<span style=\"color: #000000;\">p\u00ebrmes detyrimit p\u00ebr pun\u00ebsim t\u00eb student\u00ebve t\u00eb mjek\u00ebsis\u00eb pas diplomimit? A ishte ky mjet<\/span><br \/>\n<span style=\"color: #000000;\">nd\u00ebrhyr\u00ebs m\u00eb pak i ashpri referuar jo vet\u00ebm afateve detyruese t\u00eb pun\u00ebsimit nga 2, 3 dhe deri n\u00eb 5<\/span><br \/>\n<span style=\"color: #000000;\">vjet, por edhe detyrimit p\u00ebr pagimin e kostos s\u00eb studimit t\u00eb 5 brezave studentor\u00eb, n\u00eb rast se ata<\/span><br \/>\n<span style=\"color: #000000;\">nuk pranojn\u00eb t\u00eb n\u00ebnshkruajn\u00eb marr\u00ebveshjen p\u00ebrkat\u00ebse? A kishte mjete t\u00eb tjera p\u00ebr t\u00eb arritur<\/span><br \/>\n<span style=\"color: #000000;\">objektivin e synuar, dhe a u shqyrtuan alternativat e tjera nga ligjv\u00ebn\u00ebsi? A do t\u00eb sjell\u00eb rezultate<\/span><br \/>\n<span style=\"color: #000000;\">konkrete ky mjet p\u00ebr realizimin e objektivit t\u00eb synuar?<\/span><br \/>\n<span style=\"color: #000000;\">11. Duke iu referuar dokumenteve t\u00eb administruara n\u00eb gjykim, k\u00ebrkuesit paraqit\u00ebn<\/span><br \/>\n<span style=\"color: #000000;\">shkres\u00ebn nr. 3697\/1 t\u00eb dat\u00ebs 17.10.2023 t\u00eb Ministris\u00eb s\u00eb Sh\u00ebndet\u00ebsis\u00eb dhe Mbrojtjes Sociale, me<\/span><br \/>\n<span style=\"color: #000000;\">t\u00eb cil\u00ebn i kthehet p\u00ebrgjigje organizat\u00ebs \u201cQ\u00ebndresa Qytetare\u201d dhe deklarohet se \u201caktualisht, vendet<\/span><br \/>\n<span style=\"color: #000000;\">vakante p\u00ebr mjek\u00eb t\u00eb p\u00ebrgjithsh\u00ebm n\u00eb sistemin sh\u00ebndet\u00ebsor jan\u00eb 4% e numrit total t\u00eb personelit<\/span><br \/>\n<span style=\"color: #000000;\">mjek\u00ebsor n\u00eb kujdes par\u00ebsor. Plot\u00ebsimi i 4% t\u00eb vendeve vakante n\u00eb sistem sh\u00ebndet\u00ebsor \u00ebsht\u00eb nj\u00eb<\/span><br \/>\n<span style=\"color: #000000;\">proces dinamik dhe nuk ka krijuar munges\u00eb t\u00eb ofrimit t\u00eb sh\u00ebrbimit sh\u00ebndet\u00ebsor t\u00eb aksesuesh\u00ebm<\/span><br \/>\n<span style=\"color: #000000;\">dhe pran\u00eb vendbanimit p\u00ebr qytetar\u00ebt\u201d. Nd\u00ebrsa, sipas parashtrimeve t\u00eb subjekteve t\u00eb interesuara<\/span><br \/>\n<span style=\"color: #000000;\">n\u00eb seanc\u00eb plenare rezultoi se numri i p\u00ebrgjithsh\u00ebm i mjek\u00ebve q\u00eb ofrojn\u00eb sh\u00ebrbim n\u00eb sistemin<\/span><br \/>\n<span style=\"color: #000000;\">par\u00ebsor sh\u00ebndet\u00ebsor \u00ebsht\u00eb 5400.<\/span><br \/>\n<span style=\"color: #000000;\">12. Po k\u00ebshtu, referuar shkres\u00ebs nr. 5288\/10 t\u00eb dat\u00ebs 05.01.2024 t\u00eb K\u00ebshillit t\u00eb<\/span><br \/>\n<span style=\"color: #000000;\">Ministrave, numri i pozicioneve vakante p\u00ebr mjek\u00eb \u00ebsht\u00eb 482, numri i mjek\u00ebve n\u00eb mosh\u00eb<\/span><br \/>\n<span style=\"color: #000000;\">pensioni \u00ebsht\u00eb 213 dhe numri i mjek\u00ebve q\u00eb largohen \u00e7do vit jasht\u00eb vendit \u00ebsht\u00eb rreth 200, pasi<\/span><br \/>\n<span style=\"color: #000000;\">k\u00ebrkojn\u00eb t\u00eb pajisen me certifikat\u00eb t\u00eb sjelljes s\u00eb mir\u00eb, tipike p\u00ebr ata q\u00eb k\u00ebrkojn\u00eb t\u00eb largohen nga<\/span><br \/>\n<span style=\"color: #000000;\">vendi, pra rreth 895 vende vakante. Nd\u00ebrkoh\u00eb, po sipas k\u00ebtij subjekti t\u00eb interesuar, ka pasur rritje<\/span><br \/>\n<span style=\"color: #000000;\">graduale t\u00eb numrit t\u00eb kuotave t\u00eb \u00e7elura p\u00ebr \u00e7do vit p\u00ebr programin e studimit \u201cMjek\u00ebsi e<\/span><br \/>\n<span style=\"color: #000000;\">p\u00ebrgjithshme\u201d n\u00eb UMT, duke arritur rreth 500 t\u00eb tilla brenda vitit 2024.<\/span><br \/>\n<span style=\"color: #000000;\">13. P\u00ebr sa m\u00eb lart, n\u00eb \u00e7\u00ebshtjen n\u00eb gjykim, nga k\u00ebrkuesit, p\u00ebrmes shkres\u00ebs s\u00eb sip\u00ebrcituar,<\/span><br \/>\n<span style=\"color: #000000;\">u p\u00ebrmbys prezumimi i nevoj\u00ebs aktuale p\u00ebr nd\u00ebrhyrjen legjislative p\u00ebrkat\u00ebse, pasi nga Ministria e<\/span><br \/>\n<span style=\"color: #000000;\">Sh\u00ebndet\u00ebsis\u00eb dhe Mbrojtjes Sociale pranohet se plot\u00ebsimi i 4% t\u00eb vendeve vakante p\u00ebr mjek\u00eb t\u00eb<\/span><br \/>\n<span style=\"color: #000000;\">Vendim i Gjykat\u00ebs Kushtetuese<\/span><br \/>\n<span style=\"color: #000000;\">K\u00ebrkues: Nj\u00eb grup deputet\u00ebsh t\u00eb Kuvendit (jo m\u00eb pak se 1\/5 e deputet\u00ebve) dhe nj\u00eb grup student\u00ebsh t\u00eb Fakultetit t\u00eb<\/span><br \/>\n<span style=\"color: #000000;\">Mjek\u00ebsis\u00eb t\u00eb Universitetit t\u00eb Mjek\u00ebsis\u00eb Tiran\u00eb<\/span><br \/>\n<span style=\"color: #000000;\">p\u00ebrgjithsh\u00ebm n\u00eb sistem sh\u00ebndet\u00ebsor \u00ebsht\u00eb nj\u00eb proces dinamik dhe nuk ka krijuar munges\u00eb t\u00eb<\/span><br \/>\n<span style=\"color: #000000;\">ofrimit t\u00eb sh\u00ebrbimit sh\u00ebndet\u00ebsor t\u00eb aksesuesh\u00ebm dhe pran\u00eb vendbanimit p\u00ebr qytetar\u00ebt.<\/span><br \/>\n<span style=\"color: #000000;\">14. Po n\u00eb drejtim t\u00eb nevoj\u00ebs, 4% vende vakante nga numri total i 5400 mjek\u00ebve n\u00eb<\/span><br \/>\n<span style=\"color: #000000;\">kujdes par\u00ebsor (n\u00eb terma konkret\u00eb 216 vende vakante), nuk justifikon nevoj\u00ebn reale t\u00eb marrjes s\u00eb<\/span><br \/>\n<span style=\"color: #000000;\">mas\u00ebs kufizuese objekt kund\u00ebrshtimi n\u00eb nj\u00eb kategori t\u00eb zgjeruar prej 5 brezash, kur edhe prurjet<\/span><br \/>\n<span style=\"color: #000000;\">nga UMT-ja p\u00ebr mjek\u00eb t\u00eb diplomuar vit pas viti, n\u00eb periudh\u00ebn q\u00eb shtrihen efektet e k\u00ebtij ligji,<\/span><br \/>\n<span style=\"color: #000000;\">jan\u00eb m\u00eb t\u00eb m\u00ebdha se nevojat aktuale p\u00ebr t\u00eb pun\u00ebsuar mjek\u00eb t\u00eb p\u00ebrgjithsh\u00ebm n\u00eb vendet vakante.<\/span><br \/>\n<span style=\"color: #000000;\">Konkretisht, nd\u00ebrhyrja legjislative prek nj\u00eb kategori student\u00ebsh q\u00eb i p\u00ebrkasin vitit t\u00eb par\u00eb deri n\u00eb<\/span><br \/>\n<span style=\"color: #000000;\">vitin e gjasht\u00eb t\u00eb studimeve. Po ashtu, nd\u00ebrhyrja legjislative prek student\u00ebt e vitit t\u00eb par\u00eb q\u00eb do t\u00eb<\/span><br \/>\n<span style=\"color: #000000;\">pranohen n\u00eb sistemin universitar \u00e7do vit, duke filluar nga viti akademik 2023-2024 deri n\u00eb vitin<\/span><br \/>\n<span style=\"color: #000000;\">akademik 2027 -2028, pra 5 breza student\u00ebsh, q\u00eb n\u00eb var\u00ebsi t\u00eb numrit t\u00eb kuotave t\u00eb pranimit nd\u00ebr<\/span><br \/>\n<span style=\"color: #000000;\">vite mund t\u00eb arrijn\u00eb, rreth 2500 student\u00eb gjithsej, n\u00ebse pranimet do t\u00eb jen\u00eb rreth 500 kuota n\u00eb vit,<\/span><br \/>\n<span style=\"color: #000000;\">sikund\u00ebr pranimet p\u00ebr vitin akademik 2023-2024, referuar vendimit nr.17\/2023 t\u00eb senatit<\/span><br \/>\n<span style=\"color: #000000;\">akademik t\u00eb UMT-s\u00eb. N\u00eb k\u00ebto kushte, vler\u00ebsoj se subjekti i interesuar nuk ka dh\u00ebn\u00eb argumente<\/span><br \/>\n<span style=\"color: #000000;\">se situata faktike e evidentuar n\u00eb koh\u00ebn e miratimit t\u00eb ligjit objekt kund\u00ebrshtimi p\u00ebr ekzistenc\u00ebn e<\/span><br \/>\n<span style=\"color: #000000;\">nevoj\u00ebs, mb\u00ebshtetet n\u00eb vler\u00ebsime t\u00eb mjaftueshme p\u00ebr zbatim t\u00eb kufizimit n\u00eb t\u00eb gjith\u00eb kategorin\u00eb e<\/span><br \/>\n<span style=\"color: #000000;\">zgjeruar t\u00eb student\u00ebve t\u00eb mjek\u00ebsis\u00eb, (5 breza t\u00eb plot\u00eb student\u00ebsh me nga 6 vjet shkollim dhe 5<\/span><br \/>\n<span style=\"color: #000000;\">breza student\u00ebsh q\u00eb preken pjes\u00ebrisht, sipas vitit t\u00eb studimit ku ndodhen deri n\u00eb p\u00ebrfundim t\u00eb<\/span><br \/>\n<span style=\"color: #000000;\">programit). N\u00eb k\u00ebt\u00eb drejtim, nuk pajtohem me argumentet e shumic\u00ebs, se situata faktike e<\/span><br \/>\n<span style=\"color: #000000;\">evidentuar n\u00eb koh\u00ebn e miratimit t\u00eb k\u00ebtij ligji, e provuar edhe gjat\u00eb k\u00ebtij gjykimi dhe q\u00eb lidhet me<\/span><br \/>\n<span style=\"color: #000000;\">problematikat n\u00eb drejtim t\u00eb raportit t\u00eb numrit t\u00eb mjek\u00ebve dhe popullsis\u00eb, \u00ebsht\u00eb rrethan\u00eb q\u00eb b\u00ebn t\u00eb<\/span><br \/>\n<span style=\"color: #000000;\">qart\u00eb ekzistenc\u00ebn e nevoj\u00ebs p\u00ebr t\u00eb vepruar nga ana e ligjv\u00ebn\u00ebsit n\u00eb miratimin e ligjit nr. 60\/2023,<\/span><br \/>\n<span style=\"color: #000000;\">e cila \u00ebsht\u00eb e till\u00eb q\u00eb justifikon kufizimin n\u00eb t\u00eb drejt\u00ebn p\u00ebr pun\u00eb, t\u00eb garantuar nga neni 49, pika 1,<\/span><br \/>\n<span style=\"color: #000000;\">i Kushtetut\u00ebs, (shih paragrafin 65 t\u00eb vendimit). Kjo pasi n\u00eb vler\u00ebsimin tim, problematikat e<\/span><br \/>\n<span style=\"color: #000000;\">evidentuara n\u00eb gjykim n\u00eb drejtim t\u00eb raportit t\u00eb numrit t\u00eb mjek\u00ebve dhe popullsis\u00eb, lidhen me nj\u00eb<\/span><br \/>\n<span style=\"color: #000000;\">nevoj\u00eb t\u00eb p\u00ebrhershme p\u00ebr p\u00ebrmir\u00ebsimin e kujdesit sh\u00ebndet\u00ebsor dhe cil\u00ebsis\u00eb s\u00eb sh\u00ebrbimit<\/span><br \/>\n<span style=\"color: #000000;\">sh\u00ebndet\u00ebsor, si e drejt\u00eb kushtetuese me natyr\u00eb progresive dhe nuk jan\u00eb rrethana t\u00eb tilla q\u00eb mund<\/span><br \/>\n<span style=\"color: #000000;\">t\u00eb argumentonin nevoj\u00ebn aktuale dhe reale p\u00ebr plot\u00ebsim t\u00eb vendeve vakante ekzistuese p\u00ebr mjek\u00eb<\/span><br \/>\n<span style=\"color: #000000;\">t\u00eb p\u00ebrgjithsh\u00ebm n\u00eb sistemin sh\u00ebndet\u00ebsor, p\u00ebrmes mas\u00ebs kufizuese legjislative objekt<\/span><br \/>\n<span style=\"color: #000000;\">kund\u00ebrshtimi.<\/span><br \/>\n<span style=\"color: #000000;\">15. Po ashtu, duke argumentuar m\u00eb lart se nuk ka ekzistuar nevoja aktuale si kusht<\/span><br \/>\n<span style=\"color: #000000;\">paraprak p\u00ebr nd\u00ebrhyrjen legjislative, n\u00eb vler\u00ebsimin tim nuk plot\u00ebsohet as domosdoshm\u00ebria.<\/span><br \/>\n<span style=\"color: #000000;\">Megjithat\u00eb, edhe n\u00eb drejtim t\u00eb domosdoshm\u00ebris\u00eb nuk u provua se kjo ishte masa m\u00eb pak e<\/span><br \/>\n<span style=\"color: #000000;\">Vendim i Gjykat\u00ebs Kushtetuese<\/span><br \/>\n<span style=\"color: #000000;\">K\u00ebrkues: Nj\u00eb grup deputet\u00ebsh t\u00eb Kuvendit (jo m\u00eb pak se 1\/5 e deputet\u00ebve) dhe nj\u00eb grup student\u00ebsh t\u00eb Fakultetit t\u00eb<\/span><br \/>\n<span style=\"color: #000000;\">Mjek\u00ebsis\u00eb t\u00eb Universitetit t\u00eb Mjek\u00ebsis\u00eb Tiran\u00eb<\/span><br \/>\n<span style=\"color: #000000;\">ashp\u00ebr, n\u00eb kuptimin q\u00eb edhe n\u00ebse nd\u00ebrhyrja detyruese p\u00ebr vitet e pun\u00ebsimit t\u00eb ishte i vetmi mjet<\/span><br \/>\n<span style=\"color: #000000;\">p\u00ebr arritjen e objektivit, ai lidhet n\u00eb m\u00ebnyr\u00eb t\u00eb paarsyeshme me detyrimin p\u00ebr pagimin e kostove<\/span><br \/>\n<span style=\"color: #000000;\">p\u00ebr ata student\u00eb t\u00eb mjek\u00ebsis\u00eb q\u00eb nuk e pranojn\u00eb, duke e kthyer mas\u00ebn n\u00eb t\u00ebr\u00ebsi t\u00eb ashp\u00ebr. N\u00eb k\u00ebt\u00eb<\/span><br \/>\n<span style=\"color: #000000;\">drejtim, nga subjektet e interesuara nuk u provua se p\u00ebrse nuk u analizua paraprakisht jo<\/span><br \/>\n<span style=\"color: #000000;\">detyrimi p\u00ebr pagimin e kostove p\u00ebr shkollim p\u00ebr ata student\u00eb mjek\u00ebsie q\u00eb nuk e pranojn\u00eb at\u00eb<\/span><br \/>\n<span style=\"color: #000000;\">detyrim, por edhe mjete t\u00eb tjera alternative si p.sh. nxitja dhe mb\u00ebshtetja p\u00ebrmes pagimit t\u00eb<\/span><br \/>\n<span style=\"color: #000000;\">shpenzimeve personale t\u00eb shkollimit nga ana e shtetit p\u00ebr ata student\u00eb t\u00eb mjek\u00ebsis\u00eb q\u00eb do t\u00eb<\/span><br \/>\n<span style=\"color: #000000;\">pranonin pun\u00ebsimin me detyrim. Sa student\u00eb t\u00eb prekur nga ky ligj, potencialisht mund t\u00eb<\/span><br \/>\n<span style=\"color: #000000;\">pranonin detyrimin p\u00ebrkat\u00ebs lidhur me pun\u00ebsimin me detyrim, n\u00ebse shteti do u merrte p\u00ebrsip\u00ebr<\/span><br \/>\n<span style=\"color: #000000;\">shpenzimet personale t\u00eb jetes\u00ebs? Sa mund\u00ebsi financiare kishte shteti n\u00eb k\u00ebt\u00eb aspekt? Kjo, pasi n\u00eb<\/span><br \/>\n<span style=\"color: #000000;\">vler\u00ebsimin tim, pun\u00ebsimi me detyrim sipas viteve p\u00ebrkat\u00ebse, duke mos e kombinuar me pages\u00ebn<\/span><br \/>\n<span style=\"color: #000000;\">e kostos s\u00eb studimit n\u00eb rast mospranimi t\u00eb n\u00ebnshkrimit t\u00eb kontrat\u00ebs, mund t\u00eb rezultonte si nj\u00eb<\/span><br \/>\n<span style=\"color: #000000;\">mas\u00eb m\u00eb pak t\u00eb ashp\u00ebr sa i p\u00ebrket ekuilibrit t\u00eb interesave publike p\u00ebr ofrimin e kujdesit mjek\u00ebsor,<\/span><br \/>\n<span style=\"color: #000000;\">nga nj\u00ebra an\u00eb, dhe interesit t\u00eb student\u00ebve p\u00ebr arsim publik dhe s\u00eb drejt\u00ebs p\u00ebr pun\u00eb t\u00eb ligjshme e<\/span><br \/>\n<span style=\"color: #000000;\">q\u00eb duhet ta zgjedhin vet\u00eb, nga ana tjet\u00ebr. Ndaj, n\u00eb k\u00ebt\u00eb drejtim, nuk pajtohem me shumic\u00ebn, sipas<\/span><br \/>\n<span style=\"color: #000000;\">s\u00eb cil\u00ebs, edhe nga vet\u00eb k\u00ebrkuesit, n\u00eb lidhje me mund\u00ebsit\u00eb reale p\u00ebr t\u00eb miratuar ndonj\u00eb skem\u00eb<\/span><br \/>\n<span style=\"color: #000000;\">tjet\u00ebr t\u00eb pun\u00ebsimit, nuk u evidentua ndonj\u00eb mas\u00eb ose skem\u00eb tjet\u00ebr q\u00eb mund t\u00eb p\u00ebrdorej n\u00eb k\u00ebt\u00eb<\/span><br \/>\n<span style=\"color: #000000;\">drejtim, e cila mund t\u00eb sillte t\u00eb nj\u00ebjtin efekt t\u00eb d\u00ebshiruar dhe q\u00eb do t\u00eb ishte eficiente p\u00ebr<\/span><br \/>\n<span style=\"color: #000000;\">p\u00ebrmbushjen e q\u00ebllimit t\u00eb synuar dhe, nga ana tjet\u00ebr, m\u00eb pak ose aspak kufizuese e t\u00eb drejtave t\u00eb<\/span><br \/>\n<span style=\"color: #000000;\">student\u00ebve. N\u00eb k\u00ebto kushte, ajo vler\u00ebson se masa e kund\u00ebrshtuar plot\u00ebson edhe k\u00ebrkes\u00ebn e t\u00eb<\/span><br \/>\n<span style=\"color: #000000;\">qenit e domosdoshme. (shih paragrafin 67 t\u00eb vendimit).<\/span><br \/>\n<span style=\"color: #000000;\">16. P\u00ebr m\u00eb tep\u00ebr, n\u00eb drejtim t\u00eb p\u00ebrshtatshm\u00ebris\u00eb nuk rezulton dokumentacion paraprak<\/span><br \/>\n<span style=\"color: #000000;\">dhe analiz\u00eb mb\u00ebshtet\u00ebse e mjaftueshme q\u00eb masa mund t\u00eb sjell\u00eb rezultat, pra t\u00eb jet\u00eb efektive. N\u00eb<\/span><br \/>\n<span style=\"color: #000000;\">vler\u00ebsimin tim, q\u00ebllimi thelb\u00ebsor i nd\u00ebrhyrjes n\u00eb t\u00eb drejtat themelore me ligj, p\u00ebr t\u2019i kufizuar ato<\/span><br \/>\n<span style=\"color: #000000;\">p\u00ebr shkak t\u00eb nj\u00eb nevoje publike, \u00ebsht\u00eb arritja e objektivave t\u00eb synuar, ndaj edhe efektiviteti merr<\/span><br \/>\n<span style=\"color: #000000;\">r\u00ebnd\u00ebsi kryesore n\u00eb kuad\u00ebr t\u00eb kontrollit kushtetues t\u00eb parimit t\u00eb proporcionalitetit. N\u00eb k\u00ebt\u00eb<\/span><br \/>\n<span style=\"color: #000000;\">aspekt, raporti q\u00eb shoq\u00ebronte projektligjin n\u00eb Komisionin e Pun\u00ebs, \u00c7\u00ebshtjeve Sociale dhe<\/span><br \/>\n<span style=\"color: #000000;\">Sh\u00ebndet\u00ebsis\u00eb nisej nga premisa t\u00eb pabazuara dhe jo t\u00eb mb\u00ebshtetura n\u00eb fakte konkrete. Sipas k\u00ebtij<\/span><br \/>\n<span style=\"color: #000000;\">raporti, parashikohej se \u201c\u202650% e student\u00ebve do t\u00eb pranojn\u00eb t\u00eb n\u00ebnshkruajn\u00eb marr\u00ebveshjen\u201d. Po<\/span><br \/>\n<span style=\"color: #000000;\">sipas raportit, \u201c\u2026n\u00eb rast se t\u00eb gjith\u00eb student\u00ebt nuk do ta pranojn\u00eb marr\u00ebveshjen dhe do t\u00eb<\/span><br \/>\n<span style=\"color: #000000;\">paguajn\u00eb koston e plot\u00eb t\u00eb studimeve, efekti financiar do t\u00eb jet\u00eb\u2026, por sipas k\u00ebtij skenari q\u00eb<\/span><br \/>\n<span style=\"color: #000000;\">asnj\u00eb student nuk do t\u00eb pranoj\u00eb t\u00eb n\u00ebnshkruaj\u00eb marr\u00ebveshjen p\u00ebr q\u00ebndrim 2-5 vje\u00e7ar n\u00eb Shqip\u00ebri<\/span><br \/>\n<span style=\"color: #000000;\">\u00ebsht\u00eb skenar jo realist\u201d.<\/span><br \/>\n<span style=\"color: #000000;\">Vendim i Gjykat\u00ebs Kushtetuese<\/span><br \/>\n<span style=\"color: #000000;\">K\u00ebrkues: Nj\u00eb grup deputet\u00ebsh t\u00eb Kuvendit (jo m\u00eb pak se 1\/5 e deputet\u00ebve) dhe nj\u00eb grup student\u00ebsh t\u00eb Fakultetit t\u00eb<\/span><br \/>\n<span style=\"color: #000000;\">Mjek\u00ebsis\u00eb t\u00eb Universitetit t\u00eb Mjek\u00ebsis\u00eb Tiran\u00eb<\/span><br \/>\n<span style=\"color: #000000;\">17. P\u00ebr sa m\u00eb lart, nuk rezultoi e mb\u00ebshtetur me t\u00eb dh\u00ebna dhe analiza paraprake se si<\/span><br \/>\n<span style=\"color: #000000;\">\u00ebsht\u00eb vler\u00ebsuar se 50% e student\u00ebve do ta pranojn\u00eb marr\u00ebveshjen dhe n\u00eb hipotez\u00ebn q\u00eb t\u00eb gjith\u00eb t\u00eb<\/span><br \/>\n<span style=\"color: #000000;\">paguajn\u00eb koston e studimit dhe mos ta n\u00ebnshkruajn\u00eb at\u00eb, q\u00eb mund t\u00eb mos jet\u00eb dhe aq situat\u00eb<\/span><br \/>\n<span style=\"color: #000000;\">jorealiste, cila do t\u00eb ishte nj\u00eb mas\u00eb tjet\u00ebr sipas K\u00ebshillit t\u00eb Ministrave p\u00ebr plot\u00ebsimin e mungesave<\/span><br \/>\n<span style=\"color: #000000;\">p\u00ebr mjek\u00eb n\u00eb sistemin sh\u00ebndet\u00ebsor. Edhe n\u00eb seanc\u00eb gjyq\u00ebsore, pyetjes n\u00ebse t\u00eb gjith\u00eb student\u00ebt e<\/span><br \/>\n<span style=\"color: #000000;\">prekur nuk do t\u00eb pranonin t\u00eb n\u00ebnshkruanin kontrat\u00ebn, \u00e7far\u00eb alternative do t\u00eb kishte p\u00ebr plot\u00ebsimin<\/span><br \/>\n<span style=\"color: #000000;\">e vendeve vakante, K\u00ebshilli i Ministrave, si subjekt i interesuar, iu p\u00ebrgjigj se do t\u00eb merreshin<\/span><br \/>\n<span style=\"color: #000000;\">masa t\u00eb tjera, duke mos i konkretizuar se cilat jan\u00eb ose cilat do t\u00eb ishin (shih procesverbalet e<\/span><br \/>\n<span style=\"color: #000000;\">seanc\u00ebs gjyq\u00ebsore). N\u00eb kuptim t\u00eb testit t\u00eb p\u00ebrshtatshm\u00ebris\u00eb, sipas t\u00eb cilit masa q\u00eb ka kufizuar t\u00eb<\/span><br \/>\n<span style=\"color: #000000;\">drejt\u00ebn duhet t\u00eb sjell\u00eb efektin e duhur dhe t\u00eb realizoj\u00eb synimin p\u00ebr t\u00eb cilin \u00ebsht\u00eb p\u00ebrzgjedhur, nuk<\/span><br \/>\n<span style=\"color: #000000;\">u provua se kjo mas\u00eb \u00ebsht\u00eb bazuar mbi vler\u00ebsime logjike, q\u00eb mund t\u00eb realizonte objektivin e<\/span><br \/>\n<span style=\"color: #000000;\">synuar me kufizim m\u00eb pak t\u00eb ashp\u00ebr, ndaj edhe n\u00eb k\u00ebt\u00eb drejtim kjo nd\u00ebrhyrje nuk plot\u00ebson<\/span><br \/>\n<span style=\"color: #000000;\">standardet e efektivitetit dhe t\u00eb racionalitetit.<\/span><br \/>\n<span style=\"color: #000000;\">18. N\u00eb p\u00ebrfundim, vler\u00ebsoj se dispozitat ligjore objekt kund\u00ebrshtimi nuk respektojn\u00eb t\u00eb<\/span><br \/>\n<span style=\"color: #000000;\">drejt\u00ebn p\u00ebr arsim dhe t\u00eb drejt\u00ebn p\u00ebr pun\u00ebsim t\u00eb student\u00ebve t\u00eb mjek\u00ebsis\u00eb, si rezultat i nd\u00ebrhyrjes<\/span><br \/>\n<span style=\"color: #000000;\">joproporcionale t\u00eb ligjv\u00ebn\u00ebsit, referuar nenit 17 t\u00eb Kushtetut\u00ebs dhe jurisprudenc\u00ebs s\u00eb konsoliduar<\/span><br \/>\n<span style=\"color: #000000;\">t\u00eb k\u00ebsaj Gjykate, ndaj dhe k\u00ebrkesa duhej pranuar n\u00eb t\u00ebr\u00ebsi.<\/span><br \/>\n<span style=\"color: #000000;\">An\u00ebtare: Elsa Toska<\/span><br \/>\n<span style=\"color: #000000;\">Vendim i Gjykat\u00ebs Kushtetuese<\/span><br \/>\n<span style=\"color: #000000;\">K\u00ebrkues: Nj\u00eb grup deputet\u00ebsh t\u00eb Kuvendit (jo m\u00eb pak se 1\/5 e deputet\u00ebve) dhe nj\u00eb grup student\u00ebsh t\u00eb Fakultetit t\u00eb<\/span><br \/>\n<span style=\"color: #000000;\">Mjek\u00ebsis\u00eb t\u00eb Universitetit t\u00eb Mjek\u00ebsis\u00eb Tiran\u00eb<\/span><br \/>\n<span style=\"color: #000000;\">Mendim pjes\u00ebrisht kund\u00ebr<\/span><br \/>\n<span style=\"color: #000000;\">1. N\u00eb gjykimin kushtetues t\u00eb \u00e7\u00ebshtjes nr. 1 (Nj) 2023 t\u00eb Regjistrit Themeltar, q\u00eb i p\u00ebrket<\/span><br \/>\n<span style=\"color: #000000;\">k\u00ebrkes\u00ebs s\u00eb nj\u00eb grupi deputet\u00ebsh t\u00eb Kuvendit (jo m\u00eb pak se nj\u00eb e pesta e deputet\u00ebve) dhe nj\u00eb<\/span><br \/>\n<span style=\"color: #000000;\">grupi student\u00ebsh, me objekt: \u201cShfuqizimin e nenit 4, pikat 1, shkronja \u201cc\u201d, 2, shkronja \u201cb\u201d, 3,<\/span><br \/>\n<span style=\"color: #000000;\">shkronja \u201cb\u201d dhe nenit 5, fjalia e par\u00eb t\u00eb ligjit nr. 60\/2023 \u201cP\u00ebr trajtimin e ve\u00e7ant\u00eb t\u00eb student\u00ebve<\/span><br \/>\n<span style=\"color: #000000;\">q\u00eb ndjekin programin e integruar t\u00eb studimit t\u00eb ciklit t\u00eb dyt\u00eb \u201cMjek\u00ebsi e p\u00ebrgjithshme\u201d n\u00eb<\/span><br \/>\n<span style=\"color: #000000;\">institucionet publike t\u00eb arsimit t\u00eb lart\u00eb\u201d, si dhe pezullimin e tij deri n\u00eb hyrjen n\u00eb fuqi t\u00eb vendimit<\/span><br \/>\n<span style=\"color: #000000;\">p\u00ebrfundimtar t\u00eb Gjykat\u00ebs\u201d, ndaj q\u00ebndrim pjes\u00ebrisht t\u00eb ndrysh\u00ebm nga shumica p\u00ebr sa i p\u00ebrket<\/span><br \/>\n<span style=\"color: #000000;\">zgjidhjes s\u00eb k\u00ebsaj \u00e7\u00ebshtjeje, pasi vler\u00ebsoj se duhej t\u00eb ishte vendosur pranimi i plot\u00eb i k\u00ebrkes\u00ebs,<\/span><br \/>\n<span style=\"color: #000000;\">duke parashtruar argumentet si m\u00eb posht\u00eb vijojn\u00eb.<\/span><br \/>\n<span style=\"color: #000000;\">2. N\u00eb dat\u00ebn 21.07.2023 Kuvendi, n\u00eb baz\u00eb t\u00eb propozimit t\u00eb K\u00ebshillit t\u00eb Ministrave dhe n\u00eb<\/span><br \/>\n<span style=\"color: #000000;\">zbatimit t\u00eb procedur\u00ebs s\u00eb p\u00ebrshpejtuar parlamentare, ka miratuar ligjin nr. 60\/2023, i cili \u00ebsht\u00eb<\/span><br \/>\n<span style=\"color: #000000;\">botuar n\u00eb Fletoren Zyrtare nr. 123, dat\u00eb 16.08.2023 dhe ka hyr\u00eb n\u00eb fuqi 15 dit\u00eb pas botimit t\u00eb tij.<\/span><br \/>\n<span style=\"color: #000000;\">Ky ligj ka parashikuar nj\u00eb mekaniz\u00ebm p\u00ebrmes s\u00eb cilit student\u00ebve q\u00eb ndjekin programin e<\/span><br \/>\n<span style=\"color: #000000;\">integruar t\u00eb studimit t\u00eb ciklit t\u00eb dyt\u00eb \u201cMjek\u00ebsi e p\u00ebrgjithshme\u201d n\u00eb institucionet publike t\u00eb arsimit<\/span><br \/>\n<span style=\"color: #000000;\">t\u00eb lart\u00eb u ofrohet nj\u00eb trajtim e ve\u00e7ant\u00eb, i cili, n\u00eb kuptim t\u00eb nenit 3, pika 1, t\u00eb ligjit, p\u00ebrfshin<\/span><br \/>\n<span style=\"color: #000000;\">pun\u00ebsimin me prioritet t\u00eb tyre pas p\u00ebrfundimit t\u00eb studimeve, si dhe t\u00eb drejt\u00ebn p\u00ebr t\u00eb p\u00ebrfituar nga<\/span><br \/>\n<span style=\"color: #000000;\">programet sociale t\u00eb strehimit.<\/span><br \/>\n<span style=\"color: #000000;\">3. Ky trajtim p\u00ebrfitohet si nga kandidati q\u00eb pranohet rishtazi n\u00eb programin e integruar t\u00eb<\/span><br \/>\n<span style=\"color: #000000;\">studimit t\u00eb ciklit t\u00eb dyt\u00eb \u201cMjek\u00ebsi e p\u00ebrgjithshme\u201d n\u00eb institucionet publike t\u00eb arsimit t\u00eb lart\u00eb,<\/span><br \/>\n<span style=\"color: #000000;\">ashtu edhe nga studenti i vitit t\u00eb dyt\u00eb deri n\u00eb vitin e kat\u00ebrt akademik dhe nga studenti i vitit t\u00eb<\/span><br \/>\n<span style=\"color: #000000;\">pest\u00eb ose t\u00eb gjasht\u00eb (student i nd\u00ebrmjet\u00ebm) n\u00eb k\u00ebt\u00eb program, kur pranon t\u00eb n\u00ebnshkruaj\u00eb<\/span><br \/>\n<span style=\"color: #000000;\">marr\u00ebveshje me ministrin\u00eb p\u00ebrgjegj\u00ebse p\u00ebr arsimin, ministrin\u00eb p\u00ebrgjegj\u00ebse p\u00ebr sh\u00ebndet\u00ebsin\u00eb dhe<\/span><br \/>\n<span style=\"color: #000000;\">institucionin e arsimit t\u00eb lart\u00eb publik. Sipas marr\u00ebveshjes, studenti duhet t\u00eb punoj\u00eb n\u00eb profesionin<\/span><br \/>\n<span style=\"color: #000000;\">e mjekut pas p\u00ebrfundimit t\u00eb studimeve p\u00ebr, respektivisht, jo m\u00eb pak se pes\u00eb vjet, tre vjet dhe dy<\/span><br \/>\n<span style=\"color: #000000;\">vjet, n\u00eb institucionet sh\u00ebndet\u00ebsore n\u00eb Republik\u00ebn e Shqip\u00ebris\u00eb, si dhe pranon kalimin zyrtarisht t\u00eb<\/span><br \/>\n<span style=\"color: #000000;\">diplom\u00ebs p\u00ebrkat\u00ebse t\u00eb arsimit t\u00eb lart\u00eb nga institucioni publik i arsimit t\u00eb lart\u00eb, ku ka p\u00ebrfunduar<\/span><br \/>\n<span style=\"color: #000000;\">studimet, n\u00eb institucionin sh\u00ebndet\u00ebsor ku pun\u00ebsohet deri n\u00eb shlyerjen e detyrimeve p\u00ebr pun\u00ebsim<\/span><br \/>\n<span style=\"color: #000000;\">sipas afatit, p\u00ebrkat\u00ebsisht, 5-vje\u00e7ar, 3-vje\u00e7ar dhe 2-vje\u00e7ar, me t\u00eb drejt\u00ebn q\u00eb pas p\u00ebrmbushjes s\u00eb<\/span><br \/>\n<span style=\"color: #000000;\">detyrimit t\u00eb pun\u00ebsimit t\u00eb t\u00ebrheq\u00eb diplom\u00ebn universitare (neni 4, pika 1, shkronja \u201cc\u201d, pika 2,<\/span><br \/>\n<span style=\"color: #000000;\">shkronja \u201cb\u201d, pika 3, shkronja \u2018b\u201d, i ligjit nr. 60\/2023). Nd\u00ebrkoh\u00eb studenti q\u00eb nuk pranon t\u00eb<\/span><br \/>\n<span style=\"color: #000000;\">Vendim i Gjykat\u00ebs Kushtetuese<\/span><br \/>\n<span style=\"color: #000000;\">K\u00ebrkues: Nj\u00eb grup deputet\u00ebsh t\u00eb Kuvendit (jo m\u00eb pak se 1\/5 e deputet\u00ebve) dhe nj\u00eb grup student\u00ebsh t\u00eb Fakultetit t\u00eb<\/span><br \/>\n<span style=\"color: #000000;\">Mjek\u00ebsis\u00eb t\u00eb Universitetit t\u00eb Mjek\u00ebsis\u00eb Tiran\u00eb<\/span><br \/>\n<span style=\"color: #000000;\">n\u00ebnshkruaj\u00eb marr\u00ebveshjen, sipas p\u00ebrcaktimeve t\u00eb pikave 2 dhe 3 t\u00eb nenit 4, paguan vler\u00ebn e plot\u00eb<\/span><br \/>\n<span style=\"color: #000000;\">t\u00eb kostos s\u00eb studimeve (neni 5 i ligjit nr. 60\/2023).<\/span><br \/>\n<span style=\"color: #000000;\">4. K\u00ebrkuesit kan\u00eb pretenduar se dispozitat e kund\u00ebrshtuara t\u00eb ligjit nr. 60\/2023 kan\u00eb<\/span><br \/>\n<span style=\"color: #000000;\">cenuar disa parime dhe t\u00eb drejta kushtetuese, m\u00eb konkretisht parimin e siguris\u00eb juridike, t\u00eb<\/span><br \/>\n<span style=\"color: #000000;\">garantuar n\u00eb nenin 4 t\u00eb Kushtetut\u00ebs, t\u00eb drejt\u00ebn p\u00ebr pun\u00eb dhe t\u00eb drejt\u00ebn p\u00ebr arsimim, t\u00eb garantuara<\/span><br \/>\n<span style=\"color: #000000;\">nga nenet 49 dhe 57 t\u00eb Kushtetut\u00ebs, n\u00eb kund\u00ebrshtim me kriteret e kufizimit t\u00eb parashikuara n\u00eb<\/span><br \/>\n<span style=\"color: #000000;\">nenin 17 t\u00eb Kushtetut\u00ebs, t\u00eb drejt\u00ebn p\u00ebr t\u00eb mos iu n\u00ebnshtruar pun\u00ebs s\u00eb detyruar, t\u00eb garantuar nga<\/span><br \/>\n<span style=\"color: #000000;\">neni 26 i Kushtetut\u00ebs, si edhe parimin e barazis\u00eb para ligjit, t\u00eb garantuar nga neni 18 i<\/span><br \/>\n<span style=\"color: #000000;\">Kushtetut\u00ebs. N\u00eb lidhje me parimin e barazis\u00eb p\u00ebrpara ligjit jam dakord me q\u00ebndrimin e shumic\u00ebs<\/span><br \/>\n<span style=\"color: #000000;\">se ky pretendim \u00ebsht\u00eb i lidhur me vler\u00ebn e kostos financiare t\u00eb studimeve q\u00eb duhet t\u00eb p\u00ebrballojn\u00eb<\/span><br \/>\n<span style=\"color: #000000;\">student\u00ebt q\u00eb nuk pranojn\u00eb t\u00eb n\u00ebnshkruajn\u00eb marr\u00ebveshjen me institucionet sh\u00ebndet\u00ebsore publike,<\/span><br \/>\n<span style=\"color: #000000;\">metodologjia dhe vlera e t\u00eb cil\u00ebs nuk p\u00ebrcaktohen nga ligji nr. 60\/2023, por jan\u00eb miratuar me<\/span><br \/>\n<span style=\"color: #000000;\">akte n\u00ebnligjore t\u00eb organeve t\u00eb UMT-s\u00eb q\u00eb nuk jan\u00eb objekt i k\u00ebtij gjykimi kushtetues (shih<\/span><br \/>\n<span style=\"color: #000000;\">paragrafin 37 t\u00eb vendimit).<\/span><br \/>\n<span style=\"color: #000000;\">5. N\u00eb lidhje me pretendimet e tjera t\u00eb k\u00ebrkes\u00ebs, q\u00eb lidhen me t\u00eb drejt\u00ebn p\u00ebr arsimim, sipas<\/span><br \/>\n<span style=\"color: #000000;\">nenit 57 t\u00eb Kushtetut\u00ebs, shumica ka vler\u00ebsuar se jan\u00eb mb\u00ebshtetur n\u00eb cenimin e t\u00eb drejtave t\u00eb<\/span><br \/>\n<span style=\"color: #000000;\">fituara dhe pritshm\u00ebrive t\u00eb ligjshme t\u00eb student\u00ebve p\u00ebr shkak t\u00eb ndryshimit t\u00eb korniz\u00ebs ligjore q\u00eb<\/span><br \/>\n<span style=\"color: #000000;\">ka qen\u00eb n\u00eb fuqi n\u00eb koh\u00ebn kur ata kan\u00eb filluar studimet n\u00eb Fakultetin e Mjek\u00ebsis\u00eb (ligji nr.<\/span><br \/>\n<span style=\"color: #000000;\">80\/2015), p\u00ebr student\u00ebt e nd\u00ebrmjet\u00ebm, dhe kur kan\u00eb vendosur t\u00eb konkurrojn\u00eb p\u00ebr t`u b\u00ebr\u00eb pjes\u00eb e<\/span><br \/>\n<span style=\"color: #000000;\">atij fakulteti, p\u00ebr student\u00ebt e vitit t\u00eb par\u00eb. P\u00ebr rrjedhoj\u00eb, ajo ka vler\u00ebsuar t`i analizoj\u00eb k\u00ebto<\/span><br \/>\n<span style=\"color: #000000;\">pretendime n\u00eb vijim n\u00eb drejtim t\u00eb parimit t\u00eb siguris\u00eb juridike. Kurse pretendimet q\u00eb kan\u00eb t\u00eb b\u00ebjn\u00eb<\/span><br \/>\n<span style=\"color: #000000;\">me cenimin e s\u00eb drejt\u00ebs p\u00ebr t\u00eb fituar mjetet e jetes\u00ebs me pun\u00eb t\u00eb ligjshme t\u00eb zgjedhur ose pranuar<\/span><br \/>\n<span style=\"color: #000000;\">vet\u00eb dhe asaj p\u00ebr t\u00eb mos iu n\u00ebnshtruar pun\u00ebs s\u00eb detyruar, p\u00ebr shkak t\u00eb m\u00ebnyr\u00ebs se si jan\u00eb<\/span><br \/>\n<span style=\"color: #000000;\">parashtruar ato, shumica ka vler\u00ebsuar t`i shqyrtoj\u00eb n\u00eb kuptim t\u00eb p\u00ebrmbajtjes s\u00eb nenit 49, pika 1, t\u00eb<\/span><br \/>\n<span style=\"color: #000000;\">Kushtetut\u00ebs (shih paragrafin 38 t\u00eb vendimit).<\/span><br \/>\n<span style=\"color: #000000;\">6. N\u00eb vijim, pasi ka gjetur shkelje t\u00eb parimit t\u00eb siguris\u00eb juridike, p\u00ebr shkak se dispozitat e<\/span><br \/>\n<span style=\"color: #000000;\">kund\u00ebrshtuara kan\u00eb sjell\u00eb pasoja negative t\u00eb t\u00eb drejtave t\u00eb fituara t\u00eb student\u00ebve, sipas<\/span><br \/>\n<span style=\"color: #000000;\">parashikimeve ligjore t\u00eb miratuara n\u00eb kuptim dhe zbatim t\u00eb s\u00eb drejt\u00ebs p\u00ebr arsimim, shumica ka<\/span><br \/>\n<span style=\"color: #000000;\">vler\u00ebsuar se k\u00ebto ndryshime ligjore prekin n\u00eb dukje t\u00eb drejt\u00ebn p\u00ebr pun\u00eb t\u00eb parashikuar nga neni<\/span><br \/>\n<span style=\"color: #000000;\">49 i Kushtetut\u00ebs, ndaj n\u00eb vijim \u00ebsht\u00eb ndalur n\u00eb vler\u00ebsimin n\u00ebse kjo e drejt\u00eb kushtetuese e<\/span><br \/>\n<span style=\"color: #000000;\">student\u00ebve \u00ebsht\u00eb kufizuar dhe n\u00ebse jan\u00eb respektuar kriteret e nenit 17 t\u00eb Kushtetut\u00ebs (shih<\/span><br \/>\n<span style=\"color: #000000;\">paragrafin 50 t\u00eb vendimit). Edhe n\u00eb k\u00ebt\u00eb pjes\u00eb t\u00eb vendimit bashkohem me q\u00ebndrimin e shumic\u00ebs,<\/span><br \/>\n<span style=\"color: #000000;\">ashtu si bashkohem edhe me q\u00ebndrimin se n\u00eb rastin konkret nd\u00ebrhyrja e ligjv\u00ebn\u00ebsit nuk ka<\/span><br \/>\n<span style=\"color: #000000;\">Vendim i Gjykat\u00ebs Kushtetuese<\/span><br \/>\n<span style=\"color: #000000;\">K\u00ebrkues: Nj\u00eb grup deputet\u00ebsh t\u00eb Kuvendit (jo m\u00eb pak se 1\/5 e deputet\u00ebve) dhe nj\u00eb grup student\u00ebsh t\u00eb Fakultetit t\u00eb<\/span><br \/>\n<span style=\"color: #000000;\">Mjek\u00ebsis\u00eb t\u00eb Universitetit t\u00eb Mjek\u00ebsis\u00eb Tiran\u00eb<\/span><br \/>\n<span style=\"color: #000000;\">respektuar kriteret kushtetuese t\u00eb kufizimit. Ajo q\u00eb m\u00eb ndan nga arsyetimi i shumic\u00ebs \u00ebsht\u00eb<\/span><br \/>\n<span style=\"color: #000000;\">shkaku p\u00ebr t\u00eb cilin ajo ka vendosur t\u00eb shfuqizoj\u00eb dispozitat e kund\u00ebrshtuara nga k\u00ebrkuesit.<\/span><br \/>\n<span style=\"color: #000000;\">7. Shumica e ka vler\u00ebsuar t\u00eb drejt\u00ebn p\u00ebr pun\u00eb n\u00eb baz\u00eb t\u00eb kritereve t\u00eb nenit 17 t\u00eb<\/span><br \/>\n<span style=\"color: #000000;\">Kushtetut\u00ebs, e m\u00eb konkretisht duke ia n\u00ebnshtruar at\u00eb testit kushtetues p\u00ebr t\u00eb par\u00eb n\u00ebse: (i)<\/span><br \/>\n<span style=\"color: #000000;\">nd\u00ebrhyrja \u00ebsht\u00eb b\u00ebr\u00eb vet\u00ebm me ligj; (ii) ekziston interesi publik; (iii) \u00ebsht\u00eb respektuar parimi i<\/span><br \/>\n<span style=\"color: #000000;\">proporcionalitetit midis nd\u00ebrhyrjes dhe gjendjes q\u00eb e ka diktuar at\u00eb.<\/span><br \/>\n<span style=\"color: #000000;\">8. N\u00eb lidhje me kriterin e par\u00eb t\u00eb kufizimit, n\u00eb rastin konkret nuk vihet n\u00eb diskutim<\/span><br \/>\n<span style=\"color: #000000;\">respektimi i tij p\u00ebr sa koh\u00eb nd\u00ebrhyrja \u00ebsht\u00eb b\u00ebr\u00eb me ligjin nr. 60\/2023, i cili \u00ebsht\u00eb miratuar nga<\/span><br \/>\n<span style=\"color: #000000;\">Kuvendi, sipas procedurave t\u00eb parashikuara p\u00ebr k\u00ebt\u00eb q\u00ebllim (shih paragrafin 59 t\u00eb vendimit).<\/span><br \/>\n<span style=\"color: #000000;\">9. M\u00eb tej, n\u00eb analiz\u00eb t\u00eb kriterit t\u00eb dyt\u00eb t\u00eb kufizimit, atij p\u00ebr interes publik, qasja ime<\/span><br \/>\n<span style=\"color: #000000;\">ndryshon nga ajo e shumic\u00ebs. Gjykata ka theksuar se \u00ebsht\u00eb e v\u00ebshtir\u00eb t\u00eb radhiten n\u00eb m\u00ebnyr\u00eb<\/span><br \/>\n<span style=\"color: #000000;\">shteruese \u00e7\u00ebshtjet q\u00eb p\u00ebrb\u00ebjn\u00eb interes publik ose t\u00eb arsyes publike q\u00eb \u00e7ojn\u00eb n\u00eb kufizimin e nj\u00eb t\u00eb<\/span><br \/>\n<span style=\"color: #000000;\">drejte themelore, pasi interesi publik duhet kuptuar n\u00eb sensin relativ, n\u00eb var\u00ebsi t\u00eb situatave t\u00eb<\/span><br \/>\n<span style=\"color: #000000;\">ndryshme q\u00eb krijohen. Ato mund t\u00eb renditen vet\u00ebm negativisht, pra n\u00eb aspektin e kufizimit t\u00eb \u00e7do<\/span><br \/>\n<span style=\"color: #000000;\">rasti konkret. N\u00eb praktik\u00ebn kushtetuese \u00ebsht\u00eb pranuar tashm\u00eb se ligjv\u00ebn\u00ebsi, parimisht, \u00ebsht\u00eb i lir\u00eb<\/span><br \/>\n<span style=\"color: #000000;\">t\u00eb veproj\u00eb brenda hap\u00ebsir\u00ebs s\u00eb tij normuese, duke p\u00ebrcaktuar qart\u00eb dhe rast pas rasti q\u00ebllimet q\u00eb<\/span><br \/>\n<span style=\"color: #000000;\">k\u00ebrkon t\u00eb arrij\u00eb (shih vendimet nr. 20, dat\u00eb 20.04.2021; nr. 16, dat\u00eb 01.03.2017; nr. 1, dat\u00eb<\/span><br \/>\n<span style=\"color: #000000;\">16.01.2017 t\u00eb Gjykat\u00ebs Kushtetuese).<\/span><br \/>\n<span style=\"color: #000000;\">10. Sipas shumic\u00ebs, referuar subjekteve t\u00eb interesuara, Kuvendit dhe K\u00ebshillit t\u00eb<\/span><br \/>\n<span style=\"color: #000000;\">Ministrave, interesi publik i evidentuar n\u00eb \u00e7\u00ebshtjen konkrete \u00ebsht\u00eb i lidhur drejtp\u00ebrdrejt me<\/span><br \/>\n<span style=\"color: #000000;\">mir\u00ebfunksionimin e skem\u00ebs s\u00eb kujdesit sh\u00ebndet\u00ebsor dhe garantimin e plot\u00ebsimit t\u00eb nevojave p\u00ebr<\/span><br \/>\n<span style=\"color: #000000;\">burime njer\u00ebzore n\u00eb kryerjen e sh\u00ebrbimeve t\u00eb sh\u00ebndetit publik n\u00eb institucionet sh\u00ebndet\u00ebsore, i cili<\/span><br \/>\n<span style=\"color: #000000;\">rezulton t\u00eb jet\u00eb i lart\u00eb, prandaj ligji \u00ebsht\u00eb hartuar n\u00eb p\u00ebrputhje me nevojat e diktuara n\u00eb vend.<\/span><br \/>\n<span style=\"color: #000000;\">Shumica ka vler\u00ebsuar se sipas nenit 55 t\u00eb Kushtetut\u00ebs shtetasit g\u00ebzojn\u00eb n\u00eb m\u00ebnyr\u00eb t\u00eb barabart\u00eb t\u00eb<\/span><br \/>\n<span style=\"color: #000000;\">drejt\u00ebn p\u00ebr kujdes sh\u00ebndet\u00ebsor dhe sigurim sh\u00ebndet\u00ebsor nga shteti, i cili ka detyrimin p\u00ebr t\u00eb<\/span><br \/>\n<span style=\"color: #000000;\">nd\u00ebrhyr\u00eb me q\u00ebllim sigurimin e saj p\u00ebr t\u00eb gjith\u00eb qytetar\u00ebt p\u00ebrmes ofrimit t\u00eb kujdesit sh\u00ebndet\u00ebsor<\/span><br \/>\n<span style=\"color: #000000;\">n\u00eb institucionet e sh\u00ebndetit publik. Kurse sipas nenit 59, pika 1, shkronja \u201cc\u201d, t\u00eb Kushtetut\u00ebs,<\/span><br \/>\n<span style=\"color: #000000;\">shteti, brenda kompetencave kushtetuese dhe mjeteve q\u00eb disponon, synon edhe standardin m\u00eb t\u00eb<\/span><br \/>\n<span style=\"color: #000000;\">lart\u00eb sh\u00ebndet\u00ebsor t\u00eb mundsh\u00ebm. Referuar nenit 2 t\u00eb ligjit nr. 60\/2023, ai synon sigurimin e<\/span><br \/>\n<span style=\"color: #000000;\">burimeve njer\u00ebzore p\u00ebr kryerjen e sh\u00ebrbimeve t\u00eb sh\u00ebndetit publik n\u00eb institucionet sh\u00ebndet\u00ebsore<\/span><br \/>\n<span style=\"color: #000000;\">n\u00eb Republik\u00ebn e Shqip\u00ebris\u00eb n\u00ebp\u00ebrmjet p\u00ebrcaktimit t\u00eb rregullave p\u00ebr trajtimin e ve\u00e7ant\u00eb t\u00eb<\/span><br \/>\n<span style=\"color: #000000;\">student\u00ebve q\u00eb ndjekin programin e integruar t\u00eb studimit t\u00eb ciklit t\u00eb dyt\u00eb \u201cMjek\u00ebsi e p\u00ebrgjithshme\u201d<\/span><br \/>\n<span style=\"color: #000000;\">n\u00eb institucionet publike t\u00eb arsimit t\u00eb lart\u00eb. P\u00ebr rrjedhoj\u00eb, shumica ka vler\u00ebsuar se n\u00eb rastin<\/span><br \/>\n<span style=\"color: #000000;\">Vendim i Gjykat\u00ebs Kushtetuese<\/span><br \/>\n<span style=\"color: #000000;\">K\u00ebrkues: Nj\u00eb grup deputet\u00ebsh t\u00eb Kuvendit (jo m\u00eb pak se 1\/5 e deputet\u00ebve) dhe nj\u00eb grup student\u00ebsh t\u00eb Fakultetit t\u00eb<\/span><br \/>\n<span style=\"color: #000000;\">Mjek\u00ebsis\u00eb t\u00eb Universitetit t\u00eb Mjek\u00ebsis\u00eb Tiran\u00eb<\/span><br \/>\n<span style=\"color: #000000;\">konkret ka nj\u00eb interes publik q\u00eb ka justifikuar nd\u00ebrhyrjen n\u00eb t\u00eb drejt\u00ebn e student\u00ebve p\u00ebr pun\u00ebsim,<\/span><br \/>\n<span style=\"color: #000000;\">p\u00ebr sa koh\u00eb q\u00eb me rregullimet ligjore t\u00eb kund\u00ebrshtuara synohet t\u00eb garantohet ofrimi i sh\u00ebrbimit<\/span><br \/>\n<span style=\"color: #000000;\">sh\u00ebndet\u00ebsor, n\u00eb kuptim t\u00eb nenit 55, pika 1, t\u00eb Kushtetut\u00ebs, si dhe garantimi i standardeve t\u00eb<\/span><br \/>\n<span style=\"color: #000000;\">sh\u00ebndetit publik, sipas nenit 59, pika 1, shkronja \u201cc\u201d, t\u00eb Kushtetut\u00ebs (shih paragrafin 61 t\u00eb<\/span><br \/>\n<span style=\"color: #000000;\">vendimit).<\/span><br \/>\n<span style=\"color: #000000;\">11. Sipas k\u00ebrkuesve, ligjv\u00ebn\u00ebsi ka rritur tarif\u00ebn e studimeve deri n\u00eb koston e plot\u00eb t\u00eb tyre<\/span><br \/>\n<span style=\"color: #000000;\">pa nj\u00eb q\u00ebllim legjitim. Detyrimi p\u00ebr t\u00eb paguar vler\u00ebn e plot\u00eb t\u00eb kostos s\u00eb studimeve p\u00ebr student\u00ebt<\/span><br \/>\n<span style=\"color: #000000;\">q\u00eb preferojn\u00eb t\u00eb ruajn\u00eb status quo-n\u00eb nuk i p\u00ebrgjigjet objektivit kryesor t\u00eb tij, q\u00eb ka t\u00eb b\u00ebj\u00eb me<\/span><br \/>\n<span style=\"color: #000000;\">sigurimin e stafit mjek\u00ebsor n\u00eb periudh\u00eb afatgjat\u00eb. Edhe kufizimi i marrjes s\u00eb diplom\u00ebs nuk i<\/span><br \/>\n<span style=\"color: #000000;\">sh\u00ebrben interesit publik dhe e drejta e student\u00ebve p\u00ebr t\u00eb p\u00ebrfituar diplom\u00ebn \u00ebsht\u00eb nj\u00eb e drejt\u00eb<\/span><br \/>\n<span style=\"color: #000000;\">themelore q\u00eb nuk mund t\u00eb lidhet me suksesin e marr\u00ebveshjes. N\u00eb vler\u00ebsimin tim ky pretendim i<\/span><br \/>\n<span style=\"color: #000000;\">k\u00ebrkuesve \u00ebsht\u00eb i bazuar dhe n\u00eb rastin konkret, n\u00eb ndryshim nga p\u00ebrfundimi i arritur nga<\/span><br \/>\n<span style=\"color: #000000;\">shumica, interesi publik nuk \u00ebsht\u00eb i justifikuar pasi masat e p\u00ebrdorura jan\u00eb m\u00eb t\u00eb ashpra se sa<\/span><br \/>\n<span style=\"color: #000000;\">duhet p\u00ebr t\u00eb arritur objektivin e k\u00ebrkuar, duke cenuar k\u00ebshtu t\u00eb drejt\u00ebn kushtetuese t\u00eb student\u00ebve<\/span><br \/>\n<span style=\"color: #000000;\">p\u00ebr arsim.<\/span><br \/>\n<span style=\"color: #000000;\">12. Referuar parashtrimeve me shkrim dhe atyre t\u00eb paraqitura n\u00eb seanc\u00eb plenare publike<\/span><br \/>\n<span style=\"color: #000000;\">nga subjektet e interesuara, rezulton se numri i p\u00ebrgjithsh\u00ebm i mjek\u00ebve q\u00eb ofrojn\u00eb sh\u00ebrbim n\u00eb<\/span><br \/>\n<span style=\"color: #000000;\">sistemin sh\u00ebndet\u00ebsor \u00ebsht\u00eb 5400, q\u00eb n\u00eb raport me numrin e popullsis\u00eb i takon 1.93 mjek\u00eb p\u00ebr \u00e7do<\/span><br \/>\n<span style=\"color: #000000;\">1000 banor\u00eb. Numri i pozicioneve vakante p\u00ebr mjek\u00eb \u00ebsht\u00eb 482, numri i mjek\u00ebve n\u00eb mosh\u00eb<\/span><br \/>\n<span style=\"color: #000000;\">pensioni \u00ebsht\u00eb 213 dhe numri i mjek\u00ebve q\u00eb largohen \u00e7do vit jasht\u00eb vendit \u00ebsht\u00eb rreth 200. Bazuar<\/span><br \/>\n<span style=\"color: #000000;\">n\u00eb t\u00eb dh\u00ebnat e m\u00ebsip\u00ebrme, sikurse \u00ebsht\u00eb deklaruar n\u00eb seanc\u00eb edhe nga subjekti i interesuar,<\/span><br \/>\n<span style=\"color: #000000;\">K\u00ebshilli i Ministrave, rezultojn\u00eb 1000 vende vakante p\u00ebr mjek\u00eb. Aktualisht, vendet vakante p\u00ebr<\/span><br \/>\n<span style=\"color: #000000;\">mjek\u00eb t\u00eb p\u00ebrgjithsh\u00ebm n\u00eb sistemin sh\u00ebndet\u00ebsor p\u00ebrb\u00ebjn\u00eb vet\u00ebm 4% te numrit total t\u00eb personelit<\/span><br \/>\n<span style=\"color: #000000;\">mjek\u00ebsor n\u00eb kujdes par\u00ebsor. Nd\u00ebrkoh\u00eb q\u00eb ka pasur rritje graduale t\u00eb numrit t\u00eb kuotave t\u00eb \u00e7elura<\/span><br \/>\n<span style=\"color: #000000;\">p\u00ebr \u00e7do vit p\u00ebr programin e studimit \u201cMjek\u00ebsi e p\u00ebrgjithshme\u201d n\u00eb UMT, duke arritur rreth 500 t\u00eb<\/span><br \/>\n<span style=\"color: #000000;\">tilla brenda vitit 2024. K\u00ebto t\u00eb dh\u00ebna jan\u00eb referuar edhe nga vet\u00eb shumica n\u00eb vendimin e saj,<\/span><br \/>\n<span style=\"color: #000000;\">bazuar n\u00eb sa kan\u00eb parashtruar subjektet e interesuara (shih paragrafin 69 t\u00eb vendimit).<\/span><br \/>\n<span style=\"color: #000000;\">13. N\u00eb analiz\u00eb t\u00eb k\u00ebtyre t\u00eb dh\u00ebnave, duke mbajtur n\u00eb konsiderat\u00eb p\u00ebrqindjen e ul\u00ebt t\u00eb<\/span><br \/>\n<span style=\"color: #000000;\">vendeve vakante p\u00ebr mjek\u00eb (vet\u00ebm 4%), si dhe numrin e lart\u00eb t\u00eb student\u00ebve q\u00eb studiojn\u00eb n\u00eb k\u00ebt\u00eb<\/span><br \/>\n<span style=\"color: #000000;\">fush\u00eb t\u00eb sh\u00ebndetit publik, vler\u00ebsoj se bazuar vet\u00ebm n\u00eb k\u00ebto statistika situata aktuale nuk paraqitet<\/span><br \/>\n<span style=\"color: #000000;\">e till\u00eb, pra q\u00eb t\u00eb ket\u00eb qen\u00eb n\u00eb at\u00eb mas\u00eb emergjente q\u00eb t\u00eb p\u00ebrkthehet n\u00eb nj\u00eb interes publik t\u00eb shtuar<\/span><br \/>\n<span style=\"color: #000000;\">posa\u00e7\u00ebrisht, gj\u00eb q\u00eb do ta b\u00ebnte t\u00eb nevojshme nj\u00eb nd\u00ebrhyrje t\u00eb till\u00eb dhe do t\u00eb justifikonte masa me<\/span><br \/>\n<span style=\"color: #000000;\">natyr\u00eb ligjore dhe miratimin e skemave t\u00eb tilla p\u00ebr t\u00eb plot\u00ebsuar nevojat e popullat\u00ebs n\u00eb kuptim t\u00eb<\/span><br \/>\n<span style=\"color: #000000;\">Vendim i Gjykat\u00ebs Kushtetuese<\/span><br \/>\n<span style=\"color: #000000;\">K\u00ebrkues: Nj\u00eb grup deputet\u00ebsh t\u00eb Kuvendit (jo m\u00eb pak se 1\/5 e deputet\u00ebve) dhe nj\u00eb grup student\u00ebsh t\u00eb Fakultetit t\u00eb<\/span><br \/>\n<span style=\"color: #000000;\">Mjek\u00ebsis\u00eb t\u00eb Universitetit t\u00eb Mjek\u00ebsis\u00eb Tiran\u00eb<\/span><br \/>\n<span style=\"color: #000000;\">nenit 55 t\u00eb Kushtetut\u00ebs. Detyrimi kushtetues q\u00eb i ngarkohet shtetit p\u00ebr t\u00eb garantuar sh\u00ebrbimin e<\/span><br \/>\n<span style=\"color: #000000;\">sh\u00ebndetit publik t\u00eb shtetasve, t\u00eb cilin ata duhet ta g\u00ebzojn\u00eb n\u00eb m\u00ebnyr\u00eb t\u00eb barabart\u00eb, mbetet i till\u00eb n\u00eb<\/span><br \/>\n<span style=\"color: #000000;\">\u00e7do moment, me p\u00ebrjashtim t\u00eb rasteve kur ngrihet n\u00eb nj\u00eb nivel emergjence si\u00e7 ishte situata e<\/span><br \/>\n<span style=\"color: #000000;\">pandemis\u00eb globale COVID 19 apo n\u00eb raste t\u00eb situatave t\u00eb jasht\u00ebzakonshme, t\u00eb cilat do t\u00eb<\/span><br \/>\n<span style=\"color: #000000;\">justifikonin n\u00eb kuad\u00ebr t\u00eb nj\u00eb interesi publik akoma me akut edhe nd\u00ebrhyrjen me masa kufizuese<\/span><br \/>\n<span style=\"color: #000000;\">t\u00eb k\u00ebsaj natyre.<\/span><br \/>\n<span style=\"color: #000000;\">14. Po k\u00ebshtu, \u00e7moj se shteti mund t\u00eb merrte masa t\u00eb tjera efektive p\u00ebr t\u00eb siguruar<\/span><br \/>\n<span style=\"color: #000000;\">sh\u00ebrbimin sh\u00ebndet\u00ebsor n\u00eb vend dhe p\u00ebr t\u00eb evituar largimin e mjek\u00ebve jasht\u00eb vendit, duke e b\u00ebr\u00eb<\/span><br \/>\n<span style=\"color: #000000;\">m\u00eb t\u00ebrheq\u00ebse ofert\u00ebn e pun\u00ebs, sipas mund\u00ebsive t\u00eb vet\u00eb ekzekutivit n\u00eb k\u00ebto drejtime pun\u00ebsimi.<\/span><br \/>\n<span style=\"color: #000000;\">Mund\u00ebsia p\u00ebr marrjen e masave t\u00eb tjera efektive \u00ebsht\u00eb pranuar n\u00eb seanc\u00eb plenare publike edhe<\/span><br \/>\n<span style=\"color: #000000;\">nga p\u00ebrfaq\u00ebsuesi i K\u00ebshillit t\u00eb Ministrave, kur \u00ebsht\u00eb pyetur se si do t\u00eb sigurohej sh\u00ebrbimi<\/span><br \/>\n<span style=\"color: #000000;\">sh\u00ebndet\u00ebsor n\u00eb vend n\u00ebse t\u00eb gjith\u00eb student\u00ebt e Fakultetit t\u00eb Mjek\u00ebsis\u00eb n\u00eb UMT nuk do t\u00eb pranonin<\/span><br \/>\n<span style=\"color: #000000;\">t\u00eb lidhnin marr\u00ebveshjet, por do t\u00eb pranonin pages\u00ebn e vler\u00ebs s\u00eb plot\u00eb t\u00eb kostos s\u00eb studimeve. Ndaj<\/span><br \/>\n<span style=\"color: #000000;\">mendoj se n\u00eb nj\u00eb situat\u00eb t\u00eb till\u00eb, ku, referuar asaj q\u00eb u soll n\u00eb v\u00ebmendje t\u00eb Gjykat\u00ebs nga vet\u00eb ky<\/span><br \/>\n<span style=\"color: #000000;\">subjekt i interesuar, gjendemi p\u00ebrpara nj\u00eb p\u00ebrqindjeje t\u00eb ul\u00ebt vakancash n\u00eb sistemin sh\u00ebndet\u00ebsor<\/span><br \/>\n<span style=\"color: #000000;\">p\u00ebrkundrejt nevojave p\u00ebr sh\u00ebrbimin publik, e p\u00ebr m\u00eb tep\u00ebr nuk jemi p\u00ebrpara situatave<\/span><br \/>\n<span style=\"color: #000000;\">pandemiko-globale ose t\u00eb jasht\u00ebzakonshme, t\u00eb cilat do t\u00eb k\u00ebrkonin nd\u00ebrhyrje t\u00eb tilla e t\u00eb<\/span><br \/>\n<span style=\"color: #000000;\">menj\u00ebhershme n\u00eb kufizime, vler\u00ebsoj se ligjv\u00ebn\u00ebsi i kishte t\u00eb gjitha mund\u00ebsit\u00eb t\u00eb analizonte<\/span><br \/>\n<span style=\"color: #000000;\">nd\u00ebrhyrje alternative me t\u00eb buta n\u00eb k\u00ebt\u00eb drejtim.<\/span><br \/>\n<span style=\"color: #000000;\">15. N\u00eb p\u00ebrfundim, n\u00eb baz\u00eb t\u00eb analiz\u00ebs s\u00eb m\u00ebsip\u00ebrme, vler\u00ebsoj se n\u00eb situat\u00ebn q\u00eb kriteri i<\/span><br \/>\n<span style=\"color: #000000;\">parashikuar nga neni 17 i Kushtetut\u00ebs, pra ai i nd\u00ebrhyrjes p\u00ebr interes publik, nuk \u00ebsht\u00eb plot\u00ebsuar<\/span><br \/>\n<span style=\"color: #000000;\">n\u00eb rastin konkret, k\u00ebrkesa e k\u00ebrkuesve duhej t\u00eb ishte pranuar vet\u00ebm p\u00ebr k\u00ebt\u00eb shkak p\u00ebr sa koh\u00eb q\u00eb<\/span><br \/>\n<span style=\"color: #000000;\">mungesa e k\u00ebtij kriteri b\u00ebnte t\u00eb panevojshme analiz\u00ebn e kritereve vijuese q\u00eb parashikon kjo<\/span><br \/>\n<span style=\"color: #000000;\">norm\u00eb kushtetuese, q\u00eb lidhen me proporcionalitetin e nd\u00ebrhyrjes.<\/span><br \/>\n<span style=\"color: #000000;\">An\u00ebtare: Sonila Bejtja<\/span><\/p>\n<p style=\"text-align: left;\">\n<p style=\"text-align: left;\">\n<p style=\"text-align: left;\"><span style=\"color: #000000;\"><a style=\"color: #000000;\" href=\"https:\/\/www.balkanweb.com\/thellohet-e-verteta-e-mesueses-burri-ja-mesazhet-qe-tregojne-mashtrimin-e-egles\/?utm_source=projectagora&amp;utm_medium=contentdiscovery\"><\/p>\n<p><\/a><\/span><\/p>\n<p style=\"text-align: left;\">\n","protected":false,"gt_translate_keys":[{"key":"rendered","format":"html"}]},"excerpt":{"rendered":"<p>Gjykata Kushtetuese ka zbuluar dit\u00ebn e sotme arsyetimin lidhur me vendimin p\u00ebr shfuqizimin e pjes\u00ebsh t\u00eb vendimit t\u00eb qeveris\u00eb p\u00ebr pun\u00ebsimin e detyruar t\u00eb mjek\u00ebve t\u00eb rinj t\u00eb dal\u00eb nga Fakulteti i Mjek\u00ebsis\u00eb p\u00ebr nj\u00eb periudh\u00eb disa-vje\u00e7are. Gjykata thekson se: \u201cN\u00eb kuad\u00ebr t\u00eb testit t\u00eb proporcionalitetit, Gjykata ka konstatuar, gjithashtu, se neni 6 i ligjit [&hellip;]<\/p>\n","protected":false,"gt_translate_keys":[{"key":"rendered","format":"html"}]},"author":4,"featured_media":657103,"comment_status":"closed","ping_status":"open","sticky":false,"template":"","format":"standard","meta":{"footnotes":""},"categories":[65],"tags":[],"class_list":["post-657101","post","type-post","status-publish","format-standard","has-post-thumbnail","hentry","category-lajme"],"gt_translate_keys":[{"key":"link","format":"url"}],"_links":{"self":[{"href":"https:\/\/www.hashtag.al\/index.php\/wp-json\/wp\/v2\/posts\/657101","targetHints":{"allow":["GET"]}}],"collection":[{"href":"https:\/\/www.hashtag.al\/index.php\/wp-json\/wp\/v2\/posts"}],"about":[{"href":"https:\/\/www.hashtag.al\/index.php\/wp-json\/wp\/v2\/types\/post"}],"author":[{"embeddable":true,"href":"https:\/\/www.hashtag.al\/index.php\/wp-json\/wp\/v2\/users\/4"}],"replies":[{"embeddable":true,"href":"https:\/\/www.hashtag.al\/index.php\/wp-json\/wp\/v2\/comments?post=657101"}],"version-history":[{"count":0,"href":"https:\/\/www.hashtag.al\/index.php\/wp-json\/wp\/v2\/posts\/657101\/revisions"}],"wp:featuredmedia":[{"embeddable":true,"href":"https:\/\/www.hashtag.al\/index.php\/wp-json\/wp\/v2\/media\/657103"}],"wp:attachment":[{"href":"https:\/\/www.hashtag.al\/index.php\/wp-json\/wp\/v2\/media?parent=657101"}],"wp:term":[{"taxonomy":"category","embeddable":true,"href":"https:\/\/www.hashtag.al\/index.php\/wp-json\/wp\/v2\/categories?post=657101"},{"taxonomy":"post_tag","embeddable":true,"href":"https:\/\/www.hashtag.al\/index.php\/wp-json\/wp\/v2\/tags?post=657101"}],"curies":[{"name":"wp","href":"https:\/\/api.w.org\/{rel}","templated":true}]}}