{"id":657051,"date":"2024-02-26T15:21:34","date_gmt":"2024-02-26T14:21:34","guid":{"rendered":"https:\/\/www.hashtag.al\/?p=657051"},"modified":"2024-02-26T15:22:04","modified_gmt":"2024-02-26T14:22:04","slug":"samiti-i-berzh-ne-londer-kurti-perplaset-me-kryeministren-serbe-brnabic-i-kujton-sanxhakun-dhe-luginen-e-presheves","status":"publish","type":"post","link":"https:\/\/www.hashtag.al\/index.php\/2024\/02\/26\/samiti-i-berzh-ne-londer-kurti-perplaset-me-kryeministren-serbe-brnabic-i-kujton-sanxhakun-dhe-luginen-e-presheves\/","title":{"rendered":"Samiti i BERZH n\u00eb Lond\u00ebr\/ Kurti p\u00ebrplaset me Brnabic, i kujton Sanxhakun dhe Lugin\u00ebn e Preshev\u00ebs","gt_translate_keys":[{"key":"rendered","format":"text"}]},"content":{"rendered":"<p><span style=\"color: #000000;\"><a href=\"https:\/\/www.hashtag.al\/wp-content\/uploads\/2024\/02\/1708952397_kurtidhebrnabic.jpeg\"><img loading=\"lazy\" decoding=\"async\" class=\"aligncenter size-full wp-image-657053\" src=\"https:\/\/www.hashtag.al\/wp-content\/uploads\/2024\/02\/1708952397_kurtidhebrnabic.jpeg\" alt=\"\" width=\"780\" height=\"440\" srcset=\"https:\/\/www.hashtag.al\/wp-content\/uploads\/2024\/02\/1708952397_kurtidhebrnabic.jpeg 780w, https:\/\/www.hashtag.al\/wp-content\/uploads\/2024\/02\/1708952397_kurtidhebrnabic-300x169.jpeg 300w, https:\/\/www.hashtag.al\/wp-content\/uploads\/2024\/02\/1708952397_kurtidhebrnabic-768x433.jpeg 768w\" sizes=\"auto, (max-width: 780px) 100vw, 780px\" \/><\/a><\/span><\/p>\n<p><span style=\"color: #000000;\">N\u00eb samitin e Ballkanit Per\u00ebndimor t\u00eb organizuar nga BERZH n\u00eb Lond\u00ebr pati nj\u00eb p\u00ebrplasje mes dy kryeministrave Albin Kurti dhe homologes serbe Ana Brnabic. Ka qen\u00eb kjo e fundit fillimisht e cila i \u00ebsht\u00eb referuar Kosov\u00ebs, si \u201ckrahina autonome e Kosov\u00ebs e Metohis\u00eb\u201d.<\/span><\/p>\n<p><span style=\"color: #000000;\"><em>\u201cSerbia po ndryshon. Dhe kur them Serbia qendrore, \u00ebsht\u00eb e dyta her\u00eb q\u00eb po e them k\u00ebt\u00eb, mendoj Serbia q\u00eb nuk p\u00ebrfshin n\u00eb statistika krahin\u00ebn autonome t\u00eb Kosov\u00ebs e Metohis\u00eb, q\u00eb ne natyrisht e shohim si pjes\u00eb t\u00eb Serbis\u00eb. Kjo \u00ebsht\u00eb politik\u00eb, ne tani po flasim p\u00ebr ekonomi dhe \u00ebsht\u00eb me r\u00ebnd\u00ebsi p\u00ebr mua t\u00eb flas vet\u00ebm p\u00ebr ekonomin\u00eb\u201d,<\/em> tha ajo.<\/span><\/p>\n<p><span style=\"color: #000000;\">I pyetur sesi Prishtina zyrtare tregton me vendet q\u00eb nuk e njohin, Kurti i \u00ebsht\u00eb p\u00ebrgjigjur menj\u00ebher\u00eb kryeministres Brnabic duke i kujtuar se kur b\u00ebhet fjal\u00eb p\u00ebr Kosov\u00ebm, flitet p\u00ebr nj\u00eb shtet t\u00eb pavarur dhe kjo krahin\u00eb autonome.<\/span><\/p>\n<p><span style=\"color: #000000;\"><em>\u201cPik\u00eb s\u00eb pari, partneri yn\u00eb ky\u00e7 \u00ebsht\u00eb bashk\u00ebsia europiane dhe d\u00ebshirojm\u00eb q\u00eb ta fuqizojm\u00eb k\u00ebt\u00eb bashk\u00ebpunim. Kosova \u00ebsht\u00eb njohur nga 117 vende an\u00eb e mban\u00eb bot\u00ebs, 22 nga 27 n\u00eb Europ\u00eb, 26 nga 30 n\u00eb NATO dhe 3 nga 4 vendet fqinje. Nuk kemi lidhje me Federat\u00ebn Ruse.<\/em><\/span><\/p>\n<p><span style=\"color: #000000;\"><em>Iu kemi v\u00ebn\u00eb sanksione atyre dhe duam q\u00eb Ukraina ta fitoj\u00eb k\u00ebt\u00eb luft\u00eb. Na duhet bota dhe Europa demokratike q\u00eb ta shohim t\u00eb mposhtur Kremlinin dhe kryetarin despotik, Putin. Edhe n\u00ebse ata do t\u00eb donin, ne nuk do t\u00eb donim t\u00eb kishim pun\u00eb me ta. Kemi pak import me Kin\u00ebn, por bashk\u00ebpunojm\u00eb kryesisht me BE-n\u00eb\u201d,<\/em> tha Kurti.<\/span><\/p>\n<p><span style=\"color: #000000;\">Kurti shtoi se n\u00ebse do t\u00eb vijonte argumentin e tij nj\u00ebsoj si Brnabic, at\u00ebher\u00eb do t\u00eb liste edhe p\u00ebr Vojvodin\u00ebn, Sanxhakun apo Lugin\u00ebn e Preshev\u00ebs, territore shqiptare brenda republik\u00ebs s\u00eb Serbis\u00eb.<\/span><\/p>\n<p><span style=\"color: #000000;\"><em>\u201cVendi im quhet Republika e Kosov\u00ebs, jo si\u00e7 iu referua k\u00ebtu, \u2018Kosova e Metohija\u2019. Po t\u00eb shkoja k\u00ebsaj rruge do t\u00eb merrja shum\u00eb koh\u00eb, sepse p\u00ebrve\u00e7se Serbia, do t\u00eb duhej t\u00eb thosha Serbia e Vojvodina, Sanxhaku, Toplica, Rashka, Lugina e Preshev\u00ebs\u2026 M\u00eb mir\u00eb t\u00eb p\u00ebrqendrohemi n\u00eb ekonomi\u201d,<\/em> tha Kurti.<\/span><\/p>\n","protected":false,"gt_translate_keys":[{"key":"rendered","format":"html"}]},"excerpt":{"rendered":"<p>N\u00eb samitin e Ballkanit Per\u00ebndimor t\u00eb organizuar nga BERZH n\u00eb Lond\u00ebr pati nj\u00eb p\u00ebrplasje mes dy kryeministrave Albin Kurti dhe homologes serbe Ana Brnabic. Ka qen\u00eb kjo e fundit fillimisht e cila i \u00ebsht\u00eb referuar Kosov\u00ebs, si \u201ckrahina autonome e Kosov\u00ebs e Metohis\u00eb\u201d. \u201cSerbia po ndryshon. Dhe kur them Serbia qendrore, \u00ebsht\u00eb e dyta her\u00eb [&hellip;]<\/p>\n","protected":false,"gt_translate_keys":[{"key":"rendered","format":"html"}]},"author":30,"featured_media":657053,"comment_status":"closed","ping_status":"open","sticky":false,"template":"","format":"standard","meta":{"footnotes":""},"categories":[149],"tags":[],"class_list":["post-657051","post","type-post","status-publish","format-standard","has-post-thumbnail","hentry","category-kosoverajon"],"gt_translate_keys":[{"key":"link","format":"url"}],"_links":{"self":[{"href":"https:\/\/www.hashtag.al\/index.php\/wp-json\/wp\/v2\/posts\/657051","targetHints":{"allow":["GET"]}}],"collection":[{"href":"https:\/\/www.hashtag.al\/index.php\/wp-json\/wp\/v2\/posts"}],"about":[{"href":"https:\/\/www.hashtag.al\/index.php\/wp-json\/wp\/v2\/types\/post"}],"author":[{"embeddable":true,"href":"https:\/\/www.hashtag.al\/index.php\/wp-json\/wp\/v2\/users\/30"}],"replies":[{"embeddable":true,"href":"https:\/\/www.hashtag.al\/index.php\/wp-json\/wp\/v2\/comments?post=657051"}],"version-history":[{"count":0,"href":"https:\/\/www.hashtag.al\/index.php\/wp-json\/wp\/v2\/posts\/657051\/revisions"}],"wp:featuredmedia":[{"embeddable":true,"href":"https:\/\/www.hashtag.al\/index.php\/wp-json\/wp\/v2\/media\/657053"}],"wp:attachment":[{"href":"https:\/\/www.hashtag.al\/index.php\/wp-json\/wp\/v2\/media?parent=657051"}],"wp:term":[{"taxonomy":"category","embeddable":true,"href":"https:\/\/www.hashtag.al\/index.php\/wp-json\/wp\/v2\/categories?post=657051"},{"taxonomy":"post_tag","embeddable":true,"href":"https:\/\/www.hashtag.al\/index.php\/wp-json\/wp\/v2\/tags?post=657051"}],"curies":[{"name":"wp","href":"https:\/\/api.w.org\/{rel}","templated":true}]}}