{"id":656748,"date":"2024-02-24T20:48:18","date_gmt":"2024-02-24T19:48:18","guid":{"rendered":"https:\/\/www.hashtag.al\/?p=656748"},"modified":"2024-02-24T20:48:18","modified_gmt":"2024-02-24T19:48:18","slug":"dhuna-e-policise-ndaj-nxenesve-e-studenteve-ndez-zemeraten-ne-itali-video","status":"publish","type":"post","link":"https:\/\/www.hashtag.al\/index.php\/2024\/02\/24\/dhuna-e-policise-ndaj-nxenesve-e-studenteve-ndez-zemeraten-ne-itali-video\/","title":{"rendered":"Dhuna e policis\u00eb ndaj nx\u00ebn\u00ebsve e student\u00ebve ndez zem\u00ebrat\u00ebn n\u00eb Itali (Video)","gt_translate_keys":[{"key":"rendered","format":"text"}]},"content":{"rendered":"<div style=\"width: 480px;\" class=\"wp-video\"><video class=\"wp-video-shortcode\" id=\"video-656748-1\" width=\"480\" height=\"848\" preload=\"metadata\" controls=\"controls\"><source type=\"video\/mp4\" src=\"https:\/\/www.hashtag.al\/wp-content\/uploads\/2024\/02\/video_2024-02-24_16-31-44.mp4?_=1\" \/><a href=\"https:\/\/www.hashtag.al\/wp-content\/uploads\/2024\/02\/video_2024-02-24_16-31-44.mp4\">https:\/\/www.hashtag.al\/wp-content\/uploads\/2024\/02\/video_2024-02-24_16-31-44.mp4<\/a><\/video><\/div>\n<p>&nbsp;<\/p>\n<p><span style=\"color: #000000;\">Pamjet e policis\u00eb duke rrahur student\u00ebt pro-palestinez\u00eb nxit\u00ebn d\u00ebnime t\u00eb gjera n\u00eb Itali t\u00eb premten, me opozit\u00ebn q\u00eb i b\u00ebri thirrje ministrit t\u00eb Brendsh\u00ebm t&#8217;i drejtohet parlamentit lidhur me k\u00ebt\u00eb episod.<\/span><\/p>\n<p><span style=\"color: #000000;\">Marshimet e student\u00ebve u bllokuan nga policia n\u00eb qytetet toskane t\u00eb Firences dhe Piz\u00ebs, me pamjet e oficer\u00ebve q\u00eb p\u00ebrdor\u00ebn fuqish\u00ebm shkopinjt\u00eb e tyre ndaj protestuesve t\u00eb mosh\u00ebs shkollore n\u00eb Piz\u00eb, duke shkaktuar zem\u00ebrim n\u00eb mediat sociale dhe nga politikan\u00ebt.<\/span><\/p>\n<p><span style=\"color: #000000;\">Videot shfaqnin student\u00ebt, t\u00eb cil\u00ebt dukej se po protestonin n\u00eb m\u00ebnyr\u00eb paq\u00ebsore, duke u t\u00ebrhequr n\u00ebn nj\u00eb bresh\u00ebri goditjesh nga forcat e rendit t\u00eb veshur me helmeta dhe pajisje t\u00eb r\u00ebnda.<\/span><\/p>\n<p><span style=\"color: #000000;\"><em>&#8220;K\u00ebshtu i rrihni f\u00ebmij\u00ebt tuaj,&#8221;<\/em> d\u00ebgjohet duke b\u00ebrtitur nj\u00eb grua e re.<\/span><\/p>\n<p><span style=\"color: #000000;\">Elly Schlein, kreu i Partis\u00eb Demokratike t\u00eb qendr\u00ebs s\u00eb majt\u00eb, postoi n\u00eb Facebook nj\u00eb video t\u00eb skenave &#8220;t\u00eb papranueshme&#8221; t\u00eb &#8220;student\u00ebve t\u00eb bllokuar n\u00eb nj\u00eb rrugic\u00eb, t\u00eb rrahur nga policia&#8221;.<\/span><\/p>\n<p><span style=\"color: #000000;\">Ajo tha se qeveria e krahut t\u00eb djatht\u00eb t\u00eb Giorgia Melonit, e cila erdhi n\u00eb detyr\u00eb n\u00eb vitin 2022 duke premtuar se do godiste emigracionin e paligjsh\u00ebm dhe do promovonte ligjin dhe rendin, po krijonte nj\u00eb &#8220;klim\u00eb represioni&#8221; n\u00eb vend.<\/span><\/p>\n<div style=\"width: 592px;\" class=\"wp-video\"><video class=\"wp-video-shortcode\" id=\"video-656748-2\" width=\"592\" height=\"848\" preload=\"metadata\" controls=\"controls\"><source type=\"video\/mp4\" src=\"https:\/\/www.hashtag.al\/wp-content\/uploads\/2024\/02\/video_2024-02-24_16-31-27.mp4?_=2\" \/><a href=\"https:\/\/www.hashtag.al\/wp-content\/uploads\/2024\/02\/video_2024-02-24_16-31-27.mp4\">https:\/\/www.hashtag.al\/wp-content\/uploads\/2024\/02\/video_2024-02-24_16-31-27.mp4<\/a><\/video><\/div>\n<p>&nbsp;<\/p>\n<p><span style=\"color: #000000;\">Enzo Letizia, kreu i ANFP, nj\u00eb sindikat\u00eb policore, tha se protestat e student\u00ebve shpesh infiltroheshin nga &#8220;nxit\u00ebs ekspert\u00eb&#8221; dhe gjykimet nuk duheshin b\u00ebr\u00eb derisa t\u00eb kryhej nj\u00eb hetim p\u00ebr incidentet.<\/span><\/p>\n<p><span style=\"color: #000000;\">M\u00ebsuesit n\u00eb shkoll\u00ebn e mesme Russoli t\u00eb Piz\u00ebs, e cila \u00ebsht\u00eb af\u00ebr rrug\u00ebs ku u zhvillua marshimi dhe ku mor\u00ebn pjes\u00eb disa nga nx\u00ebn\u00ebsit e p\u00ebrfshir\u00eb, than\u00eb se ishin &#8220;t\u00eb shtangur&#8221; nga trajtimi i protestuesve, shumica e t\u00eb cil\u00ebve ishin t\u00eb mitur.<\/span><\/p>\n<div style=\"width: 464px;\" class=\"wp-video\"><video class=\"wp-video-shortcode\" id=\"video-656748-3\" width=\"464\" height=\"848\" preload=\"metadata\" controls=\"controls\"><source type=\"video\/mp4\" src=\"https:\/\/www.hashtag.al\/wp-content\/uploads\/2024\/02\/IMG_5854.mp4?_=3\" \/><a href=\"https:\/\/www.hashtag.al\/wp-content\/uploads\/2024\/02\/IMG_5854.mp4\">https:\/\/www.hashtag.al\/wp-content\/uploads\/2024\/02\/IMG_5854.mp4<\/a><\/video><\/div>\n","protected":false,"gt_translate_keys":[{"key":"rendered","format":"html"}]},"excerpt":{"rendered":"<p>&nbsp; Pamjet e policis\u00eb duke rrahur student\u00ebt pro-palestinez\u00eb nxit\u00ebn d\u00ebnime t\u00eb gjera n\u00eb Itali t\u00eb premten, me opozit\u00ebn q\u00eb i b\u00ebri thirrje ministrit t\u00eb Brendsh\u00ebm t&#8217;i drejtohet parlamentit lidhur me k\u00ebt\u00eb episod. Marshimet e student\u00ebve u bllokuan nga policia n\u00eb qytetet toskane t\u00eb Firences dhe Piz\u00ebs, me pamjet e oficer\u00ebve q\u00eb p\u00ebrdor\u00ebn fuqish\u00ebm shkopinjt\u00eb e [&hellip;]<\/p>\n","protected":false,"gt_translate_keys":[{"key":"rendered","format":"html"}]},"author":51,"featured_media":656754,"comment_status":"closed","ping_status":"open","sticky":false,"template":"","format":"standard","meta":{"footnotes":""},"categories":[53],"tags":[],"class_list":["post-656748","post","type-post","status-publish","format-standard","has-post-thumbnail","hentry","category-fast-foodi"],"gt_translate_keys":[{"key":"link","format":"url"}],"_links":{"self":[{"href":"https:\/\/www.hashtag.al\/index.php\/wp-json\/wp\/v2\/posts\/656748","targetHints":{"allow":["GET"]}}],"collection":[{"href":"https:\/\/www.hashtag.al\/index.php\/wp-json\/wp\/v2\/posts"}],"about":[{"href":"https:\/\/www.hashtag.al\/index.php\/wp-json\/wp\/v2\/types\/post"}],"author":[{"embeddable":true,"href":"https:\/\/www.hashtag.al\/index.php\/wp-json\/wp\/v2\/users\/51"}],"replies":[{"embeddable":true,"href":"https:\/\/www.hashtag.al\/index.php\/wp-json\/wp\/v2\/comments?post=656748"}],"version-history":[{"count":0,"href":"https:\/\/www.hashtag.al\/index.php\/wp-json\/wp\/v2\/posts\/656748\/revisions"}],"wp:featuredmedia":[{"embeddable":true,"href":"https:\/\/www.hashtag.al\/index.php\/wp-json\/wp\/v2\/media\/656754"}],"wp:attachment":[{"href":"https:\/\/www.hashtag.al\/index.php\/wp-json\/wp\/v2\/media?parent=656748"}],"wp:term":[{"taxonomy":"category","embeddable":true,"href":"https:\/\/www.hashtag.al\/index.php\/wp-json\/wp\/v2\/categories?post=656748"},{"taxonomy":"post_tag","embeddable":true,"href":"https:\/\/www.hashtag.al\/index.php\/wp-json\/wp\/v2\/tags?post=656748"}],"curies":[{"name":"wp","href":"https:\/\/api.w.org\/{rel}","templated":true}]}}