{"id":656697,"date":"2024-02-24T17:46:28","date_gmt":"2024-02-24T16:46:28","guid":{"rendered":"https:\/\/www.hashtag.al\/?p=656697"},"modified":"2024-02-24T17:46:28","modified_gmt":"2024-02-24T16:46:28","slug":"ukraina-do-ti-bashkohet-nato-s-thote-stoltenberg","status":"publish","type":"post","link":"https:\/\/www.hashtag.al\/index.php\/2024\/02\/24\/ukraina-do-ti-bashkohet-nato-s-thote-stoltenberg\/","title":{"rendered":"Ukraina do t&#8217;i bashkohet NATO-s, thot\u00eb Stoltenberg","gt_translate_keys":[{"key":"rendered","format":"text"}]},"content":{"rendered":"<p><img loading=\"lazy\" decoding=\"async\" class=\"aligncenter size-full wp-image-653457\" src=\"https:\/\/www.hashtag.al\/wp-content\/uploads\/2024\/02\/stoltenberg-752x440-1.jpg\" alt=\"\" width=\"752\" height=\"440\" srcset=\"https:\/\/www.hashtag.al\/wp-content\/uploads\/2024\/02\/stoltenberg-752x440-1.jpg 752w, https:\/\/www.hashtag.al\/wp-content\/uploads\/2024\/02\/stoltenberg-752x440-1-300x176.jpg 300w, https:\/\/www.hashtag.al\/wp-content\/uploads\/2024\/02\/stoltenberg-752x440-1-250x145.jpg 250w\" sizes=\"auto, (max-width: 752px) 100vw, 752px\" \/><\/p>\n<p><span style=\"color: #000000;\">Nuk \u00ebsht\u00eb m\u00eb \u201c\u00e7\u00ebshtja n\u00ebse, por kur\u201d q\u00eb Ukraina t&#8217;i bashkohet NATO-s, ka th\u00ebn\u00eb shefi i aleanc\u00ebs.<\/span><\/p>\n<p><span style=\"color: #000000;\">Stoltenberg i b\u00ebri komentet me lidhje video n\u00eb nj\u00eb ceremoni ku mor\u00ebn pjes\u00eb krer\u00ebt per\u00ebndimor\u00eb n\u00eb Kiev p\u00ebr t\u00eb sh\u00ebnuar p\u00ebrvjetorin e pushtimit rus.<\/span><\/p>\n<p><span style=\"color: #000000;\">Shefi i NATO-s tha: <em>\u201cPresidenti Putin e filloi k\u00ebt\u00eb luft\u00eb sepse donte t\u00eb mbyllte der\u00ebn e NATO-s dhe t&#8217;i mohonte Ukrain\u00ebs t\u00eb drejt\u00ebn p\u00ebr t\u00eb zgjedhur rrug\u00ebn e saj. Por ai ka arritur pik\u00ebrisht t\u00eb kund\u00ebrt\u00ebn: Ukraina tani \u00ebsht\u00eb m\u00eb af\u00ebr NATO-s se kurr\u00eb m\u00eb par\u00eb.\u201d<\/em><\/span><\/p>\n<p><span style=\"color: #000000;\">Ai shtoi: <em>\u201cUkraina do t\u00eb bashkohet me NATO-n. Nuk \u00ebsht\u00eb \u00e7\u00ebshtja n\u00ebse, por kur. Nd\u00ebrsa ne ju p\u00ebrgatisim p\u00ebr at\u00eb dit\u00eb, NATO-ja do vijoj\u00eb t\u00eb q\u00ebndroj\u00eb me Ukrain\u00ebn. P\u00ebr sigurin\u00eb tuaj dhe p\u00ebr ton\u00ebn.\u201d<\/em><\/span><\/p>\n<p><span style=\"color: #000000;\">Presidentja e Komisionit Evropian Ursula von der Leyen udh\u00ebtoi gjat\u00eb nat\u00ebs p\u00ebr n\u00eb Kiev me tren s\u00eb bashku me kryeministren italian Giorgia Meloni, kryeministrin belg Alexander De Croo dhe kryeministrin kanadez Justin Trudeau.<\/span><\/p>\n","protected":false,"gt_translate_keys":[{"key":"rendered","format":"html"}]},"excerpt":{"rendered":"<p>Nuk \u00ebsht\u00eb m\u00eb \u201c\u00e7\u00ebshtja n\u00ebse, por kur\u201d q\u00eb Ukraina t&#8217;i bashkohet NATO-s, ka th\u00ebn\u00eb shefi i aleanc\u00ebs. Stoltenberg i b\u00ebri komentet me lidhje video n\u00eb nj\u00eb ceremoni ku mor\u00ebn pjes\u00eb krer\u00ebt per\u00ebndimor\u00eb n\u00eb Kiev p\u00ebr t\u00eb sh\u00ebnuar p\u00ebrvjetorin e pushtimit rus. Shefi i NATO-s tha: \u201cPresidenti Putin e filloi k\u00ebt\u00eb luft\u00eb sepse donte t\u00eb mbyllte [&hellip;]<\/p>\n","protected":false,"gt_translate_keys":[{"key":"rendered","format":"html"}]},"author":51,"featured_media":653457,"comment_status":"closed","ping_status":"open","sticky":false,"template":"","format":"standard","meta":{"footnotes":""},"categories":[53],"tags":[],"class_list":["post-656697","post","type-post","status-publish","format-standard","has-post-thumbnail","hentry","category-fast-foodi"],"gt_translate_keys":[{"key":"link","format":"url"}],"_links":{"self":[{"href":"https:\/\/www.hashtag.al\/index.php\/wp-json\/wp\/v2\/posts\/656697","targetHints":{"allow":["GET"]}}],"collection":[{"href":"https:\/\/www.hashtag.al\/index.php\/wp-json\/wp\/v2\/posts"}],"about":[{"href":"https:\/\/www.hashtag.al\/index.php\/wp-json\/wp\/v2\/types\/post"}],"author":[{"embeddable":true,"href":"https:\/\/www.hashtag.al\/index.php\/wp-json\/wp\/v2\/users\/51"}],"replies":[{"embeddable":true,"href":"https:\/\/www.hashtag.al\/index.php\/wp-json\/wp\/v2\/comments?post=656697"}],"version-history":[{"count":0,"href":"https:\/\/www.hashtag.al\/index.php\/wp-json\/wp\/v2\/posts\/656697\/revisions"}],"wp:featuredmedia":[{"embeddable":true,"href":"https:\/\/www.hashtag.al\/index.php\/wp-json\/wp\/v2\/media\/653457"}],"wp:attachment":[{"href":"https:\/\/www.hashtag.al\/index.php\/wp-json\/wp\/v2\/media?parent=656697"}],"wp:term":[{"taxonomy":"category","embeddable":true,"href":"https:\/\/www.hashtag.al\/index.php\/wp-json\/wp\/v2\/categories?post=656697"},{"taxonomy":"post_tag","embeddable":true,"href":"https:\/\/www.hashtag.al\/index.php\/wp-json\/wp\/v2\/tags?post=656697"}],"curies":[{"name":"wp","href":"https:\/\/api.w.org\/{rel}","templated":true}]}}