{"id":656679,"date":"2024-02-24T16:00:23","date_gmt":"2024-02-24T15:00:23","guid":{"rendered":"https:\/\/www.hashtag.al\/?p=656679"},"modified":"2024-02-24T16:00:23","modified_gmt":"2024-02-24T15:00:23","slug":"ministri-i-mbrojtjes-se-kosoves-serbia-48-baza-ushtarake-ne-vijen-kufitare-rrezik-real-per-ne","status":"publish","type":"post","link":"https:\/\/www.hashtag.al\/index.php\/2024\/02\/24\/ministri-i-mbrojtjes-se-kosoves-serbia-48-baza-ushtarake-ne-vijen-kufitare-rrezik-real-per-ne\/","title":{"rendered":"Ministri i Mbrojtjes s\u00eb Kosov\u00ebs: Serbia 48 baza ushtarake n\u00eb vij\u00ebn kufitare, rrezik real p\u00ebr ne","gt_translate_keys":[{"key":"rendered","format":"text"}]},"content":{"rendered":"<p><span style=\"color: #000000;\"><a href=\"https:\/\/www.hashtag.al\/wp-content\/uploads\/2024\/02\/Screenshot_3-23.jpg\"><img loading=\"lazy\" decoding=\"async\" class=\"aligncenter size-full wp-image-656680\" src=\"https:\/\/www.hashtag.al\/wp-content\/uploads\/2024\/02\/Screenshot_3-23.jpg\" alt=\"\" width=\"763\" height=\"430\" srcset=\"https:\/\/www.hashtag.al\/wp-content\/uploads\/2024\/02\/Screenshot_3-23.jpg 763w, https:\/\/www.hashtag.al\/wp-content\/uploads\/2024\/02\/Screenshot_3-23-300x169.jpg 300w\" sizes=\"auto, (max-width: 763px) 100vw, 763px\" \/><\/a><\/span><\/p>\n<p><span style=\"color: #000000;\">Ministri i Mbrojtjes, Ejup Maqedonci thot\u00eb se prezenca e 48 bazave operacionale t\u00eb ushtris\u00eb serbe p\u00ebrgjat\u00eb vij\u00ebs kufitare me Kosov\u00ebn p\u00ebrb\u00ebn nj\u00eb rrezik real p\u00ebr Prishtin\u00ebn zyrtare.<\/span><\/p>\n<p><span style=\"color: #000000;\">Meqedonci thekson se Kosova q\u00ebndron af\u00ebr an\u00ebtar\u00ebsimit n\u00eb NATO mir\u00ebpo problemi mbetet politik q\u00eb lidhet me mosnjohjen e Kosov\u00ebs nga disa prej vendeve an\u00ebtare.<\/span><\/p>\n<p><span style=\"color: #000000;\"><em>\u201cPrezenca ushtarake e ushtris\u00eb s\u00eb Serbis\u00eb n\u00eb jug t\u00eb territorit t\u00eb Serbis\u00eb dhe prezenca e 48 bazave t\u00eb p\u00ebrparme operacionale t\u00eb ushtris\u00eb dhe xhandarm\u00ebris\u00eb serbe p\u00ebrgjat\u00eb vij\u00ebs kufitare me Republik\u00ebn e Kosov\u00ebs duke i shtuar k\u00ebsaj edhe bazamentin q\u00eb \u00ebsht\u00eb qasja hegjemoniste dhe agresive politike e Republik\u00ebs s\u00eb Serbis\u00eb n\u00eb raport me Republik\u00ebn e Kosov\u00ebs, ky rrezik \u00ebsht\u00eb real dhe vler\u00ebsojm\u00eb q\u00eb p\u00ebrderisa Serbia vazhdon militarizimin, blerjet e sistemeve dhe armatimit nga Rusia dhe Kina dhe p\u00ebrderisa rrit kapacitetet ushtarake dhe sidomos ato n\u00eb kufi me vendin ton\u00eb, ky rrezik \u00ebsht\u00eb real dhe vler\u00ebson q\u00eb vendi yn\u00eb do ta trajtoj\u00eb me t\u00eb v\u00ebrtet\u00eb si nj\u00eb rrezik real,\u201d<\/em> thot\u00eb Maqedonci.<\/span><\/p>\n","protected":false,"gt_translate_keys":[{"key":"rendered","format":"html"}]},"excerpt":{"rendered":"<p>Ministri i Mbrojtjes, Ejup Maqedonci thot\u00eb se prezenca e 48 bazave operacionale t\u00eb ushtris\u00eb serbe p\u00ebrgjat\u00eb vij\u00ebs kufitare me Kosov\u00ebn p\u00ebrb\u00ebn nj\u00eb rrezik real p\u00ebr Prishtin\u00ebn zyrtare. Meqedonci thekson se Kosova q\u00ebndron af\u00ebr an\u00ebtar\u00ebsimit n\u00eb NATO mir\u00ebpo problemi mbetet politik q\u00eb lidhet me mosnjohjen e Kosov\u00ebs nga disa prej vendeve an\u00ebtare. \u201cPrezenca ushtarake e ushtris\u00eb [&hellip;]<\/p>\n","protected":false,"gt_translate_keys":[{"key":"rendered","format":"html"}]},"author":30,"featured_media":656680,"comment_status":"closed","ping_status":"open","sticky":false,"template":"","format":"standard","meta":{"footnotes":""},"categories":[149],"tags":[],"class_list":["post-656679","post","type-post","status-publish","format-standard","has-post-thumbnail","hentry","category-kosoverajon"],"gt_translate_keys":[{"key":"link","format":"url"}],"_links":{"self":[{"href":"https:\/\/www.hashtag.al\/index.php\/wp-json\/wp\/v2\/posts\/656679","targetHints":{"allow":["GET"]}}],"collection":[{"href":"https:\/\/www.hashtag.al\/index.php\/wp-json\/wp\/v2\/posts"}],"about":[{"href":"https:\/\/www.hashtag.al\/index.php\/wp-json\/wp\/v2\/types\/post"}],"author":[{"embeddable":true,"href":"https:\/\/www.hashtag.al\/index.php\/wp-json\/wp\/v2\/users\/30"}],"replies":[{"embeddable":true,"href":"https:\/\/www.hashtag.al\/index.php\/wp-json\/wp\/v2\/comments?post=656679"}],"version-history":[{"count":0,"href":"https:\/\/www.hashtag.al\/index.php\/wp-json\/wp\/v2\/posts\/656679\/revisions"}],"wp:featuredmedia":[{"embeddable":true,"href":"https:\/\/www.hashtag.al\/index.php\/wp-json\/wp\/v2\/media\/656680"}],"wp:attachment":[{"href":"https:\/\/www.hashtag.al\/index.php\/wp-json\/wp\/v2\/media?parent=656679"}],"wp:term":[{"taxonomy":"category","embeddable":true,"href":"https:\/\/www.hashtag.al\/index.php\/wp-json\/wp\/v2\/categories?post=656679"},{"taxonomy":"post_tag","embeddable":true,"href":"https:\/\/www.hashtag.al\/index.php\/wp-json\/wp\/v2\/tags?post=656679"}],"curies":[{"name":"wp","href":"https:\/\/api.w.org\/{rel}","templated":true}]}}