{"id":656647,"date":"2024-02-24T12:56:50","date_gmt":"2024-02-24T11:56:50","guid":{"rendered":"https:\/\/www.hashtag.al\/?p=656647"},"modified":"2024-02-24T12:58:18","modified_gmt":"2024-02-24T11:58:18","slug":"dyshohet-se-ka-krye-marredhenie-seksuale-me-nje-te-mitur-vihet-ne-pranga-27-vjecari-ne-fier","status":"publish","type":"post","link":"https:\/\/www.hashtag.al\/index.php\/2024\/02\/24\/dyshohet-se-ka-krye-marredhenie-seksuale-me-nje-te-mitur-vihet-ne-pranga-27-vjecari-ne-fier\/","title":{"rendered":"Dyshohet se ka kryer marr\u00ebdh\u00ebnie seksuale me nj\u00eb t\u00eb mitur, vihet n\u00eb pranga 27-vje\u00e7ari n\u00eb Fier","gt_translate_keys":[{"key":"rendered","format":"text"}]},"content":{"rendered":"<p><span style=\"color: #000000;\"><a href=\"https:\/\/www.hashtag.al\/wp-content\/uploads\/2024\/02\/policia-3.jpg\"><img loading=\"lazy\" decoding=\"async\" class=\"aligncenter size-full wp-image-655328\" src=\"https:\/\/www.hashtag.al\/wp-content\/uploads\/2024\/02\/policia-3.jpg\" alt=\"\" width=\"859\" height=\"472\" srcset=\"https:\/\/www.hashtag.al\/wp-content\/uploads\/2024\/02\/policia-3.jpg 859w, https:\/\/www.hashtag.al\/wp-content\/uploads\/2024\/02\/policia-3-300x165.jpg 300w, https:\/\/www.hashtag.al\/wp-content\/uploads\/2024\/02\/policia-3-768x422.jpg 768w\" sizes=\"auto, (max-width: 859px) 100vw, 859px\" \/><\/a><\/span><\/p>\n<p><span style=\"color: #000000;\">Vihet n\u00eb pranga nj\u00eb shtetas me inicialet A.M, 27 vjec, pasi dyshohet se ka kryer marr\u00ebdh\u00ebnie seksuale me nj\u00eb 12-vje\u00e7are.<\/span><\/p>\n<p><span style=\"color: #000000;\">Kane qen\u00eb specialist\u00ebt e hetimit t\u00eb Komisariatit Vlor\u00eb q\u00eb kan\u00eb prangosur djalin, banues n\u00eb Fier, q\u00eb \u00ebsht\u00eb kall\u00ebzuar nga nj\u00eb shtetase se ka kryer marr\u00ebdh\u00ebnie seksuale me vajz\u00ebn e saj.<\/span><\/p>\n<p><span style=\"color: #000000;\">Policia vijon veprimet p\u00ebr verifikimin e k\u00ebtij kall\u00ebzimi.<\/span><\/p>\n","protected":false,"gt_translate_keys":[{"key":"rendered","format":"html"}]},"excerpt":{"rendered":"<p>Vihet n\u00eb pranga nj\u00eb shtetas me inicialet A.M, 27 vjec, pasi dyshohet se ka kryer marr\u00ebdh\u00ebnie seksuale me nj\u00eb 12-vje\u00e7are. Kane qen\u00eb specialist\u00ebt e hetimit t\u00eb Komisariatit Vlor\u00eb q\u00eb kan\u00eb prangosur djalin, banues n\u00eb Fier, q\u00eb \u00ebsht\u00eb kall\u00ebzuar nga nj\u00eb shtetase se ka kryer marr\u00ebdh\u00ebnie seksuale me vajz\u00ebn e saj. Policia vijon veprimet p\u00ebr verifikimin [&hellip;]<\/p>\n","protected":false,"gt_translate_keys":[{"key":"rendered","format":"html"}]},"author":30,"featured_media":655328,"comment_status":"closed","ping_status":"open","sticky":false,"template":"","format":"standard","meta":{"footnotes":""},"categories":[65],"tags":[],"class_list":["post-656647","post","type-post","status-publish","format-standard","has-post-thumbnail","hentry","category-lajme"],"gt_translate_keys":[{"key":"link","format":"url"}],"_links":{"self":[{"href":"https:\/\/www.hashtag.al\/index.php\/wp-json\/wp\/v2\/posts\/656647","targetHints":{"allow":["GET"]}}],"collection":[{"href":"https:\/\/www.hashtag.al\/index.php\/wp-json\/wp\/v2\/posts"}],"about":[{"href":"https:\/\/www.hashtag.al\/index.php\/wp-json\/wp\/v2\/types\/post"}],"author":[{"embeddable":true,"href":"https:\/\/www.hashtag.al\/index.php\/wp-json\/wp\/v2\/users\/30"}],"replies":[{"embeddable":true,"href":"https:\/\/www.hashtag.al\/index.php\/wp-json\/wp\/v2\/comments?post=656647"}],"version-history":[{"count":0,"href":"https:\/\/www.hashtag.al\/index.php\/wp-json\/wp\/v2\/posts\/656647\/revisions"}],"wp:featuredmedia":[{"embeddable":true,"href":"https:\/\/www.hashtag.al\/index.php\/wp-json\/wp\/v2\/media\/655328"}],"wp:attachment":[{"href":"https:\/\/www.hashtag.al\/index.php\/wp-json\/wp\/v2\/media?parent=656647"}],"wp:term":[{"taxonomy":"category","embeddable":true,"href":"https:\/\/www.hashtag.al\/index.php\/wp-json\/wp\/v2\/categories?post=656647"},{"taxonomy":"post_tag","embeddable":true,"href":"https:\/\/www.hashtag.al\/index.php\/wp-json\/wp\/v2\/tags?post=656647"}],"curies":[{"name":"wp","href":"https:\/\/api.w.org\/{rel}","templated":true}]}}