{"id":656546,"date":"2024-02-23T21:12:22","date_gmt":"2024-02-23T20:12:22","guid":{"rendered":"https:\/\/www.hashtag.al\/?p=656546"},"modified":"2024-02-23T21:22:11","modified_gmt":"2024-02-23T20:22:11","slug":"tabaku-shuan-dilemat-pjese-grupit-parlamentar-te-drejtuar-nga-bardhi-procesi-i-bashkimit-duhet-te-vazhdoje","status":"publish","type":"post","link":"https:\/\/www.hashtag.al\/index.php\/2024\/02\/23\/tabaku-shuan-dilemat-pjese-grupit-parlamentar-te-drejtuar-nga-bardhi-procesi-i-bashkimit-duhet-te-vazhdoje\/","title":{"rendered":"Tabaku shuan dilemat, pjes\u00eb e grupit parlamentar t\u00eb drejtuar nga Bardhi: Procesi i bashkimit duhet t\u00eb vazhdoj\u00eb","gt_translate_keys":[{"key":"rendered","format":"text"}]},"content":{"rendered":"<p style=\"text-align: left;\"><span style=\"color: #000000;\"><img loading=\"lazy\" decoding=\"async\" class=\"size-full wp-image-656547 aligncenter\" src=\"https:\/\/www.hashtag.al\/wp-content\/uploads\/2024\/02\/tabaku-1-1-715x450-1.jpg\" alt=\"\" width=\"715\" height=\"450\" srcset=\"https:\/\/www.hashtag.al\/wp-content\/uploads\/2024\/02\/tabaku-1-1-715x450-1.jpg 715w, https:\/\/www.hashtag.al\/wp-content\/uploads\/2024\/02\/tabaku-1-1-715x450-1-300x189.jpg 300w\" sizes=\"auto, (max-width: 715px) 100vw, 715px\" \/><\/span><\/p>\n<p style=\"text-align: left;\"><span style=\"color: #000000;\">Deputetja e Partis\u00eb Demokratike, Jorida Tabaku thot\u00eb se \u00ebsht\u00eb pjes\u00eb grupit parlamentar t\u00eb drejtuar nga Gazment Bardhi dhe se procesi i bashkimit t\u00eb partis\u00eb duhet t\u00eb vazhdoj\u00eb.<\/span><\/p>\n<p style=\"text-align: left;\"><span style=\"color: #000000;\">Ajo e quajti k\u00ebt\u00eb nj\u00eb proces q\u00eb ajo e beson dhe d\u00ebshiron t\u00eb bashkohet \u00e7do z\u00eb opozitar.<\/span><\/p>\n<p style=\"text-align: left;\"><span style=\"color: #000000;\"><em>\u201cNuk ka asnj\u00eb diskutim q\u00eb un\u00eb jam pjes\u00eb e grupit parlamentar. Ky \u00ebsht\u00eb nj\u00eb proces dhe nuk e ndajm\u00eb dot me thik\u00eb \u201ce b\u00ebt\u00eb apo nuk e b\u00ebt\u00eb\u201d. <\/em><\/span><\/p>\n<p style=\"text-align: left;\"><span style=\"color: #000000;\"><em>Ky \u00ebsht\u00eb nj\u00eb proces q\u00eb un\u00eb besoj se do t\u00eb vazhdoj\u00eb dhe d\u00ebshira im\u00eb \u00ebsht\u00eb q\u00eb n\u00eb k\u00ebt\u00eb proces t\u00eb bashkohet \u00e7do z\u00eb opozitar. Me zotin Bardhi kam luksin q\u00eb t\u00eb bie dakord dhe t\u00eb mos bie dakord.<\/em><\/span><\/p>\n<p style=\"text-align: left;\"><span style=\"color: #000000;\"><em>Ai \u00ebsht\u00eb edhe miku im. Psh, un\u00eb nuk bie dakord me t\u00eb dhe me vendimin e grupit p\u00ebr aksionin n\u00eb Parlament. <\/em><\/span><\/p>\n<p style=\"text-align: left;\"><span style=\"color: #000000;\"><em>Arsyet jan\u00eb t\u00eb drejta, por m\u00ebnyra sesi po shkojn\u00eb gj\u00ebrat, mendoj se nuk po na ndihmojn\u00eb. Sepse bashkimi i partis\u00eb pa l\u00ebn\u00eb jasht\u00eb ask\u00ebnd, n\u00eb frym\u00ebn e konfederat\u00ebs, bashk\u00eb me protest\u00ebn, bashk\u00eb me Parlamentin, duhej t\u00eb kombinoheshin t\u00eb gjitha bashk\u00eb\u201d, thot\u00eb ajo.<\/em><\/span><\/p>\n<p style=\"text-align: left;\"><span style=\"color: #000000;\"><em>\u00a0\u201cPD-s\u00eb i duhet bashkimi i \u00e7do z\u00ebri opozitar, i duhet kushdo. PD-s\u00eb i duhet t\u00eb kaloj\u00eb p\u00ebrtej individ\u00ebve. I duhet t\u00eb kaloj\u00eb tek qytetar\u00ebt. Secili prej nesh duhet t\u00eb tejkaloj\u00eb veten. Un\u00eb e kam dh\u00ebn\u00eb shembullin tim, kam dh\u00ebn\u00eb dor\u00ebheqjen nga pozicionet q\u00eb kam patur.<\/em><\/span><\/p>\n<p style=\"text-align: left;\"><span style=\"color: #000000;\"><em>Tani, un\u00eb po p\u00ebrpiqem t\u00eb b\u00ebj opozit\u00eb duke marr\u00eb pjes\u00eb n\u00eb protest\u00eb, duke plot\u00ebsuar me sa mundem hap\u00ebsir\u00ebn e l\u00ebn\u00eb bosh n\u00eb komisionet parlamentare, po p\u00ebrpiqem t\u2019u flas njer\u00ebzve dhe t\u2019i jap koh\u00eb k\u00ebtij procesi bashkimi p\u00ebr t\u00eb shkuar n\u00eb zgjedhjet e ardhshme edhe me iden\u00eb e konfederat\u00ebs q\u00eb i mbledh t\u00eb gjitha pal\u00ebt bashk\u00eb. <\/em><\/span><\/p>\n<p style=\"text-align: left;\"><span style=\"color: #000000;\"><em>Debati m\u00eb i madh q\u00eb kam me kolegun dhe mikun tim Gazment Bardhi \u00ebsht\u00eb q\u00eb grupi parlamentar duhet t\u00eb p\u00ebrdor\u00eb \u00e7do hap\u00ebsir\u00eb, duhet t\u00eb p\u00ebrdor\u00eb Parlamentin, duhet t\u00eb p\u00ebrdorim \u00e7do forum\u201d, <\/em>tha ajo n\u00eb TVSH.<\/span><\/p>\n","protected":false,"gt_translate_keys":[{"key":"rendered","format":"html"}]},"excerpt":{"rendered":"<p>Deputetja e Partis\u00eb Demokratike, Jorida Tabaku thot\u00eb se \u00ebsht\u00eb pjes\u00eb grupit parlamentar t\u00eb drejtuar nga Gazment Bardhi dhe se procesi i bashkimit t\u00eb partis\u00eb duhet t\u00eb vazhdoj\u00eb. Ajo e quajti k\u00ebt\u00eb nj\u00eb proces q\u00eb ajo e beson dhe d\u00ebshiron t\u00eb bashkohet \u00e7do z\u00eb opozitar. \u201cNuk ka asnj\u00eb diskutim q\u00eb un\u00eb jam pjes\u00eb e grupit parlamentar. [&hellip;]<\/p>\n","protected":false,"gt_translate_keys":[{"key":"rendered","format":"html"}]},"author":4,"featured_media":656547,"comment_status":"closed","ping_status":"open","sticky":false,"template":"","format":"standard","meta":{"footnotes":""},"categories":[65],"tags":[],"class_list":["post-656546","post","type-post","status-publish","format-standard","has-post-thumbnail","hentry","category-lajme"],"gt_translate_keys":[{"key":"link","format":"url"}],"_links":{"self":[{"href":"https:\/\/www.hashtag.al\/index.php\/wp-json\/wp\/v2\/posts\/656546","targetHints":{"allow":["GET"]}}],"collection":[{"href":"https:\/\/www.hashtag.al\/index.php\/wp-json\/wp\/v2\/posts"}],"about":[{"href":"https:\/\/www.hashtag.al\/index.php\/wp-json\/wp\/v2\/types\/post"}],"author":[{"embeddable":true,"href":"https:\/\/www.hashtag.al\/index.php\/wp-json\/wp\/v2\/users\/4"}],"replies":[{"embeddable":true,"href":"https:\/\/www.hashtag.al\/index.php\/wp-json\/wp\/v2\/comments?post=656546"}],"version-history":[{"count":0,"href":"https:\/\/www.hashtag.al\/index.php\/wp-json\/wp\/v2\/posts\/656546\/revisions"}],"wp:featuredmedia":[{"embeddable":true,"href":"https:\/\/www.hashtag.al\/index.php\/wp-json\/wp\/v2\/media\/656547"}],"wp:attachment":[{"href":"https:\/\/www.hashtag.al\/index.php\/wp-json\/wp\/v2\/media?parent=656546"}],"wp:term":[{"taxonomy":"category","embeddable":true,"href":"https:\/\/www.hashtag.al\/index.php\/wp-json\/wp\/v2\/categories?post=656546"},{"taxonomy":"post_tag","embeddable":true,"href":"https:\/\/www.hashtag.al\/index.php\/wp-json\/wp\/v2\/tags?post=656546"}],"curies":[{"name":"wp","href":"https:\/\/api.w.org\/{rel}","templated":true}]}}