{"id":656496,"date":"2024-02-23T19:05:22","date_gmt":"2024-02-23T18:05:22","guid":{"rendered":"https:\/\/www.hashtag.al\/?p=656496"},"modified":"2024-02-23T19:05:22","modified_gmt":"2024-02-23T18:05:22","slug":"konspiracionistet-kercenojne-mediat-tradicionale-trudeau","status":"publish","type":"post","link":"https:\/\/www.hashtag.al\/index.php\/2024\/02\/23\/konspiracionistet-kercenojne-mediat-tradicionale-trudeau\/","title":{"rendered":"\u201cKonspiracionist\u00ebt\u201d k\u00ebrc\u00ebnojn\u00eb mediat tradicionale, Trudeau","gt_translate_keys":[{"key":"rendered","format":"text"}]},"content":{"rendered":"<p><img loading=\"lazy\" decoding=\"async\" class=\"aligncenter size-full wp-image-531715\" src=\"https:\/\/www.hashtag.al\/wp-content\/uploads\/2022\/06\/trudoasete.jpg\" alt=\"\" width=\"1280\" height=\"720\" srcset=\"https:\/\/www.hashtag.al\/wp-content\/uploads\/2022\/06\/trudoasete.jpg 1280w, https:\/\/www.hashtag.al\/wp-content\/uploads\/2022\/06\/trudoasete-300x169.jpg 300w, https:\/\/www.hashtag.al\/wp-content\/uploads\/2022\/06\/trudoasete-1024x576.jpg 1024w, https:\/\/www.hashtag.al\/wp-content\/uploads\/2022\/06\/trudoasete-768x432.jpg 768w\" sizes=\"auto, (max-width: 1280px) 100vw, 1280px\" \/><\/p>\n<p><span style=\"color: #000000;\">Kryeministri kanadez Justin Trudeau faj\u00ebsoi t\u00eb m\u00ebrkur\u00ebn mediat sociale se po k\u00ebrc\u00ebnojn\u00eb mediat tradicionale t\u00eb lajmeve. <\/span><\/p>\n<p><span style=\"color: #000000;\">Kreu i Partis\u00eb Liberale e b\u00ebri mesazhin n\u00eb bastionin konservator t\u00eb Albert\u00ebs, me drejtuesin e radios Ryan Jespersen p\u00ebr nj\u00eb intervist\u00eb ekskluzive 30 minut\u00ebshe n\u00eb podkastin e tij \u2018Real Talk\u2019.<\/span><\/p>\n<p><span style=\"color: #000000;\"><em>&#8220;Ka nj\u00eb minim t\u00eb q\u00ebllimsh\u00ebm t\u00eb medias kryesore,&#8221;<\/em> tha Trudeau, duke iu p\u00ebrgjigjur nj\u00eb pyetjeje n\u00eb fund t\u00eb intervist\u00ebs.<\/span><\/p>\n<p><span style=\"color: #000000;\"><em>\u201cTeoricien\u00ebt e konspiracionit, drejtuesit e mediave sociale po p\u00ebrpiqen t\u00eb b\u00ebjn\u00eb gjith\u00e7ka q\u00eb munden p\u00ebr t&#8217;i mbajtur njer\u00ebzit n\u00eb flluskat e tyre t\u00eb vogla, p\u00ebr t&#8217;i parandaluar njer\u00ebzit q\u00eb n\u00eb fakt t\u00eb bien dakord p\u00ebr nj\u00eb grup faktesh t\u00eb p\u00ebrbashk\u00ebta, si CBC dhe CTV, kur ata ishin burimet tona t\u00eb vetme t\u00eb lajmeve, t\u00eb p\u00ebrdorura p\u00ebr t\u00eb projektuar n\u00eb t\u00eb gjith\u00eb vendin, t\u00eb pakt\u00ebn nj\u00eb kuptim t\u00eb p\u00ebrbashk\u00ebt t\u00eb gj\u00ebrave.\u201d<\/em><\/span><\/p>\n<p><span style=\"color: #000000;\">N\u00eb fillim t\u00eb k\u00ebtij muaji, Trudeau denoncoi l\u00ebvizjen e Bell Media p\u00ebr t\u00eb pushuar nga puna shum\u00eb prej gazetar\u00ebve t\u00eb saj dhe shitjen e 45 nga 103 stacionet e saj t\u00eb radiove rajonale, duke argumentuar se gazetaria lokale mban s\u00eb bashku demokracin\u00eb kanadeze.<\/span><\/p>\n<p><span style=\"color: #000000;\"><em>&#8220;Ka ndryshime t\u00eb m\u00ebdha q\u00eb duhet t\u00eb ndodhin n\u00eb peizazhin ton\u00eb mediatik, dhe qeveria mund t\u00eb p\u00ebrpiqet t\u00eb krijoj\u00eb kushte dhe stimuj q\u00eb kjo t\u00eb ndodh\u00eb,&#8221;<\/em> i tha ai Jespersen t\u00eb m\u00ebrkur\u00ebn.<\/span><\/p>\n","protected":false,"gt_translate_keys":[{"key":"rendered","format":"html"}]},"excerpt":{"rendered":"<p>Kryeministri kanadez Justin Trudeau faj\u00ebsoi t\u00eb m\u00ebrkur\u00ebn mediat sociale se po k\u00ebrc\u00ebnojn\u00eb mediat tradicionale t\u00eb lajmeve. Kreu i Partis\u00eb Liberale e b\u00ebri mesazhin n\u00eb bastionin konservator t\u00eb Albert\u00ebs, me drejtuesin e radios Ryan Jespersen p\u00ebr nj\u00eb intervist\u00eb ekskluzive 30 minut\u00ebshe n\u00eb podkastin e tij \u2018Real Talk\u2019. &#8220;Ka nj\u00eb minim t\u00eb q\u00ebllimsh\u00ebm t\u00eb medias kryesore,&#8221; tha [&hellip;]<\/p>\n","protected":false,"gt_translate_keys":[{"key":"rendered","format":"html"}]},"author":51,"featured_media":531715,"comment_status":"closed","ping_status":"open","sticky":false,"template":"","format":"standard","meta":{"footnotes":""},"categories":[53],"tags":[],"class_list":["post-656496","post","type-post","status-publish","format-standard","has-post-thumbnail","hentry","category-fast-foodi"],"gt_translate_keys":[{"key":"link","format":"url"}],"_links":{"self":[{"href":"https:\/\/www.hashtag.al\/index.php\/wp-json\/wp\/v2\/posts\/656496","targetHints":{"allow":["GET"]}}],"collection":[{"href":"https:\/\/www.hashtag.al\/index.php\/wp-json\/wp\/v2\/posts"}],"about":[{"href":"https:\/\/www.hashtag.al\/index.php\/wp-json\/wp\/v2\/types\/post"}],"author":[{"embeddable":true,"href":"https:\/\/www.hashtag.al\/index.php\/wp-json\/wp\/v2\/users\/51"}],"replies":[{"embeddable":true,"href":"https:\/\/www.hashtag.al\/index.php\/wp-json\/wp\/v2\/comments?post=656496"}],"version-history":[{"count":0,"href":"https:\/\/www.hashtag.al\/index.php\/wp-json\/wp\/v2\/posts\/656496\/revisions"}],"wp:featuredmedia":[{"embeddable":true,"href":"https:\/\/www.hashtag.al\/index.php\/wp-json\/wp\/v2\/media\/531715"}],"wp:attachment":[{"href":"https:\/\/www.hashtag.al\/index.php\/wp-json\/wp\/v2\/media?parent=656496"}],"wp:term":[{"taxonomy":"category","embeddable":true,"href":"https:\/\/www.hashtag.al\/index.php\/wp-json\/wp\/v2\/categories?post=656496"},{"taxonomy":"post_tag","embeddable":true,"href":"https:\/\/www.hashtag.al\/index.php\/wp-json\/wp\/v2\/tags?post=656496"}],"curies":[{"name":"wp","href":"https:\/\/api.w.org\/{rel}","templated":true}]}}