{"id":656480,"date":"2024-02-23T18:34:32","date_gmt":"2024-02-23T17:34:32","guid":{"rendered":"https:\/\/www.hashtag.al\/?p=656480"},"modified":"2024-02-23T18:34:32","modified_gmt":"2024-02-23T17:34:32","slug":"zelensky-premton-kunderofensive-te-re-ndaj-trupave-ruse","status":"publish","type":"post","link":"https:\/\/www.hashtag.al\/index.php\/2024\/02\/23\/zelensky-premton-kunderofensive-te-re-ndaj-trupave-ruse\/","title":{"rendered":"Zelensky premton &#8220;kund\u00ebrofensiv\u00eb t\u00eb re&#8221; ndaj trupave ruse","gt_translate_keys":[{"key":"rendered","format":"text"}]},"content":{"rendered":"<p><img loading=\"lazy\" decoding=\"async\" class=\"aligncenter size-full wp-image-655477\" src=\"https:\/\/www.hashtag.al\/wp-content\/uploads\/2024\/02\/zelensky-ushtria-ukjraina-600x360-1.png\" alt=\"\" width=\"600\" height=\"360\" srcset=\"https:\/\/www.hashtag.al\/wp-content\/uploads\/2024\/02\/zelensky-ushtria-ukjraina-600x360-1.png 600w, https:\/\/www.hashtag.al\/wp-content\/uploads\/2024\/02\/zelensky-ushtria-ukjraina-600x360-1-300x180.png 300w\" sizes=\"auto, (max-width: 600px) 100vw, 600px\" \/><\/p>\n<p><span style=\"color: #000000;\">Ukraina po planifikon nj\u00eb kund\u00ebrofensiv\u00eb t\u00eb re kund\u00ebr Rusis\u00eb, pavar\u00ebsisht nj\u00eb s\u00ebr\u00eb pengesash t\u00eb fundit, si humbja e qytetit strategjik Avdeevka n\u00eb Donbass, tha presidenti Zelensky.<\/span><\/p>\n<p><span style=\"color: #000000;\">N\u00eb nj\u00eb intervist\u00eb me Fox News t\u00eb enjten, Zelensky pranoi se disa mb\u00ebshtet\u00ebs per\u00ebndimor\u00eb kan\u00eb shprehur padurim me Kievin dhe munges\u00ebn e perceptuar t\u00eb p\u00ebrparimit, duke e pyetur at\u00eb &#8220;kur do ta p\u00ebrfundojm\u00eb luft\u00ebn, kur do fitojm\u00eb&#8221;.<\/span><\/p>\n<p><span style=\"color: #000000;\">Udh\u00ebheq\u00ebsi ukrainas theksoi se prioriteti i tij m\u00eb i madh \u00ebsht\u00eb t\u00eb shmang\u00eb viktima t\u00eb r\u00ebnda dhe se n\u00ebse Kievi humbet ushtar\u00ebt e tij, ai &#8220;do humbas\u00eb gjith\u00e7ka&#8221;, edhe n\u00ebse Per\u00ebndimi i siguron atij arm\u00ebt m\u00eb t\u00eb p\u00ebrparuara.<\/span><\/p>\n<p><span style=\"color: #000000;\">Zelensky paralajm\u00ebroi se plani p\u00ebrfundimtar varet nga shum\u00eb faktor\u00eb dhe nuk pranoi t\u00eb jepte nj\u00eb afat kohor t\u00eb mundsh\u00ebm p\u00ebr nj\u00eb shtytje t\u00eb re.<\/span><\/p>\n<p><span style=\"color: #000000;\">Ukraina provoi nj\u00eb sulm n\u00eb shkall\u00eb t\u00eb gjer\u00eb n\u00eb fillim t\u00eb ver\u00ebs s\u00eb kaluar, por nuk arriti t\u00eb b\u00ebj\u00eb ndonj\u00eb p\u00ebrparim thelb\u00ebsor, pavar\u00ebsisht se u p\u00ebrforcua me nj\u00eb sasi masive t\u00eb pajisjeve ushtarake per\u00ebndimore.<\/span><\/p>\n","protected":false,"gt_translate_keys":[{"key":"rendered","format":"html"}]},"excerpt":{"rendered":"<p>Ukraina po planifikon nj\u00eb kund\u00ebrofensiv\u00eb t\u00eb re kund\u00ebr Rusis\u00eb, pavar\u00ebsisht nj\u00eb s\u00ebr\u00eb pengesash t\u00eb fundit, si humbja e qytetit strategjik Avdeevka n\u00eb Donbass, tha presidenti Zelensky. N\u00eb nj\u00eb intervist\u00eb me Fox News t\u00eb enjten, Zelensky pranoi se disa mb\u00ebshtet\u00ebs per\u00ebndimor\u00eb kan\u00eb shprehur padurim me Kievin dhe munges\u00ebn e perceptuar t\u00eb p\u00ebrparimit, duke e pyetur at\u00eb [&hellip;]<\/p>\n","protected":false,"gt_translate_keys":[{"key":"rendered","format":"html"}]},"author":51,"featured_media":655477,"comment_status":"closed","ping_status":"open","sticky":false,"template":"","format":"standard","meta":{"footnotes":""},"categories":[6],"tags":[],"class_list":["post-656480","post","type-post","status-publish","format-standard","has-post-thumbnail","hentry","category-nderkombetare"],"gt_translate_keys":[{"key":"link","format":"url"}],"_links":{"self":[{"href":"https:\/\/www.hashtag.al\/index.php\/wp-json\/wp\/v2\/posts\/656480","targetHints":{"allow":["GET"]}}],"collection":[{"href":"https:\/\/www.hashtag.al\/index.php\/wp-json\/wp\/v2\/posts"}],"about":[{"href":"https:\/\/www.hashtag.al\/index.php\/wp-json\/wp\/v2\/types\/post"}],"author":[{"embeddable":true,"href":"https:\/\/www.hashtag.al\/index.php\/wp-json\/wp\/v2\/users\/51"}],"replies":[{"embeddable":true,"href":"https:\/\/www.hashtag.al\/index.php\/wp-json\/wp\/v2\/comments?post=656480"}],"version-history":[{"count":0,"href":"https:\/\/www.hashtag.al\/index.php\/wp-json\/wp\/v2\/posts\/656480\/revisions"}],"wp:featuredmedia":[{"embeddable":true,"href":"https:\/\/www.hashtag.al\/index.php\/wp-json\/wp\/v2\/media\/655477"}],"wp:attachment":[{"href":"https:\/\/www.hashtag.al\/index.php\/wp-json\/wp\/v2\/media?parent=656480"}],"wp:term":[{"taxonomy":"category","embeddable":true,"href":"https:\/\/www.hashtag.al\/index.php\/wp-json\/wp\/v2\/categories?post=656480"},{"taxonomy":"post_tag","embeddable":true,"href":"https:\/\/www.hashtag.al\/index.php\/wp-json\/wp\/v2\/tags?post=656480"}],"curies":[{"name":"wp","href":"https:\/\/api.w.org\/{rel}","templated":true}]}}