{"id":656279,"date":"2024-02-22T20:33:46","date_gmt":"2024-02-22T19:33:46","guid":{"rendered":"https:\/\/www.hashtag.al\/?p=656279"},"modified":"2024-02-22T20:35:24","modified_gmt":"2024-02-22T19:35:24","slug":"miratimi-i-marreveshjes-me-italine-per-emigrantet-spiropali-pjekuri-per-marrjen-e-pergjegjesive-per-sfida-evropiane","status":"publish","type":"post","link":"https:\/\/www.hashtag.al\/index.php\/2024\/02\/22\/miratimi-i-marreveshjes-me-italine-per-emigrantet-spiropali-pjekuri-per-marrjen-e-pergjegjesive-per-sfida-evropiane\/","title":{"rendered":"Miratimi i marr\u00ebveshjes me Italin\u00eb p\u00ebr emigrant\u00ebt, Spiropali: Pjekuri p\u00ebr marrjen e p\u00ebrgjegj\u00ebsive p\u00ebr sfida evropiane","gt_translate_keys":[{"key":"rendered","format":"text"}]},"content":{"rendered":"<p><span style=\"color: #000000;\"><a href=\"https:\/\/www.hashtag.al\/wp-content\/uploads\/2024\/02\/Screenshot-2024-02-22-201122.png\"><img loading=\"lazy\" decoding=\"async\" class=\"aligncenter size-full wp-image-656281\" src=\"https:\/\/www.hashtag.al\/wp-content\/uploads\/2024\/02\/Screenshot-2024-02-22-201122.png\" alt=\"\" width=\"502\" height=\"475\" srcset=\"https:\/\/www.hashtag.al\/wp-content\/uploads\/2024\/02\/Screenshot-2024-02-22-201122.png 502w, https:\/\/www.hashtag.al\/wp-content\/uploads\/2024\/02\/Screenshot-2024-02-22-201122-300x284.png 300w\" sizes=\"auto, (max-width: 502px) 100vw, 502px\" \/><\/a><\/span><\/p>\n<p><span style=\"color: #000000;\">Ministrja e Shtetit p\u00ebr Marr\u00ebdh\u00ebniet me Parlamentin, Elisa Spiropali n\u00eb nj\u00eb reagim n\u00eb rrjete sociale shkruan se ratifikimi n\u00eb Kuvend i marr\u00ebveshjes me Italin\u00eb p\u00ebr emigrant\u00ebt tregon pjekurin\u00eb n\u00eb marrjen e p\u00ebrgjegj\u00ebsive p\u00ebr sfida evropiane t\u00eb p\u00ebrbashk\u00ebta si vend q\u00eb synon integrimin e plot\u00eb brenda vitit 2030.<\/span><\/p>\n<p><span style=\"color: #000000;\"><em>\u201cSot n\u00eb Kuvend ratifikuam Protokollin nde\u0308rmjet Ke\u0308shillit te\u0308 Ministrave te\u0308 Republike\u0308s se\u0308 Shqipe\u0308rise\u0308 dhe Qeverise\u0308 se\u0308 Republike\u0308s Italiane pe\u0308r forcimin e bashke\u0308punimit ne\u0308 fushe\u0308n e migracionit, p\u00ebrmes s\u00eb cil\u00ebs Shqip\u00ebria i gjendet Italis\u00eb si\u00e7 na \u00ebsht\u00eb gjendur ajo shum\u00eb her\u00eb gjat\u00eb historis\u00eb son\u00eb t\u00eb trazuar, po dhe d\u00ebshmon pjekurin\u00eb ton\u00eb n\u00eb marrjen e p\u00ebrgjegj\u00ebsive p\u00ebr sfida evropiane t\u00eb p\u00ebrbashk\u00ebta si vend q\u00eb synon integrimin e plot\u00eb brenda vitit 2030\u201d,<\/em> shkruan ministrja.<\/span><\/p>\n","protected":false,"gt_translate_keys":[{"key":"rendered","format":"html"}]},"excerpt":{"rendered":"<p>Ministrja e Shtetit p\u00ebr Marr\u00ebdh\u00ebniet me Parlamentin, Elisa Spiropali n\u00eb nj\u00eb reagim n\u00eb rrjete sociale shkruan se ratifikimi n\u00eb Kuvend i marr\u00ebveshjes me Italin\u00eb p\u00ebr emigrant\u00ebt tregon pjekurin\u00eb n\u00eb marrjen e p\u00ebrgjegj\u00ebsive p\u00ebr sfida evropiane t\u00eb p\u00ebrbashk\u00ebta si vend q\u00eb synon integrimin e plot\u00eb brenda vitit 2030. \u201cSot n\u00eb Kuvend ratifikuam Protokollin nde\u0308rmjet Ke\u0308shillit te\u0308 [&hellip;]<\/p>\n","protected":false,"gt_translate_keys":[{"key":"rendered","format":"html"}]},"author":30,"featured_media":656281,"comment_status":"closed","ping_status":"open","sticky":false,"template":"","format":"standard","meta":{"footnotes":""},"categories":[65],"tags":[],"class_list":["post-656279","post","type-post","status-publish","format-standard","has-post-thumbnail","hentry","category-lajme"],"gt_translate_keys":[{"key":"link","format":"url"}],"_links":{"self":[{"href":"https:\/\/www.hashtag.al\/index.php\/wp-json\/wp\/v2\/posts\/656279","targetHints":{"allow":["GET"]}}],"collection":[{"href":"https:\/\/www.hashtag.al\/index.php\/wp-json\/wp\/v2\/posts"}],"about":[{"href":"https:\/\/www.hashtag.al\/index.php\/wp-json\/wp\/v2\/types\/post"}],"author":[{"embeddable":true,"href":"https:\/\/www.hashtag.al\/index.php\/wp-json\/wp\/v2\/users\/30"}],"replies":[{"embeddable":true,"href":"https:\/\/www.hashtag.al\/index.php\/wp-json\/wp\/v2\/comments?post=656279"}],"version-history":[{"count":0,"href":"https:\/\/www.hashtag.al\/index.php\/wp-json\/wp\/v2\/posts\/656279\/revisions"}],"wp:featuredmedia":[{"embeddable":true,"href":"https:\/\/www.hashtag.al\/index.php\/wp-json\/wp\/v2\/media\/656281"}],"wp:attachment":[{"href":"https:\/\/www.hashtag.al\/index.php\/wp-json\/wp\/v2\/media?parent=656279"}],"wp:term":[{"taxonomy":"category","embeddable":true,"href":"https:\/\/www.hashtag.al\/index.php\/wp-json\/wp\/v2\/categories?post=656279"},{"taxonomy":"post_tag","embeddable":true,"href":"https:\/\/www.hashtag.al\/index.php\/wp-json\/wp\/v2\/tags?post=656279"}],"curies":[{"name":"wp","href":"https:\/\/api.w.org\/{rel}","templated":true}]}}