{"id":656003,"date":"2024-02-21T20:00:44","date_gmt":"2024-02-21T19:00:44","guid":{"rendered":"https:\/\/www.hashtag.al\/?p=656003"},"modified":"2024-02-21T20:00:44","modified_gmt":"2024-02-21T19:00:44","slug":"tuchel-do-largohet-nga-bayern-munich-destinacioni-premier-league","status":"publish","type":"post","link":"https:\/\/www.hashtag.al\/index.php\/2024\/02\/21\/tuchel-do-largohet-nga-bayern-munich-destinacioni-premier-league\/","title":{"rendered":"Tuchel do largohet nga Bayern Munich, destinacioni Premier League","gt_translate_keys":[{"key":"rendered","format":"text"}]},"content":{"rendered":"<p><span style=\"color: #000000;\"><a href=\"https:\/\/www.hashtag.al\/wp-content\/uploads\/2024\/02\/tuchel.jpg\"><img loading=\"lazy\" decoding=\"async\" class=\"aligncenter size-full wp-image-656004\" src=\"https:\/\/www.hashtag.al\/wp-content\/uploads\/2024\/02\/tuchel.jpg\" alt=\"\" width=\"624\" height=\"351\" srcset=\"https:\/\/www.hashtag.al\/wp-content\/uploads\/2024\/02\/tuchel.jpg 624w, https:\/\/www.hashtag.al\/wp-content\/uploads\/2024\/02\/tuchel-300x169.jpg 300w\" sizes=\"auto, (max-width: 624px) 100vw, 624px\" \/><\/a><\/span><\/p>\n<p><span style=\"color: #000000;\">Thomas Tuchel do t\u00eb largohet nga Bayern Munich n\u00eb fundin e sezonit. Vendim q\u00eb e b\u00ebn\u00eb publik kampion\u00ebt e Gjermanis\u00eb me an\u00eb t\u00eb nj\u00eb komunikate zyrtare. 50-vje\u00e7ari u em\u00ebruar trajneri i Bayernit m\u00eb 24 mars t\u00eb vitit t\u00eb kaluar.<\/span><\/p>\n<p><span style=\"color: #000000;\">Vjet fitoi titullin, m\u00eb shum\u00eb p\u00ebr gaf\u00eb t\u00eb Dortmundit se p\u00ebr merit\u00eb t\u00eb Bayernit, nd\u00ebrkoh\u00eb q\u00eb ky sezon nuk po shkon aspak mir\u00eb. Pasi nisi me humbjen e Superkup\u00ebs s\u00eb Gjermanis\u00eb dhe eliminimin nga Kupa.<\/span><\/p>\n<p><span style=\"color: #000000;\">Titulli \u00ebsht\u00eb af\u00ebr Bayer Leverkusenit, nd\u00ebrkoh\u00eb q\u00eb duhet p\u00ebrmbysur humbja 1-0 ndaj Lazios p\u00ebr t\u2019u kualifikuar n\u00eb \u00e7erekfinalet e Champions League.<\/span><\/p>\n<p><span style=\"color: #000000;\">Tuchel shpreson t\u00eb rikthehet gjat\u00eb ver\u00ebs n\u00eb Premier League, aty ku b\u00ebri mjaft mir\u00eb me Chelsean, ekip me t\u00eb cilin fitoi Championsin.<\/span><\/p>\n<p><span style=\"color: #000000;\">Nd\u00ebrkoh\u00eb, \u00ebndrra e madhe e drejtuesve t\u00eb Bayernit \u00ebsht\u00eb Xabi Alonso, trajneri q\u00eb po shk\u00eblqen n\u00eb stolin e Bayer Leverkusenit.<\/span><\/p>\n<p><span style=\"color: #000000;\">Gjithsesi, p\u00ebr t\u00eb mb\u00ebrritur te spanjolli nuk do t\u00eb jet\u00eb nj\u00eb mision i thjesht\u00eb. Pasi prej koh\u00ebsh Liverpooli e ka piketuar si pasardh\u00ebsin e Jurgen Klopp.<\/span><\/p>\n","protected":false,"gt_translate_keys":[{"key":"rendered","format":"html"}]},"excerpt":{"rendered":"<p>Thomas Tuchel do t\u00eb largohet nga Bayern Munich n\u00eb fundin e sezonit. Vendim q\u00eb e b\u00ebn\u00eb publik kampion\u00ebt e Gjermanis\u00eb me an\u00eb t\u00eb nj\u00eb komunikate zyrtare. 50-vje\u00e7ari u em\u00ebruar trajneri i Bayernit m\u00eb 24 mars t\u00eb vitit t\u00eb kaluar. Vjet fitoi titullin, m\u00eb shum\u00eb p\u00ebr gaf\u00eb t\u00eb Dortmundit se p\u00ebr merit\u00eb t\u00eb Bayernit, nd\u00ebrkoh\u00eb q\u00eb [&hellip;]<\/p>\n","protected":false,"gt_translate_keys":[{"key":"rendered","format":"html"}]},"author":32,"featured_media":656004,"comment_status":"closed","ping_status":"open","sticky":false,"template":"","format":"standard","meta":{"footnotes":""},"categories":[134,13],"tags":[],"class_list":["post-656003","post","type-post","status-publish","format-standard","has-post-thumbnail","hentry","category-sport","category-te-fundit"],"gt_translate_keys":[{"key":"link","format":"url"}],"_links":{"self":[{"href":"https:\/\/www.hashtag.al\/index.php\/wp-json\/wp\/v2\/posts\/656003","targetHints":{"allow":["GET"]}}],"collection":[{"href":"https:\/\/www.hashtag.al\/index.php\/wp-json\/wp\/v2\/posts"}],"about":[{"href":"https:\/\/www.hashtag.al\/index.php\/wp-json\/wp\/v2\/types\/post"}],"author":[{"embeddable":true,"href":"https:\/\/www.hashtag.al\/index.php\/wp-json\/wp\/v2\/users\/32"}],"replies":[{"embeddable":true,"href":"https:\/\/www.hashtag.al\/index.php\/wp-json\/wp\/v2\/comments?post=656003"}],"version-history":[{"count":0,"href":"https:\/\/www.hashtag.al\/index.php\/wp-json\/wp\/v2\/posts\/656003\/revisions"}],"wp:featuredmedia":[{"embeddable":true,"href":"https:\/\/www.hashtag.al\/index.php\/wp-json\/wp\/v2\/media\/656004"}],"wp:attachment":[{"href":"https:\/\/www.hashtag.al\/index.php\/wp-json\/wp\/v2\/media?parent=656003"}],"wp:term":[{"taxonomy":"category","embeddable":true,"href":"https:\/\/www.hashtag.al\/index.php\/wp-json\/wp\/v2\/categories?post=656003"},{"taxonomy":"post_tag","embeddable":true,"href":"https:\/\/www.hashtag.al\/index.php\/wp-json\/wp\/v2\/tags?post=656003"}],"curies":[{"name":"wp","href":"https:\/\/api.w.org\/{rel}","templated":true}]}}