{"id":655971,"date":"2024-02-21T18:11:49","date_gmt":"2024-02-21T17:11:49","guid":{"rendered":"https:\/\/www.hashtag.al\/?p=655971"},"modified":"2024-02-21T18:11:49","modified_gmt":"2024-02-21T17:11:49","slug":"revoltohet-sazan-guri-cfare-jane-keto-peticione-mua-me-mbron-ai-lart","status":"publish","type":"post","link":"https:\/\/www.hashtag.al\/index.php\/2024\/02\/21\/revoltohet-sazan-guri-cfare-jane-keto-peticione-mua-me-mbron-ai-lart\/","title":{"rendered":"Revoltohet Sazan Guri: \u00c7far\u00eb jan\u00eb k\u00ebto peticione? Mua m\u00eb mbron Ai lart","gt_translate_keys":[{"key":"rendered","format":"text"}]},"content":{"rendered":"<p style=\"text-align: left;\"><span style=\"color: #000000;\"><img loading=\"lazy\" decoding=\"async\" class=\"size-full wp-image-655972 aligncenter\" src=\"https:\/\/www.hashtag.al\/wp-content\/uploads\/2024\/02\/800-0-sazan-Guri-compressor-835x540-1.jpg\" alt=\"\" width=\"800\" height=\"517\" srcset=\"https:\/\/www.hashtag.al\/wp-content\/uploads\/2024\/02\/800-0-sazan-Guri-compressor-835x540-1.jpg 800w, https:\/\/www.hashtag.al\/wp-content\/uploads\/2024\/02\/800-0-sazan-Guri-compressor-835x540-1-300x194.jpg 300w, https:\/\/www.hashtag.al\/wp-content\/uploads\/2024\/02\/800-0-sazan-Guri-compressor-835x540-1-768x496.jpg 768w\" sizes=\"auto, (max-width: 800px) 100vw, 800px\" \/><\/span><\/p>\n<p style=\"text-align: left;\"><span style=\"color: #000000;\">Sazan Guri ka reaguar pas nj\u00eb peticioni drejtuar AMA-s, q\u00eb t\u00eb largohen nga televizioni njer\u00ebz sharlatan\u00eb, mes t\u00eb cil\u00ebve, profesor Guri vet\u00ebidentifikohet.<\/span><\/p>\n<p style=\"text-align: left;\"><span style=\"color: #000000;\"><em>\u201cSi\u00e7 po e shikoni n\u00eb media, grupe me em\u00ebr akademik dhe publik po na sulmojn\u00eb sikur kemi b\u00ebr\u00eb tradhti ndaj kombit, duke na akuzuar me akuza alla fqinj\u00ebsh jugor e verior, se:<\/em><\/span><\/p>\n<p style=\"text-align: left;\"><span style=\"color: #000000;\"><em>-Gjuha shqipe nuk \u00ebsht\u00eb e lasht\u00eb;<\/em><\/span><\/p>\n<p style=\"text-align: left;\"><span style=\"color: #000000;\"><em>Se e v\u00ebrteta mbi historin\u00eb e Shqip\u00ebris\u00eb dhe e shqiptar\u00ebve \u00ebsht\u00eb vet\u00ebm si e thon\u00eb ata, dhe \u00e7do alternativ\u00eb tjet\u00ebr \u00ebsht\u00eb \u201csharlatiniz\u00ebm\u201d!<\/em><\/span><\/p>\n<p style=\"text-align: left;\"><span style=\"color: #000000;\"><em>As shqiptar\u00ebt dhe as gjuha e tyre nuk jan\u00eb t\u00eb par\u00ebt, pavar\u00ebsisht se e tha Makroni, kur erdhi dhe dhjetra institucione e studiues m\u00eb me z\u00eb t\u00eb bot\u00ebs!<\/em><\/span><\/p>\n<p style=\"text-align: left;\"><span style=\"color: #000000;\"><em>Fundja, pse nuk i p\u00ebrgjigjeni atyre, por merreni me ne q\u00eb t\u00eb mbyllim goj\u00ebn, e cila kurr\u00eb nuk do t\u00eb ndodh t\u00eb dashur miq q\u00eb rrini e flini dhe nuk b\u00ebzajni, por ju betohem \u2013 ashtu si Papa Kristo Negovani.<\/em><\/span><\/p>\n<p style=\"text-align: left;\"><span style=\"color: #000000;\"><em>Nuk k\u00ebrkojm\u00eb mbrojtje nga asnjeri nga ju, se mua m\u00eb mbron Ai lart!<\/em><\/span><\/p>\n<p style=\"text-align: left;\"><span style=\"color: #000000;\"><em>Ndoshta, Ai mund ta vonoj\u00eb mbrojtjen, sepse Ai e di kur e sjell, por ju duhet t\u00eb mbroni veten tuaj q\u00eb po ju marrin \u00e7do gj\u00eb, po ju d\u00ebbojn\u00eb, po ju b\u00ebjn\u00eb t\u00eb ardhur, po ju b\u00ebjn\u00eb t\u00eb zbritur nga malet m\u00eb 1900 dhe po ju l\u00ebn\u00eb pa rr\u00ebnj\u00eb q\u00eb t\u00eb shp\u00ebrndaheni si gjethe lisi dhe jo t\u00eb rrini si rr\u00ebnj\u00eb lisi\u201d,<\/em> thot\u00eb profesor Guri n\u00eb reagimin e tij.<\/span><\/p>\n","protected":false,"gt_translate_keys":[{"key":"rendered","format":"html"}]},"excerpt":{"rendered":"<p>Sazan Guri ka reaguar pas nj\u00eb peticioni drejtuar AMA-s, q\u00eb t\u00eb largohen nga televizioni njer\u00ebz sharlatan\u00eb, mes t\u00eb cil\u00ebve, profesor Guri vet\u00ebidentifikohet. \u201cSi\u00e7 po e shikoni n\u00eb media, grupe me em\u00ebr akademik dhe publik po na sulmojn\u00eb sikur kemi b\u00ebr\u00eb tradhti ndaj kombit, duke na akuzuar me akuza alla fqinj\u00ebsh jugor e verior, se: -Gjuha [&hellip;]<\/p>\n","protected":false,"gt_translate_keys":[{"key":"rendered","format":"html"}]},"author":4,"featured_media":655972,"comment_status":"closed","ping_status":"open","sticky":false,"template":"","format":"standard","meta":{"footnotes":""},"categories":[53],"tags":[],"class_list":["post-655971","post","type-post","status-publish","format-standard","has-post-thumbnail","hentry","category-fast-foodi"],"gt_translate_keys":[{"key":"link","format":"url"}],"_links":{"self":[{"href":"https:\/\/www.hashtag.al\/index.php\/wp-json\/wp\/v2\/posts\/655971","targetHints":{"allow":["GET"]}}],"collection":[{"href":"https:\/\/www.hashtag.al\/index.php\/wp-json\/wp\/v2\/posts"}],"about":[{"href":"https:\/\/www.hashtag.al\/index.php\/wp-json\/wp\/v2\/types\/post"}],"author":[{"embeddable":true,"href":"https:\/\/www.hashtag.al\/index.php\/wp-json\/wp\/v2\/users\/4"}],"replies":[{"embeddable":true,"href":"https:\/\/www.hashtag.al\/index.php\/wp-json\/wp\/v2\/comments?post=655971"}],"version-history":[{"count":0,"href":"https:\/\/www.hashtag.al\/index.php\/wp-json\/wp\/v2\/posts\/655971\/revisions"}],"wp:featuredmedia":[{"embeddable":true,"href":"https:\/\/www.hashtag.al\/index.php\/wp-json\/wp\/v2\/media\/655972"}],"wp:attachment":[{"href":"https:\/\/www.hashtag.al\/index.php\/wp-json\/wp\/v2\/media?parent=655971"}],"wp:term":[{"taxonomy":"category","embeddable":true,"href":"https:\/\/www.hashtag.al\/index.php\/wp-json\/wp\/v2\/categories?post=655971"},{"taxonomy":"post_tag","embeddable":true,"href":"https:\/\/www.hashtag.al\/index.php\/wp-json\/wp\/v2\/tags?post=655971"}],"curies":[{"name":"wp","href":"https:\/\/api.w.org\/{rel}","templated":true}]}}