{"id":655935,"date":"2024-02-21T15:25:42","date_gmt":"2024-02-21T14:25:42","guid":{"rendered":"https:\/\/www.hashtag.al\/?p=655935"},"modified":"2024-02-21T15:25:42","modified_gmt":"2024-02-21T14:25:42","slug":"merret-vendimi-porti-i-ri-tregtar-i-porto-romanos-me-kosto-422-mln-euro-do-ndertohet-me-fonde-te-buxhetit-te-shtetit","status":"publish","type":"post","link":"https:\/\/www.hashtag.al\/index.php\/2024\/02\/21\/merret-vendimi-porti-i-ri-tregtar-i-porto-romanos-me-kosto-422-mln-euro-do-ndertohet-me-fonde-te-buxhetit-te-shtetit\/","title":{"rendered":"Merret vendimi, Porti i ri tregtar i \u2018Porto Romanos\u2019 me kosto 422 mln euro do nd\u00ebrtohet me fonde t\u00eb buxhetit t\u00eb shtetit","gt_translate_keys":[{"key":"rendered","format":"text"}]},"content":{"rendered":"<p><span style=\"color: #000000;\"><a href=\"https:\/\/www.hashtag.al\/wp-content\/uploads\/2024\/02\/1698932665_portiiportoromanos.jpg\"><img loading=\"lazy\" decoding=\"async\" class=\"aligncenter size-full wp-image-655936\" src=\"https:\/\/www.hashtag.al\/wp-content\/uploads\/2024\/02\/1698932665_portiiportoromanos.jpg\" alt=\"\" width=\"780\" height=\"440\" srcset=\"https:\/\/www.hashtag.al\/wp-content\/uploads\/2024\/02\/1698932665_portiiportoromanos.jpg 780w, https:\/\/www.hashtag.al\/wp-content\/uploads\/2024\/02\/1698932665_portiiportoromanos-300x169.jpg 300w, https:\/\/www.hashtag.al\/wp-content\/uploads\/2024\/02\/1698932665_portiiportoromanos-768x433.jpg 768w\" sizes=\"auto, (max-width: 780px) 100vw, 780px\" \/><\/a><\/span><\/p>\n<p><span style=\"color: #000000;\">Nd\u00ebrtimi i portit t\u00eb ri tregtar n\u00eb Porto Romano do t\u00eb b\u00ebhet me fonde t\u00eb buxhetit t\u00eb shtetit. Vendimi \u00ebsht\u00eb marr\u00eb n\u00eb mbledhjen e sotme t\u00eb qeveris\u00eb ku n\u00ebp\u00ebrmjet rishikimit t\u00eb buxhetit \u00ebsht\u00eb klasifikuar edhe burimi i financimit t\u00eb k\u00ebtij projekti. N\u00eb buxhetin fillestar burimi i financimit ishte i paspecifikuar.<\/span><\/p>\n<p><span style=\"color: #000000;\">Vlera e investimit p\u00ebr nd\u00ebrtimin e Portit tregtar n\u00eb Porto Romano arrin n\u00eb mbi 422 milion\u00eb euro.<\/span><\/p>\n<p><span style=\"color: #000000;\">Ky ndryshim i burimit t\u00eb financimit ishte i paralajm\u00ebruar m\u00eb her\u00ebt edhe nga kryeministri Edi Rama pas mbledhjes qeveritare 2-ditore n\u00eb Sh\u00ebngjin.<\/span><\/p>\n<p><span style=\"color: #000000;\">I gjith\u00eb projekti p\u00ebr nd\u00ebrtimin e portit t\u00eb ri tregtar t\u00eb Porto Romanos pritet t\u00eb mbyllet brenda vitit 2026. Kostoja totale e k\u00ebtij projekti q\u00eb do t\u00eb financohet me fonde buxhetore \u00ebsht\u00eb 43 miliard\u00eb lek\u00eb.<\/span><\/p>\n<p><span style=\"color: #000000;\">Vet\u00ebm p\u00ebr k\u00ebt\u00eb vit t\u00eb buxhetin fillestar ishin parashikuar fonde me vler\u00eb 8.5 miliard\u00eb lek\u00eb. Por me k\u00ebt\u00eb rishikim t\u00eb b\u00ebr\u00eb, pritet t\u00eb p\u00ebrcaktohen edhe fondet e reja se si do t\u00eb shp\u00ebrndahet financimi i k\u00ebtij projekti nd\u00ebr vite.\u00a0<\/span><\/p>\n<p><span style=\"color: #000000;\">Porti tregtar po zhvendoset n\u00eb Porto Romano, p\u00ebr shkak se n\u00eb Durr\u00ebs do t\u00eb nd\u00ebrtohen porti turistik.<\/span><\/p>\n<p><span style=\"color: #000000;\">Aktualisht \u00ebsht\u00eb lidhur kontrata me nj\u00eb grup kompanish p\u00ebr p\u00ebrgatitjen e projektit teknik, nd\u00ebrkoh\u00eb q\u00eb portin e ri do t\u00eb p\u00ebrpunohen 2 milion\u00eb kontejner\u00eb n\u00eb vit, si dhe planifikohet t\u00eb priten rreth 1 milion\u00eb pasagjer\u00eb.<\/span><\/p>\n","protected":false,"gt_translate_keys":[{"key":"rendered","format":"html"}]},"excerpt":{"rendered":"<p>Nd\u00ebrtimi i portit t\u00eb ri tregtar n\u00eb Porto Romano do t\u00eb b\u00ebhet me fonde t\u00eb buxhetit t\u00eb shtetit. Vendimi \u00ebsht\u00eb marr\u00eb n\u00eb mbledhjen e sotme t\u00eb qeveris\u00eb ku n\u00ebp\u00ebrmjet rishikimit t\u00eb buxhetit \u00ebsht\u00eb klasifikuar edhe burimi i financimit t\u00eb k\u00ebtij projekti. N\u00eb buxhetin fillestar burimi i financimit ishte i paspecifikuar. Vlera e investimit p\u00ebr nd\u00ebrtimin [&hellip;]<\/p>\n","protected":false,"gt_translate_keys":[{"key":"rendered","format":"html"}]},"author":30,"featured_media":655936,"comment_status":"closed","ping_status":"open","sticky":false,"template":"","format":"standard","meta":{"footnotes":""},"categories":[65],"tags":[],"class_list":["post-655935","post","type-post","status-publish","format-standard","has-post-thumbnail","hentry","category-lajme"],"gt_translate_keys":[{"key":"link","format":"url"}],"_links":{"self":[{"href":"https:\/\/www.hashtag.al\/index.php\/wp-json\/wp\/v2\/posts\/655935","targetHints":{"allow":["GET"]}}],"collection":[{"href":"https:\/\/www.hashtag.al\/index.php\/wp-json\/wp\/v2\/posts"}],"about":[{"href":"https:\/\/www.hashtag.al\/index.php\/wp-json\/wp\/v2\/types\/post"}],"author":[{"embeddable":true,"href":"https:\/\/www.hashtag.al\/index.php\/wp-json\/wp\/v2\/users\/30"}],"replies":[{"embeddable":true,"href":"https:\/\/www.hashtag.al\/index.php\/wp-json\/wp\/v2\/comments?post=655935"}],"version-history":[{"count":0,"href":"https:\/\/www.hashtag.al\/index.php\/wp-json\/wp\/v2\/posts\/655935\/revisions"}],"wp:featuredmedia":[{"embeddable":true,"href":"https:\/\/www.hashtag.al\/index.php\/wp-json\/wp\/v2\/media\/655936"}],"wp:attachment":[{"href":"https:\/\/www.hashtag.al\/index.php\/wp-json\/wp\/v2\/media?parent=655935"}],"wp:term":[{"taxonomy":"category","embeddable":true,"href":"https:\/\/www.hashtag.al\/index.php\/wp-json\/wp\/v2\/categories?post=655935"},{"taxonomy":"post_tag","embeddable":true,"href":"https:\/\/www.hashtag.al\/index.php\/wp-json\/wp\/v2\/tags?post=655935"}],"curies":[{"name":"wp","href":"https:\/\/api.w.org\/{rel}","templated":true}]}}