{"id":655722,"date":"2024-02-20T20:58:40","date_gmt":"2024-02-20T19:58:40","guid":{"rendered":"https:\/\/www.hashtag.al\/?p=655722"},"modified":"2024-02-20T20:58:40","modified_gmt":"2024-02-20T19:58:40","slug":"protesta-e-opozites-shoqerohen-2-qytetare","status":"publish","type":"post","link":"https:\/\/www.hashtag.al\/index.php\/2024\/02\/20\/protesta-e-opozites-shoqerohen-2-qytetare\/","title":{"rendered":"Protesta e opozit\u00ebs, shoq\u00ebrohen 2 qytetar\u00eb","gt_translate_keys":[{"key":"rendered","format":"text"}]},"content":{"rendered":"<p><span style=\"color: #000000;\"><img loading=\"lazy\" decoding=\"async\" class=\"aligncenter size-full wp-image-655723\" src=\"https:\/\/www.hashtag.al\/wp-content\/uploads\/2024\/02\/protesta-5.jpg\" alt=\"\" width=\"1280\" height=\"853\" srcset=\"https:\/\/www.hashtag.al\/wp-content\/uploads\/2024\/02\/protesta-5.jpg 1280w, https:\/\/www.hashtag.al\/wp-content\/uploads\/2024\/02\/protesta-5-300x200.jpg 300w, https:\/\/www.hashtag.al\/wp-content\/uploads\/2024\/02\/protesta-5-1024x682.jpg 1024w, https:\/\/www.hashtag.al\/wp-content\/uploads\/2024\/02\/protesta-5-768x512.jpg 768w\" sizes=\"auto, (max-width: 1280px) 100vw, 1280px\" \/><\/span><\/p>\n<p><span style=\"color: #000000;\">Dy protestues jan\u00eb shoq\u00ebruar nga policia pas protest\u00ebss\u00eb opozit\u00ebs s\u00eb bashkuar. <\/span><\/p>\n<p><span style=\"color: #000000;\">Dyshohet se qytetar\u00ebt e ndaluar hodh\u00ebn \u2018molotov\u2019, tymuese e shashka n\u00eb drejtim t\u00eb kryeministris\u00eb.<\/span><\/p>\n<p><span style=\"color: #000000;\">Rreth fundit t\u00eb protest\u00ebs, dhjet\u00ebra qytetar\u00eb prish\u00ebn gardhet rrethuese q\u00eb ishin vendosur nga policia.<\/span><\/p>\n","protected":false,"gt_translate_keys":[{"key":"rendered","format":"html"}]},"excerpt":{"rendered":"<p>Dy protestues jan\u00eb shoq\u00ebruar nga policia pas protest\u00ebss\u00eb opozit\u00ebs s\u00eb bashkuar. Dyshohet se qytetar\u00ebt e ndaluar hodh\u00ebn \u2018molotov\u2019, tymuese e shashka n\u00eb drejtim t\u00eb kryeministris\u00eb. Rreth fundit t\u00eb protest\u00ebs, dhjet\u00ebra qytetar\u00eb prish\u00ebn gardhet rrethuese q\u00eb ishin vendosur nga policia.<\/p>\n","protected":false,"gt_translate_keys":[{"key":"rendered","format":"html"}]},"author":51,"featured_media":655723,"comment_status":"closed","ping_status":"open","sticky":false,"template":"","format":"standard","meta":{"footnotes":""},"categories":[65],"tags":[],"class_list":["post-655722","post","type-post","status-publish","format-standard","has-post-thumbnail","hentry","category-lajme"],"gt_translate_keys":[{"key":"link","format":"url"}],"_links":{"self":[{"href":"https:\/\/www.hashtag.al\/index.php\/wp-json\/wp\/v2\/posts\/655722","targetHints":{"allow":["GET"]}}],"collection":[{"href":"https:\/\/www.hashtag.al\/index.php\/wp-json\/wp\/v2\/posts"}],"about":[{"href":"https:\/\/www.hashtag.al\/index.php\/wp-json\/wp\/v2\/types\/post"}],"author":[{"embeddable":true,"href":"https:\/\/www.hashtag.al\/index.php\/wp-json\/wp\/v2\/users\/51"}],"replies":[{"embeddable":true,"href":"https:\/\/www.hashtag.al\/index.php\/wp-json\/wp\/v2\/comments?post=655722"}],"version-history":[{"count":0,"href":"https:\/\/www.hashtag.al\/index.php\/wp-json\/wp\/v2\/posts\/655722\/revisions"}],"wp:featuredmedia":[{"embeddable":true,"href":"https:\/\/www.hashtag.al\/index.php\/wp-json\/wp\/v2\/media\/655723"}],"wp:attachment":[{"href":"https:\/\/www.hashtag.al\/index.php\/wp-json\/wp\/v2\/media?parent=655722"}],"wp:term":[{"taxonomy":"category","embeddable":true,"href":"https:\/\/www.hashtag.al\/index.php\/wp-json\/wp\/v2\/categories?post=655722"},{"taxonomy":"post_tag","embeddable":true,"href":"https:\/\/www.hashtag.al\/index.php\/wp-json\/wp\/v2\/tags?post=655722"}],"curies":[{"name":"wp","href":"https:\/\/api.w.org\/{rel}","templated":true}]}}