{"id":655592,"date":"2024-02-20T15:18:17","date_gmt":"2024-02-20T14:18:17","guid":{"rendered":"https:\/\/www.hashtag.al\/?p=655592"},"modified":"2024-02-20T15:18:17","modified_gmt":"2024-02-20T14:18:17","slug":"marreveshja-rama-meloni-per-emigrantet-vendimi-i-gjykates-kushtetuese-botohet-ne-fletoren-zyrtare","status":"publish","type":"post","link":"https:\/\/www.hashtag.al\/index.php\/2024\/02\/20\/marreveshja-rama-meloni-per-emigrantet-vendimi-i-gjykates-kushtetuese-botohet-ne-fletoren-zyrtare\/","title":{"rendered":"Marr\u00ebveshja Rama-Meloni p\u00ebr emigrant\u00ebt, vendimi i Gjykat\u00ebs Kushtetuese botohet n\u00eb Fletoren Zyrtare","gt_translate_keys":[{"key":"rendered","format":"text"}]},"content":{"rendered":"<p><img loading=\"lazy\" decoding=\"async\" class=\"size-full wp-image-639188 aligncenter\" src=\"https:\/\/www.hashtag.al\/wp-content\/uploads\/2023\/12\/rama-meloni-12-752x440-1.jpg\" alt=\"\" width=\"752\" height=\"440\" srcset=\"https:\/\/www.hashtag.al\/wp-content\/uploads\/2023\/12\/rama-meloni-12-752x440-1.jpg 752w, https:\/\/www.hashtag.al\/wp-content\/uploads\/2023\/12\/rama-meloni-12-752x440-1-300x176.jpg 300w, https:\/\/www.hashtag.al\/wp-content\/uploads\/2023\/12\/rama-meloni-12-752x440-1-250x145.jpg 250w\" sizes=\"auto, (max-width: 752px) 100vw, 752px\" \/><\/p>\n<p style=\"text-align: left;\"><span style=\"color: #000000;\">Pas zbardhjes s\u00eb vendimit t\u00eb Gjykat\u00ebs Kushtetuese, marr\u00ebveshja me Italin\u00eb p\u00ebr emigrant\u00ebt, \u00ebsht\u00eb botuar n\u00eb Fletoren Zyrtare.<\/span><\/p>\n<p style=\"text-align: left;\"><span style=\"color: #000000;\">Nd\u00ebrsa t\u00eb enjten marr\u00ebveshja do t\u00eb miratohet n\u00eb Kuvendin e Republik\u00ebs s\u00eb Shqip\u00ebris\u00eb.<\/span><\/p>\n<p style=\"text-align: left;\"><span style=\"color: #000000;\">Kujtojm\u00eb se\u00a0Gjykata Kushtetuese zbardhi dje vendimin q\u00eb i hap rrug\u00eb firmosjes n\u00eb Kuvend t\u00eb marr\u00ebveshjes mes Shqip\u00ebris\u00eb dhe Italis\u00eb p\u00ebr ngritjen e kampit n\u00eb Lezh\u00eb p\u00ebr pritjen e emigrant\u00ebve afrikan\u00eb. Vendimi u miratua m\u00eb 29 janar 2024 me 5 vota pro e 4 kund\u00ebr, nd\u00ebrsa dje u publikua nga gjykata, i arsyetuar n\u00eb 43 faqe.<\/span><\/p>\n<p style=\"text-align: left;\"><span style=\"color: #000000;\">Nd\u00ebrkoh\u00eb 4 an\u00ebtar\u00eb t\u00eb Gjykat\u00ebs Kushtetuese, konkretisht Marsida Xhaferllari, Sonila Bejtja, Ilir Toska dhe Elsa Toska votuan pro k\u00ebrkes\u00ebs s\u00eb deputet\u00ebve t\u00eb opozit\u00ebs. Ata kan\u00eb dh\u00ebn\u00eb arsyetimet se pse protokolli nuk duhej t\u00eb ratifikohej. Marr\u00ebveshja p\u00ebr emigrant\u00ebt Shqip\u00ebri-Itali pritet t\u00eb votohet t\u00eb enjten n\u00eb Parlament.<\/span><\/p>\n<p style=\"text-align: left;\"><span style=\"color: #000000;\"><em>\u201cVendos\u00ebm deklarimin e Protokollit nd\u00ebrmjet K\u00ebshillit t\u00eb Ministrave t\u00eb Republik\u00ebs s\u00eb Shqip\u00ebris\u00eb dhe Qeveris\u00eb s\u00eb Republik\u00ebs Italiane \u201cP\u00ebr forcimin e bashk\u00ebpunimit n\u00eb fush\u00ebn e migracionit\u201d n\u00eb pajtim me Kushtetut\u00ebn dhe lejimin e ratifikimit t\u00eb tij nga Kuvendi. 2. Ky vendim u njoftohet menj\u00ebher\u00eb Presidentit, Kuvendit dhe K\u00ebshillit t\u00eb Ministrave dhe d\u00ebrgohet p\u00ebr publikim n\u00eb Fletoren Zyrtare. Ky vendim \u00ebsht\u00eb p\u00ebrfundimtar dhe hyn n\u00eb fuqi dit\u00ebn e botimit n\u00eb Fletoren Zyrtare\u201d,<\/em>\u00a0thuhet n\u00eb vendim.<\/span><\/p>\n<p style=\"text-align: left;\"><span style=\"color: #000000;\">Gjykata Kushtetuese e miratoi marr\u00ebveshjen me Italin\u00eb p\u00ebr emigrant\u00ebt me shumic\u00eb votash. Kund\u00ebr marr\u00ebveshjes ishin gjyqtar\u00ebt Marsida Xhaferllari, Sonila Bejtja, Ilir Toska dhe Elsa Toska. Ata dhan\u00eb arsyetimet se pse protokolli nuk duhej t\u00eb ratifikohej.<\/span><\/p>\n","protected":false,"gt_translate_keys":[{"key":"rendered","format":"html"}]},"excerpt":{"rendered":"<p>Pas zbardhjes s\u00eb vendimit t\u00eb Gjykat\u00ebs Kushtetuese, marr\u00ebveshja me Italin\u00eb p\u00ebr emigrant\u00ebt, \u00ebsht\u00eb botuar n\u00eb Fletoren Zyrtare. Nd\u00ebrsa t\u00eb enjten marr\u00ebveshja do t\u00eb miratohet n\u00eb Kuvendin e Republik\u00ebs s\u00eb Shqip\u00ebris\u00eb. Kujtojm\u00eb se\u00a0Gjykata Kushtetuese zbardhi dje vendimin q\u00eb i hap rrug\u00eb firmosjes n\u00eb Kuvend t\u00eb marr\u00ebveshjes mes Shqip\u00ebris\u00eb dhe Italis\u00eb p\u00ebr ngritjen e kampit n\u00eb Lezh\u00eb [&hellip;]<\/p>\n","protected":false,"gt_translate_keys":[{"key":"rendered","format":"html"}]},"author":4,"featured_media":639188,"comment_status":"closed","ping_status":"open","sticky":false,"template":"","format":"standard","meta":{"footnotes":""},"categories":[65],"tags":[],"class_list":["post-655592","post","type-post","status-publish","format-standard","has-post-thumbnail","hentry","category-lajme"],"gt_translate_keys":[{"key":"link","format":"url"}],"_links":{"self":[{"href":"https:\/\/www.hashtag.al\/index.php\/wp-json\/wp\/v2\/posts\/655592","targetHints":{"allow":["GET"]}}],"collection":[{"href":"https:\/\/www.hashtag.al\/index.php\/wp-json\/wp\/v2\/posts"}],"about":[{"href":"https:\/\/www.hashtag.al\/index.php\/wp-json\/wp\/v2\/types\/post"}],"author":[{"embeddable":true,"href":"https:\/\/www.hashtag.al\/index.php\/wp-json\/wp\/v2\/users\/4"}],"replies":[{"embeddable":true,"href":"https:\/\/www.hashtag.al\/index.php\/wp-json\/wp\/v2\/comments?post=655592"}],"version-history":[{"count":0,"href":"https:\/\/www.hashtag.al\/index.php\/wp-json\/wp\/v2\/posts\/655592\/revisions"}],"wp:featuredmedia":[{"embeddable":true,"href":"https:\/\/www.hashtag.al\/index.php\/wp-json\/wp\/v2\/media\/639188"}],"wp:attachment":[{"href":"https:\/\/www.hashtag.al\/index.php\/wp-json\/wp\/v2\/media?parent=655592"}],"wp:term":[{"taxonomy":"category","embeddable":true,"href":"https:\/\/www.hashtag.al\/index.php\/wp-json\/wp\/v2\/categories?post=655592"},{"taxonomy":"post_tag","embeddable":true,"href":"https:\/\/www.hashtag.al\/index.php\/wp-json\/wp\/v2\/tags?post=655592"}],"curies":[{"name":"wp","href":"https:\/\/api.w.org\/{rel}","templated":true}]}}