{"id":655513,"date":"2024-02-20T10:51:27","date_gmt":"2024-02-20T09:51:27","guid":{"rendered":"https:\/\/www.hashtag.al\/?p=655513"},"modified":"2024-02-20T10:51:27","modified_gmt":"2024-02-20T09:51:27","slug":"suedia-i-dhuron-ukraines-ndihme-ushtarake-ne-vlere-680-milione-dollare","status":"publish","type":"post","link":"https:\/\/www.hashtag.al\/index.php\/2024\/02\/20\/suedia-i-dhuron-ukraines-ndihme-ushtarake-ne-vlere-680-milione-dollare\/","title":{"rendered":"Suedia i dhuron Ukrain\u00ebs ndihm\u00eb ushtarake n\u00eb vler\u00eb 680 milion\u00eb dollar\u00eb","gt_translate_keys":[{"key":"rendered","format":"text"}]},"content":{"rendered":"<p><img loading=\"lazy\" decoding=\"async\" class=\"size-full wp-image-655514 aligncenter\" src=\"https:\/\/www.hashtag.al\/wp-content\/uploads\/2024\/02\/ukr.webp\" alt=\"\" width=\"1280\" height=\"720\" srcset=\"https:\/\/www.hashtag.al\/wp-content\/uploads\/2024\/02\/ukr.webp 1280w, https:\/\/www.hashtag.al\/wp-content\/uploads\/2024\/02\/ukr-300x169.webp 300w, https:\/\/www.hashtag.al\/wp-content\/uploads\/2024\/02\/ukr-1024x576.webp 1024w, https:\/\/www.hashtag.al\/wp-content\/uploads\/2024\/02\/ukr-768x432.webp 768w\" sizes=\"auto, (max-width: 1280px) 100vw, 1280px\" \/><\/p>\n<p><span style=\"font-weight: 400; color: #000000;\">Ministria e Mbrojtjes e Suedis\u00eb tha t\u00eb mart\u00ebn se do t\u2019i jap\u00eb Ukrain\u00ebs ndihm\u00eb ushtarake n\u00eb vler\u00eb rreth 680 milion\u00eb dollar\u00eb, p\u00ebrfshir\u00eb d\u00ebrgimin e pajisjeve dhe para t\u00eb gatshme p\u00ebr blerjen e arm\u00ebve.<\/span><\/p>\n<p><span style=\"font-weight: 400; color: #000000;\">Kjo do t\u00eb jet\u00eb hera e 15-t\u00eb q\u00eb Suedia i d\u00ebrgon ndihm\u00eb Ukrain\u00ebs dhe pakoja m\u00eb e madhe e ndihm\u00ebs deri m\u00eb sot, duke rritur n\u00eb rreth 2.8 miliard\u00eb dollar\u00eb ndihm\u00ebn e p\u00ebrgjithshme q\u00eb ia ka dh\u00ebn\u00eb asaj prej se Rusia e filloi pushtimin e saj m\u00eb 2022.<\/span><\/p>\n<p><span style=\"color: #000000;\"><i><span style=\"font-weight: 400;\">\u201cNe do t\u00eb vazhdojm\u00eb ta mb\u00ebshtesim Ukrain\u00ebn sa t\u00eb jet\u00eb e nevojshme\u201d,<\/span><\/i><span style=\"font-weight: 400;\"> tha ministri i Mbrojtjes i Suedis\u00eb, Pal Jonson.<\/span><\/span><\/p>\n<p><span style=\"font-weight: 400; color: #000000;\">Pakoja p\u00ebrfshin artileri dhe municion t\u00eb artileris\u00eb, anije detare luftarake dhe pajisje t\u00eb tjera, tha Suedia.<\/span><\/p>\n<p><span style=\"font-weight: 400; color: #000000;\">Vendimi i Suedis\u00eb vjen vet\u00ebm nj\u00eb dit\u00eb pasi presidenti i Ukrain\u00ebs, Volodymyr Zelensky, iu lut Per\u00ebndimit p\u00ebr ndihm\u00eb gjat\u00eb nj\u00eb vizite te trupat ukrainase n\u00eb vij\u00ebn e frontit t\u00eb h\u00ebn\u00ebn.<\/span><\/p>\n<p><span style=\"font-weight: 400; color: #000000;\">Zelensky ka paralajm\u00ebruar p\u00ebrs\u00ebri se ushtria e tij po p\u00ebrballet me kushte \u201ctejet t\u00eb v\u00ebshtira\u201d dhe munges\u00eb municioni n\u00eb vijat e frontit.<\/span><\/p>\n<p><span style=\"color: #000000;\"><i><span style=\"font-weight: 400;\">\u201cKjo gjendje \u00ebsht\u00eb tejet e v\u00ebshtir\u00eb tani n\u00eb disa pjes\u00eb t\u00eb vij\u00ebs s\u00eb frontit, ku trupat ruse kan\u00eb vendosur rezerva maksimale\u201d<\/span><\/i><span style=\"font-weight: 400;\">, tha Zelensky m\u00eb 19 shkurt pas nj\u00eb vizite te trupat ukrainase n\u00eb vij\u00ebn e frontit n\u00eb qytetin verilindor, Kupianks.<\/span><\/span><\/p>\n<p><span style=\"font-weight: 400; color: #000000;\">Ai e vizitoi k\u00ebt\u00eb qytet vet\u00ebm pak or\u00eb pasi Rusia e mori n\u00eb dor\u00eb fabrik\u00ebn m\u00eb t\u00eb madhe t\u00eb koksit n\u00eb Avdivka, ku Kievi e pranoi disfat\u00ebn jav\u00ebn e kaluar duke i t\u00ebrhequr trupat nga qyteti.<\/span><\/p>\n<p><span style=\"font-weight: 400; color: #000000;\">R\u00ebnia e Avdivk\u00ebs, dikur qytet i rreth 30.000 banor\u00ebve por tani kryesisht i b\u00ebr\u00eb rrafsh me tok\u00ebn dhe shkret\u00ebtir\u00eb, n\u00eb rajonin lindor t\u00eb Donjeckut, sh\u00ebnon fitimin m\u00eb t\u00eb madh territorial t\u00eb Rusis\u00eb n\u00eb n\u00ebnt\u00eb muajt e fundit prej se e nisi pushtimin e Ukrain\u00ebs para gati dy vjet\u00ebve.<\/span><\/p>\n<p><span style=\"color: #000000;\"><span style=\"font-weight: 400;\"><span style=\"color: #ff0000;\">VINI RE:<\/span> Ky material \u00ebsht\u00eb pron\u00ebsi intelektuale e <\/span><span style=\"color: #0000ff;\"><a style=\"color: #0000ff;\" href=\"https:\/\/www.evropaelire.org\/a\/suedia-i-dhuron-ukraines-ndihme-ushtarake\/32827159.html\"><span style=\"font-weight: 400;\">REL<\/span><\/a><\/span><\/span><\/p>\n","protected":false,"gt_translate_keys":[{"key":"rendered","format":"html"}]},"excerpt":{"rendered":"<p>Ministria e Mbrojtjes e Suedis\u00eb tha t\u00eb mart\u00ebn se do t\u2019i jap\u00eb Ukrain\u00ebs ndihm\u00eb ushtarake n\u00eb vler\u00eb rreth 680 milion\u00eb dollar\u00eb, p\u00ebrfshir\u00eb d\u00ebrgimin e pajisjeve dhe para t\u00eb gatshme p\u00ebr blerjen e arm\u00ebve. Kjo do t\u00eb jet\u00eb hera e 15-t\u00eb q\u00eb Suedia i d\u00ebrgon ndihm\u00eb Ukrain\u00ebs dhe pakoja m\u00eb e madhe e ndihm\u00ebs deri m\u00eb [&hellip;]<\/p>\n","protected":false,"gt_translate_keys":[{"key":"rendered","format":"html"}]},"author":4,"featured_media":655514,"comment_status":"closed","ping_status":"open","sticky":false,"template":"","format":"standard","meta":{"footnotes":""},"categories":[6],"tags":[],"class_list":["post-655513","post","type-post","status-publish","format-standard","has-post-thumbnail","hentry","category-nderkombetare"],"gt_translate_keys":[{"key":"link","format":"url"}],"_links":{"self":[{"href":"https:\/\/www.hashtag.al\/index.php\/wp-json\/wp\/v2\/posts\/655513","targetHints":{"allow":["GET"]}}],"collection":[{"href":"https:\/\/www.hashtag.al\/index.php\/wp-json\/wp\/v2\/posts"}],"about":[{"href":"https:\/\/www.hashtag.al\/index.php\/wp-json\/wp\/v2\/types\/post"}],"author":[{"embeddable":true,"href":"https:\/\/www.hashtag.al\/index.php\/wp-json\/wp\/v2\/users\/4"}],"replies":[{"embeddable":true,"href":"https:\/\/www.hashtag.al\/index.php\/wp-json\/wp\/v2\/comments?post=655513"}],"version-history":[{"count":0,"href":"https:\/\/www.hashtag.al\/index.php\/wp-json\/wp\/v2\/posts\/655513\/revisions"}],"wp:featuredmedia":[{"embeddable":true,"href":"https:\/\/www.hashtag.al\/index.php\/wp-json\/wp\/v2\/media\/655514"}],"wp:attachment":[{"href":"https:\/\/www.hashtag.al\/index.php\/wp-json\/wp\/v2\/media?parent=655513"}],"wp:term":[{"taxonomy":"category","embeddable":true,"href":"https:\/\/www.hashtag.al\/index.php\/wp-json\/wp\/v2\/categories?post=655513"},{"taxonomy":"post_tag","embeddable":true,"href":"https:\/\/www.hashtag.al\/index.php\/wp-json\/wp\/v2\/tags?post=655513"}],"curies":[{"name":"wp","href":"https:\/\/api.w.org\/{rel}","templated":true}]}}