{"id":655499,"date":"2024-02-20T10:01:32","date_gmt":"2024-02-20T09:01:32","guid":{"rendered":"https:\/\/www.hashtag.al\/?p=655499"},"modified":"2024-02-20T10:01:32","modified_gmt":"2024-02-20T09:01:32","slug":"nderron-jete-ne-moshen-63-vjecare-legjenda-e-futbollit-gjerman-andreas-brehme","status":"publish","type":"post","link":"https:\/\/www.hashtag.al\/index.php\/2024\/02\/20\/nderron-jete-ne-moshen-63-vjecare-legjenda-e-futbollit-gjerman-andreas-brehme\/","title":{"rendered":"Nd\u00ebrron jet\u00eb n\u00eb mosh\u00ebn 63-vje\u00e7are legjenda e futbollit gjerman Andreas Brehme","gt_translate_keys":[{"key":"rendered","format":"text"}]},"content":{"rendered":"<p><img loading=\"lazy\" decoding=\"async\" class=\"size-full wp-image-655502 aligncenter\" src=\"https:\/\/www.hashtag.al\/wp-content\/uploads\/2024\/02\/csm_dfm-hall-of-fame-andreas-brehme-detailfoto2-1_2ab1bcb3dc.jpg\" alt=\"\" width=\"1920\" height=\"1440\" srcset=\"https:\/\/www.hashtag.al\/wp-content\/uploads\/2024\/02\/csm_dfm-hall-of-fame-andreas-brehme-detailfoto2-1_2ab1bcb3dc.jpg 1920w, https:\/\/www.hashtag.al\/wp-content\/uploads\/2024\/02\/csm_dfm-hall-of-fame-andreas-brehme-detailfoto2-1_2ab1bcb3dc-300x225.jpg 300w, https:\/\/www.hashtag.al\/wp-content\/uploads\/2024\/02\/csm_dfm-hall-of-fame-andreas-brehme-detailfoto2-1_2ab1bcb3dc-1024x768.jpg 1024w, https:\/\/www.hashtag.al\/wp-content\/uploads\/2024\/02\/csm_dfm-hall-of-fame-andreas-brehme-detailfoto2-1_2ab1bcb3dc-768x576.jpg 768w, https:\/\/www.hashtag.al\/wp-content\/uploads\/2024\/02\/csm_dfm-hall-of-fame-andreas-brehme-detailfoto2-1_2ab1bcb3dc-1536x1152.jpg 1536w\" sizes=\"auto, (max-width: 1920px) 100vw, 1920px\" \/><\/p>\n<p><span style=\"font-weight: 400; color: #000000;\">Ka nd\u00ebrruar jet\u00eb n\u00eb mosh\u00ebn 63-vje\u00e7are ish-futbollisti legjendar gjerman, Andreas Brehme.\u00a0<\/span><\/p>\n<p><span style=\"font-weight: 400; color: #000000;\">Brehme luajti 86 her\u00eb p\u00ebr Gjermanin\u00eb gjat\u00eb karrier\u00ebs s\u00eb tij si lojtar dhe p\u00ebr Kaiserslautern, Bayern Munich dhe Inter Milan nd\u00ebr t\u00eb tjera n\u00eb nivel klubi.<\/span><\/p>\n<p><span style=\"font-weight: 400; color: #000000;\">Sipas gazet\u00ebs gjermane Bild, raportohet se Brehme vdiq t\u00eb h\u00ebn\u00ebn n\u00eb mbr\u00ebmje n\u00eb Mynih, nga nj\u00eb arrest kardiak.\u00a0<\/span><\/p>\n<p><span style=\"font-weight: 400; color: #000000;\">Brehme thuhet se u pranua n\u00eb dhom\u00ebn e urgjenc\u00ebs s\u00eb nj\u00eb klinike n\u00eb Ziemssenstrasse, af\u00ebr banes\u00ebs s\u00eb tij, por nuk mundi t\u00eb shp\u00ebtohej.<\/span><\/p>\n<p><span style=\"font-weight: 400; color: #000000;\">Gazeta tha se Brehme ishte prekur thell\u00eb nga vdekja e ish-trajnerit dhe mentorit t\u00eb tij Beckenbauer muajin e kaluar.\u00a0<\/span><\/p>\n<p><span style=\"color: #000000;\"><span style=\"font-weight: 400;\">Ai la pas partneren e tij Susanne Schaefer dhe dy djem t\u00eb rritur nga martesa me Pilarin, shkruan<\/span><span style=\"color: #0000ff;\"><a style=\"color: #0000ff;\" href=\"https:\/\/www.dailymail.co.uk\/sport\/football\/article-13103319\/Germany-World-Cup-final-goal-hero-Andreas-Brehme-63-dies-Franz-Beckenbauer.html\"><span style=\"font-weight: 400;\"> Daily Mail<\/span><\/a><\/span><\/span><\/p>\n","protected":false,"gt_translate_keys":[{"key":"rendered","format":"html"}]},"excerpt":{"rendered":"<p>Ka nd\u00ebrruar jet\u00eb n\u00eb mosh\u00ebn 63-vje\u00e7are ish-futbollisti legjendar gjerman, Andreas Brehme.\u00a0 Brehme luajti 86 her\u00eb p\u00ebr Gjermanin\u00eb gjat\u00eb karrier\u00ebs s\u00eb tij si lojtar dhe p\u00ebr Kaiserslautern, Bayern Munich dhe Inter Milan nd\u00ebr t\u00eb tjera n\u00eb nivel klubi. Sipas gazet\u00ebs gjermane Bild, raportohet se Brehme vdiq t\u00eb h\u00ebn\u00ebn n\u00eb mbr\u00ebmje n\u00eb Mynih, nga nj\u00eb arrest kardiak.\u00a0 [&hellip;]<\/p>\n","protected":false,"gt_translate_keys":[{"key":"rendered","format":"html"}]},"author":4,"featured_media":655502,"comment_status":"closed","ping_status":"open","sticky":false,"template":"","format":"standard","meta":{"footnotes":""},"categories":[65],"tags":[],"class_list":["post-655499","post","type-post","status-publish","format-standard","has-post-thumbnail","hentry","category-lajme"],"gt_translate_keys":[{"key":"link","format":"url"}],"_links":{"self":[{"href":"https:\/\/www.hashtag.al\/index.php\/wp-json\/wp\/v2\/posts\/655499","targetHints":{"allow":["GET"]}}],"collection":[{"href":"https:\/\/www.hashtag.al\/index.php\/wp-json\/wp\/v2\/posts"}],"about":[{"href":"https:\/\/www.hashtag.al\/index.php\/wp-json\/wp\/v2\/types\/post"}],"author":[{"embeddable":true,"href":"https:\/\/www.hashtag.al\/index.php\/wp-json\/wp\/v2\/users\/4"}],"replies":[{"embeddable":true,"href":"https:\/\/www.hashtag.al\/index.php\/wp-json\/wp\/v2\/comments?post=655499"}],"version-history":[{"count":0,"href":"https:\/\/www.hashtag.al\/index.php\/wp-json\/wp\/v2\/posts\/655499\/revisions"}],"wp:featuredmedia":[{"embeddable":true,"href":"https:\/\/www.hashtag.al\/index.php\/wp-json\/wp\/v2\/media\/655502"}],"wp:attachment":[{"href":"https:\/\/www.hashtag.al\/index.php\/wp-json\/wp\/v2\/media?parent=655499"}],"wp:term":[{"taxonomy":"category","embeddable":true,"href":"https:\/\/www.hashtag.al\/index.php\/wp-json\/wp\/v2\/categories?post=655499"},{"taxonomy":"post_tag","embeddable":true,"href":"https:\/\/www.hashtag.al\/index.php\/wp-json\/wp\/v2\/tags?post=655499"}],"curies":[{"name":"wp","href":"https:\/\/api.w.org\/{rel}","templated":true}]}}